{"id":7826,"date":"2026-07-16T11:20:53","date_gmt":"2026-07-16T09:20:53","guid":{"rendered":"https:\/\/extremepc-fr.com\/blog\/consommation-energie\/combien-consomme-une-clim-watts-cout-reel-et-facture-pendant-la-canicule\/"},"modified":"2026-07-16T11:24:59","modified_gmt":"2026-07-16T09:24:59","slug":"combien-consomme-une-clim-watts-cout-reel-et-facture-pendant-la-canicule","status":"publish","type":"post","link":"https:\/\/extremepc-fr.com\/blog\/consommation-energie\/combien-consomme-une-clim-watts-cout-reel-et-facture-pendant-la-canicule\/","title":{"rendered":"Combien consomme une clim ? Watts, co\u00fbt r\u00e9el et facture pendant la canicule"},"content":{"rendered":"<p><script type=\"application\/ld+json\">{\"@context\":\"https:\/\/schema.org\",\"@type\":\"FAQPage\",\"mainEntity\":[{\"@type\":\"Question\",\"name\":\"Combien consomme une clim par jour ?\",\"acceptedAnswer\":{\"@type\":\"Answer\",\"text\":\"Pour un appareil moyen \u00e0 environ 1,5 kWh\/h utilis\u00e9 4 h\/jour, comptez autour de 6 kWh, soit environ 1,50 \u20ac par jour \u00e0 0,25 \u20ac\/kWh. Une clim mobile \u00e9nergivore peut facilement monter \u00e0 10 \u00e0 12 kWh\/jour en usage intensif.\"}},{\"@type\":\"Question\",\"name\":\"Quel est le co\u00fbt d'une climatisation par mois ?\",\"acceptedAnswer\":{\"@type\":\"Answer\",\"text\":\"Pour un usage raisonnable (4 h\/jour sur un mois d'\u00e9t\u00e9) avec un split A+ performant, on tourne autour de 18 \u00e0 40 \u20ac selon la puissance. Avec une clim mobile utilis\u00e9e longtemps, la note peut grimper vers 60 \u00e0 80 \u20ac.\"}},{\"@type\":\"Question\",\"name\":\"Quelle clim consomme le moins ?\",\"acceptedAnswer\":{\"@type\":\"Answer\",\"text\":\"Les mod\u00e8les fixes A++ ou A+++ inverter, mono-split ou PAC air-air r\u00e9versible, sont les plus sobres : environ 0,5 \u00e0 0,8 kWh\/h pour une pi\u00e8ce de taille standard.\"}},{\"@type\":\"Question\",\"name\":\"Ventilateur ou climatiseur : que choisir pour consommer moins ?\",\"acceptedAnswer\":{\"@type\":\"Answer\",\"text\":\"Sur le plan \u00e9nerg\u00e9tique, le ventilateur gagne sans discussion : il consomme jusqu'\u00e0 30 fois moins qu'une clim mobile (25 \u00e0 100 W contre 1 200 W et plus). Pour une canicule, le duo volets ferm\u00e9s + ventilateur reste tr\u00e8s efficace avant de sortir la clim.\"}}]}<\/script><\/p>\n<aside style=\"background:#FCE7EC;border-left:5px solid #E11D48;padding:22px 28px;margin:24px 0;font-family:-apple-system,BlinkMacSystemFont,'Segoe UI',Roboto,sans-serif;\">\n<div style=\"margin:0;font-size:19px;line-height:1.55;color:#2a2a2a;font-weight:500;letter-spacing:-0.005em;\">Une clim mobile consomme le plus souvent 1 000 \u00e0 1 500 W, un split r\u00e9versible r\u00e9cent plut\u00f4t 600 \u00e0 1 200 W. Concr\u00e8tement, comptez environ 0,15 \u00e0 0,60 \u20ac par heure de fonctionnement au tarif 2026 (~0,25 \u20ac\/kWh), soit \u00e0 peu pr\u00e8s 20 \u00e0 80 \u20ac sur un mois d&rsquo;\u00e9t\u00e9 selon l&rsquo;appareil et vos r\u00e9glages.<\/div>\n<\/aside>\n<p style=\"font-size:16px;line-height:1.7;color:#2a2a2a;margin:0 0 16px;\">Vous \u00eates en plein \u00e9pisode de chaleur, il fait 30 \u00b0C dans le salon, et vous avez cette pens\u00e9e en lan\u00e7ant la t\u00e9l\u00e9commande : <em>\u00ab Est-ce que ma clim est en train de faire exploser ma facture d&rsquo;\u00e9lectricit\u00e9 ? \u00bb<\/em> Honn\u00eatement, vous n&rsquo;\u00eates pas le seul.<\/p>\n<p style=\"font-size:16px;line-height:1.7;color:#2a2a2a;margin:0 0 16px;\">La r\u00e9alit\u00e9 est moins dramatique que ce qu&rsquo;on imagine\u2026 mais \u00e7a peut vite d\u00e9raper. Une <strong>climatisation mobile<\/strong> tourne souvent autour de 1 000 \u00e0 1 500 W en continu, alors qu&rsquo;un <strong>climatiseur fixe r\u00e9versible<\/strong> (split) r\u00e9cent se situe plut\u00f4t vers 600 \u00e0 1 200 W selon la surface et le rendement. Et derri\u00e8re ces watts, il y a des kWh, donc des euros.<\/p>\n<p style=\"font-size:16px;line-height:1.7;color:#2a2a2a;margin:0 0 16px;\">Dans cet article, on r\u00e9pond \u00e0 la question <strong>\u00ab combien consomme une clim \u00bb<\/strong> avec des chiffres concrets : kWh, co\u00fbt \u00e0 l&rsquo;heure, par jour, sur un mois d&rsquo;\u00e9t\u00e9, en s&rsquo;appuyant sur des rep\u00e8res ADEME, EDF et des acteurs de l&rsquo;\u00e9nergie. L&rsquo;objectif est simple : qu&rsquo;\u00e0 la fin, vous sachiez combien votre clim vous co\u00fbte vraiment, et comment garder la fra\u00eecheur sans flinguer votre budget.<\/p>\n<aside style=\"background:#fafaf7;border:1px solid #e5e5e0;border-radius:8px;padding:24px 26px 26px;margin:28px 0;font-family:-apple-system,BlinkMacSystemFont,'Segoe UI',Roboto,sans-serif;\">\n<div style=\"margin:0 0 18px 0;font-size:11px;font-weight:700;text-transform:uppercase;letter-spacing:2.2px;color:#E11D48;\">L&rsquo;essentiel<\/div>\n<div style=\"display:grid;grid-template-columns:repeat(auto-fit,minmax(240px,1fr));gap:10px;\">\n<div style=\"display:flex;gap:12px;background:#fff;border:1px solid #ebebe5;padding:12px 14px;border-radius:6px;align-items:flex-start;\"><span style=\"flex:0 0 26px;width:26px;height:26px;background:#E11D48;color:#fff;border-radius:50%;display:inline-flex;align-items:center;justify-content:center;font-size:12px;font-weight:700;\">1<\/span><span style=\"font-size:14px;line-height:1.5;color:#2a2a2a;\">La clim mobile est la plus gourmande (1 000 \u00e0 1 500 W), jusqu&rsquo;\u00e0 2,5 fois un split fixe \u00e0 confort \u00e9gal.<\/span><\/div>\n<div style=\"display:flex;gap:12px;background:#fff;border:1px solid #ebebe5;padding:12px 14px;border-radius:6px;align-items:flex-start;\"><span style=\"flex:0 0 26px;width:26px;height:26px;background:#E11D48;color:#fff;border-radius:50%;display:inline-flex;align-items:center;justify-content:center;font-size:12px;font-weight:700;\">2<\/span><span style=\"font-size:14px;line-height:1.5;color:#2a2a2a;\">Comptez environ 0,15 \u00e0 0,60 \u20ac\/h, soit ~20 \u00e0 80 \u20ac\/mois pour 4 h\/jour selon l&rsquo;appareil.<\/span><\/div>\n<div style=\"display:flex;gap:12px;background:#fff;border:1px solid #ebebe5;padding:12px 14px;border-radius:6px;align-items:flex-start;\"><span style=\"flex:0 0 26px;width:26px;height:26px;background:#E11D48;color:#fff;border-radius:50%;display:inline-flex;align-items:center;justify-content:center;font-size:12px;font-weight:700;\">3<\/span><span style=\"font-size:14px;line-height:1.5;color:#2a2a2a;\">Chaque degr\u00e9 en moins ajoute ~7 \u00e0 10 % de conso : visez 26 \u00b0C, \u00e9cart max 5-6 \u00b0C avec l&rsquo;ext\u00e9rieur.<\/span><\/div>\n<div style=\"display:flex;gap:12px;background:#fff;border:1px solid #ebebe5;padding:12px 14px;border-radius:6px;align-items:flex-start;\"><span style=\"flex:0 0 26px;width:26px;height:26px;background:#E11D48;color:#fff;border-radius:50%;display:inline-flex;align-items:center;justify-content:center;font-size:12px;font-weight:700;\">4<\/span><span style=\"font-size:14px;line-height:1.5;color:#2a2a2a;\">Volets ferm\u00e9s + ventilateur (25 \u00e0 100 W) avant la clim : jusqu&rsquo;\u00e0 30 fois moins de consommation.<\/span><\/div>\n<\/div>\n<\/aside>\n<h2 style=\"font-size:24px;line-height:1.25;margin:36px 0 14px;letter-spacing:-.01em;color:#1a1a1a;font-weight:800;border-left:4px solid #E11D48;padding-left:12px;\">Les vrais chiffres : combien consomme une clim en moyenne ?<\/h2>\n<p style=\"font-size:16px;line-height:1.7;color:#2a2a2a;margin:0 0 16px;\">On attaque par l&rsquo;ordre de grandeur qui int\u00e9resse tout le monde. Selon les rep\u00e8res ADEME repris par diff\u00e9rents guides \u00e9nergie, la <strong>consommation d&rsquo;un climatiseur par heure<\/strong> se situe en moyenne entre <strong>1,5 et 2,5 kWh<\/strong> pour un appareil classique, soit 1 500 \u00e0 2 500 W en fonctionnement.<\/p>\n<p style=\"font-size:16px;line-height:1.7;color:#2a2a2a;margin:0 0 16px;\">Avec le tarif r\u00e9glement\u00e9 2026 autour de 0,25 \u20ac\/kWh, \u00e7a donne grosso modo :<\/p>\n<ul style=\"font-size:16px;line-height:1.7;color:#2a2a2a;margin:0 0 16px;padding-left:22px;\">\n<li style=\"margin:0 0 8px;\">1,5 kWh\/h \u2192 environ 0,38 \u20ac\/h<\/li>\n<li style=\"margin:0 0 8px;\">2,5 kWh\/h \u2192 environ 0,63 \u20ac\/h<\/li>\n<\/ul>\n<p style=\"font-size:16px;line-height:1.7;color:#2a2a2a;margin:0 0 16px;\">Beaucoup de guides grand public parlent donc d&rsquo;un co\u00fbt entre <strong>0,29 et 0,49 \u20ac\/h<\/strong> pour un climatiseur moyen, ce qui colle avec ce qu&rsquo;on observe sur le terrain.<\/p>\n<p style=\"font-size:16px;line-height:1.7;color:#2a2a2a;margin:0 0 16px;\">C\u00f4t\u00e9 budget sur un mois d&rsquo;\u00e9t\u00e9, si on prend une clim \u00e0 2 kWh\/h utilis\u00e9e 4 h\/jour pendant 30 jours :<\/p>\n<ul style=\"font-size:16px;line-height:1.7;color:#2a2a2a;margin:0 0 16px;padding-left:22px;\">\n<li style=\"margin:0 0 8px;\">Consommation : 2 \u00d7 4 \u00d7 30 = 240 kWh<\/li>\n<li style=\"margin:0 0 8px;\">Co\u00fbt \u2248 240 \u00d7 0,25 \u20ac = 60 \u20ac<\/li>\n<\/ul>\n<p style=\"font-size:16px;line-height:1.7;color:#2a2a2a;margin:0 0 16px;\">Les estimations EDF et d&rsquo;autres fournisseurs tournent autour de <strong>36 \u00e0 60 \u20ac par mois<\/strong> pour 4 h\/jour, selon la puissance et le prix du kWh.<\/p>\n<p style=\"font-size:16px;line-height:1.7;color:#2a2a2a;margin:0 0 16px;\">Sur l&rsquo;ann\u00e9e, l&rsquo;ADEME donne un rep\u00e8re utile : un <strong>climatiseur fixe<\/strong> consomme en moyenne <strong>autour de 300 kWh\/an<\/strong>, avec une mont\u00e9e vers <strong>480 kWh\/an<\/strong> dans le Sud-Est o\u00f9 l&rsquo;usage est plus intensif. En euros, \u00e7a tourne autour de 70 \u00e0 120 \u20ac\/an \u00e0 tarif r\u00e9glement\u00e9. \u00c7a reste un poste significatif, mais pas d\u00e9lirant compar\u00e9 au chauffage.<\/p>\n<h2 style=\"font-size:24px;line-height:1.25;margin:36px 0 14px;letter-spacing:-.01em;color:#1a1a1a;font-weight:800;border-left:4px solid #E11D48;padding-left:12px;\">Clim mobile, fixe, r\u00e9versible : qui consomme le plus ?<\/h2>\n<p style=\"font-size:16px;line-height:1.7;color:#2a2a2a;margin:0 0 16px;\">L\u00e0, on ne va pas se mentir : tous les appareils ne jouent pas dans la m\u00eame cour. Une <strong>climatisation mobile<\/strong> premier prix, c&rsquo;est le niveau \u00ab bourrin \u00bb de la fra\u00eecheur.<\/p>\n<table style=\"width:100%;border-collapse:collapse;margin:20px 0;font-size:14px;\">\n<tr>\n<th style=\"background:#1a1a1a;color:#fff;text-align:left;padding:10px 12px;\">Type d&rsquo;appareil<\/th>\n<th style=\"background:#1a1a1a;color:#fff;text-align:left;padding:10px 12px;\">Conso typique (kWh\/h)<\/th>\n<th style=\"background:#1a1a1a;color:#fff;text-align:left;padding:10px 12px;\">Co\u00fbt horaire moyen (TRV \u2248 0,25 \u20ac\/kWh)<\/th>\n<th style=\"background:#1a1a1a;color:#fff;text-align:left;padding:10px 12px;\">Commentaire<\/th>\n<\/tr>\n<tr>\n<td style=\"border:1px solid #e5e5e0;padding:10px 12px;\"><strong>Climatiseur mobile<\/strong> monobloc<\/td>\n<td style=\"border:1px solid #e5e5e0;padding:10px 12px;\">1,2 \u00e0 2,5 kWh\/h<\/td>\n<td style=\"border:1px solid #e5e5e0;padding:10px 12px;\">0,30 \u00e0 0,60 \u20ac\/h<\/td>\n<td style=\"border:1px solid #e5e5e0;padding:10px 12px;\">Le plus gourmand, jusqu&rsquo;\u00e0 2,5 fois un fixe selon l&rsquo;ADEME.<\/td>\n<\/tr>\n<tr style=\"background:#fafaf7;\">\n<td style=\"border:1px solid #e5e5e0;padding:10px 12px;\">Split fixe classique<\/td>\n<td style=\"border:1px solid #e5e5e0;padding:10px 12px;\">0,7 \u00e0 1,5 kWh\/h<\/td>\n<td style=\"border:1px solid #e5e5e0;padding:10px 12px;\">0,18 \u00e0 0,38 \u20ac\/h<\/td>\n<td style=\"border:1px solid #e5e5e0;padding:10px 12px;\">Bien plus efficace \u00e0 confort \u00e9quivalent.<\/td>\n<\/tr>\n<tr>\n<td style=\"border:1px solid #e5e5e0;padding:10px 12px;\"><strong>Clim r\u00e9versible<\/strong> PAC air-air r\u00e9cente<\/td>\n<td style=\"border:1px solid #e5e5e0;padding:10px 12px;\">\u2248 0,6 \u00e0 1 kWh\/h en froid<\/td>\n<td style=\"border:1px solid #e5e5e0;padding:10px 12px;\">0,15 \u00e0 0,25 \u20ac\/h<\/td>\n<td style=\"border:1px solid #e5e5e0;padding:10px 12px;\">Tr\u00e8s bon compromis confort\/consommation.<\/td>\n<\/tr>\n<tr style=\"background:#fafaf7;\">\n<td style=\"border:1px solid #e5e5e0;padding:10px 12px;\">Grosse installation centralis\u00e9e<\/td>\n<td style=\"border:1px solid #e5e5e0;padding:10px 12px;\">2 \u00e0 3,5 kWh\/h voire plus<\/td>\n<td style=\"border:1px solid #e5e5e0;padding:10px 12px;\">0,50 \u00e0 0,90 \u20ac\/h<\/td>\n<td style=\"border:1px solid #e5e5e0;padding:10px 12px;\">Pour grandes surfaces, facture qui grimpe vite.<\/td>\n<\/tr>\n<\/table>\n<p style=\"font-size:16px;line-height:1.7;color:#2a2a2a;margin:0 0 16px;\">Selon l&rsquo;ADEME, un climatiseur mobile peut consommer <strong>jusqu&rsquo;\u00e0 2,5 fois plus<\/strong> qu&rsquo;un climatiseur fixe. On retrouve la m\u00eame id\u00e9e dans plusieurs \u00e9tudes : une clim mobile d&rsquo;environ 2 kW utilis\u00e9e 8 h\/jour sur 60 jours d&rsquo;\u00e9t\u00e9 peut engloutir pr\u00e8s de 960 kWh, soit autour de 190 \u20ac de courant.<\/p>\n<p style=\"font-size:16px;line-height:1.7;color:#2a2a2a;margin:0 0 16px;\">\u00c0 l&rsquo;inverse, une PAC air-air r\u00e9versible mono-split de 2,5 kW bien class\u00e9e ne consomme qu&rsquo;environ <strong>0,6 kWh\/h<\/strong> en mode froid. On tombe alors autour de 0,15 \u20ac\/h au TRV, c&rsquo;est-\u00e0-dire environ 0,60 \u20ac pour 4 h d&rsquo;usage raisonnable.<\/p>\n<p style=\"font-size:16px;line-height:1.7;color:#2a2a2a;margin:0 0 16px;\">Franchement, si vous avez une <strong>clim mobile premier prix<\/strong> dans un appart mal isol\u00e9, ne soyez pas surpris si votre compteur s&#8217;emballe les jours de canicule.<\/p>\n<h2 style=\"font-size:24px;line-height:1.25;margin:36px 0 14px;letter-spacing:-.01em;color:#1a1a1a;font-weight:800;border-left:4px solid #E11D48;padding-left:12px;\">Comprendre les kWh : comment calculer la consommation de votre clim<\/h2>\n<p style=\"font-size:16px;line-height:1.7;color:#2a2a2a;margin:0 0 16px;\">Bonne nouvelle : le calcul de la <strong>consommation \u00e9lectrique d&rsquo;une clim<\/strong> est beaucoup plus simple qu&rsquo;il n&rsquo;y para\u00eet.<\/p>\n<p style=\"font-size:16px;line-height:1.7;color:#2a2a2a;margin:0 0 16px;\">La base, c&rsquo;est :<\/p>\n<p style=\"font-size:16px;line-height:1.7;color:#2a2a2a;margin:0 0 16px;\"><u>Consommation (kWh) = puissance (W) \u00d7 heures \u00d7 jours \u00f7 1000<\/u><\/p>\n<p style=\"font-size:16px;line-height:1.7;color:#2a2a2a;margin:0 0 16px;\">ou, en version pro : consommation (kWh) = puissance (kW) \u00d7 heures \u00d7 jours.<\/p>\n<p style=\"font-size:16px;line-height:1.7;color:#2a2a2a;margin:0 0 16px;\">Exemple concret, tr\u00e8s proche de ce qu&rsquo;on voit dans les guides EDF. Vous avez une clim de 2 500 W (2,5 kW) utilis\u00e9e 4 h\/jour pendant 31 jours :<\/p>\n<ul style=\"font-size:16px;line-height:1.7;color:#2a2a2a;margin:0 0 16px;padding-left:22px;\">\n<li style=\"margin:0 0 8px;\">Consommation : 2,5 \u00d7 4 \u00d7 31 = 310 kWh<\/li>\n<li style=\"margin:0 0 8px;\">Au TRV \u2248 0,25 \u20ac\/kWh \u2192 310 \u00d7 0,25 \u2248 77,5 \u20ac pour le mois<\/li>\n<\/ul>\n<p style=\"font-size:16px;line-height:1.7;color:#2a2a2a;margin:0 0 16px;\">Autre exemple plus doux, inspir\u00e9 des chiffres pour un mono-split A+ :<\/p>\n<ul style=\"font-size:16px;line-height:1.7;color:#2a2a2a;margin:0 0 16px;padding-left:22px;\">\n<li style=\"margin:0 0 8px;\">Clim 2,5 kW A+ \u2192 \u2248 0,6 kWh\/h<\/li>\n<li style=\"margin:0 0 8px;\">Usage : 4 h\/jour pendant 30 jours<\/li>\n<li style=\"margin:0 0 8px;\">Conso : 0,6 \u00d7 4 \u00d7 30 = 72 kWh<\/li>\n<li style=\"margin:0 0 8px;\">Co\u00fbt : 72 \u00d7 0,25 \u2248 18 \u20ac sur le mois<\/li>\n<\/ul>\n<p style=\"font-size:16px;line-height:1.7;color:#2a2a2a;margin:0 0 16px;\">Tout part de l\u00e0 : la <strong>puissance r\u00e9elle du climatiseur<\/strong> et votre temps de fonctionnement. Sans ces deux infos, on navigue \u00e0 vue.<\/p>\n<h2 style=\"font-size:24px;line-height:1.25;margin:36px 0 14px;letter-spacing:-.01em;color:#1a1a1a;font-weight:800;border-left:4px solid #E11D48;padding-left:12px;\">Surface, isolation, m\u00e9t\u00e9o : pourquoi deux clims ne consomment jamais pareil<\/h2>\n<p style=\"font-size:16px;line-height:1.7;color:#2a2a2a;margin:0 0 16px;\">C&rsquo;est le point souvent n\u00e9glig\u00e9. On se focalise sur l&rsquo;appareil, alors que le logement change tout.<\/p>\n<p style=\"font-size:16px;line-height:1.7;color:#2a2a2a;margin:0 0 16px;\">Les guides \u00e9nergie indiquent qu&rsquo;on vise en g\u00e9n\u00e9ral autour de <strong>65 W\/m\u00b2<\/strong> pour une maison tr\u00e8s bien isol\u00e9e, et jusqu&rsquo;\u00e0 <strong>125 W\/m\u00b2<\/strong> pour une maison ancienne. En pratique, beaucoup d&rsquo;installateurs prennent 100 W\/m\u00b2 comme rep\u00e8re moyen pour dimensionner.<\/p>\n<p style=\"font-size:16px;line-height:1.7;color:#2a2a2a;margin:0 0 16px;\">Exemple rapide (il s&rsquo;agit ici de la puissance de froid \u00e0 installer, pas de la consommation) :<\/p>\n<ul style=\"font-size:16px;line-height:1.7;color:#2a2a2a;margin:0 0 16px;padding-left:22px;\">\n<li style=\"margin:0 0 8px;\">Appartement r\u00e9cent de 50 m\u00b2 bien isol\u00e9 \u2192 environ 65 \u00e0 80 W\/m\u00b2 \u2192 3 250 \u00e0 4 000 W de puissance froide n\u00e9cessaire.<\/li>\n<li style=\"margin:0 0 8px;\">Maison ancienne de 100 m\u00b2 mal isol\u00e9e \u2192 autour de 100 \u00e0 125 W\/m\u00b2 \u2192 10 000 \u00e0 12 500 W, donc plusieurs unit\u00e9s ou un gros multisplit.<\/li>\n<\/ul>\n<p style=\"font-size:16px;line-height:1.7;color:#2a2a2a;margin:0 0 16px;\">\u00c0 surface \u00e9gale, un logement \u00e0 Nice avec baies vitr\u00e9es plein sud ne r\u00e9agira pas comme un T2 \u00e0 Lille. L&rsquo;ADEME rappelle que dans le Sud-Est, la consommation annuelle moyenne grimpe vers <strong>480 kWh<\/strong> pour un foyer \u00e9quip\u00e9, contre environ 300 kWh sur la moyenne nationale.<\/p>\n<p style=\"font-size:16px;line-height:1.7;color:#2a2a2a;margin:0 0 16px;\">Donc poser la question \u00ab <strong>combien consomme une clim<\/strong> \u00bb sans contexte, c&rsquo;est un peu comme demander combien consomme une voiture sans pr\u00e9ciser si on parle d&rsquo;un petit hybride en ville ou d&rsquo;un SUV sur autoroute.<\/p>\n<h2 style=\"font-size:24px;line-height:1.25;margin:36px 0 14px;letter-spacing:-.01em;color:#1a1a1a;font-weight:800;border-left:4px solid #E11D48;padding-left:12px;\">Temp\u00e9rature r\u00e9gl\u00e9e, dur\u00e9e d&rsquo;utilisation : l&rsquo;impact direct sur la facture<\/h2>\n<p style=\"font-size:16px;line-height:1.7;color:#2a2a2a;margin:0 0 16px;\">C&rsquo;est LA variable que vous contr\u00f4lez au quotidien : la <strong>temp\u00e9rature de consigne<\/strong> et le temps de fonctionnement.<\/p>\n<p style=\"font-size:16px;line-height:1.7;color:#2a2a2a;margin:0 0 16px;\">Selon l&rsquo;ADEME, pour garder un usage raisonnable, il vaut mieux :<\/p>\n<ul style=\"font-size:16px;line-height:1.7;color:#2a2a2a;margin:0 0 16px;padding-left:22px;\">\n<li style=\"margin:0 0 8px;\">ne pas enclencher la clim en dessous de 26 \u00b0C ambiant ;<\/li>\n<li style=\"margin:0 0 8px;\">limiter l&rsquo;\u00e9cart avec l&rsquo;ext\u00e9rieur \u00e0 5\u20136 \u00b0C.<\/li>\n<\/ul>\n<p style=\"font-size:16px;line-height:1.7;color:#2a2a2a;margin:0 0 16px;\">Les guides \u00e9nergie indiquent qu&rsquo;un simple degr\u00e9 en moins augmente la <strong>consommation de la climatisation<\/strong> d&rsquo;environ 6 \u00e0 8 %, certains parlent m\u00eame de 7 \u00e0 10 % selon les cas. En clair : passer de 26 \u00b0C \u00e0 22 \u00b0C pour \u00ab faire du frais \u00bb fait grimper la facture de fa\u00e7on vraiment visible.<\/p>\n<p style=\"font-size:16px;line-height:1.7;color:#2a2a2a;margin:0 0 16px;\">Sc\u00e9narios typiques, en prenant une clim qui consomme 1,5 kWh\/h (mod\u00e8le fixe moyen) :<\/p>\n<ul style=\"font-size:16px;line-height:1.7;color:#2a2a2a;margin:0 0 16px;padding-left:22px;\">\n<li style=\"margin:0 0 8px;\"><strong>Clim \u00e0 26 \u00b0C, usage raisonnable 4 h\/jour<\/strong> \u2192 conso : 1,5 \u00d7 4 = 6 kWh\/jour \u2192 co\u00fbt \u2248 6 \u00d7 0,25 = 1,50 \u20ac\/jour, soit environ 45 \u20ac sur un mois de forte chaleur.<\/li>\n<li style=\"margin:0 0 8px;\"><strong>Clim \u00e0 22 \u00b0C, 8 h\/jour<\/strong> (salon version igloo) \u2192 conso \u00ab th\u00e9orique \u00bb : 1,5 \u00d7 8 = 12 kWh\/jour \u2192 avec la hausse li\u00e9e \u00e0 la temp\u00e9rature, on se rapproche plut\u00f4t de 13 \u00e0 14 kWh\/jour \u2192 co\u00fbt : 3,25 \u00e0 3,50 \u20ac\/jour, soit autour de 100 \u20ac sur le mois.<\/li>\n<\/ul>\n<p style=\"font-size:16px;line-height:1.7;color:#2a2a2a;margin:0 0 16px;\">Donc oui, si vous transformez votre salon en igloo tout l&rsquo;apr\u00e8s-midi, ne soyez pas surpris de la note.<\/p>\n<h2 style=\"font-size:24px;line-height:1.25;margin:36px 0 14px;letter-spacing:-.01em;color:#1a1a1a;font-weight:800;border-left:4px solid #E11D48;padding-left:12px;\">Calculer le prix r\u00e9el : \u00e0 l&rsquo;heure, \u00e0 la journ\u00e9e, au mois<\/h2>\n<p style=\"font-size:16px;line-height:1.7;color:#2a2a2a;margin:0 0 16px;\">On parle uniquement budget. La formule du co\u00fbt est tr\u00e8s simple :<\/p>\n<p style=\"font-size:16px;line-height:1.7;color:#2a2a2a;margin:0 0 16px;\"><strong>Co\u00fbt (\u20ac) = consommation (kWh) \u00d7 prix du kWh<\/strong><\/p>\n<p style=\"font-size:16px;line-height:1.7;color:#2a2a2a;margin:0 0 16px;\">Les sources sp\u00e9cialis\u00e9es donnent, pour la <strong>consommation par heure<\/strong>, un co\u00fbt d&rsquo;environ <strong>0,10 \u00e0 0,23 \u20ac\/h<\/strong> pour les mod\u00e8les les plus performants (split A+++, PAC air-air) et jusqu&rsquo;\u00e0 0,40\u20130,50 \u20ac\/h pour une clim mobile \u00e9nergivore.<\/p>\n<p style=\"font-size:16px;line-height:1.7;color:#2a2a2a;margin:0 0 16px;\">Quelques mini cas pratiques, en se basant sur 0,25 \u20ac\/kWh :<\/p>\n<ul style=\"font-size:16px;line-height:1.7;color:#2a2a2a;margin:0 0 16px;padding-left:22px;\">\n<li style=\"margin:0 0 8px;\"><strong>Usage ponctuel : 2 h un soir de canicule<\/strong> \u2014 Split A+ \u00e0 0,6 kWh\/h \u2192 0,6 \u00d7 2 \u00d7 0,25 \u2248 0,30 \u20ac ; mobile \u00e0 1,5 kWh\/h \u2192 1,5 \u00d7 2 \u00d7 0,25 = 0,75 \u20ac.<\/li>\n<li style=\"margin:0 0 8px;\"><strong>Usage r\u00e9gulier : 4 h\/jour pendant 1 mois (30 jours)<\/strong> \u2014 Split A+ (0,6 kWh\/h) \u2192 72 kWh \u2192 ~18 \u20ac ; mobile (1,2 kWh\/h) \u2192 144 kWh \u2192 ~36 \u20ac.<\/li>\n<li style=\"margin:0 0 8px;\"><strong>Usage intensif : 8 h\/jour pendant 90 jours<\/strong> \u2014 Split A+++ (0,5 kWh\/h) \u2192 360 kWh \u2192 ~90 \u20ac ; mobile (1,2 kWh\/h) \u2192 864 kWh \u2192 ~216 \u20ac.<\/li>\n<\/ul>\n<p style=\"font-size:16px;line-height:1.7;color:#2a2a2a;margin:0 0 16px;\">On retrouve d&rsquo;ailleurs des ordres de grandeur tr\u00e8s proches dans les calculs des sites sp\u00e9cialis\u00e9s : entre 70 \u20ac pour un split performant et 168 \u20ac pour une clim mobile sur 90 jours d&rsquo;\u00e9t\u00e9 \u00e0 8 h\/jour.<\/p>\n<h2 style=\"font-size:24px;line-height:1.25;margin:36px 0 14px;letter-spacing:-.01em;color:#1a1a1a;font-weight:800;border-left:4px solid #E11D48;padding-left:12px;\">Clim r\u00e9versible : consomme-t-elle autant en mode chaud qu&rsquo;en mode froid ?<\/h2>\n<p style=\"font-size:16px;line-height:1.7;color:#2a2a2a;margin:0 0 16px;\">La <strong>clim r\u00e9versible<\/strong> (PAC air-air) fait souvent peur, alors que c&rsquo;est souvent l&rsquo;un des meilleurs plans, surtout en chauffage.<\/p>\n<p style=\"font-size:16px;line-height:1.7;color:#2a2a2a;margin:0 0 16px;\">Pour calculer sa consommation, on utilise la m\u00eame formule de base :<\/p>\n<p style=\"font-size:16px;line-height:1.7;color:#2a2a2a;margin:0 0 16px;\">Consommation (kWh) = puissance (kW) \u00d7 heures \u00d7 jours, avec parfois une prise en compte du COP (coefficient de performance).<\/p>\n<p style=\"font-size:16px;line-height:1.7;color:#2a2a2a;margin:0 0 16px;\">En mode froid, la <strong>consommation d&rsquo;une clim r\u00e9versible<\/strong> tourne souvent autour de <strong>0,5 \u00e0 1 kWh\/h<\/strong> pour une pi\u00e8ce de taille standard. En mode chaud, on est plus proche de 0,6 \u00e0 1,5 kWh\/h selon la temp\u00e9rature ext\u00e9rieure.<\/p>\n<p style=\"font-size:16px;line-height:1.7;color:#2a2a2a;margin:0 0 16px;\">Question qu&rsquo;on me pose tout le temps : \u00ab \u00c7a consomme plus en chaud ou en froid ? \u00bb Selon les guides techniques, en chauffage, la PAC peut absorber <strong>2 \u00e0 3 kWh \u00e9lectriques par heure<\/strong> pour fournir bien plus de chaleur, mais gr\u00e2ce au COP (souvent 3 ou 4), elle reste plus performante qu&rsquo;un radiateur \u00e9lectrique classique.<\/p>\n<p style=\"font-size:16px;line-height:1.7;color:#2a2a2a;margin:0 0 16px;\">Exemple simple inspir\u00e9 des fiches techniques :<\/p>\n<ul style=\"font-size:16px;line-height:1.7;color:#2a2a2a;margin:0 0 16px;padding-left:22px;\">\n<li style=\"margin:0 0 8px;\">Clim r\u00e9versible 2 kW, consommation 2 kWh\/h \u2192 co\u00fbt \u2248 0,50 \u20ac\/h \u00e0 0,25 \u20ac\/kWh.<\/li>\n<li style=\"margin:0 0 8px;\">Mod\u00e8le A+++ 2,5 kW avec SEER \u00e9lev\u00e9, puissance absorb\u00e9e \u2248 0,42 kWh\/h \u2192 co\u00fbt \u2248 0,10 \u20ac\/h, soit pr\u00e8s de 5 fois moins qu&rsquo;une vieille clim mobile monobloc.<\/li>\n<\/ul>\n<p style=\"font-size:16px;line-height:1.7;color:#2a2a2a;margin:0 0 16px;\">En clair : une bonne clim r\u00e9versible r\u00e9cente peut servir de chauffage d&rsquo;appoint avec une <strong>efficacit\u00e9 \u00e9nerg\u00e9tique<\/strong> bien meilleure que des convecteurs.<\/p>\n<h2 style=\"font-size:24px;line-height:1.25;margin:36px 0 14px;letter-spacing:-.01em;color:#1a1a1a;font-weight:800;border-left:4px solid #E11D48;padding-left:12px;\">Astuces de pro : r\u00e9duire la consommation sans renoncer au confort<\/h2>\n<p style=\"font-size:16px;line-height:1.7;color:#2a2a2a;margin:0 0 16px;\">On arrive \u00e0 la partie la plus utile : comment rafra\u00eechir sans sentir la facture vous piquer chaque mois.<\/p>\n<h3 style=\"font-size:18px;margin:22px 0 8px;color:#1a1a1a;font-weight:800;\">Visez 26 \u00b0C, pas 21 \u00b0C<\/h3>\n<p style=\"font-size:16px;line-height:1.7;color:#2a2a2a;margin:0 0 16px;\">L&rsquo;ADEME recommande de ne pas descendre sous 26 \u00b0C et de garder un \u00e9cart raisonnable avec l&rsquo;ext\u00e9rieur. Chaque degr\u00e9 en moins ajoute 7 \u00e0 10 % de conso. C&rsquo;est l&rsquo;astuce la plus rentable.<\/p>\n<h3 style=\"font-size:18px;margin:22px 0 8px;color:#1a1a1a;font-weight:800;\">Utilisez les modes ECO \/ Inverter<\/h3>\n<p style=\"font-size:16px;line-height:1.7;color:#2a2a2a;margin:0 0 16px;\">Les syst\u00e8mes inverter et les modes \u00e9co lissent le fonctionnement, limitent les pics et r\u00e9duisent la consommation \u00e0 l&rsquo;heure. Si vous laissez tourner en mode \u00ab plein gaz \u00bb en permanence, vous payez cher pour rien.<\/p>\n<h3 style=\"font-size:18px;margin:22px 0 8px;color:#1a1a1a;font-weight:800;\">Fermez volets et fen\u00eatres en journ\u00e9e<\/h3>\n<p style=\"font-size:16px;line-height:1.7;color:#2a2a2a;margin:0 0 16px;\">C&rsquo;est b\u00eate, mais beaucoup de gens laissent tout ouvert avec la clim. R\u00e9sultat : vous refroidissez la rue. Les acteurs de l&rsquo;\u00e9nergie insistent : volets ferm\u00e9s et pi\u00e8ces ombrag\u00e9es r\u00e9duisent fortement les besoins.<\/p>\n<h3 style=\"font-size:18px;margin:22px 0 8px;color:#1a1a1a;font-weight:800;\">Pensez ventilateur avant clim<\/h3>\n<p style=\"font-size:16px;line-height:1.7;color:#2a2a2a;margin:0 0 16px;\">Un ventilateur consomme entre 25 et 100 W, soit jusqu&rsquo;\u00e0 30 fois moins qu&rsquo;une clim mobile. Un appareil \u00e0 50 W utilis\u00e9 24 h\/24 co\u00fbte au grand maximum quelques euros par mois. Pour beaucoup de situations, \u00e7a suffit.<\/p>\n<h3 style=\"font-size:18px;margin:22px 0 8px;color:#1a1a1a;font-weight:800;\">Entretenez les filtres<\/h3>\n<p style=\"font-size:16px;line-height:1.7;color:#2a2a2a;margin:0 0 16px;\">Filtres encrass\u00e9s = surconsommation et performance en chute. Un entretien r\u00e9gulier r\u00e9duit la <strong>surconsommation d&rsquo;\u00e9nergie<\/strong> et prolonge la dur\u00e9e de vie du mat\u00e9riel.<\/p>\n<p style=\"font-size:16px;line-height:1.7;color:#2a2a2a;margin:0 0 16px;\">Franchement, si vous laissez la clim tourner portes ouvertes, volets grands ouverts, sans entretien, vous jetez litt\u00e9ralement des kWh par la fen\u00eatre.<\/p>\n<h2 style=\"font-size:24px;line-height:1.25;margin:36px 0 14px;letter-spacing:-.01em;color:#1a1a1a;font-weight:800;border-left:4px solid #E11D48;padding-left:12px;\">Avant d&rsquo;acheter : lire l&rsquo;\u00e9tiquette et les fiches techniques<\/h2>\n<p style=\"font-size:16px;line-height:1.7;color:#2a2a2a;margin:0 0 16px;\">Si vous n&rsquo;avez pas encore d&rsquo;appareil, c&rsquo;est le moment o\u00f9 vous pouvez vraiment faire la diff\u00e9rence sur votre future <strong>consommation en kWh<\/strong>.<\/p>\n<p style=\"font-size:16px;line-height:1.7;color:#2a2a2a;margin:0 0 16px;\">Sur l&rsquo;\u00e9tiquette et la fiche produit, regardez :<\/p>\n<ul style=\"font-size:16px;line-height:1.7;color:#2a2a2a;margin:0 0 16px;padding-left:22px;\">\n<li style=\"margin:0 0 8px;\"><strong>Puissance frigorifique<\/strong> en kW : 2,5 kW, 3,5 kW, etc.<\/li>\n<li style=\"margin:0 0 8px;\">Consommation \u00e9lectrique en kWh\/h ou kWh\/an<\/li>\n<li style=\"margin:0 0 8px;\">Classe \u00e9nerg\u00e9tique (A, A+, A++, A+++), COP et SEER (rendement en froid)<\/li>\n<\/ul>\n<p style=\"font-size:16px;line-height:1.7;color:#2a2a2a;margin:0 0 16px;\">Pour les syst\u00e8mes r\u00e9sidentiels, beaucoup se situent entre <strong>600 et 1 500 W<\/strong> pour des pi\u00e8ces de taille standard. Certains syst\u00e8mes centraux ou grosses installations montent \u00e0 3 000\u20133 500 W.<\/p>\n<p style=\"font-size:16px;line-height:1.7;color:#2a2a2a;margin:0 0 16px;\">Selon les comparatifs, une clim A+++ peut r\u00e9duire la consommation d&rsquo;environ 30 % par rapport \u00e0 une classe plus basse. Entre deux mod\u00e8les au m\u00eame confort, c&rsquo;est une diff\u00e9rence nette sur 10 ans.<\/p>\n<h2 style=\"font-size:24px;line-height:1.25;margin:36px 0 14px;letter-spacing:-.01em;color:#1a1a1a;font-weight:800;border-left:4px solid #E11D48;padding-left:12px;\">Cas pratique : combien consomme la clim d&rsquo;un logement de 100 m\u00b2 ?<\/h2>\n<p style=\"font-size:16px;line-height:1.7;color:#2a2a2a;margin:0 0 16px;\">On termine avec un cas concret, histoire que vous puissiez vous projeter.<\/p>\n<p style=\"font-size:16px;line-height:1.7;color:#2a2a2a;margin:0 0 16px;\">Les guides prennent souvent cette base : pour une <strong>clim d&rsquo;un logement de 100 m\u00b2<\/strong>, on compte <strong>100 W\/m\u00b2<\/strong> en moyenne, soit 10 kW de puissance frigorifique.<\/p>\n<p style=\"font-size:16px;line-height:1.7;color:#2a2a2a;margin:0 0 16px;\"><strong>Sc\u00e9nario 1<\/strong> : maison de 100 m\u00b2 moyennement isol\u00e9e, \u00e9t\u00e9 chaud, clim r\u00e9versible multisplit.<\/p>\n<ul style=\"font-size:16px;line-height:1.7;color:#2a2a2a;margin:0 0 16px;padding-left:22px;\">\n<li style=\"margin:0 0 8px;\">Puissance totale : 10 kW (mais la puissance absorb\u00e9e r\u00e9elle est plus faible gr\u00e2ce au rendement ; on retient 3 \u00e0 5 kWh\/h pour l&rsquo;installation, ce qu&rsquo;on retrouve dans les estimations pros).<\/li>\n<li style=\"margin:0 0 8px;\">Usage : 4 h\/jour pendant 60 jours d&rsquo;\u00e9t\u00e9.<\/li>\n<\/ul>\n<p style=\"font-size:16px;line-height:1.7;color:#2a2a2a;margin:0 0 16px;\">Si on prend la fourchette donn\u00e9e par un artisan pour ce type de maison : <strong>6 \u00e0 18 kWh\/jour<\/strong>, soit 1,50 \u00e0 4,50 \u20ac\/jour en 2026 :<\/p>\n<ul style=\"font-size:16px;line-height:1.7;color:#2a2a2a;margin:0 0 16px;padding-left:22px;\">\n<li style=\"margin:0 0 8px;\">Consommation saison : de 6 \u00d7 60 = 360 kWh \u00e0 18 \u00d7 60 = 1 080 kWh<\/li>\n<li style=\"margin:0 0 8px;\">Co\u00fbt saison : de 360 \u00d7 0,25 \u2248 90 \u20ac \u00e0 1 080 \u00d7 0,25 \u2248 270 \u20ac<\/li>\n<\/ul>\n<p style=\"font-size:16px;line-height:1.7;color:#2a2a2a;margin:0 0 16px;\">La moyenne observ\u00e9e tourne autour de 250 kWh\/mois, soit environ 63 \u20ac sur un \u00e9t\u00e9 bien chaud.<\/p>\n<p style=\"font-size:16px;line-height:1.7;color:#2a2a2a;margin:0 0 16px;\"><strong>Sc\u00e9nario 2<\/strong> : m\u00eame maison, mais usage plus sobre (26 \u00b0C, 3 h\/jour, volets ferm\u00e9s, isolation am\u00e9lior\u00e9e).<\/p>\n<ul style=\"font-size:16px;line-height:1.7;color:#2a2a2a;margin:0 0 16px;padding-left:22px;\">\n<li style=\"margin:0 0 8px;\">On rapproche la conso du bas de la fourchette : par exemple 4 \u00e0 6 kWh\/jour au lieu de 6 \u00e0 18.<\/li>\n<li style=\"margin:0 0 8px;\">Sur 60 jours \u2192 240 \u00e0 360 kWh, soit 60 \u00e0 90 \u20ac pour l&rsquo;\u00e9t\u00e9.<\/li>\n<\/ul>\n<p style=\"font-size:16px;line-height:1.7;color:#2a2a2a;margin:0 0 16px;\">On voit tr\u00e8s vite que vos r\u00e9glages et vos habitudes ont quasiment autant d&rsquo;impact que le choix du mat\u00e9riel. C&rsquo;est l\u00e0 que se joue la diff\u00e9rence entre une facture qui pique un peu et une facture qui fait tr\u00e8s mal.<\/p>\n<h2 style=\"font-size:24px;line-height:1.25;margin:36px 0 14px;letter-spacing:-.01em;color:#1a1a1a;font-weight:800;border-left:4px solid #E11D48;padding-left:12px;\">Questions fr\u00e9quentes<\/h2>\n<h3 style=\"font-size:18px;margin:22px 0 8px;color:#1a1a1a;font-weight:800;\">Combien consomme une clim par jour ?<\/h3>\n<p style=\"font-size:16px;line-height:1.7;color:#2a2a2a;margin:0 0 16px;\">Pour un appareil moyen \u00e0 environ 1,5 kWh\/h utilis\u00e9 4 h\/jour, comptez autour de 6 kWh, soit environ 1,50 \u20ac par jour \u00e0 0,25 \u20ac\/kWh. Une clim mobile \u00e9nergivore peut facilement monter \u00e0 10 \u00e0 12 kWh\/jour en usage intensif.<\/p>\n<h3 style=\"font-size:18px;margin:22px 0 8px;color:#1a1a1a;font-weight:800;\">Quel est le co\u00fbt d&rsquo;une climatisation par mois ?<\/h3>\n<p style=\"font-size:16px;line-height:1.7;color:#2a2a2a;margin:0 0 16px;\">Pour un usage raisonnable (4 h\/jour sur un mois d&rsquo;\u00e9t\u00e9) avec un split A+ performant, on tourne autour de 18 \u00e0 40 \u20ac selon la puissance. Avec une clim mobile utilis\u00e9e longtemps, la note peut grimper vers 60 \u00e0 80 \u20ac.<\/p>\n<h3 style=\"font-size:18px;margin:22px 0 8px;color:#1a1a1a;font-weight:800;\">Quelle clim consomme le moins ?<\/h3>\n<p style=\"font-size:16px;line-height:1.7;color:#2a2a2a;margin:0 0 16px;\">Les mod\u00e8les fixes <strong>A++ ou A+++ inverter<\/strong>, mono-split ou PAC air-air r\u00e9versible, sont les plus sobres : environ 0,5 \u00e0 0,8 kWh\/h pour une pi\u00e8ce standard.<\/p>\n<h3 style=\"font-size:18px;margin:22px 0 8px;color:#1a1a1a;font-weight:800;\">Ventilateur ou climatiseur : que choisir pour consommer moins ?<\/h3>\n<p style=\"font-size:16px;line-height:1.7;color:#2a2a2a;margin:0 0 16px;\">Si on parle uniquement d&rsquo;\u00e9nergie, la r\u00e9ponse est sans appel : un ventilateur consomme jusqu&rsquo;\u00e0 30 fois moins qu&rsquo;une clim mobile (25 \u00e0 100 W contre 1 200 W et plus). Pour g\u00e9rer une canicule, le duo \u00ab volets ferm\u00e9s + ventilateur \u00bb reste une strat\u00e9gie tr\u00e8s efficace avant de sortir la grosse artillerie de la clim.<\/p>\n<p style=\"font-size:16px;line-height:1.7;color:#2a2a2a;margin:0 0 16px;\">Si vous deviez retenir une chose : prenez 2 minutes pour regarder la puissance de votre appareil, notez combien de temps vous l&rsquo;utilisez, et faites le calcul avec votre prix du kWh. Apr\u00e8s \u00e7a, la clim ne sera plus un myst\u00e8re, juste un choix assum\u00e9 entre confort et facture.<\/p>\n<aside style=\"background:#fafaf7;border:1px solid #e5e5e0;border-radius:8px;padding:20px 24px;margin:32px 0 8px;font-family:-apple-system,sans-serif;\">\n<div style=\"font-size:11px;font-weight:700;text-transform:uppercase;letter-spacing:2.2px;color:#E11D48;margin-bottom:12px;\">\u00c0 lire aussi<\/div>\n<ul style=\"list-style:none;padding:0;margin:0;\">\n<li style=\"margin:0 0 8px;\"><a href=\"https:\/\/extremepc-fr.com\/blog\/consommation-energie\/combien-consomme-un-ventilateur-le-vrai-cout-30-a-70x-moins-quune-clim\/\" style=\"color:#E11D48;font-weight:700;text-decoration:none;font-size:15px;\">\u2192 Combien consomme un ventilateur ? (30 \u00e0 70x moins)<\/a><\/li>\n<li style=\"margin:0 0 8px;\"><a href=\"https:\/\/extremepc-fr.com\/blog\/consommation-energie\/combien-consomme-une-clim-reversible-cout-en-froid-lete-et-en-chaud-lhiver\/\" style=\"color:#E11D48;font-weight:700;text-decoration:none;font-size:15px;\">\u2192 Combien consomme une clim r\u00e9versible ?<\/a><\/li>\n<li style=\"margin:0 0 8px;\"><a href=\"https:\/\/extremepc-fr.com\/blog\/consommation-energie\/quels-appareils-consomment-le-plus-delectricite-le-guide-anti-facture-2026\/\" style=\"color:#E11D48;font-weight:700;text-decoration:none;font-size:15px;\">\u2192 Dossier : quels appareils consomment le plus ?<\/a><\/li>\n<\/ul>\n<\/aside>\n","protected":false},"excerpt":{"rendered":"","protected":false},"author":42,"featured_media":999999999,"comment_status":"open","ping_status":"open","sticky":false,"template":"","format":"standard","meta":{"_acf_changed":false,"manual_indexmenow":false,"indexmenow_id_project":0,"footnotes":""},"categories":[4761],"tags":[],"class_list":["post-7826","post","type-post","status-publish","format-standard","has-post-thumbnail","hentry","category-consommation-energie","generate-columns","tablet-grid-50","mobile-grid-100","grid-parent","grid-25"],"acf":[],"yoast_head":"<!-- This site is optimized with the Yoast SEO Premium plugin v21.3 (Yoast SEO v25.6) - https:\/\/yoast.com\/wordpress\/plugins\/seo\/ -->\n<title>Combien consomme une clim ? Watts, co\u00fbt r\u00e9el et facture pendant la canicule<\/title>\n<meta name=\"description\" content=\"Clim mobile ou r\u00e9versible : combien de watts, combien \u00e7a co\u00fbte par jour de canicule et sur l&#039;\u00e9t\u00e9 au prix du kWh 2026, et comment limiter la facture.\" \/>\n<meta name=\"robots\" content=\"index, follow, max-snippet:-1, max-image-preview:large, max-video-preview:-1\" \/>\n<link rel=\"canonical\" href=\"https:\/\/extremepc-fr.com\/blog\/consommation-energie\/combien-consomme-une-clim-watts-cout-reel-et-facture-pendant-la-canicule\/\" \/>\n<meta property=\"og:locale\" content=\"fr_FR\" \/>\n<meta property=\"og:type\" content=\"article\" \/>\n<meta property=\"og:title\" content=\"Combien consomme une clim ? Watts, co\u00fbt r\u00e9el et facture pendant la canicule\" \/>\n<meta property=\"og:description\" content=\"Clim mobile ou r\u00e9versible : combien de watts, combien \u00e7a co\u00fbte par jour de canicule et sur l&#039;\u00e9t\u00e9 au prix du kWh 2026, et comment limiter la facture.\" \/>\n<meta property=\"og:url\" content=\"https:\/\/extremepc-fr.com\/blog\/consommation-energie\/combien-consomme-une-clim-watts-cout-reel-et-facture-pendant-la-canicule\/\" \/>\n<meta property=\"og:site_name\" content=\"extremepc\" \/>\n<meta name=\"author\" content=\"Sophie Moreau\" \/>\n<meta name=\"twitter:card\" content=\"summary_large_image\" \/>\n<script type=\"application\/ld+json\" class=\"yoast-schema-graph\">{\"@context\":\"https:\/\/schema.org\",\"@graph\":[{\"@type\":\"NewsArticle\",\"@id\":\"https:\/\/extremepc-fr.com\/blog\/consommation-energie\/combien-consomme-une-clim-watts-cout-reel-et-facture-pendant-la-canicule\/#article\",\"isPartOf\":{\"@id\":\"https:\/\/extremepc-fr.com\/blog\/consommation-energie\/combien-consomme-une-clim-watts-cout-reel-et-facture-pendant-la-canicule\/\"},\"author\":{\"name\":\"Sophie Moreau\",\"@id\":\"https:\/\/extremepc-fr.com\/blog\/#\/schema\/person\/e8d06be0e131b4fc43d252f0139a27d6\"},\"headline\":\"Combien consomme une clim ? Watts, co\u00fbt r\u00e9el et facture pendant la canicule\",\"datePublished\":\"2026-07-16T09:20:53+00:00\",\"dateModified\":\"2026-07-16T09:24:59+00:00\",\"mainEntityOfPage\":{\"@id\":\"https:\/\/extremepc-fr.com\/blog\/consommation-energie\/combien-consomme-une-clim-watts-cout-reel-et-facture-pendant-la-canicule\/\"},\"wordCount\":2531,\"commentCount\":0,\"publisher\":{\"@id\":\"https:\/\/extremepc-fr.com\/blog\/#organization\"},\"image\":{\"@id\":\"https:\/\/extremepc-fr.com\/blog\/consommation-energie\/combien-consomme-une-clim-watts-cout-reel-et-facture-pendant-la-canicule\/#primaryimage\"},\"thumbnailUrl\":\"https:\/\/images.pexels.com\/photos\/30962631\/pexels-photo-30962631.jpeg?auto=compress&cs=tinysrgb&h=650&w=940\",\"articleSection\":[\"Consommation &amp; \u00c9nergie\"],\"inLanguage\":\"fr-FR\",\"potentialAction\":[{\"@type\":\"CommentAction\",\"name\":\"Comment\",\"target\":[\"https:\/\/extremepc-fr.com\/blog\/consommation-energie\/combien-consomme-une-clim-watts-cout-reel-et-facture-pendant-la-canicule\/#respond\"]}]},{\"@type\":\"WebPage\",\"@id\":\"https:\/\/extremepc-fr.com\/blog\/consommation-energie\/combien-consomme-une-clim-watts-cout-reel-et-facture-pendant-la-canicule\/\",\"url\":\"https:\/\/extremepc-fr.com\/blog\/consommation-energie\/combien-consomme-une-clim-watts-cout-reel-et-facture-pendant-la-canicule\/\",\"name\":\"Combien consomme une clim ? Watts, co\u00fbt r\u00e9el et facture pendant la canicule\",\"isPartOf\":{\"@id\":\"https:\/\/extremepc-fr.com\/blog\/#website\"},\"primaryImageOfPage\":{\"@id\":\"https:\/\/extremepc-fr.com\/blog\/consommation-energie\/combien-consomme-une-clim-watts-cout-reel-et-facture-pendant-la-canicule\/#primaryimage\"},\"image\":{\"@id\":\"https:\/\/extremepc-fr.com\/blog\/consommation-energie\/combien-consomme-une-clim-watts-cout-reel-et-facture-pendant-la-canicule\/#primaryimage\"},\"thumbnailUrl\":\"https:\/\/images.pexels.com\/photos\/30962631\/pexels-photo-30962631.jpeg?auto=compress&cs=tinysrgb&h=650&w=940\",\"datePublished\":\"2026-07-16T09:20:53+00:00\",\"dateModified\":\"2026-07-16T09:24:59+00:00\",\"description\":\"Clim mobile ou r\u00e9versible : combien de watts, combien \u00e7a co\u00fbte par jour de canicule et sur l'\u00e9t\u00e9 au prix du kWh 2026, et comment limiter la facture.\",\"inLanguage\":\"fr-FR\",\"potentialAction\":[{\"@type\":\"ReadAction\",\"target\":[\"https:\/\/extremepc-fr.com\/blog\/consommation-energie\/combien-consomme-une-clim-watts-cout-reel-et-facture-pendant-la-canicule\/\"]}]},{\"@type\":\"ImageObject\",\"inLanguage\":\"fr-FR\",\"@id\":\"https:\/\/extremepc-fr.com\/blog\/consommation-energie\/combien-consomme-une-clim-watts-cout-reel-et-facture-pendant-la-canicule\/#primaryimage\",\"url\":\"https:\/\/images.pexels.com\/photos\/30962631\/pexels-photo-30962631.jpeg?auto=compress&cs=tinysrgb&h=650&w=940\",\"contentUrl\":\"https:\/\/images.pexels.com\/photos\/30962631\/pexels-photo-30962631.jpeg?auto=compress&cs=tinysrgb&h=650&w=940\"},{\"@type\":\"WebSite\",\"@id\":\"https:\/\/extremepc-fr.com\/blog\/#website\",\"url\":\"https:\/\/extremepc-fr.com\/blog\/\",\"name\":\"ExtremePC FR\",\"description\":\"ExtremePC FR, la performance num\u00e9rique d\u00e9cupl\u00e9e\",\"publisher\":{\"@id\":\"https:\/\/extremepc-fr.com\/blog\/#organization\"},\"alternateName\":\"ExtremePC FR, la performance num\u00e9rique d\u00e9cupl\u00e9e\",\"potentialAction\":[{\"@type\":\"SearchAction\",\"target\":{\"@type\":\"EntryPoint\",\"urlTemplate\":\"https:\/\/extremepc-fr.com\/blog\/?s={search_term_string}\"},\"query-input\":{\"@type\":\"PropertyValueSpecification\",\"valueRequired\":true,\"valueName\":\"search_term_string\"}}],\"inLanguage\":\"fr-FR\"},{\"@type\":\"Organization\",\"@id\":\"https:\/\/extremepc-fr.com\/blog\/#organization\",\"name\":\"ExtremePC FR\",\"url\":\"https:\/\/extremepc-fr.com\/blog\/\",\"logo\":{\"@type\":\"ImageObject\",\"inLanguage\":\"fr-FR\",\"@id\":\"https:\/\/extremepc-fr.com\/blog\/#\/schema\/logo\/image\/\",\"url\":\"https:\/\/extremepc-fr.com\/blog\/wp-content\/uploads\/2024\/12\/cropped-3.png\",\"contentUrl\":\"https:\/\/extremepc-fr.com\/blog\/wp-content\/uploads\/2024\/12\/cropped-3.png\",\"width\":282,\"height\":247,\"caption\":\"ExtremePC FR\"},\"image\":{\"@id\":\"https:\/\/extremepc-fr.com\/blog\/#\/schema\/logo\/image\/\"}},{\"@type\":\"Person\",\"@id\":\"https:\/\/extremepc-fr.com\/blog\/#\/schema\/person\/e8d06be0e131b4fc43d252f0139a27d6\",\"name\":\"Sophie Moreau\",\"image\":{\"@type\":\"ImageObject\",\"inLanguage\":\"fr-FR\",\"@id\":\"https:\/\/extremepc-fr.com\/blog\/#\/schema\/person\/image\/\",\"url\":\"https:\/\/secure.gravatar.com\/avatar\/?s=96&d=mm&r=g\",\"contentUrl\":\"https:\/\/secure.gravatar.com\/avatar\/?s=96&d=mm&r=g\",\"caption\":\"Sophie Moreau\"},\"description\":\"Experte en optimisation syst\u00e8me, Sophie donne des astuces pour booster les performances des PC sous Windows, Linux et macOS.\",\"sameAs\":[\"https:\/\/sophie-moreau.fr\/\"],\"url\":\"https:\/\/extremepc-fr.com\/blog\/auteur\/sophie-moreau\/\",\"jobTitle\":\"Contributrice maison & d\u00e9co\",\"email\":\"sophie.moreau@starstory.fr\"}]}<\/script>\n<!-- \/ Yoast SEO Premium plugin. -->","yoast_head_json":{"title":"Combien consomme une clim ? Watts, co\u00fbt r\u00e9el et facture pendant la canicule","description":"Clim mobile ou r\u00e9versible : combien de watts, combien \u00e7a co\u00fbte par jour de canicule et sur l'\u00e9t\u00e9 au prix du kWh 2026, et comment limiter la facture.","robots":{"index":"index","follow":"follow","max-snippet":"max-snippet:-1","max-image-preview":"max-image-preview:large","max-video-preview":"max-video-preview:-1"},"canonical":"https:\/\/extremepc-fr.com\/blog\/consommation-energie\/combien-consomme-une-clim-watts-cout-reel-et-facture-pendant-la-canicule\/","og_locale":"fr_FR","og_type":"article","og_title":"Combien consomme une clim ? Watts, co\u00fbt r\u00e9el et facture pendant la canicule","og_description":"Clim mobile ou r\u00e9versible : combien de watts, combien \u00e7a co\u00fbte par jour de canicule et sur l'\u00e9t\u00e9 au prix du kWh 2026, et comment limiter la facture.","og_url":"https:\/\/extremepc-fr.com\/blog\/consommation-energie\/combien-consomme-une-clim-watts-cout-reel-et-facture-pendant-la-canicule\/","og_site_name":"extremepc","author":"Sophie Moreau","twitter_card":"summary_large_image","schema":{"@context":"https:\/\/schema.org","@graph":[{"@type":"NewsArticle","@id":"https:\/\/extremepc-fr.com\/blog\/consommation-energie\/combien-consomme-une-clim-watts-cout-reel-et-facture-pendant-la-canicule\/#article","isPartOf":{"@id":"https:\/\/extremepc-fr.com\/blog\/consommation-energie\/combien-consomme-une-clim-watts-cout-reel-et-facture-pendant-la-canicule\/"},"author":{"name":"Sophie Moreau","@id":"https:\/\/extremepc-fr.com\/blog\/#\/schema\/person\/e8d06be0e131b4fc43d252f0139a27d6"},"headline":"Combien consomme une clim ? Watts, co\u00fbt r\u00e9el et facture pendant la canicule","datePublished":"2026-07-16T09:20:53+00:00","dateModified":"2026-07-16T09:24:59+00:00","mainEntityOfPage":{"@id":"https:\/\/extremepc-fr.com\/blog\/consommation-energie\/combien-consomme-une-clim-watts-cout-reel-et-facture-pendant-la-canicule\/"},"wordCount":2531,"commentCount":0,"publisher":{"@id":"https:\/\/extremepc-fr.com\/blog\/#organization"},"image":{"@id":"https:\/\/extremepc-fr.com\/blog\/consommation-energie\/combien-consomme-une-clim-watts-cout-reel-et-facture-pendant-la-canicule\/#primaryimage"},"thumbnailUrl":"https:\/\/images.pexels.com\/photos\/30962631\/pexels-photo-30962631.jpeg?auto=compress&cs=tinysrgb&h=650&w=940","articleSection":["Consommation &amp; \u00c9nergie"],"inLanguage":"fr-FR","potentialAction":[{"@type":"CommentAction","name":"Comment","target":["https:\/\/extremepc-fr.com\/blog\/consommation-energie\/combien-consomme-une-clim-watts-cout-reel-et-facture-pendant-la-canicule\/#respond"]}]},{"@type":"WebPage","@id":"https:\/\/extremepc-fr.com\/blog\/consommation-energie\/combien-consomme-une-clim-watts-cout-reel-et-facture-pendant-la-canicule\/","url":"https:\/\/extremepc-fr.com\/blog\/consommation-energie\/combien-consomme-une-clim-watts-cout-reel-et-facture-pendant-la-canicule\/","name":"Combien consomme une clim ? Watts, co\u00fbt r\u00e9el et facture pendant la canicule","isPartOf":{"@id":"https:\/\/extremepc-fr.com\/blog\/#website"},"primaryImageOfPage":{"@id":"https:\/\/extremepc-fr.com\/blog\/consommation-energie\/combien-consomme-une-clim-watts-cout-reel-et-facture-pendant-la-canicule\/#primaryimage"},"image":{"@id":"https:\/\/extremepc-fr.com\/blog\/consommation-energie\/combien-consomme-une-clim-watts-cout-reel-et-facture-pendant-la-canicule\/#primaryimage"},"thumbnailUrl":"https:\/\/images.pexels.com\/photos\/30962631\/pexels-photo-30962631.jpeg?auto=compress&cs=tinysrgb&h=650&w=940","datePublished":"2026-07-16T09:20:53+00:00","dateModified":"2026-07-16T09:24:59+00:00","description":"Clim mobile ou r\u00e9versible : combien de watts, combien \u00e7a co\u00fbte par jour de canicule et sur l'\u00e9t\u00e9 au prix du kWh 2026, et comment limiter la facture.","inLanguage":"fr-FR","potentialAction":[{"@type":"ReadAction","target":["https:\/\/extremepc-fr.com\/blog\/consommation-energie\/combien-consomme-une-clim-watts-cout-reel-et-facture-pendant-la-canicule\/"]}]},{"@type":"ImageObject","inLanguage":"fr-FR","@id":"https:\/\/extremepc-fr.com\/blog\/consommation-energie\/combien-consomme-une-clim-watts-cout-reel-et-facture-pendant-la-canicule\/#primaryimage","url":"https:\/\/images.pexels.com\/photos\/30962631\/pexels-photo-30962631.jpeg?auto=compress&cs=tinysrgb&h=650&w=940","contentUrl":"https:\/\/images.pexels.com\/photos\/30962631\/pexels-photo-30962631.jpeg?auto=compress&cs=tinysrgb&h=650&w=940"},{"@type":"WebSite","@id":"https:\/\/extremepc-fr.com\/blog\/#website","url":"https:\/\/extremepc-fr.com\/blog\/","name":"ExtremePC FR","description":"ExtremePC FR, la performance num\u00e9rique d\u00e9cupl\u00e9e","publisher":{"@id":"https:\/\/extremepc-fr.com\/blog\/#organization"},"alternateName":"ExtremePC FR, la performance num\u00e9rique d\u00e9cupl\u00e9e","potentialAction":[{"@type":"SearchAction","target":{"@type":"EntryPoint","urlTemplate":"https:\/\/extremepc-fr.com\/blog\/?s={search_term_string}"},"query-input":{"@type":"PropertyValueSpecification","valueRequired":true,"valueName":"search_term_string"}}],"inLanguage":"fr-FR"},{"@type":"Organization","@id":"https:\/\/extremepc-fr.com\/blog\/#organization","name":"ExtremePC FR","url":"https:\/\/extremepc-fr.com\/blog\/","logo":{"@type":"ImageObject","inLanguage":"fr-FR","@id":"https:\/\/extremepc-fr.com\/blog\/#\/schema\/logo\/image\/","url":"https:\/\/extremepc-fr.com\/blog\/wp-content\/uploads\/2024\/12\/cropped-3.png","contentUrl":"https:\/\/extremepc-fr.com\/blog\/wp-content\/uploads\/2024\/12\/cropped-3.png","width":282,"height":247,"caption":"ExtremePC FR"},"image":{"@id":"https:\/\/extremepc-fr.com\/blog\/#\/schema\/logo\/image\/"}},{"@type":"Person","@id":"https:\/\/extremepc-fr.com\/blog\/#\/schema\/person\/e8d06be0e131b4fc43d252f0139a27d6","name":"Sophie Moreau","image":{"@type":"ImageObject","inLanguage":"fr-FR","@id":"https:\/\/extremepc-fr.com\/blog\/#\/schema\/person\/image\/","url":"https:\/\/secure.gravatar.com\/avatar\/?s=96&d=mm&r=g","contentUrl":"https:\/\/secure.gravatar.com\/avatar\/?s=96&d=mm&r=g","caption":"Sophie Moreau"},"description":"Experte en optimisation syst\u00e8me, Sophie donne des astuces pour booster les performances des PC sous Windows, Linux et macOS.","sameAs":["https:\/\/sophie-moreau.fr\/"],"url":"https:\/\/extremepc-fr.com\/blog\/auteur\/sophie-moreau\/","jobTitle":"Contributrice maison & d\u00e9co","email":"sophie.moreau@starstory.fr"}]}},"_links":{"self":[{"href":"https:\/\/extremepc-fr.com\/blog\/wp-json\/wp\/v2\/posts\/7826","targetHints":{"allow":["GET"]}}],"collection":[{"href":"https:\/\/extremepc-fr.com\/blog\/wp-json\/wp\/v2\/posts"}],"about":[{"href":"https:\/\/extremepc-fr.com\/blog\/wp-json\/wp\/v2\/types\/post"}],"author":[{"embeddable":true,"href":"https:\/\/extremepc-fr.com\/blog\/wp-json\/wp\/v2\/users\/42"}],"replies":[{"embeddable":true,"href":"https:\/\/extremepc-fr.com\/blog\/wp-json\/wp\/v2\/comments?post=7826"}],"version-history":[{"count":1,"href":"https:\/\/extremepc-fr.com\/blog\/wp-json\/wp\/v2\/posts\/7826\/revisions"}],"predecessor-version":[{"id":7831,"href":"https:\/\/extremepc-fr.com\/blog\/wp-json\/wp\/v2\/posts\/7826\/revisions\/7831"}],"wp:attachment":[{"href":"https:\/\/extremepc-fr.com\/blog\/wp-json\/wp\/v2\/media?parent=7826"}],"wp:term":[{"taxonomy":"category","embeddable":true,"href":"https:\/\/extremepc-fr.com\/blog\/wp-json\/wp\/v2\/categories?post=7826"},{"taxonomy":"post_tag","embeddable":true,"href":"https:\/\/extremepc-fr.com\/blog\/wp-json\/wp\/v2\/tags?post=7826"}],"curies":[{"name":"wp","href":"https:\/\/api.w.org\/{rel}","templated":true}]}}