{"id":7703,"date":"2026-05-24T09:00:00","date_gmt":"2026-05-24T09:00:00","guid":{"rendered":"https:\/\/extremepc-fr.com\/blog\/?p=7703"},"modified":"2026-05-24T09:00:00","modified_gmt":"2026-05-24T09:00:00","slug":"imac-occasion","status":"publish","type":"post","link":"https:\/\/extremepc-fr.com\/blog\/auto\/imac-occasion\/","title":{"rendered":"iMac Occasion : Top Offres et Prix 2026"},"content":{"rendered":"<p>L\u2019achat d\u2019un <strong>iMac d\u2019occasion<\/strong> peut repr\u00e9senter une excellente opportunit\u00e9 pour acqu\u00e9rir un ordinateur de qualit\u00e9 \u00e0 un prix r\u00e9duit. Cependant, plusieurs erreurs fr\u00e9quentes peuvent entra\u00eener des d\u00e9ceptions ou des pertes financi\u00e8res. Cet article vous guide \u00e0 travers les principales erreurs \u00e0 \u00e9viter lors de l\u2019achat d\u2019un iMac d\u2019occasion, afin de vous permettre de faire un choix \u00e9clair\u00e9 en 2026.<\/p>\n<h2>Pourquoi choisir un iMac d\u2019occasion ?<\/h2>\n<p>L\u2019iMac est r\u00e9put\u00e9 pour sa robustesse et sa long\u00e9vit\u00e9. Acheter un mod\u00e8le d\u2019occasion permet non seulement de r\u00e9aliser des \u00e9conomies significatives \u2014 en moyenne, un iMac d\u2019occasion peut co\u00fbter entre 30 % et 50 % moins cher qu\u2019un neuf \u2014 mais aussi de b\u00e9n\u00e9ficier des performances \u00e9lev\u00e9es que ces machines offrent. Par exemple, un iMac de 2021 peut \u00eatre trouv\u00e9 autour de 1 000 \u20ac, contre environ 2 000 \u20ac pour un mod\u00e8le neuf.<\/p>\n<h2>Erreurs courantes lors de l\u2019achat<\/h2>\n<h3>Ignorer l\u2019\u00e9tat physique et technique<\/h3>\n<p>Beaucoup de personnes se concentrent uniquement sur le prix sans v\u00e9rifier l\u2019\u00e9tat du produit. Il est crucial de :<\/p>\n<ul>\n<li>Examiner l\u2019\u00e9cran pour des rayures ou des pixels morts.<\/li>\n<li>Tester les ports USB et Thunderbolt.<\/li>\n<li>V\u00e9rifier la pr\u00e9sence de bruits inhabituels au d\u00e9marrage.<\/li>\n<\/ul>\n<p>Un test visuel et fonctionnel peut faire la diff\u00e9rence entre une bonne affaire et un investissement risqu\u00e9.<\/p>\n<h3>Ne pas v\u00e9rifier la configuration mat\u00e9rielle<\/h3>\n<p>Un autre pi\u00e8ge courant est d\u2019acheter sans se renseigner sur la configuration. Assurez-vous que l\u2019iMac dispose de suffisamment de m\u00e9moire RAM et d\u2019un bon processeur pour vos besoins. Par exemple, si vous pr\u00e9voyez d\u2019utiliser des logiciels lourds comme Final Cut Pro, optez pour au moins 16 Go de RAM.<\/p>\n<h3>Oublier les mises \u00e0 jour logicielles<\/h3>\n<p>Les mises \u00e0 jour logicielles sont essentielles pour la s\u00e9curit\u00e9 et les performances. V\u00e9rifiez que le syst\u00e8me d\u2019exploitation est \u00e0 jour. Un iMac sous une version obsol\u00e8te peut n\u00e9cessiter des mises \u00e0 niveau co\u00fbteuses.<\/p>\n<h2>Comparaison des prix : tableau utile<\/h2>\n<p>Voici un tableau comparatif des prix moyens pour diff\u00e9rents mod\u00e8les d\u2019iMac en fonction de leur ann\u00e9e :<\/p>\n<table class=\"kwdbank-table\">\n<thead>\n<tr>\n<th>Mod\u00e8le<\/th>\n<th>Ann\u00e9e<\/th>\n<th>Prix moyen (occasion)<\/th>\n<\/tr>\n<\/thead>\n<tbody>\n<tr>\n<td>iMac 21.5\u201d<\/td>\n<td>2017<\/td>\n<td>600 \u20ac<\/td>\n<\/tr>\n<tr>\n<td>iMac 27\u201d<\/td>\n<td>2019<\/td>\n<td>1,200 \u20ac<\/td>\n<\/tr>\n<tr>\n<td>iMac M1<\/td>\n<td>2021<\/td>\n<td>1,000 \u20ac<\/td>\n<\/tr>\n<tr>\n<td>iMac Retina<\/td>\n<td>2020<\/td>\n<td>1,500 \u20ac<\/td>\n<\/tr>\n<\/tbody>\n<\/table>\n<p>Ce tableau vous permet d\u2019avoir une id\u00e9e pr\u00e9cise des tarifs en vigueur en fonction des mod\u00e8les.<\/p>\n<h2>M\u00e9thodes pour s\u00e9curiser votre achat<\/h2>\n<h3>Acheter aupr\u00e8s de sources fiables<\/h3>\n<p>Privil\u00e9giez les plateformes reconnues comme Back Market ou eBay avec une politique de retour claire. Les annonces sur des sites moins connus peuvent souvent cacher des arnaques.<\/p>\n<h3>Demander une garantie<\/h3>\n<p>Certains vendeurs proposent une garantie m\u00eame sur les produits d\u2019occasion. Cela peut \u00eatre un gage suppl\u00e9mentaire de s\u00e9curit\u00e9.<\/p>\n<h2>Attention aux arnaques<\/h2>\n<p>Un pi\u00e8ge fr\u00e9quent concerne les offres trop all\u00e9chantes. Si un iMac est propos\u00e9 \u00e0 moiti\u00e9 prix par rapport au march\u00e9, cela doit \u00e9veiller vos soup\u00e7ons. Prenez le temps n\u00e9cessaire pour effectuer vos recherches avant tout achat.<\/p>\n<h2>Actions imm\u00e9diates \u00e0 prendre<\/h2>\n<p>Avant d\u2019acheter votre iMac d\u2019occasion, \u00e9tablissez une liste de v\u00e9rifications comprenant :<\/p>\n<ul>\n<li>Mod\u00e8le et ann\u00e9e<\/li>\n<li>\u00c9tat physique<\/li>\n<li>Configuration mat\u00e9rielle<\/li>\n<li>Historique des mises \u00e0 jour<\/li>\n<li>V\u00e9rification du vendeur<\/li>\n<\/ul>\n<p>Cela vous aidera \u00e0 ne rien oublier lors de votre recherche.<\/p>\n<h2>FAQ<\/h2>\n<h3>Quel est le meilleur moment pour acheter un iMac d\u2019occasion ?<\/h3>\n<p>Les p\u00e9riodes apr\u00e8s les lancements de nouveaux mod\u00e8les, comme septembre ou octobre, sont id\u00e9ales car beaucoup souhaitent vendre leurs anciens appareils.<\/p>\n<h3>O\u00f9 trouver les meilleures offres ?<\/h3>\n<p>Des sites comme Leboncoin ou Back Market offrent souvent de bonnes affaires sur les iMacs d\u2019occasion avec la possibilit\u00e9 de filtrer par \u00e9tat et prix.<\/p>\n<h3>Quelle dur\u00e9e peut-on esp\u00e9rer avec un iMac d\u2019occasion ?<\/h3>\n<p>En moyenne, un bon iMac peut durer entre 5 et 8 ans selon son utilisation et son entretien.<\/p>\n<h3>Quelles configurations privil\u00e9gier ?<\/h3>\n<p>Pour une utilisation classique (bureautique), viser au moins un processeur Intel Core i5 avec 8 Go RAM est recommand\u00e9 ; pour le multim\u00e9dia, optez pour davantage.<\/p>\n<h3>Peut-on upgrader la RAM sur tous les mod\u00e8les ?<\/h3>\n<p>Non, certains mod\u00e8les r\u00e9cents ont leur RAM soud\u00e9e et ne permettent pas l\u2019upgrade. V\u00e9rifiez toujours ce d\u00e9tail avant achat.<\/p>\n<h3>Comment revendre son ancien iMac ?<\/h3>\n<p>Renseignez-vous sur le march\u00e9 actuel et envisagez de passer par des plateformes reconnues qui garantissent la s\u00e9curit\u00e9 du paiement et la visibilit\u00e9 aupr\u00e8s d\u2019acheteurs potentiels.<\/p>\n<p>Faites preuve de prudence et informez-vous bien avant votre achat afin que votre exp\u00e9rience soit positive !<\/p>\n","protected":false},"excerpt":{"rendered":"","protected":false},"author":34,"featured_media":7806,"comment_status":"open","ping_status":"open","sticky":false,"template":"","format":"standard","meta":{"_acf_changed":false,"manual_indexmenow":false,"indexmenow_id_project":0,"footnotes":""},"categories":[4755],"tags":[],"class_list":["post-7703","post","type-post","status-publish","format-standard","has-post-thumbnail","hentry","category-auto","generate-columns","tablet-grid-50","mobile-grid-100","grid-parent","grid-25"],"acf":[],"yoast_head":"<!-- This site is optimized with the Yoast SEO Premium plugin v21.3 (Yoast SEO v25.6) - https:\/\/yoast.com\/wordpress\/plugins\/seo\/ -->\n<title>iMac Occasion : Top Offres et Prix 2026<\/title>\n<meta name=\"description\" content=\"L\u2019achat d\u2019un iMac d\u2019occasion peut repr\u00e9senter une excellente opportunit\u00e9 pour acqu\u00e9rir un ordinateur de qualit\u00e9 \u00e0 un prix r\u00e9duit. Cependant, plusieurs\" \/>\n<meta name=\"robots\" content=\"index, follow, max-snippet:-1, max-image-preview:large, max-video-preview:-1\" \/>\n<link rel=\"canonical\" href=\"https:\/\/extremepc-fr.com\/blog\/auto\/imac-occasion\/\" \/>\n<meta property=\"og:locale\" content=\"fr_FR\" \/>\n<meta property=\"og:type\" content=\"article\" \/>\n<meta property=\"og:title\" content=\"iMac Occasion : Top Offres et Prix 2026\" \/>\n<meta property=\"og:description\" content=\"L\u2019achat d\u2019un iMac d\u2019occasion peut repr\u00e9senter une excellente opportunit\u00e9 pour acqu\u00e9rir un ordinateur de qualit\u00e9 \u00e0 un prix r\u00e9duit. Cependant, plusieurs\" \/>\n<meta property=\"og:url\" content=\"https:\/\/extremepc-fr.com\/blog\/auto\/imac-occasion\/\" \/>\n<meta property=\"og:site_name\" content=\"extremepc\" \/>\n<meta property=\"og:image\" content=\"https:\/\/extremepc-fr.com\/blog\/wp-content\/uploads\/2026\/06\/sdxl-79a7711aaba02c2fc1e3186602bfbc53-scaled.png\" \/>\n\t<meta property=\"og:image:width\" content=\"1200\" \/>\n\t<meta property=\"og:image:height\" content=\"500\" \/>\n\t<meta property=\"og:image:type\" content=\"image\/png\" \/>\n<meta name=\"author\" content=\"Hugo Lambrecht\" \/>\n<meta name=\"twitter:card\" content=\"summary_large_image\" \/>\n<script type=\"application\/ld+json\" class=\"yoast-schema-graph\">{\"@context\":\"https:\/\/schema.org\",\"@graph\":[{\"@type\":\"NewsArticle\",\"@id\":\"https:\/\/extremepc-fr.com\/blog\/auto\/imac-occasion\/#article\",\"isPartOf\":{\"@id\":\"https:\/\/extremepc-fr.com\/blog\/auto\/imac-occasion\/\"},\"author\":{\"name\":\"Hugo Lambrecht\",\"@id\":\"https:\/\/extremepc-fr.com\/blog\/#\/schema\/person\/3c864cdc320801e3db34b663e7e3f816\"},\"headline\":\"iMac Occasion : Top Offres et Prix 2026\",\"datePublished\":\"2026-05-24T09:00:00+00:00\",\"mainEntityOfPage\":{\"@id\":\"https:\/\/extremepc-fr.com\/blog\/auto\/imac-occasion\/\"},\"wordCount\":758,\"commentCount\":0,\"publisher\":{\"@id\":\"https:\/\/extremepc-fr.com\/blog\/#organization\"},\"image\":{\"@id\":\"https:\/\/extremepc-fr.com\/blog\/auto\/imac-occasion\/#primaryimage\"},\"thumbnailUrl\":\"https:\/\/extremepc-fr.com\/blog\/wp-content\/uploads\/2026\/06\/sdxl-79a7711aaba02c2fc1e3186602bfbc53-scaled.png\",\"articleSection\":[\"Auto\"],\"inLanguage\":\"fr-FR\",\"potentialAction\":[{\"@type\":\"CommentAction\",\"name\":\"Comment\",\"target\":[\"https:\/\/extremepc-fr.com\/blog\/auto\/imac-occasion\/#respond\"]}]},{\"@type\":\"WebPage\",\"@id\":\"https:\/\/extremepc-fr.com\/blog\/auto\/imac-occasion\/\",\"url\":\"https:\/\/extremepc-fr.com\/blog\/auto\/imac-occasion\/\",\"name\":\"iMac Occasion : Top Offres et Prix 2026\",\"isPartOf\":{\"@id\":\"https:\/\/extremepc-fr.com\/blog\/#website\"},\"primaryImageOfPage\":{\"@id\":\"https:\/\/extremepc-fr.com\/blog\/auto\/imac-occasion\/#primaryimage\"},\"image\":{\"@id\":\"https:\/\/extremepc-fr.com\/blog\/auto\/imac-occasion\/#primaryimage\"},\"thumbnailUrl\":\"https:\/\/extremepc-fr.com\/blog\/wp-content\/uploads\/2026\/06\/sdxl-79a7711aaba02c2fc1e3186602bfbc53-scaled.png\",\"datePublished\":\"2026-05-24T09:00:00+00:00\",\"description\":\"L\u2019achat d\u2019un iMac d\u2019occasion peut repr\u00e9senter une excellente opportunit\u00e9 pour acqu\u00e9rir un ordinateur de qualit\u00e9 \u00e0 un prix r\u00e9duit. Cependant, plusieurs\",\"inLanguage\":\"fr-FR\",\"potentialAction\":[{\"@type\":\"ReadAction\",\"target\":[\"https:\/\/extremepc-fr.com\/blog\/auto\/imac-occasion\/\"]}]},{\"@type\":\"ImageObject\",\"inLanguage\":\"fr-FR\",\"@id\":\"https:\/\/extremepc-fr.com\/blog\/auto\/imac-occasion\/#primaryimage\",\"url\":\"https:\/\/extremepc-fr.com\/blog\/wp-content\/uploads\/2026\/06\/sdxl-79a7711aaba02c2fc1e3186602bfbc53-scaled.png\",\"contentUrl\":\"https:\/\/extremepc-fr.com\/blog\/wp-content\/uploads\/2026\/06\/sdxl-79a7711aaba02c2fc1e3186602bfbc53-scaled.png\",\"width\":1200,\"height\":500},{\"@type\":\"WebSite\",\"@id\":\"https:\/\/extremepc-fr.com\/blog\/#website\",\"url\":\"https:\/\/extremepc-fr.com\/blog\/\",\"name\":\"ExtremePC FR\",\"description\":\"ExtremePC FR, la performance num\u00e9rique d\u00e9cupl\u00e9e\",\"publisher\":{\"@id\":\"https:\/\/extremepc-fr.com\/blog\/#organization\"},\"alternateName\":\"ExtremePC FR, la performance num\u00e9rique d\u00e9cupl\u00e9e\",\"potentialAction\":[{\"@type\":\"SearchAction\",\"target\":{\"@type\":\"EntryPoint\",\"urlTemplate\":\"https:\/\/extremepc-fr.com\/blog\/?s={search_term_string}\"},\"query-input\":{\"@type\":\"PropertyValueSpecification\",\"valueRequired\":true,\"valueName\":\"search_term_string\"}}],\"inLanguage\":\"fr-FR\"},{\"@type\":\"Organization\",\"@id\":\"https:\/\/extremepc-fr.com\/blog\/#organization\",\"name\":\"ExtremePC FR\",\"url\":\"https:\/\/extremepc-fr.com\/blog\/\",\"logo\":{\"@type\":\"ImageObject\",\"inLanguage\":\"fr-FR\",\"@id\":\"https:\/\/extremepc-fr.com\/blog\/#\/schema\/logo\/image\/\",\"url\":\"https:\/\/extremepc-fr.com\/blog\/wp-content\/uploads\/2024\/12\/cropped-3.png\",\"contentUrl\":\"https:\/\/extremepc-fr.com\/blog\/wp-content\/uploads\/2024\/12\/cropped-3.png\",\"width\":282,\"height\":247,\"caption\":\"ExtremePC FR\"},\"image\":{\"@id\":\"https:\/\/extremepc-fr.com\/blog\/#\/schema\/logo\/image\/\"}},{\"@type\":\"Person\",\"@id\":\"https:\/\/extremepc-fr.com\/blog\/#\/schema\/person\/3c864cdc320801e3db34b663e7e3f816\",\"name\":\"Hugo Lambrecht\",\"image\":{\"@type\":\"ImageObject\",\"inLanguage\":\"fr-FR\",\"@id\":\"https:\/\/extremepc-fr.com\/blog\/#\/schema\/person\/image\/\",\"url\":\"https:\/\/extremepc-fr.com\/blog\/wp-content\/uploads\/2026\/06\/persona_hugo-l-96x96.jpg\",\"contentUrl\":\"https:\/\/extremepc-fr.com\/blog\/wp-content\/uploads\/2026\/06\/persona_hugo-l-96x96.jpg\",\"caption\":\"Hugo Lambrecht\"},\"description\":\"Geek assum\u00e9 et veilleur tech depuis plus de dix ans, je passe mes journ\u00e9es \u00e0 tester, comparer et expliquer le num\u00e9rique. Mes terrains favoris : les astuces high-tech du quotidien, la s\u00e9curit\u00e9 en ligne et les outils web, des VPN aux logiciels qui simplifient la vie. J'aime prendre un sujet r\u00e9put\u00e9 compliqu\u00e9 et le rendre limpide pour quelqu'un qui n'est pas d\u00e9veloppeur. Avant de recommander un produit ou un service, je le mets r\u00e9ellement \u00e0 l'\u00e9preuve, je v\u00e9rifie les versions et les tarifs en vigueur, et je signale les limites autant que les atouts. Je me m\u00e9fie des classements de complaisance : un comparatif n'a de valeur que si la m\u00e9thode est transparente. Mon fil rouge, c'est l'utilit\u00e9 concr\u00e8te : aider le lecteur \u00e0 mieux choisir, mieux configurer et mieux se prot\u00e9ger, sans tomber dans le jargon.\",\"sameAs\":[\"https:\/\/hugolambrecht.fr\/\"],\"url\":\"https:\/\/extremepc-fr.com\/blog\/auteur\/noname\/\"}]}<\/script>\n<!-- \/ Yoast SEO Premium plugin. -->","yoast_head_json":{"title":"iMac Occasion : Top Offres et Prix 2026","description":"L\u2019achat d\u2019un iMac d\u2019occasion peut repr\u00e9senter une excellente opportunit\u00e9 pour acqu\u00e9rir un ordinateur de qualit\u00e9 \u00e0 un prix r\u00e9duit. Cependant, plusieurs","robots":{"index":"index","follow":"follow","max-snippet":"max-snippet:-1","max-image-preview":"max-image-preview:large","max-video-preview":"max-video-preview:-1"},"canonical":"https:\/\/extremepc-fr.com\/blog\/auto\/imac-occasion\/","og_locale":"fr_FR","og_type":"article","og_title":"iMac Occasion : Top Offres et Prix 2026","og_description":"L\u2019achat d\u2019un iMac d\u2019occasion peut repr\u00e9senter une excellente opportunit\u00e9 pour acqu\u00e9rir un ordinateur de qualit\u00e9 \u00e0 un prix r\u00e9duit. Cependant, plusieurs","og_url":"https:\/\/extremepc-fr.com\/blog\/auto\/imac-occasion\/","og_site_name":"extremepc","og_image":[{"width":1200,"height":500,"url":"https:\/\/extremepc-fr.com\/blog\/wp-content\/uploads\/2026\/06\/sdxl-79a7711aaba02c2fc1e3186602bfbc53-scaled.png","type":"image\/png"}],"author":"Hugo Lambrecht","twitter_card":"summary_large_image","schema":{"@context":"https:\/\/schema.org","@graph":[{"@type":"NewsArticle","@id":"https:\/\/extremepc-fr.com\/blog\/auto\/imac-occasion\/#article","isPartOf":{"@id":"https:\/\/extremepc-fr.com\/blog\/auto\/imac-occasion\/"},"author":{"name":"Hugo Lambrecht","@id":"https:\/\/extremepc-fr.com\/blog\/#\/schema\/person\/3c864cdc320801e3db34b663e7e3f816"},"headline":"iMac Occasion : Top Offres et Prix 2026","datePublished":"2026-05-24T09:00:00+00:00","mainEntityOfPage":{"@id":"https:\/\/extremepc-fr.com\/blog\/auto\/imac-occasion\/"},"wordCount":758,"commentCount":0,"publisher":{"@id":"https:\/\/extremepc-fr.com\/blog\/#organization"},"image":{"@id":"https:\/\/extremepc-fr.com\/blog\/auto\/imac-occasion\/#primaryimage"},"thumbnailUrl":"https:\/\/extremepc-fr.com\/blog\/wp-content\/uploads\/2026\/06\/sdxl-79a7711aaba02c2fc1e3186602bfbc53-scaled.png","articleSection":["Auto"],"inLanguage":"fr-FR","potentialAction":[{"@type":"CommentAction","name":"Comment","target":["https:\/\/extremepc-fr.com\/blog\/auto\/imac-occasion\/#respond"]}]},{"@type":"WebPage","@id":"https:\/\/extremepc-fr.com\/blog\/auto\/imac-occasion\/","url":"https:\/\/extremepc-fr.com\/blog\/auto\/imac-occasion\/","name":"iMac Occasion : Top Offres et Prix 2026","isPartOf":{"@id":"https:\/\/extremepc-fr.com\/blog\/#website"},"primaryImageOfPage":{"@id":"https:\/\/extremepc-fr.com\/blog\/auto\/imac-occasion\/#primaryimage"},"image":{"@id":"https:\/\/extremepc-fr.com\/blog\/auto\/imac-occasion\/#primaryimage"},"thumbnailUrl":"https:\/\/extremepc-fr.com\/blog\/wp-content\/uploads\/2026\/06\/sdxl-79a7711aaba02c2fc1e3186602bfbc53-scaled.png","datePublished":"2026-05-24T09:00:00+00:00","description":"L\u2019achat d\u2019un iMac d\u2019occasion peut repr\u00e9senter une excellente opportunit\u00e9 pour acqu\u00e9rir un ordinateur de qualit\u00e9 \u00e0 un prix r\u00e9duit. Cependant, plusieurs","inLanguage":"fr-FR","potentialAction":[{"@type":"ReadAction","target":["https:\/\/extremepc-fr.com\/blog\/auto\/imac-occasion\/"]}]},{"@type":"ImageObject","inLanguage":"fr-FR","@id":"https:\/\/extremepc-fr.com\/blog\/auto\/imac-occasion\/#primaryimage","url":"https:\/\/extremepc-fr.com\/blog\/wp-content\/uploads\/2026\/06\/sdxl-79a7711aaba02c2fc1e3186602bfbc53-scaled.png","contentUrl":"https:\/\/extremepc-fr.com\/blog\/wp-content\/uploads\/2026\/06\/sdxl-79a7711aaba02c2fc1e3186602bfbc53-scaled.png","width":1200,"height":500},{"@type":"WebSite","@id":"https:\/\/extremepc-fr.com\/blog\/#website","url":"https:\/\/extremepc-fr.com\/blog\/","name":"ExtremePC FR","description":"ExtremePC FR, la performance num\u00e9rique d\u00e9cupl\u00e9e","publisher":{"@id":"https:\/\/extremepc-fr.com\/blog\/#organization"},"alternateName":"ExtremePC FR, la performance num\u00e9rique d\u00e9cupl\u00e9e","potentialAction":[{"@type":"SearchAction","target":{"@type":"EntryPoint","urlTemplate":"https:\/\/extremepc-fr.com\/blog\/?s={search_term_string}"},"query-input":{"@type":"PropertyValueSpecification","valueRequired":true,"valueName":"search_term_string"}}],"inLanguage":"fr-FR"},{"@type":"Organization","@id":"https:\/\/extremepc-fr.com\/blog\/#organization","name":"ExtremePC FR","url":"https:\/\/extremepc-fr.com\/blog\/","logo":{"@type":"ImageObject","inLanguage":"fr-FR","@id":"https:\/\/extremepc-fr.com\/blog\/#\/schema\/logo\/image\/","url":"https:\/\/extremepc-fr.com\/blog\/wp-content\/uploads\/2024\/12\/cropped-3.png","contentUrl":"https:\/\/extremepc-fr.com\/blog\/wp-content\/uploads\/2024\/12\/cropped-3.png","width":282,"height":247,"caption":"ExtremePC FR"},"image":{"@id":"https:\/\/extremepc-fr.com\/blog\/#\/schema\/logo\/image\/"}},{"@type":"Person","@id":"https:\/\/extremepc-fr.com\/blog\/#\/schema\/person\/3c864cdc320801e3db34b663e7e3f816","name":"Hugo Lambrecht","image":{"@type":"ImageObject","inLanguage":"fr-FR","@id":"https:\/\/extremepc-fr.com\/blog\/#\/schema\/person\/image\/","url":"https:\/\/extremepc-fr.com\/blog\/wp-content\/uploads\/2026\/06\/persona_hugo-l-96x96.jpg","contentUrl":"https:\/\/extremepc-fr.com\/blog\/wp-content\/uploads\/2026\/06\/persona_hugo-l-96x96.jpg","caption":"Hugo Lambrecht"},"description":"Geek assum\u00e9 et veilleur tech depuis plus de dix ans, je passe mes journ\u00e9es \u00e0 tester, comparer et expliquer le num\u00e9rique. Mes terrains favoris : les astuces high-tech du quotidien, la s\u00e9curit\u00e9 en ligne et les outils web, des VPN aux logiciels qui simplifient la vie. J'aime prendre un sujet r\u00e9put\u00e9 compliqu\u00e9 et le rendre limpide pour quelqu'un qui n'est pas d\u00e9veloppeur. Avant de recommander un produit ou un service, je le mets r\u00e9ellement \u00e0 l'\u00e9preuve, je v\u00e9rifie les versions et les tarifs en vigueur, et je signale les limites autant que les atouts. Je me m\u00e9fie des classements de complaisance : un comparatif n'a de valeur que si la m\u00e9thode est transparente. Mon fil rouge, c'est l'utilit\u00e9 concr\u00e8te : aider le lecteur \u00e0 mieux choisir, mieux configurer et mieux se prot\u00e9ger, sans tomber dans le jargon.","sameAs":["https:\/\/hugolambrecht.fr\/"],"url":"https:\/\/extremepc-fr.com\/blog\/auteur\/noname\/"}]}},"_links":{"self":[{"href":"https:\/\/extremepc-fr.com\/blog\/wp-json\/wp\/v2\/posts\/7703","targetHints":{"allow":["GET"]}}],"collection":[{"href":"https:\/\/extremepc-fr.com\/blog\/wp-json\/wp\/v2\/posts"}],"about":[{"href":"https:\/\/extremepc-fr.com\/blog\/wp-json\/wp\/v2\/types\/post"}],"author":[{"embeddable":true,"href":"https:\/\/extremepc-fr.com\/blog\/wp-json\/wp\/v2\/users\/34"}],"replies":[{"embeddable":true,"href":"https:\/\/extremepc-fr.com\/blog\/wp-json\/wp\/v2\/comments?post=7703"}],"version-history":[{"count":1,"href":"https:\/\/extremepc-fr.com\/blog\/wp-json\/wp\/v2\/posts\/7703\/revisions"}],"predecessor-version":[{"id":7761,"href":"https:\/\/extremepc-fr.com\/blog\/wp-json\/wp\/v2\/posts\/7703\/revisions\/7761"}],"wp:featuredmedia":[{"embeddable":true,"href":"https:\/\/extremepc-fr.com\/blog\/wp-json\/wp\/v2\/media\/7806"}],"wp:attachment":[{"href":"https:\/\/extremepc-fr.com\/blog\/wp-json\/wp\/v2\/media?parent=7703"}],"wp:term":[{"taxonomy":"category","embeddable":true,"href":"https:\/\/extremepc-fr.com\/blog\/wp-json\/wp\/v2\/categories?post=7703"},{"taxonomy":"post_tag","embeddable":true,"href":"https:\/\/extremepc-fr.com\/blog\/wp-json\/wp\/v2\/tags?post=7703"}],"curies":[{"name":"wp","href":"https:\/\/api.w.org\/{rel}","templated":true}]}}