{"id":7699,"date":"2026-05-20T09:00:00","date_gmt":"2026-05-20T09:00:00","guid":{"rendered":"https:\/\/extremepc-fr.com\/blog\/?p=7699"},"modified":"2026-05-20T09:00:00","modified_gmt":"2026-05-20T09:00:00","slug":"qui-a-cree-apple","status":"publish","type":"post","link":"https:\/\/extremepc-fr.com\/blog\/articles\/qui-a-cree-apple\/","title":{"rendered":"Qui a Cr\u00e9\u00e9 Apple : Histoire Compl\u00e8te 2026"},"content":{"rendered":"<p>Apple Inc. a \u00e9t\u00e9 fond\u00e9e en 1976 par <strong>Steve Jobs<\/strong>, <strong>Steve Wozniak<\/strong> et <strong>Ronald Wayne<\/strong>. Cette entreprise californienne est devenue l\u2019un des g\u00e9ants de la technologie mondiale, connue pour ses produits embl\u00e9matiques comme l\u2019iPhone, l\u2019iPad et le Mac. Les deux Steve ont jou\u00e9 des r\u00f4les cl\u00e9s dans la conception et la vision de la marque, tandis que Ronald Wayne, bien qu\u2019il ait quitt\u00e9 l\u2019entreprise tr\u00e8s t\u00f4t, a contribu\u00e9 \u00e0 ses d\u00e9buts.<\/p>\n<p>La cr\u00e9ation d\u2019Apple repose sur une passion pour l\u2019innovation technologique et un d\u00e9sir de rendre l\u2019informatique accessible au grand public. En 1976, le premier produit, l\u2019Apple I, a \u00e9t\u00e9 vendu au prix de 666,66 dollars. Ce mod\u00e8le a marqu\u00e9 le d\u00e9but d\u2019une aventure qui allait r\u00e9volutionner l\u2019industrie.<\/p>\n<h2>Les Fondateurs : Profils et Contributions<\/h2>\n<h3>Steve Jobs<\/h3>\n<p>Steve Jobs \u00e9tait le visionnaire derri\u00e8re Apple. Sa capacit\u00e9 \u00e0 anticiper les besoins des consommateurs et \u00e0 transformer des id\u00e9es en produits concrets est l\u00e9gendaire. Il a dirig\u00e9 Apple avec un style unique, combinant design esth\u00e9tique et fonctionnalit\u00e9. L\u2019iPhone lanc\u00e9 en 2007 a g\u00e9n\u00e9r\u00e9 plus de 1 milliard de ventes en moins de 10 ans.<\/p>\n<h3>Steve Wozniak<\/h3>\n<p>Steve Wozniak est souvent consid\u00e9r\u00e9 comme le g\u00e9nie technique d\u2019Apple. Il a con\u00e7u l\u2019Apple I et l\u2019Apple II, ces derniers ayant permis \u00e0 Apple de se positionner comme un leader sur le march\u00e9 des ordinateurs personnels dans les ann\u00e9es 1980. L\u2019Apple II a vendu plus de <strong>6 millions d\u2019unit\u00e9s<\/strong>, \u00e9tablissant un standard pour les ordinateurs personnels.<\/p>\n<h3>Ronald Wayne<\/h3>\n<p>Ronald Wayne, bien que moins connu, a co-sign\u00e9 le contrat de cr\u00e9ation d\u2019Apple et a fourni un cadre administratif initial. Cependant, il a vendu sa part de 10 % pour seulement 800 dollars apr\u00e8s quelques jours. Cette d\u00e9cision lui aurait co\u00fbt\u00e9 plusieurs milliards aujourd\u2019hui.<\/p>\n<h2>L\u2019\u00c9volution d\u2019Apple : \u00c9tapes Cl\u00e9s<\/h2>\n<ol>\n<li><strong>1976 : Cr\u00e9ation d\u2019Apple<\/strong>\n<ul>\n<li>Lancement de l\u2019Apple I.<\/li>\n<\/ul>\n<\/li>\n<li><strong>1977 : Lancement de l\u2019Apple II<\/strong>\n<ul>\n<li>Succ\u00e8s commercial avec des ventes massives.<\/li>\n<\/ul>\n<\/li>\n<li><strong>1984 : Introduction du Macintosh<\/strong>\n<ul>\n<li>Premier ordinateur personnel \u00e0 interface graphique.<\/li>\n<\/ul>\n<\/li>\n<li><strong>1997 : Retour de Steve Jobs<\/strong>\n<ul>\n<li>Relance d\u2019Apple avec des produits innovants.<\/li>\n<\/ul>\n<\/li>\n<li><strong>2007 : Lancement de l\u2019iPhone<\/strong>\n<ul>\n<li>R\u00e9volution du march\u00e9 des smartphones.<\/li>\n<\/ul>\n<\/li>\n<\/ol>\n<h3>Tableau Comparatif des Produits Phare<\/h3>\n<table class=\"kwdbank-table\">\n<thead>\n<tr>\n<th>Produit<\/th>\n<th>Ann\u00e9e de Lancement<\/th>\n<th>Ventes Estim\u00e9es<\/th>\n<th>Caract\u00e9ristique Cl\u00e9<\/th>\n<\/tr>\n<\/thead>\n<tbody>\n<tr>\n<td>Apple I<\/td>\n<td>1976<\/td>\n<td>200 unit\u00e9s<\/td>\n<td>Premier produit d\u2019Apple<\/td>\n<\/tr>\n<tr>\n<td>Apple II<\/td>\n<td>1977<\/td>\n<td>6 millions<\/td>\n<td>Ordinateur personnel<\/td>\n<\/tr>\n<tr>\n<td>Macintosh<\/td>\n<td>1984<\/td>\n<td>Non divulgu\u00e9<\/td>\n<td>Interface graphique<\/td>\n<\/tr>\n<tr>\n<td>iPod<\/td>\n<td>2001<\/td>\n<td>Plus de 400 millions<\/td>\n<td>R\u00e9volution du format musical<\/td>\n<\/tr>\n<tr>\n<td>iPhone<\/td>\n<td>2007<\/td>\n<td>Plus d\u2019un milliard<\/td>\n<td>Smartphone innovant<\/td>\n<\/tr>\n<\/tbody>\n<\/table>\n<h2>Impact sur l\u2019Industrie Technologique<\/h2>\n<p>L\u2019influence d\u2019Apple sur le secteur technologique est ind\u00e9niable. Avec une capitalisation boursi\u00e8re d\u00e9passant les <strong>2 trillions de dollars<\/strong> en 2021, Apple incarne le succ\u00e8s entrepreneurial moderne. Son mod\u00e8le \u00e9conomique repose sur la cr\u00e9ation d\u2019un \u00e9cosyst\u00e8me int\u00e9gr\u00e9 o\u00f9 les utilisateurs sont fid\u00e9lis\u00e9s gr\u00e2ce \u00e0 des produits compl\u00e9mentaires comme iCloud et Apple Music.<\/p>\n<h3>Pi\u00e8ge \u00e0 \u00c9viter<\/h3>\n<p>Un pi\u00e8ge fr\u00e9quent est de consid\u00e9rer qu\u2019Apple est uniquement une entreprise hardware (mat\u00e9riel). En r\u00e9alit\u00e9, son succ\u00e8s repose \u00e9galement sur ses logiciels (iOS, macOS) et services (App Store), qui repr\u00e9sentent une part croissante du chiffre d\u2019affaires.<\/p>\n<h2>Alternatives \u00e0 Apple<\/h2>\n<p>Si vous envisagez d\u2019explorer des alternatives aux produits Apple, plusieurs options se d\u00e9marquent :<\/p>\n<ul>\n<li><strong>Microsoft Surface<\/strong> : Un excellent choix pour ceux qui cherchent un ordinateur portable avec une int\u00e9gration Windows.<\/li>\n<li><strong>Samsung Galaxy<\/strong> : Un concurrent majeur dans le domaine des smartphones avec une gamme vari\u00e9e.<\/li>\n<li><strong>Dell XPS<\/strong> : Reconnue pour ses performances \u00e9lev\u00e9es dans les ordinateurs portables.<\/li>\n<\/ul>\n<p>Chacune de ces marques offre des fonctionnalit\u00e9s uniques adapt\u00e9es aux divers besoins des utilisateurs.<\/p>\n<h2>Pourquoi Choisir Apple ?<\/h2>\n<p>Choisir un produit Apple peut \u00eatre justifi\u00e9 par plusieurs facteurs :<\/p>\n<ul>\n<li><strong>Int\u00e9gration<\/strong> : Les appareils fonctionnent harmonieusement ensemble.<\/li>\n<li><strong>Support client<\/strong> : Un service apr\u00e8s-vente reconnu pour sa qualit\u00e9.<\/li>\n<li><strong>S\u00e9curit\u00e9<\/strong> : Un \u00e9cosyst\u00e8me jug\u00e9 plus s\u00e9curis\u00e9 que certains concurrents.<\/li>\n<\/ul>\n<p>Ces \u00e9l\u00e9ments peuvent peser lourdement dans votre d\u00e9cision d\u2019achat face aux alternatives disponibles sur le march\u00e9.<\/p>\n<h2>FAQ<\/h2>\n<h3>Qui sont les fondateurs d\u2019Apple ?<\/h3>\n<p>Les fondateurs sont Steve Jobs, Steve Wozniak et Ronald Wayne.<\/p>\n<h3>Quel \u00e9tait le premier produit d\u2019Apple ?<\/h3>\n<p>Le premier produit \u00e9tait l\u2019Apple I, lanc\u00e9 en 1976.<\/p>\n<h3>Combien d\u2019iPhones ont \u00e9t\u00e9 vendus depuis leur lancement ?<\/h3>\n<p>Plus d\u2019un milliard d\u2019iPhones ont \u00e9t\u00e9 vendus depuis leur lancement en 2007.<\/p>\n<h3>Quel impact Apple a-t-elle eu sur la technologie ?<\/h3>\n<p>Apple a r\u00e9volutionn\u00e9 plusieurs secteurs technologiques gr\u00e2ce \u00e0 ses innovations constantes dans le mat\u00e9riel et les logiciels.<\/p>\n<h3>Pourquoi Ronald Wayne n\u2019est-il plus associ\u00e9 \u00e0 Apple ?<\/h3>\n<p>Il a vendu sa part peu apr\u00e8s la cr\u00e9ation de la soci\u00e9t\u00e9, pr\u00e9f\u00e9rant \u00e9viter les risques financiers li\u00e9s \u00e0 cette nouvelle entreprise.<\/p>\n<h3>Quelles sont les alternatives populaires aux produits Apple ?<\/h3>\n<p>Parmi les alternatives figurent Microsoft Surface pour les ordinateurs portables et Samsung Galaxy pour les smartphones.<\/p>\n<p>Pour approfondir votre connaissance sur l\u2019histoire d\u2019Apple ou explorer davantage ses produits, n\u2019h\u00e9sitez pas \u00e0 consulter leur site officiel ou suivre leurs annonces lors des \u00e9v\u00e9nements annuels.<\/p>\n","protected":false},"excerpt":{"rendered":"","protected":false},"author":34,"featured_media":7810,"comment_status":"open","ping_status":"open","sticky":false,"template":"","format":"standard","meta":{"_acf_changed":false,"manual_indexmenow":false,"indexmenow_id_project":0,"footnotes":""},"categories":[4754],"tags":[],"class_list":["post-7699","post","type-post","status-publish","format-standard","has-post-thumbnail","hentry","category-articles","generate-columns","tablet-grid-50","mobile-grid-100","grid-parent","grid-25"],"acf":[],"yoast_head":"<!-- This site is optimized with the Yoast SEO Premium plugin v21.3 (Yoast SEO v25.6) - https:\/\/yoast.com\/wordpress\/plugins\/seo\/ -->\n<title>Qui a Cr\u00e9\u00e9 Apple : Histoire Compl\u00e8te 2026<\/title>\n<meta name=\"description\" content=\"Apple Inc. a \u00e9t\u00e9 fond\u00e9e en 1976 par Steve Jobs, Steve Wozniak et Ronald Wayne. Cette entreprise californienne est devenue l\u2019un des g\u00e9ants de la technologie\" \/>\n<meta name=\"robots\" content=\"index, follow, max-snippet:-1, max-image-preview:large, max-video-preview:-1\" \/>\n<link rel=\"canonical\" href=\"https:\/\/extremepc-fr.com\/blog\/articles\/qui-a-cree-apple\/\" \/>\n<meta property=\"og:locale\" content=\"fr_FR\" \/>\n<meta property=\"og:type\" content=\"article\" \/>\n<meta property=\"og:title\" content=\"Qui a Cr\u00e9\u00e9 Apple : Histoire Compl\u00e8te 2026\" \/>\n<meta property=\"og:description\" content=\"Apple Inc. a \u00e9t\u00e9 fond\u00e9e en 1976 par Steve Jobs, Steve Wozniak et Ronald Wayne. Cette entreprise californienne est devenue l\u2019un des g\u00e9ants de la technologie\" \/>\n<meta property=\"og:url\" content=\"https:\/\/extremepc-fr.com\/blog\/articles\/qui-a-cree-apple\/\" \/>\n<meta property=\"og:site_name\" content=\"extremepc\" \/>\n<meta property=\"og:image\" content=\"https:\/\/extremepc-fr.com\/blog\/wp-content\/uploads\/2026\/06\/sdxl-c2d90e416f001ba9c21c0238d1da77d6-scaled.png\" \/>\n\t<meta property=\"og:image:width\" content=\"1200\" \/>\n\t<meta property=\"og:image:height\" content=\"500\" \/>\n\t<meta property=\"og:image:type\" content=\"image\/png\" \/>\n<meta name=\"author\" content=\"Hugo Lambrecht\" \/>\n<meta name=\"twitter:card\" content=\"summary_large_image\" \/>\n<script type=\"application\/ld+json\" class=\"yoast-schema-graph\">{\"@context\":\"https:\/\/schema.org\",\"@graph\":[{\"@type\":\"NewsArticle\",\"@id\":\"https:\/\/extremepc-fr.com\/blog\/articles\/qui-a-cree-apple\/#article\",\"isPartOf\":{\"@id\":\"https:\/\/extremepc-fr.com\/blog\/articles\/qui-a-cree-apple\/\"},\"author\":{\"name\":\"Hugo Lambrecht\",\"@id\":\"https:\/\/extremepc-fr.com\/blog\/#\/schema\/person\/3c864cdc320801e3db34b663e7e3f816\"},\"headline\":\"Qui a Cr\u00e9\u00e9 Apple : Histoire Compl\u00e8te 2026\",\"datePublished\":\"2026-05-20T09:00:00+00:00\",\"mainEntityOfPage\":{\"@id\":\"https:\/\/extremepc-fr.com\/blog\/articles\/qui-a-cree-apple\/\"},\"wordCount\":856,\"commentCount\":0,\"publisher\":{\"@id\":\"https:\/\/extremepc-fr.com\/blog\/#organization\"},\"image\":{\"@id\":\"https:\/\/extremepc-fr.com\/blog\/articles\/qui-a-cree-apple\/#primaryimage\"},\"thumbnailUrl\":\"https:\/\/extremepc-fr.com\/blog\/wp-content\/uploads\/2026\/06\/sdxl-c2d90e416f001ba9c21c0238d1da77d6-scaled.png\",\"articleSection\":[\"Articles\"],\"inLanguage\":\"fr-FR\",\"potentialAction\":[{\"@type\":\"CommentAction\",\"name\":\"Comment\",\"target\":[\"https:\/\/extremepc-fr.com\/blog\/articles\/qui-a-cree-apple\/#respond\"]}]},{\"@type\":\"WebPage\",\"@id\":\"https:\/\/extremepc-fr.com\/blog\/articles\/qui-a-cree-apple\/\",\"url\":\"https:\/\/extremepc-fr.com\/blog\/articles\/qui-a-cree-apple\/\",\"name\":\"Qui a Cr\u00e9\u00e9 Apple : Histoire Compl\u00e8te 2026\",\"isPartOf\":{\"@id\":\"https:\/\/extremepc-fr.com\/blog\/#website\"},\"primaryImageOfPage\":{\"@id\":\"https:\/\/extremepc-fr.com\/blog\/articles\/qui-a-cree-apple\/#primaryimage\"},\"image\":{\"@id\":\"https:\/\/extremepc-fr.com\/blog\/articles\/qui-a-cree-apple\/#primaryimage\"},\"thumbnailUrl\":\"https:\/\/extremepc-fr.com\/blog\/wp-content\/uploads\/2026\/06\/sdxl-c2d90e416f001ba9c21c0238d1da77d6-scaled.png\",\"datePublished\":\"2026-05-20T09:00:00+00:00\",\"description\":\"Apple Inc. a \u00e9t\u00e9 fond\u00e9e en 1976 par Steve Jobs, Steve Wozniak et Ronald Wayne. Cette entreprise californienne est devenue l\u2019un des g\u00e9ants de la technologie\",\"inLanguage\":\"fr-FR\",\"potentialAction\":[{\"@type\":\"ReadAction\",\"target\":[\"https:\/\/extremepc-fr.com\/blog\/articles\/qui-a-cree-apple\/\"]}]},{\"@type\":\"ImageObject\",\"inLanguage\":\"fr-FR\",\"@id\":\"https:\/\/extremepc-fr.com\/blog\/articles\/qui-a-cree-apple\/#primaryimage\",\"url\":\"https:\/\/extremepc-fr.com\/blog\/wp-content\/uploads\/2026\/06\/sdxl-c2d90e416f001ba9c21c0238d1da77d6-scaled.png\",\"contentUrl\":\"https:\/\/extremepc-fr.com\/blog\/wp-content\/uploads\/2026\/06\/sdxl-c2d90e416f001ba9c21c0238d1da77d6-scaled.png\",\"width\":1200,\"height\":500},{\"@type\":\"WebSite\",\"@id\":\"https:\/\/extremepc-fr.com\/blog\/#website\",\"url\":\"https:\/\/extremepc-fr.com\/blog\/\",\"name\":\"ExtremePC FR\",\"description\":\"ExtremePC FR, la performance num\u00e9rique d\u00e9cupl\u00e9e\",\"publisher\":{\"@id\":\"https:\/\/extremepc-fr.com\/blog\/#organization\"},\"alternateName\":\"ExtremePC FR, la performance num\u00e9rique d\u00e9cupl\u00e9e\",\"potentialAction\":[{\"@type\":\"SearchAction\",\"target\":{\"@type\":\"EntryPoint\",\"urlTemplate\":\"https:\/\/extremepc-fr.com\/blog\/?s={search_term_string}\"},\"query-input\":{\"@type\":\"PropertyValueSpecification\",\"valueRequired\":true,\"valueName\":\"search_term_string\"}}],\"inLanguage\":\"fr-FR\"},{\"@type\":\"Organization\",\"@id\":\"https:\/\/extremepc-fr.com\/blog\/#organization\",\"name\":\"ExtremePC FR\",\"url\":\"https:\/\/extremepc-fr.com\/blog\/\",\"logo\":{\"@type\":\"ImageObject\",\"inLanguage\":\"fr-FR\",\"@id\":\"https:\/\/extremepc-fr.com\/blog\/#\/schema\/logo\/image\/\",\"url\":\"https:\/\/extremepc-fr.com\/blog\/wp-content\/uploads\/2024\/12\/cropped-3.png\",\"contentUrl\":\"https:\/\/extremepc-fr.com\/blog\/wp-content\/uploads\/2024\/12\/cropped-3.png\",\"width\":282,\"height\":247,\"caption\":\"ExtremePC FR\"},\"image\":{\"@id\":\"https:\/\/extremepc-fr.com\/blog\/#\/schema\/logo\/image\/\"}},{\"@type\":\"Person\",\"@id\":\"https:\/\/extremepc-fr.com\/blog\/#\/schema\/person\/3c864cdc320801e3db34b663e7e3f816\",\"name\":\"Hugo Lambrecht\",\"image\":{\"@type\":\"ImageObject\",\"inLanguage\":\"fr-FR\",\"@id\":\"https:\/\/extremepc-fr.com\/blog\/#\/schema\/person\/image\/\",\"url\":\"https:\/\/extremepc-fr.com\/blog\/wp-content\/uploads\/2026\/06\/persona_hugo-l-96x96.jpg\",\"contentUrl\":\"https:\/\/extremepc-fr.com\/blog\/wp-content\/uploads\/2026\/06\/persona_hugo-l-96x96.jpg\",\"caption\":\"Hugo Lambrecht\"},\"description\":\"Geek assum\u00e9 et veilleur tech depuis plus de dix ans, je passe mes journ\u00e9es \u00e0 tester, comparer et expliquer le num\u00e9rique. Mes terrains favoris : les astuces high-tech du quotidien, la s\u00e9curit\u00e9 en ligne et les outils web, des VPN aux logiciels qui simplifient la vie. J'aime prendre un sujet r\u00e9put\u00e9 compliqu\u00e9 et le rendre limpide pour quelqu'un qui n'est pas d\u00e9veloppeur. Avant de recommander un produit ou un service, je le mets r\u00e9ellement \u00e0 l'\u00e9preuve, je v\u00e9rifie les versions et les tarifs en vigueur, et je signale les limites autant que les atouts. Je me m\u00e9fie des classements de complaisance : un comparatif n'a de valeur que si la m\u00e9thode est transparente. Mon fil rouge, c'est l'utilit\u00e9 concr\u00e8te : aider le lecteur \u00e0 mieux choisir, mieux configurer et mieux se prot\u00e9ger, sans tomber dans le jargon.\",\"sameAs\":[\"https:\/\/hugolambrecht.fr\/\"],\"url\":\"https:\/\/extremepc-fr.com\/blog\/auteur\/noname\/\"}]}<\/script>\n<!-- \/ Yoast SEO Premium plugin. -->","yoast_head_json":{"title":"Qui a Cr\u00e9\u00e9 Apple : Histoire Compl\u00e8te 2026","description":"Apple Inc. a \u00e9t\u00e9 fond\u00e9e en 1976 par Steve Jobs, Steve Wozniak et Ronald Wayne. Cette entreprise californienne est devenue l\u2019un des g\u00e9ants de la technologie","robots":{"index":"index","follow":"follow","max-snippet":"max-snippet:-1","max-image-preview":"max-image-preview:large","max-video-preview":"max-video-preview:-1"},"canonical":"https:\/\/extremepc-fr.com\/blog\/articles\/qui-a-cree-apple\/","og_locale":"fr_FR","og_type":"article","og_title":"Qui a Cr\u00e9\u00e9 Apple : Histoire Compl\u00e8te 2026","og_description":"Apple Inc. a \u00e9t\u00e9 fond\u00e9e en 1976 par Steve Jobs, Steve Wozniak et Ronald Wayne. Cette entreprise californienne est devenue l\u2019un des g\u00e9ants de la technologie","og_url":"https:\/\/extremepc-fr.com\/blog\/articles\/qui-a-cree-apple\/","og_site_name":"extremepc","og_image":[{"width":1200,"height":500,"url":"https:\/\/extremepc-fr.com\/blog\/wp-content\/uploads\/2026\/06\/sdxl-c2d90e416f001ba9c21c0238d1da77d6-scaled.png","type":"image\/png"}],"author":"Hugo Lambrecht","twitter_card":"summary_large_image","schema":{"@context":"https:\/\/schema.org","@graph":[{"@type":"NewsArticle","@id":"https:\/\/extremepc-fr.com\/blog\/articles\/qui-a-cree-apple\/#article","isPartOf":{"@id":"https:\/\/extremepc-fr.com\/blog\/articles\/qui-a-cree-apple\/"},"author":{"name":"Hugo Lambrecht","@id":"https:\/\/extremepc-fr.com\/blog\/#\/schema\/person\/3c864cdc320801e3db34b663e7e3f816"},"headline":"Qui a Cr\u00e9\u00e9 Apple : Histoire Compl\u00e8te 2026","datePublished":"2026-05-20T09:00:00+00:00","mainEntityOfPage":{"@id":"https:\/\/extremepc-fr.com\/blog\/articles\/qui-a-cree-apple\/"},"wordCount":856,"commentCount":0,"publisher":{"@id":"https:\/\/extremepc-fr.com\/blog\/#organization"},"image":{"@id":"https:\/\/extremepc-fr.com\/blog\/articles\/qui-a-cree-apple\/#primaryimage"},"thumbnailUrl":"https:\/\/extremepc-fr.com\/blog\/wp-content\/uploads\/2026\/06\/sdxl-c2d90e416f001ba9c21c0238d1da77d6-scaled.png","articleSection":["Articles"],"inLanguage":"fr-FR","potentialAction":[{"@type":"CommentAction","name":"Comment","target":["https:\/\/extremepc-fr.com\/blog\/articles\/qui-a-cree-apple\/#respond"]}]},{"@type":"WebPage","@id":"https:\/\/extremepc-fr.com\/blog\/articles\/qui-a-cree-apple\/","url":"https:\/\/extremepc-fr.com\/blog\/articles\/qui-a-cree-apple\/","name":"Qui a Cr\u00e9\u00e9 Apple : Histoire Compl\u00e8te 2026","isPartOf":{"@id":"https:\/\/extremepc-fr.com\/blog\/#website"},"primaryImageOfPage":{"@id":"https:\/\/extremepc-fr.com\/blog\/articles\/qui-a-cree-apple\/#primaryimage"},"image":{"@id":"https:\/\/extremepc-fr.com\/blog\/articles\/qui-a-cree-apple\/#primaryimage"},"thumbnailUrl":"https:\/\/extremepc-fr.com\/blog\/wp-content\/uploads\/2026\/06\/sdxl-c2d90e416f001ba9c21c0238d1da77d6-scaled.png","datePublished":"2026-05-20T09:00:00+00:00","description":"Apple Inc. a \u00e9t\u00e9 fond\u00e9e en 1976 par Steve Jobs, Steve Wozniak et Ronald Wayne. Cette entreprise californienne est devenue l\u2019un des g\u00e9ants de la technologie","inLanguage":"fr-FR","potentialAction":[{"@type":"ReadAction","target":["https:\/\/extremepc-fr.com\/blog\/articles\/qui-a-cree-apple\/"]}]},{"@type":"ImageObject","inLanguage":"fr-FR","@id":"https:\/\/extremepc-fr.com\/blog\/articles\/qui-a-cree-apple\/#primaryimage","url":"https:\/\/extremepc-fr.com\/blog\/wp-content\/uploads\/2026\/06\/sdxl-c2d90e416f001ba9c21c0238d1da77d6-scaled.png","contentUrl":"https:\/\/extremepc-fr.com\/blog\/wp-content\/uploads\/2026\/06\/sdxl-c2d90e416f001ba9c21c0238d1da77d6-scaled.png","width":1200,"height":500},{"@type":"WebSite","@id":"https:\/\/extremepc-fr.com\/blog\/#website","url":"https:\/\/extremepc-fr.com\/blog\/","name":"ExtremePC FR","description":"ExtremePC FR, la performance num\u00e9rique d\u00e9cupl\u00e9e","publisher":{"@id":"https:\/\/extremepc-fr.com\/blog\/#organization"},"alternateName":"ExtremePC FR, la performance num\u00e9rique d\u00e9cupl\u00e9e","potentialAction":[{"@type":"SearchAction","target":{"@type":"EntryPoint","urlTemplate":"https:\/\/extremepc-fr.com\/blog\/?s={search_term_string}"},"query-input":{"@type":"PropertyValueSpecification","valueRequired":true,"valueName":"search_term_string"}}],"inLanguage":"fr-FR"},{"@type":"Organization","@id":"https:\/\/extremepc-fr.com\/blog\/#organization","name":"ExtremePC FR","url":"https:\/\/extremepc-fr.com\/blog\/","logo":{"@type":"ImageObject","inLanguage":"fr-FR","@id":"https:\/\/extremepc-fr.com\/blog\/#\/schema\/logo\/image\/","url":"https:\/\/extremepc-fr.com\/blog\/wp-content\/uploads\/2024\/12\/cropped-3.png","contentUrl":"https:\/\/extremepc-fr.com\/blog\/wp-content\/uploads\/2024\/12\/cropped-3.png","width":282,"height":247,"caption":"ExtremePC FR"},"image":{"@id":"https:\/\/extremepc-fr.com\/blog\/#\/schema\/logo\/image\/"}},{"@type":"Person","@id":"https:\/\/extremepc-fr.com\/blog\/#\/schema\/person\/3c864cdc320801e3db34b663e7e3f816","name":"Hugo Lambrecht","image":{"@type":"ImageObject","inLanguage":"fr-FR","@id":"https:\/\/extremepc-fr.com\/blog\/#\/schema\/person\/image\/","url":"https:\/\/extremepc-fr.com\/blog\/wp-content\/uploads\/2026\/06\/persona_hugo-l-96x96.jpg","contentUrl":"https:\/\/extremepc-fr.com\/blog\/wp-content\/uploads\/2026\/06\/persona_hugo-l-96x96.jpg","caption":"Hugo Lambrecht"},"description":"Geek assum\u00e9 et veilleur tech depuis plus de dix ans, je passe mes journ\u00e9es \u00e0 tester, comparer et expliquer le num\u00e9rique. Mes terrains favoris : les astuces high-tech du quotidien, la s\u00e9curit\u00e9 en ligne et les outils web, des VPN aux logiciels qui simplifient la vie. J'aime prendre un sujet r\u00e9put\u00e9 compliqu\u00e9 et le rendre limpide pour quelqu'un qui n'est pas d\u00e9veloppeur. Avant de recommander un produit ou un service, je le mets r\u00e9ellement \u00e0 l'\u00e9preuve, je v\u00e9rifie les versions et les tarifs en vigueur, et je signale les limites autant que les atouts. Je me m\u00e9fie des classements de complaisance : un comparatif n'a de valeur que si la m\u00e9thode est transparente. Mon fil rouge, c'est l'utilit\u00e9 concr\u00e8te : aider le lecteur \u00e0 mieux choisir, mieux configurer et mieux se prot\u00e9ger, sans tomber dans le jargon.","sameAs":["https:\/\/hugolambrecht.fr\/"],"url":"https:\/\/extremepc-fr.com\/blog\/auteur\/noname\/"}]}},"_links":{"self":[{"href":"https:\/\/extremepc-fr.com\/blog\/wp-json\/wp\/v2\/posts\/7699","targetHints":{"allow":["GET"]}}],"collection":[{"href":"https:\/\/extremepc-fr.com\/blog\/wp-json\/wp\/v2\/posts"}],"about":[{"href":"https:\/\/extremepc-fr.com\/blog\/wp-json\/wp\/v2\/types\/post"}],"author":[{"embeddable":true,"href":"https:\/\/extremepc-fr.com\/blog\/wp-json\/wp\/v2\/users\/34"}],"replies":[{"embeddable":true,"href":"https:\/\/extremepc-fr.com\/blog\/wp-json\/wp\/v2\/comments?post=7699"}],"version-history":[{"count":1,"href":"https:\/\/extremepc-fr.com\/blog\/wp-json\/wp\/v2\/posts\/7699\/revisions"}],"predecessor-version":[{"id":7755,"href":"https:\/\/extremepc-fr.com\/blog\/wp-json\/wp\/v2\/posts\/7699\/revisions\/7755"}],"wp:featuredmedia":[{"embeddable":true,"href":"https:\/\/extremepc-fr.com\/blog\/wp-json\/wp\/v2\/media\/7810"}],"wp:attachment":[{"href":"https:\/\/extremepc-fr.com\/blog\/wp-json\/wp\/v2\/media?parent=7699"}],"wp:term":[{"taxonomy":"category","embeddable":true,"href":"https:\/\/extremepc-fr.com\/blog\/wp-json\/wp\/v2\/categories?post=7699"},{"taxonomy":"post_tag","embeddable":true,"href":"https:\/\/extremepc-fr.com\/blog\/wp-json\/wp\/v2\/tags?post=7699"}],"curies":[{"name":"wp","href":"https:\/\/api.w.org\/{rel}","templated":true}]}}