{"id":7695,"date":"2026-05-15T09:00:00","date_gmt":"2026-05-15T09:00:00","guid":{"rendered":"https:\/\/extremepc-fr.com\/blog\/?p=7695"},"modified":"2026-05-15T09:00:00","modified_gmt":"2026-05-15T09:00:00","slug":"imac-g3-apple","status":"publish","type":"post","link":"https:\/\/extremepc-fr.com\/blog\/articles\/imac-g3-apple\/","title":{"rendered":"iMac G3 Apple : Histoire et Sp\u00e9cifications"},"content":{"rendered":"<p>L\u2019iMac G3, lanc\u00e9 par Apple en 1998, a r\u00e9volutionn\u00e9 le march\u00e9 des ordinateurs personnels avec son design audacieux et ses performances. Ce mod\u00e8le embl\u00e9matique a marqu\u00e9 le d\u00e9but d\u2019une nouvelle \u00e8re pour Apple, apportant une esth\u00e9tique color\u00e9e et des fonctionnalit\u00e9s innovantes. En 2026, cet ordinateur est toujours recherch\u00e9 par les collectionneurs et les passionn\u00e9s de technologie. Cet article explore son histoire, ses sp\u00e9cifications techniques et son impact sur l\u2019industrie.<\/p>\n<h2>Une R\u00e9volution Esth\u00e9tique et Technologique<\/h2>\n<p>L\u2019iMac G3 a \u00e9t\u00e9 con\u00e7u sous la direction de Jony Ive, qui a introduit un design monocoque en plastique translucide. Disponible dans plusieurs couleurs vives comme le bleu, le vert et le rose, il a attir\u00e9 un public nouveau, notamment les jeunes utilisateurs.<\/p>\n<h3>L\u2019impact sur la marque Apple<\/h3>\n<ul>\n<li><strong>Chiffre d\u2019affaires<\/strong> : En 1999, Apple a vendu plus de 800 000 unit\u00e9s d\u2019iMac G3, g\u00e9n\u00e9rant un chiffre d\u2019affaires d\u00e9passant les 1 milliard de dollars.<\/li>\n<li><strong>Part de march\u00e9<\/strong> : L\u2019iMac G3 a permis \u00e0 Apple de doubler sa part de march\u00e9 dans le secteur des ordinateurs personnels entre 1998 et 2000.<\/li>\n<\/ul>\n<h2>Sp\u00e9cifications Techniques<\/h2>\n<p>L\u2019iMac G3 \u00e9tait \u00e9quip\u00e9 de composants qui \u00e9taient \u00e0 la pointe de la technologie \u00e0 l\u2019\u00e9poque. Voici un tableau r\u00e9capitulatif des sp\u00e9cifications :<\/p>\n<table class=\"kwdbank-table\">\n<thead>\n<tr>\n<th>Caract\u00e9ristiques<\/th>\n<th>D\u00e9tails<\/th>\n<\/tr>\n<\/thead>\n<tbody>\n<tr>\n<td>Processeur<\/td>\n<td>PowerPC G3 \u00e0 233 MHz ou 600 MHz (selon le mod\u00e8le)<\/td>\n<\/tr>\n<tr>\n<td>M\u00e9moire RAM<\/td>\n<td>De 32 Mo \u00e0 1 Go (extensible)<\/td>\n<\/tr>\n<tr>\n<td>Disque dur<\/td>\n<td>De 4 Go \u00e0 20 Go<\/td>\n<\/tr>\n<tr>\n<td>\u00c9cran<\/td>\n<td>\u00c9cran CRT couleur de 15 pouces<\/td>\n<\/tr>\n<tr>\n<td>Syst\u00e8me d\u2019exploitation<\/td>\n<td>Mac OS 8.1 (initial), mise \u00e0 jour vers Mac OS X possible<\/td>\n<\/tr>\n<\/tbody>\n<\/table>\n<h3>Performances<\/h3>\n<p>Bien que consid\u00e9r\u00e9 comme obsol\u00e8te aujourd\u2019hui, l\u2019iMac G3 offrait une exp\u00e9rience utilisateur fluide pour les t\u00e2ches courantes comme la navigation sur Internet et le traitement de texte. Il ne faut pas sous-estimer son importance dans l\u2019histoire des ordinateurs personnels.<\/p>\n<h2>Pi\u00e8ge \u00e0 \u00c9viter : Les Mod\u00e8les contrefaits<\/h2>\n<p>Il est crucial pour les acheteurs potentiels d\u2019\u00eatre vigilants face aux contrefa\u00e7ons. Certains mod\u00e8les imitent l\u2019apparence de l\u2019iMac G3 sans en avoir les caract\u00e9ristiques authentiques. V\u00e9rifiez toujours :<\/p>\n<ul>\n<li><strong>Num\u00e9ro de s\u00e9rie<\/strong> : Assurez-vous qu\u2019il correspond aux bases de donn\u00e9es Apple.<\/li>\n<li><strong>Caract\u00e9ristiques techniques<\/strong> : Confirmez que les sp\u00e9cifications correspondent \u00e0 celles des mod\u00e8les originaux.<\/li>\n<\/ul>\n<h2>Valeur Actuelle sur le March\u00e9<\/h2>\n<p>En 2026, un iMac G3 en bon \u00e9tat peut se vendre entre <strong>150 \u20ac et 600 \u20ac<\/strong>, selon sa condition et sa raret\u00e9. Les mod\u00e8les en \u00e9dition limit\u00e9e ou ceux ayant appartenu \u00e0 des personnalit\u00e9s peuvent atteindre des prix encore plus \u00e9lev\u00e9s.<\/p>\n<h3>Exemples concrets :<\/h3>\n<ul>\n<li>Un mod\u00e8le bleu translucide en excellent \u00e9tat peut se vendre environ <strong>300 \u20ac<\/strong>.<\/li>\n<li>Un iMac G3 avec un disque dur am\u00e9lior\u00e9 et une m\u00e9moire RAM maximale peut atteindre jusqu\u2019\u00e0 <strong>500 \u20ac<\/strong>.<\/li>\n<\/ul>\n<h2>Pourquoi Collectionner l\u2019iMac G3 ?<\/h2>\n<p>L\u2019engouement pour l\u2019iMac G3 ne r\u00e9side pas seulement dans son apparence unique mais aussi dans sa place historique chez Apple. Pour les collectionneurs :<\/p>\n<ol>\n<li><strong>Design embl\u00e9matique<\/strong> : Chaque couleur raconte une histoire.<\/li>\n<li><strong>Pionnier technologique<\/strong> : Il repr\u00e9sente une p\u00e9riode cl\u00e9 dans l\u2019\u00e9volution des ordinateurs.<\/li>\n<li><strong>Communaut\u00e9 active<\/strong> : Les forums et groupes Facebook sont d\u00e9di\u00e9s aux passionn\u00e9s qui \u00e9changent conseils et pi\u00e8ces.<\/li>\n<\/ol>\n<h2>FAQ<\/h2>\n<h3>Quel est l\u2019impact historique de l\u2019iMac G3 sur Apple ?<\/h3>\n<p>L\u2019iMac G3 a permis \u00e0 Apple de sortir d\u2019une p\u00e9riode difficile financi\u00e8rement gr\u00e2ce \u00e0 ses ventes impressionnantes et son design attractif.<\/p>\n<h3>O\u00f9 trouver un iMac G3 en vente ?<\/h3>\n<p>Des plateformes comme eBay ou Leboncoin sont id\u00e9ales pour trouver des mod\u00e8les d\u2019occasion.<\/p>\n<h3>Quelles sont les mises \u00e0 jour possibles pour un iMac G3 ?<\/h3>\n<p>Il est possible d\u2019augmenter la m\u00e9moire RAM ou de remplacer le disque dur par un mod\u00e8le SSD pour am\u00e9liorer ses performances.<\/p>\n<h3>L\u2019iMac G3 peut-il encore \u00eatre utilis\u00e9 aujourd\u2019hui ?<\/h3>\n<p>Bien qu\u2019il soit obsol\u00e8te pour la plupart des t\u00e2ches modernes, il peut \u00eatre utilis\u00e9 pour des applications simples ou comme objet de collection.<\/p>\n<h3>Quel syst\u00e8me d\u2019exploitation puis-je installer sur un iMac G3 ?<\/h3>\n<p>Il peut faire fonctionner Mac OS X jusqu\u2019\u00e0 la version Leopard (10.5), mais cela n\u00e9cessite du mat\u00e9riel suppl\u00e9mentaire.<\/p>\n<h3>Quelle est la dur\u00e9e de vie typique d\u2019un iMac G3 ?<\/h3>\n<p>Avec un bon entretien, un iMac G3 peut fonctionner pendant plus de 20 ans, mais ses performances peuvent \u00eatre limit\u00e9es par rapport aux standards modernes.<\/p>\n<p>Pour explorer davantage ce mod\u00e8le embl\u00e9matique ou envisager un achat, consultez r\u00e9guli\u00e8rement les annonces en ligne et engagez-vous dans la communaut\u00e9 des passionn\u00e9s !<\/p>\n","protected":false},"excerpt":{"rendered":"","protected":false},"author":34,"featured_media":999999999,"comment_status":"open","ping_status":"open","sticky":false,"template":"","format":"standard","meta":{"_acf_changed":false,"manual_indexmenow":false,"indexmenow_id_project":0,"footnotes":""},"categories":[4754],"tags":[],"class_list":["post-7695","post","type-post","status-publish","format-standard","has-post-thumbnail","hentry","category-articles","generate-columns","tablet-grid-50","mobile-grid-100","grid-parent","grid-25"],"acf":[],"yoast_head":"<!-- This site is optimized with the Yoast SEO Premium plugin v21.3 (Yoast SEO v25.6) - https:\/\/yoast.com\/wordpress\/plugins\/seo\/ -->\n<title>iMac G3 Apple : Histoire et Sp\u00e9cifications<\/title>\n<meta name=\"description\" content=\"L\u2019iMac G3, lanc\u00e9 par Apple en 1998, a r\u00e9volutionn\u00e9 le march\u00e9 des ordinateurs personnels avec son design audacieux et ses performances. Ce mod\u00e8le\" \/>\n<meta name=\"robots\" content=\"index, follow, max-snippet:-1, max-image-preview:large, max-video-preview:-1\" \/>\n<link rel=\"canonical\" href=\"https:\/\/extremepc-fr.com\/blog\/articles\/imac-g3-apple\/\" \/>\n<meta property=\"og:locale\" content=\"fr_FR\" \/>\n<meta property=\"og:type\" content=\"article\" \/>\n<meta property=\"og:title\" content=\"iMac G3 Apple : Histoire et Sp\u00e9cifications\" \/>\n<meta property=\"og:description\" content=\"L\u2019iMac G3, lanc\u00e9 par Apple en 1998, a r\u00e9volutionn\u00e9 le march\u00e9 des ordinateurs personnels avec son design audacieux et ses performances. Ce mod\u00e8le\" \/>\n<meta property=\"og:url\" content=\"https:\/\/extremepc-fr.com\/blog\/articles\/imac-g3-apple\/\" \/>\n<meta property=\"og:site_name\" content=\"extremepc\" \/>\n<meta name=\"author\" content=\"Hugo Lambrecht\" \/>\n<meta name=\"twitter:card\" content=\"summary_large_image\" \/>\n<script type=\"application\/ld+json\" class=\"yoast-schema-graph\">{\"@context\":\"https:\/\/schema.org\",\"@graph\":[{\"@type\":\"NewsArticle\",\"@id\":\"https:\/\/extremepc-fr.com\/blog\/articles\/imac-g3-apple\/#article\",\"isPartOf\":{\"@id\":\"https:\/\/extremepc-fr.com\/blog\/articles\/imac-g3-apple\/\"},\"author\":{\"name\":\"Hugo Lambrecht\",\"@id\":\"https:\/\/extremepc-fr.com\/blog\/#\/schema\/person\/3c864cdc320801e3db34b663e7e3f816\"},\"headline\":\"iMac G3 Apple : Histoire et Sp\u00e9cifications\",\"datePublished\":\"2026-05-15T09:00:00+00:00\",\"mainEntityOfPage\":{\"@id\":\"https:\/\/extremepc-fr.com\/blog\/articles\/imac-g3-apple\/\"},\"wordCount\":759,\"commentCount\":0,\"publisher\":{\"@id\":\"https:\/\/extremepc-fr.com\/blog\/#organization\"},\"image\":{\"@id\":\"https:\/\/extremepc-fr.com\/blog\/articles\/imac-g3-apple\/#primaryimage\"},\"thumbnailUrl\":\"https:\/\/images.pexels.com\/photos\/6177557\/pexels-photo-6177557.jpeg?auto=compress&cs=tinysrgb&fit=crop&h=627&w=1200\",\"articleSection\":[\"Articles\"],\"inLanguage\":\"fr-FR\",\"potentialAction\":[{\"@type\":\"CommentAction\",\"name\":\"Comment\",\"target\":[\"https:\/\/extremepc-fr.com\/blog\/articles\/imac-g3-apple\/#respond\"]}]},{\"@type\":\"WebPage\",\"@id\":\"https:\/\/extremepc-fr.com\/blog\/articles\/imac-g3-apple\/\",\"url\":\"https:\/\/extremepc-fr.com\/blog\/articles\/imac-g3-apple\/\",\"name\":\"iMac G3 Apple : Histoire et Sp\u00e9cifications\",\"isPartOf\":{\"@id\":\"https:\/\/extremepc-fr.com\/blog\/#website\"},\"primaryImageOfPage\":{\"@id\":\"https:\/\/extremepc-fr.com\/blog\/articles\/imac-g3-apple\/#primaryimage\"},\"image\":{\"@id\":\"https:\/\/extremepc-fr.com\/blog\/articles\/imac-g3-apple\/#primaryimage\"},\"thumbnailUrl\":\"https:\/\/images.pexels.com\/photos\/6177557\/pexels-photo-6177557.jpeg?auto=compress&cs=tinysrgb&fit=crop&h=627&w=1200\",\"datePublished\":\"2026-05-15T09:00:00+00:00\",\"description\":\"L\u2019iMac G3, lanc\u00e9 par Apple en 1998, a r\u00e9volutionn\u00e9 le march\u00e9 des ordinateurs personnels avec son design audacieux et ses performances. Ce mod\u00e8le\",\"inLanguage\":\"fr-FR\",\"potentialAction\":[{\"@type\":\"ReadAction\",\"target\":[\"https:\/\/extremepc-fr.com\/blog\/articles\/imac-g3-apple\/\"]}]},{\"@type\":\"ImageObject\",\"inLanguage\":\"fr-FR\",\"@id\":\"https:\/\/extremepc-fr.com\/blog\/articles\/imac-g3-apple\/#primaryimage\",\"url\":\"https:\/\/images.pexels.com\/photos\/6177557\/pexels-photo-6177557.jpeg?auto=compress&cs=tinysrgb&fit=crop&h=627&w=1200\",\"contentUrl\":\"https:\/\/images.pexels.com\/photos\/6177557\/pexels-photo-6177557.jpeg?auto=compress&cs=tinysrgb&fit=crop&h=627&w=1200\"},{\"@type\":\"WebSite\",\"@id\":\"https:\/\/extremepc-fr.com\/blog\/#website\",\"url\":\"https:\/\/extremepc-fr.com\/blog\/\",\"name\":\"ExtremePC FR\",\"description\":\"ExtremePC FR, la performance num\u00e9rique d\u00e9cupl\u00e9e\",\"publisher\":{\"@id\":\"https:\/\/extremepc-fr.com\/blog\/#organization\"},\"alternateName\":\"ExtremePC FR, la performance num\u00e9rique d\u00e9cupl\u00e9e\",\"potentialAction\":[{\"@type\":\"SearchAction\",\"target\":{\"@type\":\"EntryPoint\",\"urlTemplate\":\"https:\/\/extremepc-fr.com\/blog\/?s={search_term_string}\"},\"query-input\":{\"@type\":\"PropertyValueSpecification\",\"valueRequired\":true,\"valueName\":\"search_term_string\"}}],\"inLanguage\":\"fr-FR\"},{\"@type\":\"Organization\",\"@id\":\"https:\/\/extremepc-fr.com\/blog\/#organization\",\"name\":\"ExtremePC FR\",\"url\":\"https:\/\/extremepc-fr.com\/blog\/\",\"logo\":{\"@type\":\"ImageObject\",\"inLanguage\":\"fr-FR\",\"@id\":\"https:\/\/extremepc-fr.com\/blog\/#\/schema\/logo\/image\/\",\"url\":\"https:\/\/extremepc-fr.com\/blog\/wp-content\/uploads\/2024\/12\/cropped-3.png\",\"contentUrl\":\"https:\/\/extremepc-fr.com\/blog\/wp-content\/uploads\/2024\/12\/cropped-3.png\",\"width\":282,\"height\":247,\"caption\":\"ExtremePC FR\"},\"image\":{\"@id\":\"https:\/\/extremepc-fr.com\/blog\/#\/schema\/logo\/image\/\"}},{\"@type\":\"Person\",\"@id\":\"https:\/\/extremepc-fr.com\/blog\/#\/schema\/person\/3c864cdc320801e3db34b663e7e3f816\",\"name\":\"Hugo Lambrecht\",\"image\":{\"@type\":\"ImageObject\",\"inLanguage\":\"fr-FR\",\"@id\":\"https:\/\/extremepc-fr.com\/blog\/#\/schema\/person\/image\/\",\"url\":\"https:\/\/extremepc-fr.com\/blog\/wp-content\/uploads\/2026\/06\/persona_hugo-l-96x96.jpg\",\"contentUrl\":\"https:\/\/extremepc-fr.com\/blog\/wp-content\/uploads\/2026\/06\/persona_hugo-l-96x96.jpg\",\"caption\":\"Hugo Lambrecht\"},\"description\":\"Geek assum\u00e9 et veilleur tech depuis plus de dix ans, je passe mes journ\u00e9es \u00e0 tester, comparer et expliquer le num\u00e9rique. Mes terrains favoris : les astuces high-tech du quotidien, la s\u00e9curit\u00e9 en ligne et les outils web, des VPN aux logiciels qui simplifient la vie. J'aime prendre un sujet r\u00e9put\u00e9 compliqu\u00e9 et le rendre limpide pour quelqu'un qui n'est pas d\u00e9veloppeur. Avant de recommander un produit ou un service, je le mets r\u00e9ellement \u00e0 l'\u00e9preuve, je v\u00e9rifie les versions et les tarifs en vigueur, et je signale les limites autant que les atouts. Je me m\u00e9fie des classements de complaisance : un comparatif n'a de valeur que si la m\u00e9thode est transparente. Mon fil rouge, c'est l'utilit\u00e9 concr\u00e8te : aider le lecteur \u00e0 mieux choisir, mieux configurer et mieux se prot\u00e9ger, sans tomber dans le jargon.\",\"sameAs\":[\"https:\/\/hugolambrecht.fr\/\"],\"url\":\"https:\/\/extremepc-fr.com\/blog\/auteur\/noname\/\"}]}<\/script>\n<!-- \/ Yoast SEO Premium plugin. -->","yoast_head_json":{"title":"iMac G3 Apple : Histoire et Sp\u00e9cifications","description":"L\u2019iMac G3, lanc\u00e9 par Apple en 1998, a r\u00e9volutionn\u00e9 le march\u00e9 des ordinateurs personnels avec son design audacieux et ses performances. Ce mod\u00e8le","robots":{"index":"index","follow":"follow","max-snippet":"max-snippet:-1","max-image-preview":"max-image-preview:large","max-video-preview":"max-video-preview:-1"},"canonical":"https:\/\/extremepc-fr.com\/blog\/articles\/imac-g3-apple\/","og_locale":"fr_FR","og_type":"article","og_title":"iMac G3 Apple : Histoire et Sp\u00e9cifications","og_description":"L\u2019iMac G3, lanc\u00e9 par Apple en 1998, a r\u00e9volutionn\u00e9 le march\u00e9 des ordinateurs personnels avec son design audacieux et ses performances. Ce mod\u00e8le","og_url":"https:\/\/extremepc-fr.com\/blog\/articles\/imac-g3-apple\/","og_site_name":"extremepc","author":"Hugo Lambrecht","twitter_card":"summary_large_image","schema":{"@context":"https:\/\/schema.org","@graph":[{"@type":"NewsArticle","@id":"https:\/\/extremepc-fr.com\/blog\/articles\/imac-g3-apple\/#article","isPartOf":{"@id":"https:\/\/extremepc-fr.com\/blog\/articles\/imac-g3-apple\/"},"author":{"name":"Hugo Lambrecht","@id":"https:\/\/extremepc-fr.com\/blog\/#\/schema\/person\/3c864cdc320801e3db34b663e7e3f816"},"headline":"iMac G3 Apple : Histoire et Sp\u00e9cifications","datePublished":"2026-05-15T09:00:00+00:00","mainEntityOfPage":{"@id":"https:\/\/extremepc-fr.com\/blog\/articles\/imac-g3-apple\/"},"wordCount":759,"commentCount":0,"publisher":{"@id":"https:\/\/extremepc-fr.com\/blog\/#organization"},"image":{"@id":"https:\/\/extremepc-fr.com\/blog\/articles\/imac-g3-apple\/#primaryimage"},"thumbnailUrl":"https:\/\/images.pexels.com\/photos\/6177557\/pexels-photo-6177557.jpeg?auto=compress&cs=tinysrgb&fit=crop&h=627&w=1200","articleSection":["Articles"],"inLanguage":"fr-FR","potentialAction":[{"@type":"CommentAction","name":"Comment","target":["https:\/\/extremepc-fr.com\/blog\/articles\/imac-g3-apple\/#respond"]}]},{"@type":"WebPage","@id":"https:\/\/extremepc-fr.com\/blog\/articles\/imac-g3-apple\/","url":"https:\/\/extremepc-fr.com\/blog\/articles\/imac-g3-apple\/","name":"iMac G3 Apple : Histoire et Sp\u00e9cifications","isPartOf":{"@id":"https:\/\/extremepc-fr.com\/blog\/#website"},"primaryImageOfPage":{"@id":"https:\/\/extremepc-fr.com\/blog\/articles\/imac-g3-apple\/#primaryimage"},"image":{"@id":"https:\/\/extremepc-fr.com\/blog\/articles\/imac-g3-apple\/#primaryimage"},"thumbnailUrl":"https:\/\/images.pexels.com\/photos\/6177557\/pexels-photo-6177557.jpeg?auto=compress&cs=tinysrgb&fit=crop&h=627&w=1200","datePublished":"2026-05-15T09:00:00+00:00","description":"L\u2019iMac G3, lanc\u00e9 par Apple en 1998, a r\u00e9volutionn\u00e9 le march\u00e9 des ordinateurs personnels avec son design audacieux et ses performances. Ce mod\u00e8le","inLanguage":"fr-FR","potentialAction":[{"@type":"ReadAction","target":["https:\/\/extremepc-fr.com\/blog\/articles\/imac-g3-apple\/"]}]},{"@type":"ImageObject","inLanguage":"fr-FR","@id":"https:\/\/extremepc-fr.com\/blog\/articles\/imac-g3-apple\/#primaryimage","url":"https:\/\/images.pexels.com\/photos\/6177557\/pexels-photo-6177557.jpeg?auto=compress&cs=tinysrgb&fit=crop&h=627&w=1200","contentUrl":"https:\/\/images.pexels.com\/photos\/6177557\/pexels-photo-6177557.jpeg?auto=compress&cs=tinysrgb&fit=crop&h=627&w=1200"},{"@type":"WebSite","@id":"https:\/\/extremepc-fr.com\/blog\/#website","url":"https:\/\/extremepc-fr.com\/blog\/","name":"ExtremePC FR","description":"ExtremePC FR, la performance num\u00e9rique d\u00e9cupl\u00e9e","publisher":{"@id":"https:\/\/extremepc-fr.com\/blog\/#organization"},"alternateName":"ExtremePC FR, la performance num\u00e9rique d\u00e9cupl\u00e9e","potentialAction":[{"@type":"SearchAction","target":{"@type":"EntryPoint","urlTemplate":"https:\/\/extremepc-fr.com\/blog\/?s={search_term_string}"},"query-input":{"@type":"PropertyValueSpecification","valueRequired":true,"valueName":"search_term_string"}}],"inLanguage":"fr-FR"},{"@type":"Organization","@id":"https:\/\/extremepc-fr.com\/blog\/#organization","name":"ExtremePC FR","url":"https:\/\/extremepc-fr.com\/blog\/","logo":{"@type":"ImageObject","inLanguage":"fr-FR","@id":"https:\/\/extremepc-fr.com\/blog\/#\/schema\/logo\/image\/","url":"https:\/\/extremepc-fr.com\/blog\/wp-content\/uploads\/2024\/12\/cropped-3.png","contentUrl":"https:\/\/extremepc-fr.com\/blog\/wp-content\/uploads\/2024\/12\/cropped-3.png","width":282,"height":247,"caption":"ExtremePC FR"},"image":{"@id":"https:\/\/extremepc-fr.com\/blog\/#\/schema\/logo\/image\/"}},{"@type":"Person","@id":"https:\/\/extremepc-fr.com\/blog\/#\/schema\/person\/3c864cdc320801e3db34b663e7e3f816","name":"Hugo Lambrecht","image":{"@type":"ImageObject","inLanguage":"fr-FR","@id":"https:\/\/extremepc-fr.com\/blog\/#\/schema\/person\/image\/","url":"https:\/\/extremepc-fr.com\/blog\/wp-content\/uploads\/2026\/06\/persona_hugo-l-96x96.jpg","contentUrl":"https:\/\/extremepc-fr.com\/blog\/wp-content\/uploads\/2026\/06\/persona_hugo-l-96x96.jpg","caption":"Hugo Lambrecht"},"description":"Geek assum\u00e9 et veilleur tech depuis plus de dix ans, je passe mes journ\u00e9es \u00e0 tester, comparer et expliquer le num\u00e9rique. Mes terrains favoris : les astuces high-tech du quotidien, la s\u00e9curit\u00e9 en ligne et les outils web, des VPN aux logiciels qui simplifient la vie. J'aime prendre un sujet r\u00e9put\u00e9 compliqu\u00e9 et le rendre limpide pour quelqu'un qui n'est pas d\u00e9veloppeur. Avant de recommander un produit ou un service, je le mets r\u00e9ellement \u00e0 l'\u00e9preuve, je v\u00e9rifie les versions et les tarifs en vigueur, et je signale les limites autant que les atouts. Je me m\u00e9fie des classements de complaisance : un comparatif n'a de valeur que si la m\u00e9thode est transparente. Mon fil rouge, c'est l'utilit\u00e9 concr\u00e8te : aider le lecteur \u00e0 mieux choisir, mieux configurer et mieux se prot\u00e9ger, sans tomber dans le jargon.","sameAs":["https:\/\/hugolambrecht.fr\/"],"url":"https:\/\/extremepc-fr.com\/blog\/auteur\/noname\/"}]}},"_links":{"self":[{"href":"https:\/\/extremepc-fr.com\/blog\/wp-json\/wp\/v2\/posts\/7695","targetHints":{"allow":["GET"]}}],"collection":[{"href":"https:\/\/extremepc-fr.com\/blog\/wp-json\/wp\/v2\/posts"}],"about":[{"href":"https:\/\/extremepc-fr.com\/blog\/wp-json\/wp\/v2\/types\/post"}],"author":[{"embeddable":true,"href":"https:\/\/extremepc-fr.com\/blog\/wp-json\/wp\/v2\/users\/34"}],"replies":[{"embeddable":true,"href":"https:\/\/extremepc-fr.com\/blog\/wp-json\/wp\/v2\/comments?post=7695"}],"version-history":[{"count":1,"href":"https:\/\/extremepc-fr.com\/blog\/wp-json\/wp\/v2\/posts\/7695\/revisions"}],"predecessor-version":[{"id":7751,"href":"https:\/\/extremepc-fr.com\/blog\/wp-json\/wp\/v2\/posts\/7695\/revisions\/7751"}],"wp:attachment":[{"href":"https:\/\/extremepc-fr.com\/blog\/wp-json\/wp\/v2\/media?parent=7695"}],"wp:term":[{"taxonomy":"category","embeddable":true,"href":"https:\/\/extremepc-fr.com\/blog\/wp-json\/wp\/v2\/categories?post=7695"},{"taxonomy":"post_tag","embeddable":true,"href":"https:\/\/extremepc-fr.com\/blog\/wp-json\/wp\/v2\/tags?post=7695"}],"curies":[{"name":"wp","href":"https:\/\/api.w.org\/{rel}","templated":true}]}}