{"id":7693,"date":"2026-05-13T09:00:00","date_gmt":"2026-05-13T09:00:00","guid":{"rendered":"https:\/\/extremepc-fr.com\/blog\/?p=7693"},"modified":"2026-05-13T09:00:00","modified_gmt":"2026-05-13T09:00:00","slug":"macbook-a-macbook-air","status":"publish","type":"post","link":"https:\/\/extremepc-fr.com\/blog\/articles\/macbook-a-macbook-air\/","title":{"rendered":"MacBook vs MacBook Air : Comparatif 2026"},"content":{"rendered":"<p>Le choix entre un <strong>MacBook<\/strong> et un <strong>MacBook Air<\/strong> en 2026 repose sur des crit\u00e8res techniques, d\u2019usage et de budget. Les utilisateurs cherchent souvent \u00e0 comprendre les diff\u00e9rences fondamentales qui peuvent influencer leur exp\u00e9rience. Cet article pr\u00e9sente une analyse d\u00e9taill\u00e9e des caract\u00e9ristiques, performances et prix des deux mod\u00e8les pour vous aider \u00e0 faire le meilleur choix.<\/p>\n<h2>Design et ergonomie<\/h2>\n<h3>MacBook<\/h3>\n<p>Le MacBook en 2026 est propos\u00e9 avec un design plus compact et l\u00e9ger que jamais. Son poids est d\u2019environ <strong>1,2 kg<\/strong>, ce qui le rend tr\u00e8s portable. L\u2019\u00e9cran Retina de 13,3 pouces offre une r\u00e9solution de <strong>2560 x 1600 pixels<\/strong>, garantissant une excellente qualit\u00e9 d\u2019image.<\/p>\n<h3>MacBook Air<\/h3>\n<p>Le MacBook Air, quant \u00e0 lui, se distingue par son \u00e9paisseur r\u00e9duite de <strong>0,41 cm \u00e0 1,61 cm<\/strong>. Il p\u00e8se environ <strong>1,3 kg<\/strong>. L\u2019\u00e9cran Retina est l\u00e9g\u00e8rement plus grand \u00e0 <strong>13,6 pouces<\/strong>, avec une r\u00e9solution similaire. Son design est l\u00e9g\u00e8rement plus angulaire, ce qui lui conf\u00e8re un look moderne.<\/p>\n<h2>Performances<\/h2>\n<h3>Processeur et RAM<\/h3>\n<ul>\n<li>\n<strong>MacBook<\/strong> : \u00c9quip\u00e9 des derniers processeurs Apple M2, il offre jusqu\u2019\u00e0 <strong>16 Go de RAM<\/strong> et peut atteindre des performances graphiques impressionnantes.\n<\/li>\n<li>\n<strong>MacBook Air<\/strong> : Propos\u00e9 avec le m\u00eame processeur M2, il dispose \u00e9galement de configurations jusqu\u2019\u00e0 <strong>24 Go de RAM<\/strong>, ce qui peut \u00eatre crucial pour les t\u00e2ches intensives comme le montage vid\u00e9o ou le d\u00e9veloppement logiciel.\n<\/li>\n<\/ul>\n<h3>Autonomie<\/h3>\n<p>L\u2019autonomie est un crit\u00e8re essentiel pour les utilisateurs mobiles :<\/p>\n<ul>\n<li><strong>MacBook<\/strong> : Environ <strong>15 heures<\/strong> d\u2019utilisation.<\/li>\n<li><strong>MacBook Air<\/strong> : Jusqu\u2019\u00e0 <strong>18 heures<\/strong>, ce qui en fait un meilleur choix pour ceux qui passent beaucoup de temps loin d\u2019une prise \u00e9lectrique.<\/li>\n<\/ul>\n<h2>Prix<\/h2>\n<table class=\"kwdbank-table\">\n<thead>\n<tr>\n<th>Mod\u00e8le<\/th>\n<th>Prix de d\u00e9part (2026)<\/th>\n<\/tr>\n<\/thead>\n<tbody>\n<tr>\n<td>MacBook<\/td>\n<td>1 499 \u20ac<\/td>\n<\/tr>\n<tr>\n<td>MacBook Air<\/td>\n<td>1 299 \u20ac<\/td>\n<\/tr>\n<\/tbody>\n<\/table>\n<p>Le MacBook Air se positionne comme une option plus \u00e9conomique sans sacrifier la performance. C\u2019est un facteur d\u00e9cisif pour beaucoup d\u2019utilisateurs cherchant \u00e0 maximiser leur investissement.<\/p>\n<h2>Cas d\u2019utilisation<\/h2>\n<h3>Utilisateur professionnel<\/h3>\n<p>Pour les professionnels du graphisme ou du montage vid\u00e9o, le MacBook avec sa puissance graphique sup\u00e9rieure peut \u00eatre pr\u00e9f\u00e9rable. Un exemple concret : un designer utilisant des logiciels lourds comme Adobe Creative Suite appr\u00e9ciera les capacit\u00e9s graphiques accrues du MacBook.<\/p>\n<h3>\u00c9tudiant ou utilisateur occasionnel<\/h3>\n<p>Pour les \u00e9tudiants ou ceux ayant besoin d\u2019un ordinateur pour la navigation web et la bureautique l\u00e9g\u00e8re, le MacBook Air est largement suffisant. Avec son autonomie prolong\u00e9e et son prix abordable, il repr\u00e9sente un excellent choix pour un usage quotidien.<\/p>\n<h2>Pi\u00e8ge \u00e0 \u00e9viter<\/h2>\n<p>Un pi\u00e8ge courant lors du choix entre ces deux mod\u00e8les est de se laisser s\u00e9duire uniquement par le design ou le prix sans consid\u00e9rer ses besoins r\u00e9els. Par exemple, si vous \u00eates un utilisateur intensif de logiciels exigeants en ressources, opter pour le MacBook peut s\u2019av\u00e9rer plus judicieux malgr\u00e9 son co\u00fbt sup\u00e9rieur.<\/p>\n<h2>Conclusion pratique<\/h2>\n<p>Avant de faire votre choix entre le MacBook et le MacBook Air, \u00e9valuez vos priorit\u00e9s : portabilit\u00e9, performance ou budget ? Si vous \u00eates pr\u00eat \u00e0 investir dans des performances sup\u00e9rieures pour des t\u00e2ches exigeantes, choisissez le MacBook. Si votre usage reste basique et que l\u2019autonomie prime sur tout autre crit\u00e8re, optez pour le MacBook Air.<\/p>\n<h2>FAQ<\/h2>\n<h3>Quelle est la principale diff\u00e9rence entre le MacBook et le MacBook Air ?<\/h3>\n<p>La principale diff\u00e9rence r\u00e9side dans la performance graphique et l\u2019autonomie ; le MacBook est plus puissant tandis que le MacBook Air offre une meilleure dur\u00e9e d\u2019utilisation sur batterie.<\/p>\n<h3>Lequel des deux mod\u00e8les est meilleur pour les jeux ?<\/h3>\n<p>Le MacBook est g\u00e9n\u00e9ralement mieux adapt\u00e9 aux jeux gr\u00e2ce \u00e0 ses capacit\u00e9s graphiques sup\u00e9rieures.<\/p>\n<h3>Est-ce que le prix justifie la diff\u00e9rence entre les deux ?<\/h3>\n<p>Cela d\u00e9pend principalement de vos besoins sp\u00e9cifiques ; si vous n\u2019avez pas besoin de performances graphiques avanc\u00e9es, le prix du MacBook Air peut \u00eatre justifi\u00e9.<\/p>\n<h3>Quels sont les accessoires compatibles avec ces mod\u00e8les ?<\/h3>\n<p>Les deux mod\u00e8les supportent divers accessoires comme les adaptateurs USB-C et les \u00e9crans externes compatibles Thunderbolt.<\/p>\n<h3>Le MacBook Air peut-il \u00eatre utilis\u00e9 pour des t\u00e2ches lourdes ?<\/h3>\n<p>Oui, mais il peut \u00eatre moins performant que le MacBook lors de l\u2019ex\u00e9cution de logiciels tr\u00e8s exigeants en ressources.<\/p>\n<h3>Quel mod\u00e8le a une meilleure autonomie ?<\/h3>\n<p>Le MacBook Air a g\u00e9n\u00e9ralement une meilleure autonomie avec jusqu\u2019\u00e0 18 heures contre environ 15 heures pour le MacBook.<\/p>\n","protected":false},"excerpt":{"rendered":"","protected":false},"author":34,"featured_media":999999999,"comment_status":"open","ping_status":"open","sticky":false,"template":"","format":"standard","meta":{"_acf_changed":false,"manual_indexmenow":false,"indexmenow_id_project":0,"footnotes":""},"categories":[4754],"tags":[],"class_list":["post-7693","post","type-post","status-publish","format-standard","has-post-thumbnail","hentry","category-articles","generate-columns","tablet-grid-50","mobile-grid-100","grid-parent","grid-25"],"acf":[],"yoast_head":"<!-- This site is optimized with the Yoast SEO Premium plugin v21.3 (Yoast SEO v25.6) - https:\/\/yoast.com\/wordpress\/plugins\/seo\/ -->\n<title>MacBook vs MacBook Air : Comparatif 2026<\/title>\n<meta name=\"description\" content=\"Le choix entre un MacBook et un MacBook Air en 2026 repose sur des crit\u00e8res techniques, d\u2019usage et de budget. Les utilisateurs cherchent souvent\" \/>\n<meta name=\"robots\" content=\"index, follow, max-snippet:-1, max-image-preview:large, max-video-preview:-1\" \/>\n<link rel=\"canonical\" href=\"https:\/\/extremepc-fr.com\/blog\/articles\/macbook-a-macbook-air\/\" \/>\n<meta property=\"og:locale\" content=\"fr_FR\" \/>\n<meta property=\"og:type\" content=\"article\" \/>\n<meta property=\"og:title\" content=\"MacBook vs MacBook Air : Comparatif 2026\" \/>\n<meta property=\"og:description\" content=\"Le choix entre un MacBook et un MacBook Air en 2026 repose sur des crit\u00e8res techniques, d\u2019usage et de budget. Les utilisateurs cherchent souvent\" \/>\n<meta property=\"og:url\" content=\"https:\/\/extremepc-fr.com\/blog\/articles\/macbook-a-macbook-air\/\" \/>\n<meta property=\"og:site_name\" content=\"extremepc\" \/>\n<meta name=\"author\" content=\"Hugo Lambrecht\" \/>\n<meta name=\"twitter:card\" content=\"summary_large_image\" \/>\n<script type=\"application\/ld+json\" class=\"yoast-schema-graph\">{\"@context\":\"https:\/\/schema.org\",\"@graph\":[{\"@type\":\"NewsArticle\",\"@id\":\"https:\/\/extremepc-fr.com\/blog\/articles\/macbook-a-macbook-air\/#article\",\"isPartOf\":{\"@id\":\"https:\/\/extremepc-fr.com\/blog\/articles\/macbook-a-macbook-air\/\"},\"author\":{\"name\":\"Hugo Lambrecht\",\"@id\":\"https:\/\/extremepc-fr.com\/blog\/#\/schema\/person\/3c864cdc320801e3db34b663e7e3f816\"},\"headline\":\"MacBook vs MacBook Air : Comparatif 2026\",\"datePublished\":\"2026-05-13T09:00:00+00:00\",\"mainEntityOfPage\":{\"@id\":\"https:\/\/extremepc-fr.com\/blog\/articles\/macbook-a-macbook-air\/\"},\"wordCount\":732,\"commentCount\":0,\"publisher\":{\"@id\":\"https:\/\/extremepc-fr.com\/blog\/#organization\"},\"image\":{\"@id\":\"https:\/\/extremepc-fr.com\/blog\/articles\/macbook-a-macbook-air\/#primaryimage\"},\"thumbnailUrl\":\"https:\/\/images.pexels.com\/photos\/11322550\/pexels-photo-11322550.jpeg?auto=compress&cs=tinysrgb&fit=crop&h=627&w=1200\",\"articleSection\":[\"Articles\"],\"inLanguage\":\"fr-FR\",\"potentialAction\":[{\"@type\":\"CommentAction\",\"name\":\"Comment\",\"target\":[\"https:\/\/extremepc-fr.com\/blog\/articles\/macbook-a-macbook-air\/#respond\"]}]},{\"@type\":\"WebPage\",\"@id\":\"https:\/\/extremepc-fr.com\/blog\/articles\/macbook-a-macbook-air\/\",\"url\":\"https:\/\/extremepc-fr.com\/blog\/articles\/macbook-a-macbook-air\/\",\"name\":\"MacBook vs MacBook Air : Comparatif 2026\",\"isPartOf\":{\"@id\":\"https:\/\/extremepc-fr.com\/blog\/#website\"},\"primaryImageOfPage\":{\"@id\":\"https:\/\/extremepc-fr.com\/blog\/articles\/macbook-a-macbook-air\/#primaryimage\"},\"image\":{\"@id\":\"https:\/\/extremepc-fr.com\/blog\/articles\/macbook-a-macbook-air\/#primaryimage\"},\"thumbnailUrl\":\"https:\/\/images.pexels.com\/photos\/11322550\/pexels-photo-11322550.jpeg?auto=compress&cs=tinysrgb&fit=crop&h=627&w=1200\",\"datePublished\":\"2026-05-13T09:00:00+00:00\",\"description\":\"Le choix entre un MacBook et un MacBook Air en 2026 repose sur des crit\u00e8res techniques, d\u2019usage et de budget. Les utilisateurs cherchent souvent\",\"inLanguage\":\"fr-FR\",\"potentialAction\":[{\"@type\":\"ReadAction\",\"target\":[\"https:\/\/extremepc-fr.com\/blog\/articles\/macbook-a-macbook-air\/\"]}]},{\"@type\":\"ImageObject\",\"inLanguage\":\"fr-FR\",\"@id\":\"https:\/\/extremepc-fr.com\/blog\/articles\/macbook-a-macbook-air\/#primaryimage\",\"url\":\"https:\/\/images.pexels.com\/photos\/11322550\/pexels-photo-11322550.jpeg?auto=compress&cs=tinysrgb&fit=crop&h=627&w=1200\",\"contentUrl\":\"https:\/\/images.pexels.com\/photos\/11322550\/pexels-photo-11322550.jpeg?auto=compress&cs=tinysrgb&fit=crop&h=627&w=1200\"},{\"@type\":\"WebSite\",\"@id\":\"https:\/\/extremepc-fr.com\/blog\/#website\",\"url\":\"https:\/\/extremepc-fr.com\/blog\/\",\"name\":\"ExtremePC FR\",\"description\":\"ExtremePC FR, la performance num\u00e9rique d\u00e9cupl\u00e9e\",\"publisher\":{\"@id\":\"https:\/\/extremepc-fr.com\/blog\/#organization\"},\"alternateName\":\"ExtremePC FR, la performance num\u00e9rique d\u00e9cupl\u00e9e\",\"potentialAction\":[{\"@type\":\"SearchAction\",\"target\":{\"@type\":\"EntryPoint\",\"urlTemplate\":\"https:\/\/extremepc-fr.com\/blog\/?s={search_term_string}\"},\"query-input\":{\"@type\":\"PropertyValueSpecification\",\"valueRequired\":true,\"valueName\":\"search_term_string\"}}],\"inLanguage\":\"fr-FR\"},{\"@type\":\"Organization\",\"@id\":\"https:\/\/extremepc-fr.com\/blog\/#organization\",\"name\":\"ExtremePC FR\",\"url\":\"https:\/\/extremepc-fr.com\/blog\/\",\"logo\":{\"@type\":\"ImageObject\",\"inLanguage\":\"fr-FR\",\"@id\":\"https:\/\/extremepc-fr.com\/blog\/#\/schema\/logo\/image\/\",\"url\":\"https:\/\/extremepc-fr.com\/blog\/wp-content\/uploads\/2024\/12\/cropped-3.png\",\"contentUrl\":\"https:\/\/extremepc-fr.com\/blog\/wp-content\/uploads\/2024\/12\/cropped-3.png\",\"width\":282,\"height\":247,\"caption\":\"ExtremePC FR\"},\"image\":{\"@id\":\"https:\/\/extremepc-fr.com\/blog\/#\/schema\/logo\/image\/\"}},{\"@type\":\"Person\",\"@id\":\"https:\/\/extremepc-fr.com\/blog\/#\/schema\/person\/3c864cdc320801e3db34b663e7e3f816\",\"name\":\"Hugo Lambrecht\",\"image\":{\"@type\":\"ImageObject\",\"inLanguage\":\"fr-FR\",\"@id\":\"https:\/\/extremepc-fr.com\/blog\/#\/schema\/person\/image\/\",\"url\":\"https:\/\/extremepc-fr.com\/blog\/wp-content\/uploads\/2026\/06\/persona_hugo-l-96x96.jpg\",\"contentUrl\":\"https:\/\/extremepc-fr.com\/blog\/wp-content\/uploads\/2026\/06\/persona_hugo-l-96x96.jpg\",\"caption\":\"Hugo Lambrecht\"},\"description\":\"Geek assum\u00e9 et veilleur tech depuis plus de dix ans, je passe mes journ\u00e9es \u00e0 tester, comparer et expliquer le num\u00e9rique. Mes terrains favoris : les astuces high-tech du quotidien, la s\u00e9curit\u00e9 en ligne et les outils web, des VPN aux logiciels qui simplifient la vie. J'aime prendre un sujet r\u00e9put\u00e9 compliqu\u00e9 et le rendre limpide pour quelqu'un qui n'est pas d\u00e9veloppeur. Avant de recommander un produit ou un service, je le mets r\u00e9ellement \u00e0 l'\u00e9preuve, je v\u00e9rifie les versions et les tarifs en vigueur, et je signale les limites autant que les atouts. Je me m\u00e9fie des classements de complaisance : un comparatif n'a de valeur que si la m\u00e9thode est transparente. Mon fil rouge, c'est l'utilit\u00e9 concr\u00e8te : aider le lecteur \u00e0 mieux choisir, mieux configurer et mieux se prot\u00e9ger, sans tomber dans le jargon.\",\"sameAs\":[\"https:\/\/hugolambrecht.fr\/\"],\"url\":\"https:\/\/extremepc-fr.com\/blog\/auteur\/noname\/\"}]}<\/script>\n<!-- \/ Yoast SEO Premium plugin. -->","yoast_head_json":{"title":"MacBook vs MacBook Air : Comparatif 2026","description":"Le choix entre un MacBook et un MacBook Air en 2026 repose sur des crit\u00e8res techniques, d\u2019usage et de budget. Les utilisateurs cherchent souvent","robots":{"index":"index","follow":"follow","max-snippet":"max-snippet:-1","max-image-preview":"max-image-preview:large","max-video-preview":"max-video-preview:-1"},"canonical":"https:\/\/extremepc-fr.com\/blog\/articles\/macbook-a-macbook-air\/","og_locale":"fr_FR","og_type":"article","og_title":"MacBook vs MacBook Air : Comparatif 2026","og_description":"Le choix entre un MacBook et un MacBook Air en 2026 repose sur des crit\u00e8res techniques, d\u2019usage et de budget. Les utilisateurs cherchent souvent","og_url":"https:\/\/extremepc-fr.com\/blog\/articles\/macbook-a-macbook-air\/","og_site_name":"extremepc","author":"Hugo Lambrecht","twitter_card":"summary_large_image","schema":{"@context":"https:\/\/schema.org","@graph":[{"@type":"NewsArticle","@id":"https:\/\/extremepc-fr.com\/blog\/articles\/macbook-a-macbook-air\/#article","isPartOf":{"@id":"https:\/\/extremepc-fr.com\/blog\/articles\/macbook-a-macbook-air\/"},"author":{"name":"Hugo Lambrecht","@id":"https:\/\/extremepc-fr.com\/blog\/#\/schema\/person\/3c864cdc320801e3db34b663e7e3f816"},"headline":"MacBook vs MacBook Air : Comparatif 2026","datePublished":"2026-05-13T09:00:00+00:00","mainEntityOfPage":{"@id":"https:\/\/extremepc-fr.com\/blog\/articles\/macbook-a-macbook-air\/"},"wordCount":732,"commentCount":0,"publisher":{"@id":"https:\/\/extremepc-fr.com\/blog\/#organization"},"image":{"@id":"https:\/\/extremepc-fr.com\/blog\/articles\/macbook-a-macbook-air\/#primaryimage"},"thumbnailUrl":"https:\/\/images.pexels.com\/photos\/11322550\/pexels-photo-11322550.jpeg?auto=compress&cs=tinysrgb&fit=crop&h=627&w=1200","articleSection":["Articles"],"inLanguage":"fr-FR","potentialAction":[{"@type":"CommentAction","name":"Comment","target":["https:\/\/extremepc-fr.com\/blog\/articles\/macbook-a-macbook-air\/#respond"]}]},{"@type":"WebPage","@id":"https:\/\/extremepc-fr.com\/blog\/articles\/macbook-a-macbook-air\/","url":"https:\/\/extremepc-fr.com\/blog\/articles\/macbook-a-macbook-air\/","name":"MacBook vs MacBook Air : Comparatif 2026","isPartOf":{"@id":"https:\/\/extremepc-fr.com\/blog\/#website"},"primaryImageOfPage":{"@id":"https:\/\/extremepc-fr.com\/blog\/articles\/macbook-a-macbook-air\/#primaryimage"},"image":{"@id":"https:\/\/extremepc-fr.com\/blog\/articles\/macbook-a-macbook-air\/#primaryimage"},"thumbnailUrl":"https:\/\/images.pexels.com\/photos\/11322550\/pexels-photo-11322550.jpeg?auto=compress&cs=tinysrgb&fit=crop&h=627&w=1200","datePublished":"2026-05-13T09:00:00+00:00","description":"Le choix entre un MacBook et un MacBook Air en 2026 repose sur des crit\u00e8res techniques, d\u2019usage et de budget. Les utilisateurs cherchent souvent","inLanguage":"fr-FR","potentialAction":[{"@type":"ReadAction","target":["https:\/\/extremepc-fr.com\/blog\/articles\/macbook-a-macbook-air\/"]}]},{"@type":"ImageObject","inLanguage":"fr-FR","@id":"https:\/\/extremepc-fr.com\/blog\/articles\/macbook-a-macbook-air\/#primaryimage","url":"https:\/\/images.pexels.com\/photos\/11322550\/pexels-photo-11322550.jpeg?auto=compress&cs=tinysrgb&fit=crop&h=627&w=1200","contentUrl":"https:\/\/images.pexels.com\/photos\/11322550\/pexels-photo-11322550.jpeg?auto=compress&cs=tinysrgb&fit=crop&h=627&w=1200"},{"@type":"WebSite","@id":"https:\/\/extremepc-fr.com\/blog\/#website","url":"https:\/\/extremepc-fr.com\/blog\/","name":"ExtremePC FR","description":"ExtremePC FR, la performance num\u00e9rique d\u00e9cupl\u00e9e","publisher":{"@id":"https:\/\/extremepc-fr.com\/blog\/#organization"},"alternateName":"ExtremePC FR, la performance num\u00e9rique d\u00e9cupl\u00e9e","potentialAction":[{"@type":"SearchAction","target":{"@type":"EntryPoint","urlTemplate":"https:\/\/extremepc-fr.com\/blog\/?s={search_term_string}"},"query-input":{"@type":"PropertyValueSpecification","valueRequired":true,"valueName":"search_term_string"}}],"inLanguage":"fr-FR"},{"@type":"Organization","@id":"https:\/\/extremepc-fr.com\/blog\/#organization","name":"ExtremePC FR","url":"https:\/\/extremepc-fr.com\/blog\/","logo":{"@type":"ImageObject","inLanguage":"fr-FR","@id":"https:\/\/extremepc-fr.com\/blog\/#\/schema\/logo\/image\/","url":"https:\/\/extremepc-fr.com\/blog\/wp-content\/uploads\/2024\/12\/cropped-3.png","contentUrl":"https:\/\/extremepc-fr.com\/blog\/wp-content\/uploads\/2024\/12\/cropped-3.png","width":282,"height":247,"caption":"ExtremePC FR"},"image":{"@id":"https:\/\/extremepc-fr.com\/blog\/#\/schema\/logo\/image\/"}},{"@type":"Person","@id":"https:\/\/extremepc-fr.com\/blog\/#\/schema\/person\/3c864cdc320801e3db34b663e7e3f816","name":"Hugo Lambrecht","image":{"@type":"ImageObject","inLanguage":"fr-FR","@id":"https:\/\/extremepc-fr.com\/blog\/#\/schema\/person\/image\/","url":"https:\/\/extremepc-fr.com\/blog\/wp-content\/uploads\/2026\/06\/persona_hugo-l-96x96.jpg","contentUrl":"https:\/\/extremepc-fr.com\/blog\/wp-content\/uploads\/2026\/06\/persona_hugo-l-96x96.jpg","caption":"Hugo Lambrecht"},"description":"Geek assum\u00e9 et veilleur tech depuis plus de dix ans, je passe mes journ\u00e9es \u00e0 tester, comparer et expliquer le num\u00e9rique. Mes terrains favoris : les astuces high-tech du quotidien, la s\u00e9curit\u00e9 en ligne et les outils web, des VPN aux logiciels qui simplifient la vie. J'aime prendre un sujet r\u00e9put\u00e9 compliqu\u00e9 et le rendre limpide pour quelqu'un qui n'est pas d\u00e9veloppeur. Avant de recommander un produit ou un service, je le mets r\u00e9ellement \u00e0 l'\u00e9preuve, je v\u00e9rifie les versions et les tarifs en vigueur, et je signale les limites autant que les atouts. Je me m\u00e9fie des classements de complaisance : un comparatif n'a de valeur que si la m\u00e9thode est transparente. Mon fil rouge, c'est l'utilit\u00e9 concr\u00e8te : aider le lecteur \u00e0 mieux choisir, mieux configurer et mieux se prot\u00e9ger, sans tomber dans le jargon.","sameAs":["https:\/\/hugolambrecht.fr\/"],"url":"https:\/\/extremepc-fr.com\/blog\/auteur\/noname\/"}]}},"_links":{"self":[{"href":"https:\/\/extremepc-fr.com\/blog\/wp-json\/wp\/v2\/posts\/7693","targetHints":{"allow":["GET"]}}],"collection":[{"href":"https:\/\/extremepc-fr.com\/blog\/wp-json\/wp\/v2\/posts"}],"about":[{"href":"https:\/\/extremepc-fr.com\/blog\/wp-json\/wp\/v2\/types\/post"}],"author":[{"embeddable":true,"href":"https:\/\/extremepc-fr.com\/blog\/wp-json\/wp\/v2\/users\/34"}],"replies":[{"embeddable":true,"href":"https:\/\/extremepc-fr.com\/blog\/wp-json\/wp\/v2\/comments?post=7693"}],"version-history":[{"count":1,"href":"https:\/\/extremepc-fr.com\/blog\/wp-json\/wp\/v2\/posts\/7693\/revisions"}],"predecessor-version":[{"id":7747,"href":"https:\/\/extremepc-fr.com\/blog\/wp-json\/wp\/v2\/posts\/7693\/revisions\/7747"}],"wp:attachment":[{"href":"https:\/\/extremepc-fr.com\/blog\/wp-json\/wp\/v2\/media?parent=7693"}],"wp:term":[{"taxonomy":"category","embeddable":true,"href":"https:\/\/extremepc-fr.com\/blog\/wp-json\/wp\/v2\/categories?post=7693"},{"taxonomy":"post_tag","embeddable":true,"href":"https:\/\/extremepc-fr.com\/blog\/wp-json\/wp\/v2\/tags?post=7693"}],"curies":[{"name":"wp","href":"https:\/\/api.w.org\/{rel}","templated":true}]}}