{"id":7692,"date":"2026-05-12T09:00:00","date_gmt":"2026-05-12T09:00:00","guid":{"rendered":"https:\/\/extremepc-fr.com\/blog\/?p=7692"},"modified":"2026-05-12T09:00:00","modified_gmt":"2026-05-12T09:00:00","slug":"macbook-15-pouces","status":"publish","type":"post","link":"https:\/\/extremepc-fr.com\/blog\/articles\/macbook-15-pouces\/","title":{"rendered":"MacBook 15 Pouces : Comparatif Prix 2026"},"content":{"rendered":"<p>Le MacBook 15 pouces est devenu un choix populaire pour les professionnels et les cr\u00e9ateurs en 2026. Cet article explore les mod\u00e8les disponibles, leurs prix, ainsi que les erreurs fr\u00e9quentes \u00e0 \u00e9viter lors de l\u2019achat d\u2019un tel appareil. La gamme actuelle offre des sp\u00e9cifications impressionnantes et une vari\u00e9t\u00e9 de configurations, ce qui peut parfois pr\u00eater \u00e0 confusion.<\/p>\n<p>Comprendre ces \u00e9l\u00e9ments vous permettra de faire un choix \u00e9clair\u00e9 et adapt\u00e9 \u00e0 vos besoins.<\/p>\n<h2>Les mod\u00e8les de MacBook 15 pouces en 2026<\/h2>\n<h3>1. MacBook Pro 15 pouces<\/h3>\n<ul>\n<li><strong>Processeur<\/strong> : M2 Pro ou M2 Max<\/li>\n<li><strong>RAM<\/strong> : Options de 16 Go \u00e0 64 Go<\/li>\n<li><strong>Stockage<\/strong> : De 512 Go \u00e0 8 To SSD<\/li>\n<li><strong>\u00c9cran<\/strong> : Liquid Retina XDR avec une luminosit\u00e9 de pointe de 1600 nits<\/li>\n<\/ul>\n<h3>2. MacBook Air 15 pouces<\/h3>\n<ul>\n<li><strong>Processeur<\/strong> : M2<\/li>\n<li><strong>RAM<\/strong> : Options de 8 Go \u00e0 24 Go<\/li>\n<li><strong>Stockage<\/strong> : De 256 Go \u00e0 2 To SSD<\/li>\n<li><strong>\u00c9cran<\/strong> : Retina avec True Tone, r\u00e9solution de 2880 x 1864 pixels<\/li>\n<\/ul>\n<h2>Comparatif des prix des mod\u00e8les<\/h2>\n<p>Voici un tableau r\u00e9capitulatif des prix moyens pour les diff\u00e9rents mod\u00e8les en fonction des configurations choisies :<\/p>\n<table class=\"kwdbank-table\">\n<thead>\n<tr>\n<th>Mod\u00e8le<\/th>\n<th>Configuration<\/th>\n<th>Prix (en \u20ac)<\/th>\n<\/tr>\n<\/thead>\n<tbody>\n<tr>\n<td>MacBook Pro<\/td>\n<td>M2 Pro, 16 Go RAM, 512 Go SSD<\/td>\n<td>\u00c0 partir de 2,199<\/td>\n<\/tr>\n<tr>\n<td>MacBook Pro<\/td>\n<td>M2 Max, 32 Go RAM, 1 To SSD<\/td>\n<td>\u00c0 partir de 3,499<\/td>\n<\/tr>\n<tr>\n<td>MacBook Air<\/td>\n<td>M2, 8 Go RAM, 256 Go SSD<\/td>\n<td>\u00c0 partir de 1,599<\/td>\n<\/tr>\n<tr>\n<td>MacBook Air<\/td>\n<td>M2, 16 Go RAM, 512 Go SSD<\/td>\n<td>\u00c0 partir de 1,899<\/td>\n<\/tr>\n<\/tbody>\n<\/table>\n<p>Les prix peuvent varier selon les revendeurs et les promotions disponibles.<\/p>\n<h2>Erreurs fr\u00e9quentes lors de l\u2019achat d\u2019un MacBook 15 pouces<\/h2>\n<h3>Ignorer ses besoins r\u00e9els<\/h3>\n<p>Beaucoup d\u2019acheteurs choisissent un mod\u00e8le haut de gamme sans \u00e9valuer leurs v\u00e9ritables besoins. Par exemple, si votre utilisation se limite \u00e0 la navigation internet et au traitement de texte, un MacBook Air peut suffire. Opter pour un mod\u00e8le Pro peut repr\u00e9senter une d\u00e9pense inutile.<\/p>\n<h3>N\u00e9gliger les options de personnalisation<\/h3>\n<p>Le choix des options comme la RAM ou le stockage est crucial. Un mod\u00e8le avec seulement 8 Go de RAM pourrait rapidement devenir insuffisant si vous utilisez plusieurs applications simultan\u00e9ment ou si vous travaillez sur des projets lourds. Prenez le temps d\u2019\u00e9valuer vos besoins en mati\u00e8re de m\u00e9moire et d\u2019espace.<\/p>\n<h3>Oublier la garantie et le support<\/h3>\n<p>Ne pas consid\u00e9rer l\u2019achat d\u2019une garantie prolong\u00e9e ou d\u2019un plan AppleCare+ peut \u00eatre une erreur co\u00fbteuse. Ces options offrent une couverture suppl\u00e9mentaire pour les r\u00e9parations et le support technique. Par exemple, un remplacement d\u2019\u00e9cran peut co\u00fbter jusqu\u2019\u00e0 700 \u20ac sans garantie.<\/p>\n<h2>Les pi\u00e8ges \u00e0 \u00e9viter lors du choix du mod\u00e8le<\/h2>\n<p>Un pi\u00e8ge courant consiste \u00e0 se laisser s\u00e9duire uniquement par le design ou la r\u00e9putation d\u2019Apple sans v\u00e9rifier les sp\u00e9cifications techniques. Il est essentiel de comparer les performances r\u00e9elles entre les mod\u00e8les avant d\u2019effectuer un achat.<\/p>\n<h3>Action imm\u00e9diate : \u00c9valuer vos priorit\u00e9s<\/h3>\n<p>Avant tout achat, dressez une liste des crit\u00e8res qui sont essentiels pour vous : performance, autonomie, poids ou budget. Cela vous aidera \u00e0 cibler rapidement le mod\u00e8le qui correspond le mieux \u00e0 vos attentes.<\/p>\n<h2>FAQ sur le MacBook 15 pouces<\/h2>\n<h3>Quel mod\u00e8le choisir entre le MacBook Air et le MacBook Pro ?<\/h3>\n<p>Le choix d\u00e9pend principalement de votre utilisation. Si vous avez besoin de puissance pour des t\u00e2ches intensives comme le montage vid\u00e9o ou la mod\u00e9lisation graphique, optez pour le MacBook Pro. Pour une utilisation quotidienne simple, le MacBook Air est suffisant.<\/p>\n<h3>Quelles sont les diff\u00e9rences entre M2 Pro et M2 Max ?<\/h3>\n<p>Le M2 Max offre plus de c\u0153urs GPU et une meilleure gestion thermique, ce qui se traduit par des performances sup\u00e9rieures dans des applications exigeantes par rapport au M2 Pro.<\/p>\n<h3>Est-il possible d\u2019upgrader la RAM apr\u00e8s l\u2019achat ?<\/h3>\n<p>Non, la RAM sur les mod\u00e8les r\u00e9cents est soud\u00e9e sur la carte m\u00e8re. Il est donc crucial de choisir la bonne configuration d\u00e8s le d\u00e9part.<\/p>\n<h3>Quels accessoires sont indispensables avec un MacBook ?<\/h3>\n<p>Un bon sac pour transport, un adaptateur USB-C vers HDMI si vous souhaitez connecter votre ordinateur \u00e0 un \u00e9cran externe et \u00e9ventuellement une station d\u2019accueil pour \u00e9tendre vos ports.<\/p>\n<h3>Comment prolonger la dur\u00e9e de vie d\u2019un MacBook ?<\/h3>\n<p>Veillez \u00e0 maintenir votre syst\u00e8me \u00e0 jour avec les derni\u00e8res versions macOS et \u00e9vitez d\u2019exposer votre appareil \u00e0 des temp\u00e9ratures extr\u00eames ou \u00e0 l\u2019humidit\u00e9.<\/p>\n<h3>Quelle est la dur\u00e9e moyenne de vie d\u2019un MacBook ?<\/h3>\n<p>La dur\u00e9e moyenne est g\u00e9n\u00e9ralement autour de cinq \u00e0 sept ans selon l\u2019utilisation et l\u2019entretien r\u00e9gulier.<\/p>\n","protected":false},"excerpt":{"rendered":"","protected":false},"author":34,"featured_media":999999999,"comment_status":"open","ping_status":"open","sticky":false,"template":"","format":"standard","meta":{"_acf_changed":false,"manual_indexmenow":false,"indexmenow_id_project":0,"footnotes":""},"categories":[4754],"tags":[],"class_list":["post-7692","post","type-post","status-publish","format-standard","has-post-thumbnail","hentry","category-articles","generate-columns","tablet-grid-50","mobile-grid-100","grid-parent","grid-25"],"acf":[],"yoast_head":"<!-- This site is optimized with the Yoast SEO Premium plugin v21.3 (Yoast SEO v25.6) - https:\/\/yoast.com\/wordpress\/plugins\/seo\/ -->\n<title>MacBook 15 Pouces : Comparatif Prix 2026<\/title>\n<meta name=\"description\" content=\"Le MacBook 15 pouces est devenu un choix populaire pour les professionnels et les cr\u00e9ateurs en 2026. Cet article explore les mod\u00e8les disponibles\" \/>\n<meta name=\"robots\" content=\"index, follow, max-snippet:-1, max-image-preview:large, max-video-preview:-1\" \/>\n<link rel=\"canonical\" href=\"https:\/\/extremepc-fr.com\/blog\/articles\/macbook-15-pouces\/\" \/>\n<meta property=\"og:locale\" content=\"fr_FR\" \/>\n<meta property=\"og:type\" content=\"article\" \/>\n<meta property=\"og:title\" content=\"MacBook 15 Pouces : Comparatif Prix 2026\" \/>\n<meta property=\"og:description\" content=\"Le MacBook 15 pouces est devenu un choix populaire pour les professionnels et les cr\u00e9ateurs en 2026. Cet article explore les mod\u00e8les disponibles\" \/>\n<meta property=\"og:url\" content=\"https:\/\/extremepc-fr.com\/blog\/articles\/macbook-15-pouces\/\" \/>\n<meta property=\"og:site_name\" content=\"extremepc\" \/>\n<meta name=\"author\" content=\"Hugo Lambrecht\" \/>\n<meta name=\"twitter:card\" content=\"summary_large_image\" \/>\n<script type=\"application\/ld+json\" class=\"yoast-schema-graph\">{\"@context\":\"https:\/\/schema.org\",\"@graph\":[{\"@type\":\"NewsArticle\",\"@id\":\"https:\/\/extremepc-fr.com\/blog\/articles\/macbook-15-pouces\/#article\",\"isPartOf\":{\"@id\":\"https:\/\/extremepc-fr.com\/blog\/articles\/macbook-15-pouces\/\"},\"author\":{\"name\":\"Hugo Lambrecht\",\"@id\":\"https:\/\/extremepc-fr.com\/blog\/#\/schema\/person\/3c864cdc320801e3db34b663e7e3f816\"},\"headline\":\"MacBook 15 Pouces : Comparatif Prix 2026\",\"datePublished\":\"2026-05-12T09:00:00+00:00\",\"mainEntityOfPage\":{\"@id\":\"https:\/\/extremepc-fr.com\/blog\/articles\/macbook-15-pouces\/\"},\"wordCount\":745,\"commentCount\":0,\"publisher\":{\"@id\":\"https:\/\/extremepc-fr.com\/blog\/#organization\"},\"image\":{\"@id\":\"https:\/\/extremepc-fr.com\/blog\/articles\/macbook-15-pouces\/#primaryimage\"},\"thumbnailUrl\":\"https:\/\/images.pexels.com\/photos\/5107066\/pexels-photo-5107066.jpeg?auto=compress&cs=tinysrgb&fit=crop&h=627&w=1200\",\"articleSection\":[\"Articles\"],\"inLanguage\":\"fr-FR\",\"potentialAction\":[{\"@type\":\"CommentAction\",\"name\":\"Comment\",\"target\":[\"https:\/\/extremepc-fr.com\/blog\/articles\/macbook-15-pouces\/#respond\"]}]},{\"@type\":\"WebPage\",\"@id\":\"https:\/\/extremepc-fr.com\/blog\/articles\/macbook-15-pouces\/\",\"url\":\"https:\/\/extremepc-fr.com\/blog\/articles\/macbook-15-pouces\/\",\"name\":\"MacBook 15 Pouces : Comparatif Prix 2026\",\"isPartOf\":{\"@id\":\"https:\/\/extremepc-fr.com\/blog\/#website\"},\"primaryImageOfPage\":{\"@id\":\"https:\/\/extremepc-fr.com\/blog\/articles\/macbook-15-pouces\/#primaryimage\"},\"image\":{\"@id\":\"https:\/\/extremepc-fr.com\/blog\/articles\/macbook-15-pouces\/#primaryimage\"},\"thumbnailUrl\":\"https:\/\/images.pexels.com\/photos\/5107066\/pexels-photo-5107066.jpeg?auto=compress&cs=tinysrgb&fit=crop&h=627&w=1200\",\"datePublished\":\"2026-05-12T09:00:00+00:00\",\"description\":\"Le MacBook 15 pouces est devenu un choix populaire pour les professionnels et les cr\u00e9ateurs en 2026. Cet article explore les mod\u00e8les disponibles\",\"inLanguage\":\"fr-FR\",\"potentialAction\":[{\"@type\":\"ReadAction\",\"target\":[\"https:\/\/extremepc-fr.com\/blog\/articles\/macbook-15-pouces\/\"]}]},{\"@type\":\"ImageObject\",\"inLanguage\":\"fr-FR\",\"@id\":\"https:\/\/extremepc-fr.com\/blog\/articles\/macbook-15-pouces\/#primaryimage\",\"url\":\"https:\/\/images.pexels.com\/photos\/5107066\/pexels-photo-5107066.jpeg?auto=compress&cs=tinysrgb&fit=crop&h=627&w=1200\",\"contentUrl\":\"https:\/\/images.pexels.com\/photos\/5107066\/pexels-photo-5107066.jpeg?auto=compress&cs=tinysrgb&fit=crop&h=627&w=1200\"},{\"@type\":\"WebSite\",\"@id\":\"https:\/\/extremepc-fr.com\/blog\/#website\",\"url\":\"https:\/\/extremepc-fr.com\/blog\/\",\"name\":\"ExtremePC FR\",\"description\":\"ExtremePC FR, la performance num\u00e9rique d\u00e9cupl\u00e9e\",\"publisher\":{\"@id\":\"https:\/\/extremepc-fr.com\/blog\/#organization\"},\"alternateName\":\"ExtremePC FR, la performance num\u00e9rique d\u00e9cupl\u00e9e\",\"potentialAction\":[{\"@type\":\"SearchAction\",\"target\":{\"@type\":\"EntryPoint\",\"urlTemplate\":\"https:\/\/extremepc-fr.com\/blog\/?s={search_term_string}\"},\"query-input\":{\"@type\":\"PropertyValueSpecification\",\"valueRequired\":true,\"valueName\":\"search_term_string\"}}],\"inLanguage\":\"fr-FR\"},{\"@type\":\"Organization\",\"@id\":\"https:\/\/extremepc-fr.com\/blog\/#organization\",\"name\":\"ExtremePC FR\",\"url\":\"https:\/\/extremepc-fr.com\/blog\/\",\"logo\":{\"@type\":\"ImageObject\",\"inLanguage\":\"fr-FR\",\"@id\":\"https:\/\/extremepc-fr.com\/blog\/#\/schema\/logo\/image\/\",\"url\":\"https:\/\/extremepc-fr.com\/blog\/wp-content\/uploads\/2024\/12\/cropped-3.png\",\"contentUrl\":\"https:\/\/extremepc-fr.com\/blog\/wp-content\/uploads\/2024\/12\/cropped-3.png\",\"width\":282,\"height\":247,\"caption\":\"ExtremePC FR\"},\"image\":{\"@id\":\"https:\/\/extremepc-fr.com\/blog\/#\/schema\/logo\/image\/\"}},{\"@type\":\"Person\",\"@id\":\"https:\/\/extremepc-fr.com\/blog\/#\/schema\/person\/3c864cdc320801e3db34b663e7e3f816\",\"name\":\"Hugo Lambrecht\",\"image\":{\"@type\":\"ImageObject\",\"inLanguage\":\"fr-FR\",\"@id\":\"https:\/\/extremepc-fr.com\/blog\/#\/schema\/person\/image\/\",\"url\":\"https:\/\/extremepc-fr.com\/blog\/wp-content\/uploads\/2026\/06\/persona_hugo-l-96x96.jpg\",\"contentUrl\":\"https:\/\/extremepc-fr.com\/blog\/wp-content\/uploads\/2026\/06\/persona_hugo-l-96x96.jpg\",\"caption\":\"Hugo Lambrecht\"},\"description\":\"Geek assum\u00e9 et veilleur tech depuis plus de dix ans, je passe mes journ\u00e9es \u00e0 tester, comparer et expliquer le num\u00e9rique. Mes terrains favoris : les astuces high-tech du quotidien, la s\u00e9curit\u00e9 en ligne et les outils web, des VPN aux logiciels qui simplifient la vie. J'aime prendre un sujet r\u00e9put\u00e9 compliqu\u00e9 et le rendre limpide pour quelqu'un qui n'est pas d\u00e9veloppeur. Avant de recommander un produit ou un service, je le mets r\u00e9ellement \u00e0 l'\u00e9preuve, je v\u00e9rifie les versions et les tarifs en vigueur, et je signale les limites autant que les atouts. Je me m\u00e9fie des classements de complaisance : un comparatif n'a de valeur que si la m\u00e9thode est transparente. Mon fil rouge, c'est l'utilit\u00e9 concr\u00e8te : aider le lecteur \u00e0 mieux choisir, mieux configurer et mieux se prot\u00e9ger, sans tomber dans le jargon.\",\"sameAs\":[\"https:\/\/hugolambrecht.fr\/\"],\"url\":\"https:\/\/extremepc-fr.com\/blog\/auteur\/noname\/\"}]}<\/script>\n<!-- \/ Yoast SEO Premium plugin. -->","yoast_head_json":{"title":"MacBook 15 Pouces : Comparatif Prix 2026","description":"Le MacBook 15 pouces est devenu un choix populaire pour les professionnels et les cr\u00e9ateurs en 2026. Cet article explore les mod\u00e8les disponibles","robots":{"index":"index","follow":"follow","max-snippet":"max-snippet:-1","max-image-preview":"max-image-preview:large","max-video-preview":"max-video-preview:-1"},"canonical":"https:\/\/extremepc-fr.com\/blog\/articles\/macbook-15-pouces\/","og_locale":"fr_FR","og_type":"article","og_title":"MacBook 15 Pouces : Comparatif Prix 2026","og_description":"Le MacBook 15 pouces est devenu un choix populaire pour les professionnels et les cr\u00e9ateurs en 2026. Cet article explore les mod\u00e8les disponibles","og_url":"https:\/\/extremepc-fr.com\/blog\/articles\/macbook-15-pouces\/","og_site_name":"extremepc","author":"Hugo Lambrecht","twitter_card":"summary_large_image","schema":{"@context":"https:\/\/schema.org","@graph":[{"@type":"NewsArticle","@id":"https:\/\/extremepc-fr.com\/blog\/articles\/macbook-15-pouces\/#article","isPartOf":{"@id":"https:\/\/extremepc-fr.com\/blog\/articles\/macbook-15-pouces\/"},"author":{"name":"Hugo Lambrecht","@id":"https:\/\/extremepc-fr.com\/blog\/#\/schema\/person\/3c864cdc320801e3db34b663e7e3f816"},"headline":"MacBook 15 Pouces : Comparatif Prix 2026","datePublished":"2026-05-12T09:00:00+00:00","mainEntityOfPage":{"@id":"https:\/\/extremepc-fr.com\/blog\/articles\/macbook-15-pouces\/"},"wordCount":745,"commentCount":0,"publisher":{"@id":"https:\/\/extremepc-fr.com\/blog\/#organization"},"image":{"@id":"https:\/\/extremepc-fr.com\/blog\/articles\/macbook-15-pouces\/#primaryimage"},"thumbnailUrl":"https:\/\/images.pexels.com\/photos\/5107066\/pexels-photo-5107066.jpeg?auto=compress&cs=tinysrgb&fit=crop&h=627&w=1200","articleSection":["Articles"],"inLanguage":"fr-FR","potentialAction":[{"@type":"CommentAction","name":"Comment","target":["https:\/\/extremepc-fr.com\/blog\/articles\/macbook-15-pouces\/#respond"]}]},{"@type":"WebPage","@id":"https:\/\/extremepc-fr.com\/blog\/articles\/macbook-15-pouces\/","url":"https:\/\/extremepc-fr.com\/blog\/articles\/macbook-15-pouces\/","name":"MacBook 15 Pouces : Comparatif Prix 2026","isPartOf":{"@id":"https:\/\/extremepc-fr.com\/blog\/#website"},"primaryImageOfPage":{"@id":"https:\/\/extremepc-fr.com\/blog\/articles\/macbook-15-pouces\/#primaryimage"},"image":{"@id":"https:\/\/extremepc-fr.com\/blog\/articles\/macbook-15-pouces\/#primaryimage"},"thumbnailUrl":"https:\/\/images.pexels.com\/photos\/5107066\/pexels-photo-5107066.jpeg?auto=compress&cs=tinysrgb&fit=crop&h=627&w=1200","datePublished":"2026-05-12T09:00:00+00:00","description":"Le MacBook 15 pouces est devenu un choix populaire pour les professionnels et les cr\u00e9ateurs en 2026. Cet article explore les mod\u00e8les disponibles","inLanguage":"fr-FR","potentialAction":[{"@type":"ReadAction","target":["https:\/\/extremepc-fr.com\/blog\/articles\/macbook-15-pouces\/"]}]},{"@type":"ImageObject","inLanguage":"fr-FR","@id":"https:\/\/extremepc-fr.com\/blog\/articles\/macbook-15-pouces\/#primaryimage","url":"https:\/\/images.pexels.com\/photos\/5107066\/pexels-photo-5107066.jpeg?auto=compress&cs=tinysrgb&fit=crop&h=627&w=1200","contentUrl":"https:\/\/images.pexels.com\/photos\/5107066\/pexels-photo-5107066.jpeg?auto=compress&cs=tinysrgb&fit=crop&h=627&w=1200"},{"@type":"WebSite","@id":"https:\/\/extremepc-fr.com\/blog\/#website","url":"https:\/\/extremepc-fr.com\/blog\/","name":"ExtremePC FR","description":"ExtremePC FR, la performance num\u00e9rique d\u00e9cupl\u00e9e","publisher":{"@id":"https:\/\/extremepc-fr.com\/blog\/#organization"},"alternateName":"ExtremePC FR, la performance num\u00e9rique d\u00e9cupl\u00e9e","potentialAction":[{"@type":"SearchAction","target":{"@type":"EntryPoint","urlTemplate":"https:\/\/extremepc-fr.com\/blog\/?s={search_term_string}"},"query-input":{"@type":"PropertyValueSpecification","valueRequired":true,"valueName":"search_term_string"}}],"inLanguage":"fr-FR"},{"@type":"Organization","@id":"https:\/\/extremepc-fr.com\/blog\/#organization","name":"ExtremePC FR","url":"https:\/\/extremepc-fr.com\/blog\/","logo":{"@type":"ImageObject","inLanguage":"fr-FR","@id":"https:\/\/extremepc-fr.com\/blog\/#\/schema\/logo\/image\/","url":"https:\/\/extremepc-fr.com\/blog\/wp-content\/uploads\/2024\/12\/cropped-3.png","contentUrl":"https:\/\/extremepc-fr.com\/blog\/wp-content\/uploads\/2024\/12\/cropped-3.png","width":282,"height":247,"caption":"ExtremePC FR"},"image":{"@id":"https:\/\/extremepc-fr.com\/blog\/#\/schema\/logo\/image\/"}},{"@type":"Person","@id":"https:\/\/extremepc-fr.com\/blog\/#\/schema\/person\/3c864cdc320801e3db34b663e7e3f816","name":"Hugo Lambrecht","image":{"@type":"ImageObject","inLanguage":"fr-FR","@id":"https:\/\/extremepc-fr.com\/blog\/#\/schema\/person\/image\/","url":"https:\/\/extremepc-fr.com\/blog\/wp-content\/uploads\/2026\/06\/persona_hugo-l-96x96.jpg","contentUrl":"https:\/\/extremepc-fr.com\/blog\/wp-content\/uploads\/2026\/06\/persona_hugo-l-96x96.jpg","caption":"Hugo Lambrecht"},"description":"Geek assum\u00e9 et veilleur tech depuis plus de dix ans, je passe mes journ\u00e9es \u00e0 tester, comparer et expliquer le num\u00e9rique. Mes terrains favoris : les astuces high-tech du quotidien, la s\u00e9curit\u00e9 en ligne et les outils web, des VPN aux logiciels qui simplifient la vie. J'aime prendre un sujet r\u00e9put\u00e9 compliqu\u00e9 et le rendre limpide pour quelqu'un qui n'est pas d\u00e9veloppeur. Avant de recommander un produit ou un service, je le mets r\u00e9ellement \u00e0 l'\u00e9preuve, je v\u00e9rifie les versions et les tarifs en vigueur, et je signale les limites autant que les atouts. Je me m\u00e9fie des classements de complaisance : un comparatif n'a de valeur que si la m\u00e9thode est transparente. Mon fil rouge, c'est l'utilit\u00e9 concr\u00e8te : aider le lecteur \u00e0 mieux choisir, mieux configurer et mieux se prot\u00e9ger, sans tomber dans le jargon.","sameAs":["https:\/\/hugolambrecht.fr\/"],"url":"https:\/\/extremepc-fr.com\/blog\/auteur\/noname\/"}]}},"_links":{"self":[{"href":"https:\/\/extremepc-fr.com\/blog\/wp-json\/wp\/v2\/posts\/7692","targetHints":{"allow":["GET"]}}],"collection":[{"href":"https:\/\/extremepc-fr.com\/blog\/wp-json\/wp\/v2\/posts"}],"about":[{"href":"https:\/\/extremepc-fr.com\/blog\/wp-json\/wp\/v2\/types\/post"}],"author":[{"embeddable":true,"href":"https:\/\/extremepc-fr.com\/blog\/wp-json\/wp\/v2\/users\/34"}],"replies":[{"embeddable":true,"href":"https:\/\/extremepc-fr.com\/blog\/wp-json\/wp\/v2\/comments?post=7692"}],"version-history":[{"count":1,"href":"https:\/\/extremepc-fr.com\/blog\/wp-json\/wp\/v2\/posts\/7692\/revisions"}],"predecessor-version":[{"id":7746,"href":"https:\/\/extremepc-fr.com\/blog\/wp-json\/wp\/v2\/posts\/7692\/revisions\/7746"}],"wp:attachment":[{"href":"https:\/\/extremepc-fr.com\/blog\/wp-json\/wp\/v2\/media?parent=7692"}],"wp:term":[{"taxonomy":"category","embeddable":true,"href":"https:\/\/extremepc-fr.com\/blog\/wp-json\/wp\/v2\/categories?post=7692"},{"taxonomy":"post_tag","embeddable":true,"href":"https:\/\/extremepc-fr.com\/blog\/wp-json\/wp\/v2\/tags?post=7692"}],"curies":[{"name":"wp","href":"https:\/\/api.w.org\/{rel}","templated":true}]}}