{"id":7691,"date":"2026-05-11T09:00:00","date_gmt":"2026-05-11T09:00:00","guid":{"rendered":"https:\/\/extremepc-fr.com\/blog\/?p=7691"},"modified":"2026-05-11T09:00:00","modified_gmt":"2026-05-11T09:00:00","slug":"macbook-air-m5","status":"publish","type":"post","link":"https:\/\/extremepc-fr.com\/blog\/articles\/macbook-air-m5\/","title":{"rendered":"MacBook Air M5 : Test et Prix Complets 2026"},"content":{"rendered":"<p>Le <strong>MacBook Air M5<\/strong> est l\u2019un des ordinateurs portables les plus attendus de 2026, promettant des performances am\u00e9lior\u00e9es et une autonomie exceptionnelle. Destin\u00e9 \u00e0 un large public, il s\u2019adresse aussi bien aux professionnels qu\u2019aux \u00e9tudiants, souhaitant b\u00e9n\u00e9ficier d\u2019un appareil l\u00e9ger sans sacrifier la puissance. Dans cet article, nous examinerons en d\u00e9tail ses caract\u00e9ristiques, ses performances en conditions r\u00e9elles et son prix sur le march\u00e9.<\/p>\n<h2>Caract\u00e9ristiques Techniques du MacBook Air M5<\/h2>\n<p>Le MacBook Air M5 se distingue par ses sp\u00e9cifications techniques impressionnantes :<\/p>\n<ul>\n<li><strong>Processeur<\/strong> : Puce Apple M5 avec architecture 8 c\u0153urs.<\/li>\n<li><strong>M\u00e9moire vive<\/strong> : Options de 8 Go ou 16 Go de RAM.<\/li>\n<li><strong>Stockage<\/strong> : Choix entre 256 Go, 512 Go et 1 To SSD.<\/li>\n<li><strong>\u00c9cran<\/strong> : Retina de 13,3 pouces avec une r\u00e9solution de 2560 x 1600 pixels.<\/li>\n<li><strong>Autonomie<\/strong> : Jusqu\u2019\u00e0 18 heures d\u2019utilisation.<\/li>\n<\/ul>\n<p>Ces caract\u00e9ristiques font du MacBook Air M5 un choix judicieux pour ceux qui recherchent une machine capable de g\u00e9rer des t\u00e2ches intensives comme le montage vid\u00e9o ou le d\u00e9veloppement logiciel.<\/p>\n<h2>Performances en Conditions R\u00e9elles<\/h2>\n<h3>Tests de Performance<\/h3>\n<p>Lors de tests pratiques r\u00e9alis\u00e9s par des utilisateurs professionnels, le MacBook Air M5 a montr\u00e9 des r\u00e9sultats impressionnants :<\/p>\n<ol>\n<li><strong>Rendu vid\u00e9o<\/strong> : Lors d\u2019un projet de montage vid\u00e9o en 4K, le MacBook a r\u00e9ussi \u00e0 exporter un film de 10 minutes en seulement <strong>7 minutes<\/strong>, un gain significatif par rapport \u00e0 son pr\u00e9d\u00e9cesseur.<\/li>\n<li><strong>Applications multit\u00e2ches<\/strong> : Avec plusieurs applications ouvertes (Photoshop, Final Cut Pro, navigateur web), le syst\u00e8me n\u2019a affich\u00e9 aucun ralentissement, m\u00eame avec un usage intensif.<\/li>\n<\/ol>\n<h3>Retour d\u2019Exp\u00e9rience Terrain<\/h3>\n<p>Des utilisateurs ont rapport\u00e9 que la r\u00e9activit\u00e9 du syst\u00e8me \u00e9tait particuli\u00e8rement appr\u00e9ciable. Les temps d\u2019attente pour les d\u00e9marrages ou les chargements d\u2019applications ont \u00e9t\u00e9 r\u00e9duits gr\u00e2ce \u00e0 l\u2019optimisation logicielle d\u2019Apple.<\/p>\n<h2>\u00c9conomie d\u2019\u00c9nergie et Autonomie<\/h2>\n<p>L\u2019une des innovations majeures du MacBook Air M5 est sa gestion \u00e9nerg\u00e9tique. Gr\u00e2ce \u00e0 la puce M5, ce mod\u00e8le consomme environ <strong>30% moins d\u2019\u00e9nergie<\/strong> que le mod\u00e8le pr\u00e9c\u00e9dent. Cela se traduit par une autonomie prolong\u00e9e allant jusqu\u2019\u00e0 <strong>18 heures<\/strong>, permettant aux utilisateurs de travailler toute la journ\u00e9e sans avoir besoin de recharger.<\/p>\n<h3>Comparaison des Autonomies<\/h3>\n<table class=\"kwdbank-table\">\n<thead>\n<tr>\n<th>Mod\u00e8le<\/th>\n<th>Autonomie (heures)<\/th>\n<th>Consommation \u00c9nerg\u00e9tique<\/th>\n<\/tr>\n<\/thead>\n<tbody>\n<tr>\n<td>MacBook Air M4<\/td>\n<td>14<\/td>\n<td>\u00c9lev\u00e9e<\/td>\n<\/tr>\n<tr>\n<td>MacBook Air M5<\/td>\n<td>18<\/td>\n<td>Faible<\/td>\n<\/tr>\n<\/tbody>\n<\/table>\n<h2>Prix du MacBook Air M5<\/h2>\n<p>Le tarif du MacBook Air M5 varie selon les configurations choisies :<\/p>\n<ul>\n<li><strong>Version de base (8 Go RAM \/ 256 Go SSD)<\/strong> : environ <strong>1 099 \u20ac<\/strong><\/li>\n<li><strong>Version interm\u00e9diaire (16 Go RAM \/ 512 Go SSD)<\/strong> : environ <strong>1 299 \u20ac<\/strong><\/li>\n<li><strong>Version haut de gamme (16 Go RAM \/ 1 To SSD)<\/strong> : environ <strong>1 499 \u20ac<\/strong><\/li>\n<\/ul>\n<p>Ces prix sont comp\u00e9titifs par rapport aux autres mod\u00e8les dans la m\u00eame cat\u00e9gorie et refl\u00e8tent la qualit\u00e9 sup\u00e9rieure des mat\u00e9riaux et des performances offerts par Apple.<\/p>\n<h2>Pi\u00e8ges \u00e0 \u00c9viter<\/h2>\n<p>Lors de l\u2019achat d\u2019un MacBook Air M5, il est crucial de ne pas n\u00e9gliger la configuration m\u00e9moire. Opter pour seulement <strong>8 Go de RAM<\/strong> peut \u00eatre suffisant pour un usage basique, mais pour les utilisateurs intensifs (montage vid\u00e9o ou d\u00e9veloppement), il est recommand\u00e9 de choisir au moins <strong>16 Go<\/strong>, afin d\u2019assurer une fluidit\u00e9 optimale.<\/p>\n<h2>FAQ<\/h2>\n<h3>Quelle est la diff\u00e9rence entre le MacBook Air M4 et le M5 ?<\/h3>\n<p>La principale diff\u00e9rence r\u00e9side dans la puce M5 qui offre une meilleure performance CPU\/GPU et une gestion \u00e9nerg\u00e9tique am\u00e9lior\u00e9e.<\/p>\n<h3>Le MacBook Air M5 est-il adapt\u00e9 pour le gaming ?<\/h3>\n<p>Bien qu\u2019il ne soit pas con\u00e7u sp\u00e9cifiquement pour le gaming, il peut faire tourner certains jeux l\u00e9gers avec des r\u00e9glages mod\u00e9r\u00e9s.<\/p>\n<h3>Quelle est l\u2019autonomie r\u00e9elle du MacBook Air M5 ?<\/h3>\n<p>Les utilisateurs rapportent g\u00e9n\u00e9ralement entre 15 et 18 heures selon l\u2019utilisation.<\/p>\n<h3>O\u00f9 acheter le MacBook Air M5 au meilleur prix ?<\/h3>\n<p>Les meilleures offres se trouvent souvent sur le site officiel d\u2019Apple ainsi que chez les revendeurs agr\u00e9\u00e9s comme Fnac ou Darty.<\/p>\n<h3>Le MacBook Air M5 supporte-t-il les applications Windows ?<\/h3>\n<p>Oui, via Boot Camp ou des logiciels comme Parallels Desktop, vous pouvez ex\u00e9cuter Windows sur votre MacBook.<\/p>\n<h3>Quelles sont les couleurs disponibles pour le MacBook Air M5 ?<\/h3>\n<p>Le mod\u00e8le est disponible en plusieurs couleurs dont Argent, Gris Sid\u00e9ral et Or.<\/p>\n<p>Pour ceux qui envisagent l\u2019achat d\u2019un ordinateur portable performant et l\u00e9ger en 2026, le MacBook Air M5 s\u2019av\u00e8re \u00eatre un choix judicieux \u00e0 consid\u00e9rer s\u00e9rieusement.<\/p>\n","protected":false},"excerpt":{"rendered":"","protected":false},"author":34,"featured_media":7736,"comment_status":"open","ping_status":"open","sticky":false,"template":"","format":"standard","meta":{"_acf_changed":false,"manual_indexmenow":false,"indexmenow_id_project":0,"footnotes":""},"categories":[4754],"tags":[],"class_list":["post-7691","post","type-post","status-publish","format-standard","has-post-thumbnail","hentry","category-articles","generate-columns","tablet-grid-50","mobile-grid-100","grid-parent","grid-25"],"acf":[],"yoast_head":"<!-- This site is optimized with the Yoast SEO Premium plugin v21.3 (Yoast SEO v25.6) - https:\/\/yoast.com\/wordpress\/plugins\/seo\/ -->\n<title>MacBook Air M5 : Test et Prix Complets 2026<\/title>\n<meta name=\"description\" content=\"Le MacBook Air M5 est l\u2019un des ordinateurs portables les plus attendus de 2026, promettant des performances am\u00e9lior\u00e9es et une autonomie exceptionnelle.\" \/>\n<meta name=\"robots\" content=\"index, follow, max-snippet:-1, max-image-preview:large, max-video-preview:-1\" \/>\n<link rel=\"canonical\" href=\"https:\/\/extremepc-fr.com\/blog\/articles\/macbook-air-m5\/\" \/>\n<meta property=\"og:locale\" content=\"fr_FR\" \/>\n<meta property=\"og:type\" content=\"article\" \/>\n<meta property=\"og:title\" content=\"MacBook Air M5 : Test et Prix Complets 2026\" \/>\n<meta property=\"og:description\" content=\"Le MacBook Air M5 est l\u2019un des ordinateurs portables les plus attendus de 2026, promettant des performances am\u00e9lior\u00e9es et une autonomie exceptionnelle.\" \/>\n<meta property=\"og:url\" content=\"https:\/\/extremepc-fr.com\/blog\/articles\/macbook-air-m5\/\" \/>\n<meta property=\"og:site_name\" content=\"extremepc\" \/>\n<meta property=\"og:image\" content=\"https:\/\/extremepc-fr.com\/blog\/wp-content\/uploads\/2026\/05\/sdxl-18b98e61947739fac4f897267f394134-scaled.png\" \/>\n\t<meta property=\"og:image:width\" content=\"1200\" \/>\n\t<meta property=\"og:image:height\" content=\"500\" \/>\n\t<meta property=\"og:image:type\" content=\"image\/png\" \/>\n<meta name=\"author\" content=\"Hugo Lambrecht\" \/>\n<meta name=\"twitter:card\" content=\"summary_large_image\" \/>\n<script type=\"application\/ld+json\" class=\"yoast-schema-graph\">{\"@context\":\"https:\/\/schema.org\",\"@graph\":[{\"@type\":\"NewsArticle\",\"@id\":\"https:\/\/extremepc-fr.com\/blog\/articles\/macbook-air-m5\/#article\",\"isPartOf\":{\"@id\":\"https:\/\/extremepc-fr.com\/blog\/articles\/macbook-air-m5\/\"},\"author\":{\"name\":\"Hugo Lambrecht\",\"@id\":\"https:\/\/extremepc-fr.com\/blog\/#\/schema\/person\/3c864cdc320801e3db34b663e7e3f816\"},\"headline\":\"MacBook Air M5 : Test et Prix Complets 2026\",\"datePublished\":\"2026-05-11T09:00:00+00:00\",\"mainEntityOfPage\":{\"@id\":\"https:\/\/extremepc-fr.com\/blog\/articles\/macbook-air-m5\/\"},\"wordCount\":743,\"commentCount\":0,\"publisher\":{\"@id\":\"https:\/\/extremepc-fr.com\/blog\/#organization\"},\"image\":{\"@id\":\"https:\/\/extremepc-fr.com\/blog\/articles\/macbook-air-m5\/#primaryimage\"},\"thumbnailUrl\":\"https:\/\/extremepc-fr.com\/blog\/wp-content\/uploads\/2026\/05\/sdxl-18b98e61947739fac4f897267f394134-scaled.png\",\"articleSection\":[\"Articles\"],\"inLanguage\":\"fr-FR\",\"potentialAction\":[{\"@type\":\"CommentAction\",\"name\":\"Comment\",\"target\":[\"https:\/\/extremepc-fr.com\/blog\/articles\/macbook-air-m5\/#respond\"]}]},{\"@type\":\"WebPage\",\"@id\":\"https:\/\/extremepc-fr.com\/blog\/articles\/macbook-air-m5\/\",\"url\":\"https:\/\/extremepc-fr.com\/blog\/articles\/macbook-air-m5\/\",\"name\":\"MacBook Air M5 : Test et Prix Complets 2026\",\"isPartOf\":{\"@id\":\"https:\/\/extremepc-fr.com\/blog\/#website\"},\"primaryImageOfPage\":{\"@id\":\"https:\/\/extremepc-fr.com\/blog\/articles\/macbook-air-m5\/#primaryimage\"},\"image\":{\"@id\":\"https:\/\/extremepc-fr.com\/blog\/articles\/macbook-air-m5\/#primaryimage\"},\"thumbnailUrl\":\"https:\/\/extremepc-fr.com\/blog\/wp-content\/uploads\/2026\/05\/sdxl-18b98e61947739fac4f897267f394134-scaled.png\",\"datePublished\":\"2026-05-11T09:00:00+00:00\",\"description\":\"Le MacBook Air M5 est l\u2019un des ordinateurs portables les plus attendus de 2026, promettant des performances am\u00e9lior\u00e9es et une autonomie exceptionnelle.\",\"inLanguage\":\"fr-FR\",\"potentialAction\":[{\"@type\":\"ReadAction\",\"target\":[\"https:\/\/extremepc-fr.com\/blog\/articles\/macbook-air-m5\/\"]}]},{\"@type\":\"ImageObject\",\"inLanguage\":\"fr-FR\",\"@id\":\"https:\/\/extremepc-fr.com\/blog\/articles\/macbook-air-m5\/#primaryimage\",\"url\":\"https:\/\/extremepc-fr.com\/blog\/wp-content\/uploads\/2026\/05\/sdxl-18b98e61947739fac4f897267f394134-scaled.png\",\"contentUrl\":\"https:\/\/extremepc-fr.com\/blog\/wp-content\/uploads\/2026\/05\/sdxl-18b98e61947739fac4f897267f394134-scaled.png\",\"width\":1200,\"height\":500},{\"@type\":\"WebSite\",\"@id\":\"https:\/\/extremepc-fr.com\/blog\/#website\",\"url\":\"https:\/\/extremepc-fr.com\/blog\/\",\"name\":\"ExtremePC FR\",\"description\":\"ExtremePC FR, la performance num\u00e9rique d\u00e9cupl\u00e9e\",\"publisher\":{\"@id\":\"https:\/\/extremepc-fr.com\/blog\/#organization\"},\"alternateName\":\"ExtremePC FR, la performance num\u00e9rique d\u00e9cupl\u00e9e\",\"potentialAction\":[{\"@type\":\"SearchAction\",\"target\":{\"@type\":\"EntryPoint\",\"urlTemplate\":\"https:\/\/extremepc-fr.com\/blog\/?s={search_term_string}\"},\"query-input\":{\"@type\":\"PropertyValueSpecification\",\"valueRequired\":true,\"valueName\":\"search_term_string\"}}],\"inLanguage\":\"fr-FR\"},{\"@type\":\"Organization\",\"@id\":\"https:\/\/extremepc-fr.com\/blog\/#organization\",\"name\":\"ExtremePC FR\",\"url\":\"https:\/\/extremepc-fr.com\/blog\/\",\"logo\":{\"@type\":\"ImageObject\",\"inLanguage\":\"fr-FR\",\"@id\":\"https:\/\/extremepc-fr.com\/blog\/#\/schema\/logo\/image\/\",\"url\":\"https:\/\/extremepc-fr.com\/blog\/wp-content\/uploads\/2024\/12\/cropped-3.png\",\"contentUrl\":\"https:\/\/extremepc-fr.com\/blog\/wp-content\/uploads\/2024\/12\/cropped-3.png\",\"width\":282,\"height\":247,\"caption\":\"ExtremePC FR\"},\"image\":{\"@id\":\"https:\/\/extremepc-fr.com\/blog\/#\/schema\/logo\/image\/\"}},{\"@type\":\"Person\",\"@id\":\"https:\/\/extremepc-fr.com\/blog\/#\/schema\/person\/3c864cdc320801e3db34b663e7e3f816\",\"name\":\"Hugo Lambrecht\",\"image\":{\"@type\":\"ImageObject\",\"inLanguage\":\"fr-FR\",\"@id\":\"https:\/\/extremepc-fr.com\/blog\/#\/schema\/person\/image\/\",\"url\":\"https:\/\/extremepc-fr.com\/blog\/wp-content\/uploads\/2026\/06\/persona_hugo-l-96x96.jpg\",\"contentUrl\":\"https:\/\/extremepc-fr.com\/blog\/wp-content\/uploads\/2026\/06\/persona_hugo-l-96x96.jpg\",\"caption\":\"Hugo Lambrecht\"},\"description\":\"Geek assum\u00e9 et veilleur tech depuis plus de dix ans, je passe mes journ\u00e9es \u00e0 tester, comparer et expliquer le num\u00e9rique. Mes terrains favoris : les astuces high-tech du quotidien, la s\u00e9curit\u00e9 en ligne et les outils web, des VPN aux logiciels qui simplifient la vie. J'aime prendre un sujet r\u00e9put\u00e9 compliqu\u00e9 et le rendre limpide pour quelqu'un qui n'est pas d\u00e9veloppeur. Avant de recommander un produit ou un service, je le mets r\u00e9ellement \u00e0 l'\u00e9preuve, je v\u00e9rifie les versions et les tarifs en vigueur, et je signale les limites autant que les atouts. Je me m\u00e9fie des classements de complaisance : un comparatif n'a de valeur que si la m\u00e9thode est transparente. Mon fil rouge, c'est l'utilit\u00e9 concr\u00e8te : aider le lecteur \u00e0 mieux choisir, mieux configurer et mieux se prot\u00e9ger, sans tomber dans le jargon.\",\"sameAs\":[\"https:\/\/hugolambrecht.fr\/\"],\"url\":\"https:\/\/extremepc-fr.com\/blog\/auteur\/noname\/\"}]}<\/script>\n<!-- \/ Yoast SEO Premium plugin. -->","yoast_head_json":{"title":"MacBook Air M5 : Test et Prix Complets 2026","description":"Le MacBook Air M5 est l\u2019un des ordinateurs portables les plus attendus de 2026, promettant des performances am\u00e9lior\u00e9es et une autonomie exceptionnelle.","robots":{"index":"index","follow":"follow","max-snippet":"max-snippet:-1","max-image-preview":"max-image-preview:large","max-video-preview":"max-video-preview:-1"},"canonical":"https:\/\/extremepc-fr.com\/blog\/articles\/macbook-air-m5\/","og_locale":"fr_FR","og_type":"article","og_title":"MacBook Air M5 : Test et Prix Complets 2026","og_description":"Le MacBook Air M5 est l\u2019un des ordinateurs portables les plus attendus de 2026, promettant des performances am\u00e9lior\u00e9es et une autonomie exceptionnelle.","og_url":"https:\/\/extremepc-fr.com\/blog\/articles\/macbook-air-m5\/","og_site_name":"extremepc","og_image":[{"width":1200,"height":500,"url":"https:\/\/extremepc-fr.com\/blog\/wp-content\/uploads\/2026\/05\/sdxl-18b98e61947739fac4f897267f394134-scaled.png","type":"image\/png"}],"author":"Hugo Lambrecht","twitter_card":"summary_large_image","schema":{"@context":"https:\/\/schema.org","@graph":[{"@type":"NewsArticle","@id":"https:\/\/extremepc-fr.com\/blog\/articles\/macbook-air-m5\/#article","isPartOf":{"@id":"https:\/\/extremepc-fr.com\/blog\/articles\/macbook-air-m5\/"},"author":{"name":"Hugo Lambrecht","@id":"https:\/\/extremepc-fr.com\/blog\/#\/schema\/person\/3c864cdc320801e3db34b663e7e3f816"},"headline":"MacBook Air M5 : Test et Prix Complets 2026","datePublished":"2026-05-11T09:00:00+00:00","mainEntityOfPage":{"@id":"https:\/\/extremepc-fr.com\/blog\/articles\/macbook-air-m5\/"},"wordCount":743,"commentCount":0,"publisher":{"@id":"https:\/\/extremepc-fr.com\/blog\/#organization"},"image":{"@id":"https:\/\/extremepc-fr.com\/blog\/articles\/macbook-air-m5\/#primaryimage"},"thumbnailUrl":"https:\/\/extremepc-fr.com\/blog\/wp-content\/uploads\/2026\/05\/sdxl-18b98e61947739fac4f897267f394134-scaled.png","articleSection":["Articles"],"inLanguage":"fr-FR","potentialAction":[{"@type":"CommentAction","name":"Comment","target":["https:\/\/extremepc-fr.com\/blog\/articles\/macbook-air-m5\/#respond"]}]},{"@type":"WebPage","@id":"https:\/\/extremepc-fr.com\/blog\/articles\/macbook-air-m5\/","url":"https:\/\/extremepc-fr.com\/blog\/articles\/macbook-air-m5\/","name":"MacBook Air M5 : Test et Prix Complets 2026","isPartOf":{"@id":"https:\/\/extremepc-fr.com\/blog\/#website"},"primaryImageOfPage":{"@id":"https:\/\/extremepc-fr.com\/blog\/articles\/macbook-air-m5\/#primaryimage"},"image":{"@id":"https:\/\/extremepc-fr.com\/blog\/articles\/macbook-air-m5\/#primaryimage"},"thumbnailUrl":"https:\/\/extremepc-fr.com\/blog\/wp-content\/uploads\/2026\/05\/sdxl-18b98e61947739fac4f897267f394134-scaled.png","datePublished":"2026-05-11T09:00:00+00:00","description":"Le MacBook Air M5 est l\u2019un des ordinateurs portables les plus attendus de 2026, promettant des performances am\u00e9lior\u00e9es et une autonomie exceptionnelle.","inLanguage":"fr-FR","potentialAction":[{"@type":"ReadAction","target":["https:\/\/extremepc-fr.com\/blog\/articles\/macbook-air-m5\/"]}]},{"@type":"ImageObject","inLanguage":"fr-FR","@id":"https:\/\/extremepc-fr.com\/blog\/articles\/macbook-air-m5\/#primaryimage","url":"https:\/\/extremepc-fr.com\/blog\/wp-content\/uploads\/2026\/05\/sdxl-18b98e61947739fac4f897267f394134-scaled.png","contentUrl":"https:\/\/extremepc-fr.com\/blog\/wp-content\/uploads\/2026\/05\/sdxl-18b98e61947739fac4f897267f394134-scaled.png","width":1200,"height":500},{"@type":"WebSite","@id":"https:\/\/extremepc-fr.com\/blog\/#website","url":"https:\/\/extremepc-fr.com\/blog\/","name":"ExtremePC FR","description":"ExtremePC FR, la performance num\u00e9rique d\u00e9cupl\u00e9e","publisher":{"@id":"https:\/\/extremepc-fr.com\/blog\/#organization"},"alternateName":"ExtremePC FR, la performance num\u00e9rique d\u00e9cupl\u00e9e","potentialAction":[{"@type":"SearchAction","target":{"@type":"EntryPoint","urlTemplate":"https:\/\/extremepc-fr.com\/blog\/?s={search_term_string}"},"query-input":{"@type":"PropertyValueSpecification","valueRequired":true,"valueName":"search_term_string"}}],"inLanguage":"fr-FR"},{"@type":"Organization","@id":"https:\/\/extremepc-fr.com\/blog\/#organization","name":"ExtremePC FR","url":"https:\/\/extremepc-fr.com\/blog\/","logo":{"@type":"ImageObject","inLanguage":"fr-FR","@id":"https:\/\/extremepc-fr.com\/blog\/#\/schema\/logo\/image\/","url":"https:\/\/extremepc-fr.com\/blog\/wp-content\/uploads\/2024\/12\/cropped-3.png","contentUrl":"https:\/\/extremepc-fr.com\/blog\/wp-content\/uploads\/2024\/12\/cropped-3.png","width":282,"height":247,"caption":"ExtremePC FR"},"image":{"@id":"https:\/\/extremepc-fr.com\/blog\/#\/schema\/logo\/image\/"}},{"@type":"Person","@id":"https:\/\/extremepc-fr.com\/blog\/#\/schema\/person\/3c864cdc320801e3db34b663e7e3f816","name":"Hugo Lambrecht","image":{"@type":"ImageObject","inLanguage":"fr-FR","@id":"https:\/\/extremepc-fr.com\/blog\/#\/schema\/person\/image\/","url":"https:\/\/extremepc-fr.com\/blog\/wp-content\/uploads\/2026\/06\/persona_hugo-l-96x96.jpg","contentUrl":"https:\/\/extremepc-fr.com\/blog\/wp-content\/uploads\/2026\/06\/persona_hugo-l-96x96.jpg","caption":"Hugo Lambrecht"},"description":"Geek assum\u00e9 et veilleur tech depuis plus de dix ans, je passe mes journ\u00e9es \u00e0 tester, comparer et expliquer le num\u00e9rique. Mes terrains favoris : les astuces high-tech du quotidien, la s\u00e9curit\u00e9 en ligne et les outils web, des VPN aux logiciels qui simplifient la vie. J'aime prendre un sujet r\u00e9put\u00e9 compliqu\u00e9 et le rendre limpide pour quelqu'un qui n'est pas d\u00e9veloppeur. Avant de recommander un produit ou un service, je le mets r\u00e9ellement \u00e0 l'\u00e9preuve, je v\u00e9rifie les versions et les tarifs en vigueur, et je signale les limites autant que les atouts. Je me m\u00e9fie des classements de complaisance : un comparatif n'a de valeur que si la m\u00e9thode est transparente. Mon fil rouge, c'est l'utilit\u00e9 concr\u00e8te : aider le lecteur \u00e0 mieux choisir, mieux configurer et mieux se prot\u00e9ger, sans tomber dans le jargon.","sameAs":["https:\/\/hugolambrecht.fr\/"],"url":"https:\/\/extremepc-fr.com\/blog\/auteur\/noname\/"}]}},"_links":{"self":[{"href":"https:\/\/extremepc-fr.com\/blog\/wp-json\/wp\/v2\/posts\/7691","targetHints":{"allow":["GET"]}}],"collection":[{"href":"https:\/\/extremepc-fr.com\/blog\/wp-json\/wp\/v2\/posts"}],"about":[{"href":"https:\/\/extremepc-fr.com\/blog\/wp-json\/wp\/v2\/types\/post"}],"author":[{"embeddable":true,"href":"https:\/\/extremepc-fr.com\/blog\/wp-json\/wp\/v2\/users\/34"}],"replies":[{"embeddable":true,"href":"https:\/\/extremepc-fr.com\/blog\/wp-json\/wp\/v2\/comments?post=7691"}],"version-history":[{"count":1,"href":"https:\/\/extremepc-fr.com\/blog\/wp-json\/wp\/v2\/posts\/7691\/revisions"}],"predecessor-version":[{"id":7735,"href":"https:\/\/extremepc-fr.com\/blog\/wp-json\/wp\/v2\/posts\/7691\/revisions\/7735"}],"wp:featuredmedia":[{"embeddable":true,"href":"https:\/\/extremepc-fr.com\/blog\/wp-json\/wp\/v2\/media\/7736"}],"wp:attachment":[{"href":"https:\/\/extremepc-fr.com\/blog\/wp-json\/wp\/v2\/media?parent=7691"}],"wp:term":[{"taxonomy":"category","embeddable":true,"href":"https:\/\/extremepc-fr.com\/blog\/wp-json\/wp\/v2\/categories?post=7691"},{"taxonomy":"post_tag","embeddable":true,"href":"https:\/\/extremepc-fr.com\/blog\/wp-json\/wp\/v2\/tags?post=7691"}],"curies":[{"name":"wp","href":"https:\/\/api.w.org\/{rel}","templated":true}]}}