{"id":7689,"date":"2026-05-09T09:00:00","date_gmt":"2026-05-09T09:00:00","guid":{"rendered":"https:\/\/extremepc-fr.com\/blog\/?p=7689"},"modified":"2026-05-09T09:00:00","modified_gmt":"2026-05-09T09:00:00","slug":"createur-apple","status":"publish","type":"post","link":"https:\/\/extremepc-fr.com\/blog\/articles\/createur-apple\/","title":{"rendered":"Cr\u00e9ateur Apple : Steve Jobs, Histoire et Fondation"},"content":{"rendered":"<p>Steve Jobs, cofondateur d\u2019Apple, a jou\u00e9 un r\u00f4le central dans la r\u00e9volution technologique des derni\u00e8res d\u00e9cennies. N\u00e9 en 1955, il a transform\u00e9 le secteur de la technologie avec des produits embl\u00e9matiques tels que l\u2019iPhone et le Mac. En 2026, comprendre l\u2019impact de sa vision sur le march\u00e9 et les innovations d\u2019Apple est crucial pour quiconque s\u2019int\u00e9resse \u00e0 l\u2019histoire de la tech.<\/p>\n<p>Cet article explore la vie de Steve Jobs, ses contributions \u00e0 Apple et les chiffres cl\u00e9s qui illustrent son h\u00e9ritage.<\/p>\n<h2>Les d\u00e9buts de Steve Jobs<\/h2>\n<h3>Jeunesse et formation<\/h3>\n<p>Steve Jobs na\u00eet \u00e0 San Francisco et est adopt\u00e9 peu apr\u00e8s. Il grandit \u00e0 Cupertino, en Californie, o\u00f9 il d\u00e9veloppe un int\u00e9r\u00eat pr\u00e9coce pour l\u2019\u00e9lectronique. En 1972, il abandonne le Reed College apr\u00e8s seulement six mois, mais continue d\u2019apprendre par lui-m\u00eame.<\/p>\n<h3>La cr\u00e9ation d\u2019Apple<\/h3>\n<p>En 1976, Jobs cofonde Apple avec Steve Wozniak et Ronald Wayne dans un garage. Leur premier produit, l\u2019Apple I, est vendu \u00e0 666,66 dollars. Ce mod\u00e8le rudimentaire marque le d\u00e9but d\u2019une s\u00e9rie d\u2019innovations qui red\u00e9finiront le secteur.<\/p>\n<h2>L\u2019ascension d\u2019Apple<\/h2>\n<h3>Les produits phares<\/h3>\n<p>Sous la direction de Jobs, Apple lance plusieurs produits r\u00e9volutionnaires :<\/p>\n<ul>\n<li><strong>Apple II (1977)<\/strong> : Premier ordinateur personnel \u00e0 succ\u00e8s commercial. Son prix initial \u00e9tait de 1 298 dollars.<\/li>\n<li><strong>Macintosh (1984)<\/strong> : Introduit une interface graphique conviviale. Son prix atteignait 2 495 dollars.<\/li>\n<li><strong>iPod (2001)<\/strong> : R\u00e9invente la musique num\u00e9rique pour 399 dollars.<\/li>\n<li><strong>iPhone (2007)<\/strong> : Change la donne avec un prix de d\u00e9part de 499 dollars.<\/li>\n<\/ul>\n<h3>Chiffres cl\u00e9s<\/h3>\n<p>En 2026, Apple affiche des chiffres impressionnants :<\/p>\n<table class=\"kwdbank-table\">\n<thead>\n<tr>\n<th>Produit<\/th>\n<th>Lancement<\/th>\n<th>Prix initial<\/th>\n<th>Ventes estim\u00e9es<\/th>\n<\/tr>\n<\/thead>\n<tbody>\n<tr>\n<td>Apple I<\/td>\n<td>1976<\/td>\n<td>666,66 $<\/td>\n<td>~200 unit\u00e9s<\/td>\n<\/tr>\n<tr>\n<td>iPhone<\/td>\n<td>2007<\/td>\n<td>499 $<\/td>\n<td>+2 milliards<\/td>\n<\/tr>\n<tr>\n<td>MacBook Air<\/td>\n<td>2008<\/td>\n<td>1 799 $<\/td>\n<td>+150 millions<\/td>\n<\/tr>\n<tr>\n<td>iPad<\/td>\n<td>2010<\/td>\n<td>499 $<\/td>\n<td>+500 millions<\/td>\n<\/tr>\n<\/tbody>\n<\/table>\n<p>Ces donn\u00e9es montrent comment les choix strat\u00e9giques de Jobs ont fa\u00e7onn\u00e9 l\u2019avenir d\u2019Apple.<\/p>\n<h2>L\u2019h\u00e9ritage de Steve Jobs<\/h2>\n<h3>Innovations marquantes<\/h3>\n<p>Jobs n\u2019a pas seulement cr\u00e9\u00e9 des produits ; il a aussi introduit des concepts tels que :<\/p>\n<ul>\n<li><strong>Design minimaliste<\/strong> : L\u2019esth\u00e9tique \u00e9pur\u00e9e des produits Apple a influenc\u00e9 toute l\u2019industrie.<\/li>\n<li><strong>\u00c9cosyst\u00e8me int\u00e9gr\u00e9<\/strong> : La synergie entre hardware et software chez Apple cr\u00e9e une exp\u00e9rience utilisateur unique.<\/li>\n<\/ul>\n<h3>Pi\u00e8ge \u00e0 \u00e9viter<\/h3>\n<p>Un pi\u00e8ge courant est de r\u00e9duire le succ\u00e8s d\u2019Apple \u00e0 ses produits seuls. La vision strat\u00e9gique de Jobs en mati\u00e8re de marketing et d\u2019exp\u00e9rience utilisateur a \u00e9galement \u00e9t\u00e9 d\u00e9terminante. Ignorer cet aspect peut mener \u00e0 une compr\u00e9hension incompl\u00e8te du ph\u00e9nom\u00e8ne Apple.<\/p>\n<h2>Impact \u00e9conomique<\/h2>\n<h3>Valeur marchande<\/h3>\n<p>En janvier 2026, la capitalisation boursi\u00e8re d\u2019Apple d\u00e9passe les <strong>3 trillions de dollars<\/strong>, faisant d\u2019elle l\u2019entreprise la plus pr\u00e9cieuse au monde. Cette r\u00e9ussite est directement li\u00e9e aux innovations introduites par Jobs.<\/p>\n<h3>Cr\u00e9ation d\u2019emplois<\/h3>\n<p>Depuis sa cr\u00e9ation, Apple a g\u00e9n\u00e9r\u00e9 plus de <strong>2 millions<\/strong> d\u2019emplois directs et indirects dans le monde entier. Cela inclut non seulement les employ\u00e9s d\u2019Apple mais aussi ceux travaillant pour ses fournisseurs et partenaires.<\/p>\n<h2>Conclusion : Agissez maintenant<\/h2>\n<p>Pour mieux comprendre l\u2019h\u00e9ritage de Steve Jobs et son impact sur votre vie quotidienne aujourd\u2019hui, explorez les produits Apple ou analysez leur strat\u00e9gie marketing. Une bonne premi\u00e8re \u00e9tape consiste \u00e0 visiter leur site officiel ou suivre des documentaires sur son parcours.<\/p>\n<h2>FAQ<\/h2>\n<h3>Qui sont les cofondateurs d\u2019Apple avec Steve Jobs ?<\/h3>\n<p>Les cofondateurs sont Steve Wozniak et Ronald Wayne.<\/p>\n<h3>Quel produit a lanc\u00e9 Apple en premier ?<\/h3>\n<p>Le premier produit lanc\u00e9 par Apple est l\u2019Apple I en 1976.<\/p>\n<h3>Comment Steve Jobs a-t-il influenc\u00e9 le design des produits ?<\/h3>\n<p>Jobs a mis l\u2019accent sur un design minimaliste et fonctionnel qui privil\u00e9gie l\u2019exp\u00e9rience utilisateur.<\/p>\n<h3>Quelle est la valeur actuelle d\u2019Apple en bourse ?<\/h3>\n<p>En janvier 2026, la capitalisation boursi\u00e8re d\u2019Apple d\u00e9passe les <strong>3 trillions<\/strong> de dollars.<\/p>\n<h3>Quels sont les principaux produits lanc\u00e9s sous la direction de Steve Jobs ?<\/h3>\n<p>Parmi les principaux produits figurent le Macintosh, l\u2019iPod, l\u2019iPhone et l\u2019iPad.<\/p>\n<h3>Quelles le\u00e7ons peut-on tirer du parcours de Steve Jobs ?<\/h3>\n<p>L\u2019importance d\u2019une vision claire, du design r\u00e9fl\u00e9chi et d\u2019une exp\u00e9rience utilisateur coh\u00e9rente sont essentielles pour r\u00e9ussir dans n\u2019importe quel domaine.<\/p>\n","protected":false},"excerpt":{"rendered":"","protected":false},"author":34,"featured_media":7738,"comment_status":"open","ping_status":"open","sticky":false,"template":"","format":"standard","meta":{"_acf_changed":false,"manual_indexmenow":false,"indexmenow_id_project":0,"footnotes":""},"categories":[4754],"tags":[],"class_list":["post-7689","post","type-post","status-publish","format-standard","has-post-thumbnail","hentry","category-articles","generate-columns","tablet-grid-50","mobile-grid-100","grid-parent","grid-25"],"acf":[],"yoast_head":"<!-- This site is optimized with the Yoast SEO Premium plugin v21.3 (Yoast SEO v25.6) - https:\/\/yoast.com\/wordpress\/plugins\/seo\/ -->\n<title>Cr\u00e9ateur Apple : Steve Jobs, Histoire et Fondation<\/title>\n<meta name=\"description\" content=\"Steve Jobs, cofondateur d\u2019Apple, a jou\u00e9 un r\u00f4le central dans la r\u00e9volution technologique des derni\u00e8res d\u00e9cennies. N\u00e9 en 1955, il a transform\u00e9 le secteur\" \/>\n<meta name=\"robots\" content=\"index, follow, max-snippet:-1, max-image-preview:large, max-video-preview:-1\" \/>\n<link rel=\"canonical\" href=\"https:\/\/extremepc-fr.com\/blog\/articles\/createur-apple\/\" \/>\n<meta property=\"og:locale\" content=\"fr_FR\" \/>\n<meta property=\"og:type\" content=\"article\" \/>\n<meta property=\"og:title\" content=\"Cr\u00e9ateur Apple : Steve Jobs, Histoire et Fondation\" \/>\n<meta property=\"og:description\" content=\"Steve Jobs, cofondateur d\u2019Apple, a jou\u00e9 un r\u00f4le central dans la r\u00e9volution technologique des derni\u00e8res d\u00e9cennies. N\u00e9 en 1955, il a transform\u00e9 le secteur\" \/>\n<meta property=\"og:url\" content=\"https:\/\/extremepc-fr.com\/blog\/articles\/createur-apple\/\" \/>\n<meta property=\"og:site_name\" content=\"extremepc\" \/>\n<meta property=\"og:image\" content=\"https:\/\/extremepc-fr.com\/blog\/wp-content\/uploads\/2026\/05\/sdxl-4f8fff0fee74fca898f07932d7a72d4f-scaled.png\" \/>\n\t<meta property=\"og:image:width\" content=\"1200\" \/>\n\t<meta property=\"og:image:height\" content=\"500\" \/>\n\t<meta property=\"og:image:type\" content=\"image\/png\" \/>\n<meta name=\"author\" content=\"Hugo Lambrecht\" \/>\n<meta name=\"twitter:card\" content=\"summary_large_image\" \/>\n<script type=\"application\/ld+json\" class=\"yoast-schema-graph\">{\"@context\":\"https:\/\/schema.org\",\"@graph\":[{\"@type\":\"NewsArticle\",\"@id\":\"https:\/\/extremepc-fr.com\/blog\/articles\/createur-apple\/#article\",\"isPartOf\":{\"@id\":\"https:\/\/extremepc-fr.com\/blog\/articles\/createur-apple\/\"},\"author\":{\"name\":\"Hugo Lambrecht\",\"@id\":\"https:\/\/extremepc-fr.com\/blog\/#\/schema\/person\/3c864cdc320801e3db34b663e7e3f816\"},\"headline\":\"Cr\u00e9ateur Apple : Steve Jobs, Histoire et Fondation\",\"datePublished\":\"2026-05-09T09:00:00+00:00\",\"mainEntityOfPage\":{\"@id\":\"https:\/\/extremepc-fr.com\/blog\/articles\/createur-apple\/\"},\"wordCount\":707,\"commentCount\":0,\"publisher\":{\"@id\":\"https:\/\/extremepc-fr.com\/blog\/#organization\"},\"image\":{\"@id\":\"https:\/\/extremepc-fr.com\/blog\/articles\/createur-apple\/#primaryimage\"},\"thumbnailUrl\":\"https:\/\/extremepc-fr.com\/blog\/wp-content\/uploads\/2026\/05\/sdxl-4f8fff0fee74fca898f07932d7a72d4f-scaled.png\",\"articleSection\":[\"Articles\"],\"inLanguage\":\"fr-FR\",\"potentialAction\":[{\"@type\":\"CommentAction\",\"name\":\"Comment\",\"target\":[\"https:\/\/extremepc-fr.com\/blog\/articles\/createur-apple\/#respond\"]}]},{\"@type\":\"WebPage\",\"@id\":\"https:\/\/extremepc-fr.com\/blog\/articles\/createur-apple\/\",\"url\":\"https:\/\/extremepc-fr.com\/blog\/articles\/createur-apple\/\",\"name\":\"Cr\u00e9ateur Apple : Steve Jobs, Histoire et Fondation\",\"isPartOf\":{\"@id\":\"https:\/\/extremepc-fr.com\/blog\/#website\"},\"primaryImageOfPage\":{\"@id\":\"https:\/\/extremepc-fr.com\/blog\/articles\/createur-apple\/#primaryimage\"},\"image\":{\"@id\":\"https:\/\/extremepc-fr.com\/blog\/articles\/createur-apple\/#primaryimage\"},\"thumbnailUrl\":\"https:\/\/extremepc-fr.com\/blog\/wp-content\/uploads\/2026\/05\/sdxl-4f8fff0fee74fca898f07932d7a72d4f-scaled.png\",\"datePublished\":\"2026-05-09T09:00:00+00:00\",\"description\":\"Steve Jobs, cofondateur d\u2019Apple, a jou\u00e9 un r\u00f4le central dans la r\u00e9volution technologique des derni\u00e8res d\u00e9cennies. N\u00e9 en 1955, il a transform\u00e9 le secteur\",\"inLanguage\":\"fr-FR\",\"potentialAction\":[{\"@type\":\"ReadAction\",\"target\":[\"https:\/\/extremepc-fr.com\/blog\/articles\/createur-apple\/\"]}]},{\"@type\":\"ImageObject\",\"inLanguage\":\"fr-FR\",\"@id\":\"https:\/\/extremepc-fr.com\/blog\/articles\/createur-apple\/#primaryimage\",\"url\":\"https:\/\/extremepc-fr.com\/blog\/wp-content\/uploads\/2026\/05\/sdxl-4f8fff0fee74fca898f07932d7a72d4f-scaled.png\",\"contentUrl\":\"https:\/\/extremepc-fr.com\/blog\/wp-content\/uploads\/2026\/05\/sdxl-4f8fff0fee74fca898f07932d7a72d4f-scaled.png\",\"width\":1200,\"height\":500},{\"@type\":\"WebSite\",\"@id\":\"https:\/\/extremepc-fr.com\/blog\/#website\",\"url\":\"https:\/\/extremepc-fr.com\/blog\/\",\"name\":\"ExtremePC FR\",\"description\":\"ExtremePC FR, la performance num\u00e9rique d\u00e9cupl\u00e9e\",\"publisher\":{\"@id\":\"https:\/\/extremepc-fr.com\/blog\/#organization\"},\"alternateName\":\"ExtremePC FR, la performance num\u00e9rique d\u00e9cupl\u00e9e\",\"potentialAction\":[{\"@type\":\"SearchAction\",\"target\":{\"@type\":\"EntryPoint\",\"urlTemplate\":\"https:\/\/extremepc-fr.com\/blog\/?s={search_term_string}\"},\"query-input\":{\"@type\":\"PropertyValueSpecification\",\"valueRequired\":true,\"valueName\":\"search_term_string\"}}],\"inLanguage\":\"fr-FR\"},{\"@type\":\"Organization\",\"@id\":\"https:\/\/extremepc-fr.com\/blog\/#organization\",\"name\":\"ExtremePC FR\",\"url\":\"https:\/\/extremepc-fr.com\/blog\/\",\"logo\":{\"@type\":\"ImageObject\",\"inLanguage\":\"fr-FR\",\"@id\":\"https:\/\/extremepc-fr.com\/blog\/#\/schema\/logo\/image\/\",\"url\":\"https:\/\/extremepc-fr.com\/blog\/wp-content\/uploads\/2024\/12\/cropped-3.png\",\"contentUrl\":\"https:\/\/extremepc-fr.com\/blog\/wp-content\/uploads\/2024\/12\/cropped-3.png\",\"width\":282,\"height\":247,\"caption\":\"ExtremePC FR\"},\"image\":{\"@id\":\"https:\/\/extremepc-fr.com\/blog\/#\/schema\/logo\/image\/\"}},{\"@type\":\"Person\",\"@id\":\"https:\/\/extremepc-fr.com\/blog\/#\/schema\/person\/3c864cdc320801e3db34b663e7e3f816\",\"name\":\"Hugo Lambrecht\",\"image\":{\"@type\":\"ImageObject\",\"inLanguage\":\"fr-FR\",\"@id\":\"https:\/\/extremepc-fr.com\/blog\/#\/schema\/person\/image\/\",\"url\":\"https:\/\/extremepc-fr.com\/blog\/wp-content\/uploads\/2026\/06\/persona_hugo-l-96x96.jpg\",\"contentUrl\":\"https:\/\/extremepc-fr.com\/blog\/wp-content\/uploads\/2026\/06\/persona_hugo-l-96x96.jpg\",\"caption\":\"Hugo Lambrecht\"},\"description\":\"Geek assum\u00e9 et veilleur tech depuis plus de dix ans, je passe mes journ\u00e9es \u00e0 tester, comparer et expliquer le num\u00e9rique. Mes terrains favoris : les astuces high-tech du quotidien, la s\u00e9curit\u00e9 en ligne et les outils web, des VPN aux logiciels qui simplifient la vie. J'aime prendre un sujet r\u00e9put\u00e9 compliqu\u00e9 et le rendre limpide pour quelqu'un qui n'est pas d\u00e9veloppeur. Avant de recommander un produit ou un service, je le mets r\u00e9ellement \u00e0 l'\u00e9preuve, je v\u00e9rifie les versions et les tarifs en vigueur, et je signale les limites autant que les atouts. Je me m\u00e9fie des classements de complaisance : un comparatif n'a de valeur que si la m\u00e9thode est transparente. Mon fil rouge, c'est l'utilit\u00e9 concr\u00e8te : aider le lecteur \u00e0 mieux choisir, mieux configurer et mieux se prot\u00e9ger, sans tomber dans le jargon.\",\"sameAs\":[\"https:\/\/hugolambrecht.fr\/\"],\"url\":\"https:\/\/extremepc-fr.com\/blog\/auteur\/noname\/\"}]}<\/script>\n<!-- \/ Yoast SEO Premium plugin. -->","yoast_head_json":{"title":"Cr\u00e9ateur Apple : Steve Jobs, Histoire et Fondation","description":"Steve Jobs, cofondateur d\u2019Apple, a jou\u00e9 un r\u00f4le central dans la r\u00e9volution technologique des derni\u00e8res d\u00e9cennies. N\u00e9 en 1955, il a transform\u00e9 le secteur","robots":{"index":"index","follow":"follow","max-snippet":"max-snippet:-1","max-image-preview":"max-image-preview:large","max-video-preview":"max-video-preview:-1"},"canonical":"https:\/\/extremepc-fr.com\/blog\/articles\/createur-apple\/","og_locale":"fr_FR","og_type":"article","og_title":"Cr\u00e9ateur Apple : Steve Jobs, Histoire et Fondation","og_description":"Steve Jobs, cofondateur d\u2019Apple, a jou\u00e9 un r\u00f4le central dans la r\u00e9volution technologique des derni\u00e8res d\u00e9cennies. N\u00e9 en 1955, il a transform\u00e9 le secteur","og_url":"https:\/\/extremepc-fr.com\/blog\/articles\/createur-apple\/","og_site_name":"extremepc","og_image":[{"width":1200,"height":500,"url":"https:\/\/extremepc-fr.com\/blog\/wp-content\/uploads\/2026\/05\/sdxl-4f8fff0fee74fca898f07932d7a72d4f-scaled.png","type":"image\/png"}],"author":"Hugo Lambrecht","twitter_card":"summary_large_image","schema":{"@context":"https:\/\/schema.org","@graph":[{"@type":"NewsArticle","@id":"https:\/\/extremepc-fr.com\/blog\/articles\/createur-apple\/#article","isPartOf":{"@id":"https:\/\/extremepc-fr.com\/blog\/articles\/createur-apple\/"},"author":{"name":"Hugo Lambrecht","@id":"https:\/\/extremepc-fr.com\/blog\/#\/schema\/person\/3c864cdc320801e3db34b663e7e3f816"},"headline":"Cr\u00e9ateur Apple : Steve Jobs, Histoire et Fondation","datePublished":"2026-05-09T09:00:00+00:00","mainEntityOfPage":{"@id":"https:\/\/extremepc-fr.com\/blog\/articles\/createur-apple\/"},"wordCount":707,"commentCount":0,"publisher":{"@id":"https:\/\/extremepc-fr.com\/blog\/#organization"},"image":{"@id":"https:\/\/extremepc-fr.com\/blog\/articles\/createur-apple\/#primaryimage"},"thumbnailUrl":"https:\/\/extremepc-fr.com\/blog\/wp-content\/uploads\/2026\/05\/sdxl-4f8fff0fee74fca898f07932d7a72d4f-scaled.png","articleSection":["Articles"],"inLanguage":"fr-FR","potentialAction":[{"@type":"CommentAction","name":"Comment","target":["https:\/\/extremepc-fr.com\/blog\/articles\/createur-apple\/#respond"]}]},{"@type":"WebPage","@id":"https:\/\/extremepc-fr.com\/blog\/articles\/createur-apple\/","url":"https:\/\/extremepc-fr.com\/blog\/articles\/createur-apple\/","name":"Cr\u00e9ateur Apple : Steve Jobs, Histoire et Fondation","isPartOf":{"@id":"https:\/\/extremepc-fr.com\/blog\/#website"},"primaryImageOfPage":{"@id":"https:\/\/extremepc-fr.com\/blog\/articles\/createur-apple\/#primaryimage"},"image":{"@id":"https:\/\/extremepc-fr.com\/blog\/articles\/createur-apple\/#primaryimage"},"thumbnailUrl":"https:\/\/extremepc-fr.com\/blog\/wp-content\/uploads\/2026\/05\/sdxl-4f8fff0fee74fca898f07932d7a72d4f-scaled.png","datePublished":"2026-05-09T09:00:00+00:00","description":"Steve Jobs, cofondateur d\u2019Apple, a jou\u00e9 un r\u00f4le central dans la r\u00e9volution technologique des derni\u00e8res d\u00e9cennies. N\u00e9 en 1955, il a transform\u00e9 le secteur","inLanguage":"fr-FR","potentialAction":[{"@type":"ReadAction","target":["https:\/\/extremepc-fr.com\/blog\/articles\/createur-apple\/"]}]},{"@type":"ImageObject","inLanguage":"fr-FR","@id":"https:\/\/extremepc-fr.com\/blog\/articles\/createur-apple\/#primaryimage","url":"https:\/\/extremepc-fr.com\/blog\/wp-content\/uploads\/2026\/05\/sdxl-4f8fff0fee74fca898f07932d7a72d4f-scaled.png","contentUrl":"https:\/\/extremepc-fr.com\/blog\/wp-content\/uploads\/2026\/05\/sdxl-4f8fff0fee74fca898f07932d7a72d4f-scaled.png","width":1200,"height":500},{"@type":"WebSite","@id":"https:\/\/extremepc-fr.com\/blog\/#website","url":"https:\/\/extremepc-fr.com\/blog\/","name":"ExtremePC FR","description":"ExtremePC FR, la performance num\u00e9rique d\u00e9cupl\u00e9e","publisher":{"@id":"https:\/\/extremepc-fr.com\/blog\/#organization"},"alternateName":"ExtremePC FR, la performance num\u00e9rique d\u00e9cupl\u00e9e","potentialAction":[{"@type":"SearchAction","target":{"@type":"EntryPoint","urlTemplate":"https:\/\/extremepc-fr.com\/blog\/?s={search_term_string}"},"query-input":{"@type":"PropertyValueSpecification","valueRequired":true,"valueName":"search_term_string"}}],"inLanguage":"fr-FR"},{"@type":"Organization","@id":"https:\/\/extremepc-fr.com\/blog\/#organization","name":"ExtremePC FR","url":"https:\/\/extremepc-fr.com\/blog\/","logo":{"@type":"ImageObject","inLanguage":"fr-FR","@id":"https:\/\/extremepc-fr.com\/blog\/#\/schema\/logo\/image\/","url":"https:\/\/extremepc-fr.com\/blog\/wp-content\/uploads\/2024\/12\/cropped-3.png","contentUrl":"https:\/\/extremepc-fr.com\/blog\/wp-content\/uploads\/2024\/12\/cropped-3.png","width":282,"height":247,"caption":"ExtremePC FR"},"image":{"@id":"https:\/\/extremepc-fr.com\/blog\/#\/schema\/logo\/image\/"}},{"@type":"Person","@id":"https:\/\/extremepc-fr.com\/blog\/#\/schema\/person\/3c864cdc320801e3db34b663e7e3f816","name":"Hugo Lambrecht","image":{"@type":"ImageObject","inLanguage":"fr-FR","@id":"https:\/\/extremepc-fr.com\/blog\/#\/schema\/person\/image\/","url":"https:\/\/extremepc-fr.com\/blog\/wp-content\/uploads\/2026\/06\/persona_hugo-l-96x96.jpg","contentUrl":"https:\/\/extremepc-fr.com\/blog\/wp-content\/uploads\/2026\/06\/persona_hugo-l-96x96.jpg","caption":"Hugo Lambrecht"},"description":"Geek assum\u00e9 et veilleur tech depuis plus de dix ans, je passe mes journ\u00e9es \u00e0 tester, comparer et expliquer le num\u00e9rique. Mes terrains favoris : les astuces high-tech du quotidien, la s\u00e9curit\u00e9 en ligne et les outils web, des VPN aux logiciels qui simplifient la vie. J'aime prendre un sujet r\u00e9put\u00e9 compliqu\u00e9 et le rendre limpide pour quelqu'un qui n'est pas d\u00e9veloppeur. Avant de recommander un produit ou un service, je le mets r\u00e9ellement \u00e0 l'\u00e9preuve, je v\u00e9rifie les versions et les tarifs en vigueur, et je signale les limites autant que les atouts. Je me m\u00e9fie des classements de complaisance : un comparatif n'a de valeur que si la m\u00e9thode est transparente. Mon fil rouge, c'est l'utilit\u00e9 concr\u00e8te : aider le lecteur \u00e0 mieux choisir, mieux configurer et mieux se prot\u00e9ger, sans tomber dans le jargon.","sameAs":["https:\/\/hugolambrecht.fr\/"],"url":"https:\/\/extremepc-fr.com\/blog\/auteur\/noname\/"}]}},"_links":{"self":[{"href":"https:\/\/extremepc-fr.com\/blog\/wp-json\/wp\/v2\/posts\/7689","targetHints":{"allow":["GET"]}}],"collection":[{"href":"https:\/\/extremepc-fr.com\/blog\/wp-json\/wp\/v2\/posts"}],"about":[{"href":"https:\/\/extremepc-fr.com\/blog\/wp-json\/wp\/v2\/types\/post"}],"author":[{"embeddable":true,"href":"https:\/\/extremepc-fr.com\/blog\/wp-json\/wp\/v2\/users\/34"}],"replies":[{"embeddable":true,"href":"https:\/\/extremepc-fr.com\/blog\/wp-json\/wp\/v2\/comments?post=7689"}],"version-history":[{"count":1,"href":"https:\/\/extremepc-fr.com\/blog\/wp-json\/wp\/v2\/posts\/7689\/revisions"}],"predecessor-version":[{"id":7729,"href":"https:\/\/extremepc-fr.com\/blog\/wp-json\/wp\/v2\/posts\/7689\/revisions\/7729"}],"wp:featuredmedia":[{"embeddable":true,"href":"https:\/\/extremepc-fr.com\/blog\/wp-json\/wp\/v2\/media\/7738"}],"wp:attachment":[{"href":"https:\/\/extremepc-fr.com\/blog\/wp-json\/wp\/v2\/media?parent=7689"}],"wp:term":[{"taxonomy":"category","embeddable":true,"href":"https:\/\/extremepc-fr.com\/blog\/wp-json\/wp\/v2\/categories?post=7689"},{"taxonomy":"post_tag","embeddable":true,"href":"https:\/\/extremepc-fr.com\/blog\/wp-json\/wp\/v2\/tags?post=7689"}],"curies":[{"name":"wp","href":"https:\/\/api.w.org\/{rel}","templated":true}]}}