{"id":7688,"date":"2026-05-08T09:00:00","date_gmt":"2026-05-08T09:00:00","guid":{"rendered":"https:\/\/extremepc-fr.com\/blog\/?p=7688"},"modified":"2026-05-08T09:00:00","modified_gmt":"2026-05-08T09:00:00","slug":"mac-rose","status":"publish","type":"post","link":"https:\/\/extremepc-fr.com\/blog\/articles\/mac-rose\/","title":{"rendered":"Mac Rose : Mod\u00e8les et Tarifs Disponibles"},"content":{"rendered":"<p>Le terme \u201cMac Rose\u201d d\u00e9signe une variante color\u00e9e des ordinateurs Apple, notamment les MacBook. Cette teinte, appr\u00e9ci\u00e9e pour son esth\u00e9tique \u00e9l\u00e9gante et moderne, attire de nombreux utilisateurs \u00e0 la recherche d\u2019un appareil qui allie performance et style. Dans cet article, vous d\u00e9couvrirez les mod\u00e8les disponibles en rose ainsi que leurs tarifs, tout en explorant des alternatives int\u00e9ressantes sur le march\u00e9.<\/p>\n<h2>Mod\u00e8les de Mac Rose disponibles<\/h2>\n<h3>MacBook Air en Rose<\/h3>\n<p>Le <strong>MacBook Air<\/strong>, connu pour sa l\u00e9g\u00e8ret\u00e9 et sa finesse, est propos\u00e9 dans une version rose. Ce mod\u00e8le est id\u00e9al pour ceux qui recherchent un ordinateur portable performant pour le travail ou les loisirs.<\/p>\n<ul>\n<li><strong>Caract\u00e9ristiques principales<\/strong> :\n<ul>\n<li>Processeur M1 ou M2<\/li>\n<li>\u00c9cran Retina de 13,3 pouces<\/li>\n<li>Autonomie allant jusqu\u2019\u00e0 18 heures<\/li>\n<\/ul>\n<\/li>\n<\/ul>\n<p><strong>Tarif<\/strong> : \u00c0 partir de 1 299 \u20ac pour la version M1 avec 256 Go de stockage.<\/p>\n<h3>MacBook Pro en Rose<\/h3>\n<p>Le <strong>MacBook Pro<\/strong> est \u00e9galement disponible dans une version rose. Ce mod\u00e8le s\u2019adresse aux professionnels et aux cr\u00e9ateurs qui n\u00e9cessitent plus de puissance.<\/p>\n<ul>\n<li><strong>Caract\u00e9ristiques principales<\/strong> :\n<ul>\n<li>Processeurs M1 Pro ou M2 Pro<\/li>\n<li>\u00c9cran Retina de 14 ou 16 pouces<\/li>\n<li>Autonomie allant jusqu\u2019\u00e0 17 heures<\/li>\n<\/ul>\n<\/li>\n<\/ul>\n<p><strong>Tarif<\/strong> : \u00c0 partir de 2 249 \u20ac pour le mod\u00e8le de base avec M1 Pro et 512 Go de stockage.<\/p>\n<h2>Comparaison avec d\u2019autres alternatives sur le march\u00e9<\/h2>\n<table class=\"kwdbank-table\">\n<thead>\n<tr>\n<th>Mod\u00e8le<\/th>\n<th>Couleur<\/th>\n<th>Prix (\u20ac)<\/th>\n<th>Processeur<\/th>\n<th>Autonomie (heures)<\/th>\n<\/tr>\n<\/thead>\n<tbody>\n<tr>\n<td>MacBook Air (Rose)<\/td>\n<td>Rose<\/td>\n<td>\u00c0 partir de 1 299 \u20ac<\/td>\n<td>M1 \/ M2<\/td>\n<td>Jusqu\u2019\u00e0 18<\/td>\n<\/tr>\n<tr>\n<td>MacBook Pro (Rose)<\/td>\n<td>Rose<\/td>\n<td>\u00c0 partir de 2 249 \u20ac<\/td>\n<td>M1 Pro \/ M2 Pro<\/td>\n<td>Jusqu\u2019\u00e0 17<\/td>\n<\/tr>\n<tr>\n<td>Dell XPS 13<\/td>\n<td>Argent<\/td>\n<td>\u00c0 partir de 1 199 \u20ac<\/td>\n<td>Intel i5\/i7<\/td>\n<td>Jusqu\u2019\u00e0 12<\/td>\n<\/tr>\n<tr>\n<td>HP Spectre x360<\/td>\n<td>Noir\/Or<\/td>\n<td>\u00c0 partir de 1 399 \u20ac<\/td>\n<td>Intel i5\/i7<\/td>\n<td>Jusqu\u2019\u00e0 15<\/td>\n<\/tr>\n<\/tbody>\n<\/table>\n<h3>Alternatives int\u00e9ressantes<\/h3>\n<p>Si vous h\u00e9sitez entre un Mac rose et d\u2019autres options, voici quelques alternatives :<\/p>\n<ul>\n<li><strong>Dell XPS<\/strong> : R\u00e9put\u00e9 pour son design premium et ses performances solides.<\/li>\n<li><strong>HP Spectre x360<\/strong> : Un convertible \u00e9l\u00e9gant avec un bon rapport qualit\u00e9-prix.<\/li>\n<\/ul>\n<p>Ces mod\u00e8les offrent des performances comparables \u00e0 celles des Mac tout en proposant diff\u00e9rentes options de personnalisation.<\/p>\n<h2>Pi\u00e8ges \u00e0 \u00e9viter lors du choix d\u2019un Mac<\/h2>\n<p>L\u2019un des principaux pi\u00e8ges lors de l\u2019achat d\u2019un Mac rose est d\u2019opter uniquement pour l\u2019esth\u00e9tique sans consid\u00e9rer les sp\u00e9cifications techniques. Assurez-vous que le mod\u00e8le choisi r\u00e9pond \u00e0 vos besoins sp\u00e9cifiques. Par exemple, si vous \u00eates un utilisateur intensif (montage vid\u00e9o, design graphique), privil\u00e9giez un mod\u00e8le avec un processeur puissant comme le M1 Pro.<\/p>\n<h2>Pourquoi choisir un Mac en rose ?<\/h2>\n<p>Choisir un <strong>Mac rose<\/strong> ne se limite pas \u00e0 l\u2019esth\u00e9tique. Voici quelques raisons qui peuvent justifier ce choix :<\/p>\n<ul>\n<li><strong>Esth\u00e9tique unique<\/strong> : Le rose se distingue facilement dans un environnement professionnel.<\/li>\n<li><strong>Performance fiable<\/strong> : Les mod\u00e8les Apple sont connus pour leur long\u00e9vit\u00e9 et leur performance stable.<\/li>\n<li><strong>\u00c9cosyst\u00e8me Apple<\/strong> : Si vous poss\u00e9dez d\u00e9j\u00e0 des appareils Apple (iPhone, iPad), l\u2019int\u00e9gration sera fluide.<\/li>\n<\/ul>\n<h2>Tarifs et disponibilit\u00e9<\/h2>\n<p>Les tarifs mentionn\u00e9s ci-dessus peuvent varier en fonction des revendeurs et des promotions. Il est conseill\u00e9 de v\u00e9rifier r\u00e9guli\u00e8rement les sites officiels d\u2019Apple ainsi que chez les revendeurs agr\u00e9\u00e9s pour trouver les meilleures offres.<\/p>\n<h2>FAQ sur le Mac Rose<\/h2>\n<h3>Quelles sont les diff\u00e9rences entre les mod\u00e8les MacBook Air et MacBook Pro en rose ?<\/h3>\n<p>Le MacBook Air est plus l\u00e9ger et moins cher, tandis que le MacBook Pro offre plus de puissance et d\u2019autonomie.<\/p>\n<h3>O\u00f9 acheter un Mac rose ?<\/h3>\n<p>Vous pouvez acheter un Mac rose directement sur le site officiel d\u2019Apple ou chez des revendeurs agr\u00e9\u00e9s tels que Fnac ou Darty.<\/p>\n<h3>Quel est l\u2019int\u00e9r\u00eat d\u2019une couleur rose pour un ordinateur ?<\/h3>\n<p>La couleur rose apporte une touche personnelle et moderne \u00e0 votre mat\u00e9riel, tout en restant professionnel.<\/p>\n<h3>Quels accessoires sont disponibles pour accompagner un Mac rose ?<\/h3>\n<p>De nombreux accessoires comme des coques, des housses ou des stickers sont disponibles dans cette teinte ou assortis.<\/p>\n<h3>Les performances des Macs roses sont-elles inf\u00e9rieures aux autres couleurs ?<\/h3>\n<p>Non, la couleur n\u2019affecte pas les performances ; tous les mod\u00e8les partagent les m\u00eames sp\u00e9cifications techniques ind\u00e9pendamment de leur couleur.<\/p>\n<p>Envisagez-vous d\u2019acqu\u00e9rir un Mac rose ? Comparez bien vos options afin de choisir celui qui r\u00e9pondra le mieux \u00e0 vos attentes.<\/p>\n","protected":false},"excerpt":{"rendered":"","protected":false},"author":34,"featured_media":7719,"comment_status":"open","ping_status":"open","sticky":false,"template":"","format":"standard","meta":{"_acf_changed":false,"manual_indexmenow":false,"indexmenow_id_project":0,"footnotes":""},"categories":[4754],"tags":[],"class_list":["post-7688","post","type-post","status-publish","format-standard","has-post-thumbnail","hentry","category-articles","generate-columns","tablet-grid-50","mobile-grid-100","grid-parent","grid-25"],"acf":[],"yoast_head":"<!-- This site is optimized with the Yoast SEO Premium plugin v21.3 (Yoast SEO v25.6) - https:\/\/yoast.com\/wordpress\/plugins\/seo\/ -->\n<title>Mac Rose : Mod\u00e8les et Tarifs Disponibles<\/title>\n<meta name=\"description\" content=\"Le terme \u201cMac Rose\u201d d\u00e9signe une variante color\u00e9e des ordinateurs Apple, notamment les MacBook. Cette teinte, appr\u00e9ci\u00e9e pour son esth\u00e9tique \u00e9l\u00e9gante\" \/>\n<meta name=\"robots\" content=\"index, follow, max-snippet:-1, max-image-preview:large, max-video-preview:-1\" \/>\n<link rel=\"canonical\" href=\"https:\/\/extremepc-fr.com\/blog\/articles\/mac-rose\/\" \/>\n<meta property=\"og:locale\" content=\"fr_FR\" \/>\n<meta property=\"og:type\" content=\"article\" \/>\n<meta property=\"og:title\" content=\"Mac Rose : Mod\u00e8les et Tarifs Disponibles\" \/>\n<meta property=\"og:description\" content=\"Le terme \u201cMac Rose\u201d d\u00e9signe une variante color\u00e9e des ordinateurs Apple, notamment les MacBook. Cette teinte, appr\u00e9ci\u00e9e pour son esth\u00e9tique \u00e9l\u00e9gante\" \/>\n<meta property=\"og:url\" content=\"https:\/\/extremepc-fr.com\/blog\/articles\/mac-rose\/\" \/>\n<meta property=\"og:site_name\" content=\"extremepc\" \/>\n<meta property=\"og:image\" content=\"https:\/\/extremepc-fr.com\/blog\/wp-content\/uploads\/2026\/05\/sdxl-e126a9bd0a75dcba2c0d0417d9c72746-scaled.png\" \/>\n\t<meta property=\"og:image:width\" content=\"1200\" \/>\n\t<meta property=\"og:image:height\" content=\"500\" \/>\n\t<meta property=\"og:image:type\" content=\"image\/png\" \/>\n<meta name=\"author\" content=\"Hugo Lambrecht\" \/>\n<meta name=\"twitter:card\" content=\"summary_large_image\" \/>\n<script type=\"application\/ld+json\" class=\"yoast-schema-graph\">{\"@context\":\"https:\/\/schema.org\",\"@graph\":[{\"@type\":\"NewsArticle\",\"@id\":\"https:\/\/extremepc-fr.com\/blog\/articles\/mac-rose\/#article\",\"isPartOf\":{\"@id\":\"https:\/\/extremepc-fr.com\/blog\/articles\/mac-rose\/\"},\"author\":{\"name\":\"Hugo Lambrecht\",\"@id\":\"https:\/\/extremepc-fr.com\/blog\/#\/schema\/person\/3c864cdc320801e3db34b663e7e3f816\"},\"headline\":\"Mac Rose : Mod\u00e8les et Tarifs Disponibles\",\"datePublished\":\"2026-05-08T09:00:00+00:00\",\"mainEntityOfPage\":{\"@id\":\"https:\/\/extremepc-fr.com\/blog\/articles\/mac-rose\/\"},\"wordCount\":707,\"commentCount\":0,\"publisher\":{\"@id\":\"https:\/\/extremepc-fr.com\/blog\/#organization\"},\"image\":{\"@id\":\"https:\/\/extremepc-fr.com\/blog\/articles\/mac-rose\/#primaryimage\"},\"thumbnailUrl\":\"https:\/\/extremepc-fr.com\/blog\/wp-content\/uploads\/2026\/05\/sdxl-e126a9bd0a75dcba2c0d0417d9c72746-scaled.png\",\"articleSection\":[\"Articles\"],\"inLanguage\":\"fr-FR\",\"potentialAction\":[{\"@type\":\"CommentAction\",\"name\":\"Comment\",\"target\":[\"https:\/\/extremepc-fr.com\/blog\/articles\/mac-rose\/#respond\"]}]},{\"@type\":\"WebPage\",\"@id\":\"https:\/\/extremepc-fr.com\/blog\/articles\/mac-rose\/\",\"url\":\"https:\/\/extremepc-fr.com\/blog\/articles\/mac-rose\/\",\"name\":\"Mac Rose : Mod\u00e8les et Tarifs Disponibles\",\"isPartOf\":{\"@id\":\"https:\/\/extremepc-fr.com\/blog\/#website\"},\"primaryImageOfPage\":{\"@id\":\"https:\/\/extremepc-fr.com\/blog\/articles\/mac-rose\/#primaryimage\"},\"image\":{\"@id\":\"https:\/\/extremepc-fr.com\/blog\/articles\/mac-rose\/#primaryimage\"},\"thumbnailUrl\":\"https:\/\/extremepc-fr.com\/blog\/wp-content\/uploads\/2026\/05\/sdxl-e126a9bd0a75dcba2c0d0417d9c72746-scaled.png\",\"datePublished\":\"2026-05-08T09:00:00+00:00\",\"description\":\"Le terme \u201cMac Rose\u201d d\u00e9signe une variante color\u00e9e des ordinateurs Apple, notamment les MacBook. Cette teinte, appr\u00e9ci\u00e9e pour son esth\u00e9tique \u00e9l\u00e9gante\",\"inLanguage\":\"fr-FR\",\"potentialAction\":[{\"@type\":\"ReadAction\",\"target\":[\"https:\/\/extremepc-fr.com\/blog\/articles\/mac-rose\/\"]}]},{\"@type\":\"ImageObject\",\"inLanguage\":\"fr-FR\",\"@id\":\"https:\/\/extremepc-fr.com\/blog\/articles\/mac-rose\/#primaryimage\",\"url\":\"https:\/\/extremepc-fr.com\/blog\/wp-content\/uploads\/2026\/05\/sdxl-e126a9bd0a75dcba2c0d0417d9c72746-scaled.png\",\"contentUrl\":\"https:\/\/extremepc-fr.com\/blog\/wp-content\/uploads\/2026\/05\/sdxl-e126a9bd0a75dcba2c0d0417d9c72746-scaled.png\",\"width\":1200,\"height\":500},{\"@type\":\"WebSite\",\"@id\":\"https:\/\/extremepc-fr.com\/blog\/#website\",\"url\":\"https:\/\/extremepc-fr.com\/blog\/\",\"name\":\"ExtremePC FR\",\"description\":\"ExtremePC FR, la performance num\u00e9rique d\u00e9cupl\u00e9e\",\"publisher\":{\"@id\":\"https:\/\/extremepc-fr.com\/blog\/#organization\"},\"alternateName\":\"ExtremePC FR, la performance num\u00e9rique d\u00e9cupl\u00e9e\",\"potentialAction\":[{\"@type\":\"SearchAction\",\"target\":{\"@type\":\"EntryPoint\",\"urlTemplate\":\"https:\/\/extremepc-fr.com\/blog\/?s={search_term_string}\"},\"query-input\":{\"@type\":\"PropertyValueSpecification\",\"valueRequired\":true,\"valueName\":\"search_term_string\"}}],\"inLanguage\":\"fr-FR\"},{\"@type\":\"Organization\",\"@id\":\"https:\/\/extremepc-fr.com\/blog\/#organization\",\"name\":\"ExtremePC FR\",\"url\":\"https:\/\/extremepc-fr.com\/blog\/\",\"logo\":{\"@type\":\"ImageObject\",\"inLanguage\":\"fr-FR\",\"@id\":\"https:\/\/extremepc-fr.com\/blog\/#\/schema\/logo\/image\/\",\"url\":\"https:\/\/extremepc-fr.com\/blog\/wp-content\/uploads\/2024\/12\/cropped-3.png\",\"contentUrl\":\"https:\/\/extremepc-fr.com\/blog\/wp-content\/uploads\/2024\/12\/cropped-3.png\",\"width\":282,\"height\":247,\"caption\":\"ExtremePC FR\"},\"image\":{\"@id\":\"https:\/\/extremepc-fr.com\/blog\/#\/schema\/logo\/image\/\"}},{\"@type\":\"Person\",\"@id\":\"https:\/\/extremepc-fr.com\/blog\/#\/schema\/person\/3c864cdc320801e3db34b663e7e3f816\",\"name\":\"Hugo Lambrecht\",\"image\":{\"@type\":\"ImageObject\",\"inLanguage\":\"fr-FR\",\"@id\":\"https:\/\/extremepc-fr.com\/blog\/#\/schema\/person\/image\/\",\"url\":\"https:\/\/extremepc-fr.com\/blog\/wp-content\/uploads\/2026\/06\/persona_hugo-l-96x96.jpg\",\"contentUrl\":\"https:\/\/extremepc-fr.com\/blog\/wp-content\/uploads\/2026\/06\/persona_hugo-l-96x96.jpg\",\"caption\":\"Hugo Lambrecht\"},\"description\":\"Geek assum\u00e9 et veilleur tech depuis plus de dix ans, je passe mes journ\u00e9es \u00e0 tester, comparer et expliquer le num\u00e9rique. Mes terrains favoris : les astuces high-tech du quotidien, la s\u00e9curit\u00e9 en ligne et les outils web, des VPN aux logiciels qui simplifient la vie. J'aime prendre un sujet r\u00e9put\u00e9 compliqu\u00e9 et le rendre limpide pour quelqu'un qui n'est pas d\u00e9veloppeur. Avant de recommander un produit ou un service, je le mets r\u00e9ellement \u00e0 l'\u00e9preuve, je v\u00e9rifie les versions et les tarifs en vigueur, et je signale les limites autant que les atouts. Je me m\u00e9fie des classements de complaisance : un comparatif n'a de valeur que si la m\u00e9thode est transparente. Mon fil rouge, c'est l'utilit\u00e9 concr\u00e8te : aider le lecteur \u00e0 mieux choisir, mieux configurer et mieux se prot\u00e9ger, sans tomber dans le jargon.\",\"sameAs\":[\"https:\/\/hugolambrecht.fr\/\"],\"url\":\"https:\/\/extremepc-fr.com\/blog\/auteur\/noname\/\"}]}<\/script>\n<!-- \/ Yoast SEO Premium plugin. -->","yoast_head_json":{"title":"Mac Rose : Mod\u00e8les et Tarifs Disponibles","description":"Le terme \u201cMac Rose\u201d d\u00e9signe une variante color\u00e9e des ordinateurs Apple, notamment les MacBook. Cette teinte, appr\u00e9ci\u00e9e pour son esth\u00e9tique \u00e9l\u00e9gante","robots":{"index":"index","follow":"follow","max-snippet":"max-snippet:-1","max-image-preview":"max-image-preview:large","max-video-preview":"max-video-preview:-1"},"canonical":"https:\/\/extremepc-fr.com\/blog\/articles\/mac-rose\/","og_locale":"fr_FR","og_type":"article","og_title":"Mac Rose : Mod\u00e8les et Tarifs Disponibles","og_description":"Le terme \u201cMac Rose\u201d d\u00e9signe une variante color\u00e9e des ordinateurs Apple, notamment les MacBook. Cette teinte, appr\u00e9ci\u00e9e pour son esth\u00e9tique \u00e9l\u00e9gante","og_url":"https:\/\/extremepc-fr.com\/blog\/articles\/mac-rose\/","og_site_name":"extremepc","og_image":[{"width":1200,"height":500,"url":"https:\/\/extremepc-fr.com\/blog\/wp-content\/uploads\/2026\/05\/sdxl-e126a9bd0a75dcba2c0d0417d9c72746-scaled.png","type":"image\/png"}],"author":"Hugo Lambrecht","twitter_card":"summary_large_image","schema":{"@context":"https:\/\/schema.org","@graph":[{"@type":"NewsArticle","@id":"https:\/\/extremepc-fr.com\/blog\/articles\/mac-rose\/#article","isPartOf":{"@id":"https:\/\/extremepc-fr.com\/blog\/articles\/mac-rose\/"},"author":{"name":"Hugo Lambrecht","@id":"https:\/\/extremepc-fr.com\/blog\/#\/schema\/person\/3c864cdc320801e3db34b663e7e3f816"},"headline":"Mac Rose : Mod\u00e8les et Tarifs Disponibles","datePublished":"2026-05-08T09:00:00+00:00","mainEntityOfPage":{"@id":"https:\/\/extremepc-fr.com\/blog\/articles\/mac-rose\/"},"wordCount":707,"commentCount":0,"publisher":{"@id":"https:\/\/extremepc-fr.com\/blog\/#organization"},"image":{"@id":"https:\/\/extremepc-fr.com\/blog\/articles\/mac-rose\/#primaryimage"},"thumbnailUrl":"https:\/\/extremepc-fr.com\/blog\/wp-content\/uploads\/2026\/05\/sdxl-e126a9bd0a75dcba2c0d0417d9c72746-scaled.png","articleSection":["Articles"],"inLanguage":"fr-FR","potentialAction":[{"@type":"CommentAction","name":"Comment","target":["https:\/\/extremepc-fr.com\/blog\/articles\/mac-rose\/#respond"]}]},{"@type":"WebPage","@id":"https:\/\/extremepc-fr.com\/blog\/articles\/mac-rose\/","url":"https:\/\/extremepc-fr.com\/blog\/articles\/mac-rose\/","name":"Mac Rose : Mod\u00e8les et Tarifs Disponibles","isPartOf":{"@id":"https:\/\/extremepc-fr.com\/blog\/#website"},"primaryImageOfPage":{"@id":"https:\/\/extremepc-fr.com\/blog\/articles\/mac-rose\/#primaryimage"},"image":{"@id":"https:\/\/extremepc-fr.com\/blog\/articles\/mac-rose\/#primaryimage"},"thumbnailUrl":"https:\/\/extremepc-fr.com\/blog\/wp-content\/uploads\/2026\/05\/sdxl-e126a9bd0a75dcba2c0d0417d9c72746-scaled.png","datePublished":"2026-05-08T09:00:00+00:00","description":"Le terme \u201cMac Rose\u201d d\u00e9signe une variante color\u00e9e des ordinateurs Apple, notamment les MacBook. Cette teinte, appr\u00e9ci\u00e9e pour son esth\u00e9tique \u00e9l\u00e9gante","inLanguage":"fr-FR","potentialAction":[{"@type":"ReadAction","target":["https:\/\/extremepc-fr.com\/blog\/articles\/mac-rose\/"]}]},{"@type":"ImageObject","inLanguage":"fr-FR","@id":"https:\/\/extremepc-fr.com\/blog\/articles\/mac-rose\/#primaryimage","url":"https:\/\/extremepc-fr.com\/blog\/wp-content\/uploads\/2026\/05\/sdxl-e126a9bd0a75dcba2c0d0417d9c72746-scaled.png","contentUrl":"https:\/\/extremepc-fr.com\/blog\/wp-content\/uploads\/2026\/05\/sdxl-e126a9bd0a75dcba2c0d0417d9c72746-scaled.png","width":1200,"height":500},{"@type":"WebSite","@id":"https:\/\/extremepc-fr.com\/blog\/#website","url":"https:\/\/extremepc-fr.com\/blog\/","name":"ExtremePC FR","description":"ExtremePC FR, la performance num\u00e9rique d\u00e9cupl\u00e9e","publisher":{"@id":"https:\/\/extremepc-fr.com\/blog\/#organization"},"alternateName":"ExtremePC FR, la performance num\u00e9rique d\u00e9cupl\u00e9e","potentialAction":[{"@type":"SearchAction","target":{"@type":"EntryPoint","urlTemplate":"https:\/\/extremepc-fr.com\/blog\/?s={search_term_string}"},"query-input":{"@type":"PropertyValueSpecification","valueRequired":true,"valueName":"search_term_string"}}],"inLanguage":"fr-FR"},{"@type":"Organization","@id":"https:\/\/extremepc-fr.com\/blog\/#organization","name":"ExtremePC FR","url":"https:\/\/extremepc-fr.com\/blog\/","logo":{"@type":"ImageObject","inLanguage":"fr-FR","@id":"https:\/\/extremepc-fr.com\/blog\/#\/schema\/logo\/image\/","url":"https:\/\/extremepc-fr.com\/blog\/wp-content\/uploads\/2024\/12\/cropped-3.png","contentUrl":"https:\/\/extremepc-fr.com\/blog\/wp-content\/uploads\/2024\/12\/cropped-3.png","width":282,"height":247,"caption":"ExtremePC FR"},"image":{"@id":"https:\/\/extremepc-fr.com\/blog\/#\/schema\/logo\/image\/"}},{"@type":"Person","@id":"https:\/\/extremepc-fr.com\/blog\/#\/schema\/person\/3c864cdc320801e3db34b663e7e3f816","name":"Hugo Lambrecht","image":{"@type":"ImageObject","inLanguage":"fr-FR","@id":"https:\/\/extremepc-fr.com\/blog\/#\/schema\/person\/image\/","url":"https:\/\/extremepc-fr.com\/blog\/wp-content\/uploads\/2026\/06\/persona_hugo-l-96x96.jpg","contentUrl":"https:\/\/extremepc-fr.com\/blog\/wp-content\/uploads\/2026\/06\/persona_hugo-l-96x96.jpg","caption":"Hugo Lambrecht"},"description":"Geek assum\u00e9 et veilleur tech depuis plus de dix ans, je passe mes journ\u00e9es \u00e0 tester, comparer et expliquer le num\u00e9rique. Mes terrains favoris : les astuces high-tech du quotidien, la s\u00e9curit\u00e9 en ligne et les outils web, des VPN aux logiciels qui simplifient la vie. J'aime prendre un sujet r\u00e9put\u00e9 compliqu\u00e9 et le rendre limpide pour quelqu'un qui n'est pas d\u00e9veloppeur. Avant de recommander un produit ou un service, je le mets r\u00e9ellement \u00e0 l'\u00e9preuve, je v\u00e9rifie les versions et les tarifs en vigueur, et je signale les limites autant que les atouts. Je me m\u00e9fie des classements de complaisance : un comparatif n'a de valeur que si la m\u00e9thode est transparente. Mon fil rouge, c'est l'utilit\u00e9 concr\u00e8te : aider le lecteur \u00e0 mieux choisir, mieux configurer et mieux se prot\u00e9ger, sans tomber dans le jargon.","sameAs":["https:\/\/hugolambrecht.fr\/"],"url":"https:\/\/extremepc-fr.com\/blog\/auteur\/noname\/"}]}},"_links":{"self":[{"href":"https:\/\/extremepc-fr.com\/blog\/wp-json\/wp\/v2\/posts\/7688","targetHints":{"allow":["GET"]}}],"collection":[{"href":"https:\/\/extremepc-fr.com\/blog\/wp-json\/wp\/v2\/posts"}],"about":[{"href":"https:\/\/extremepc-fr.com\/blog\/wp-json\/wp\/v2\/types\/post"}],"author":[{"embeddable":true,"href":"https:\/\/extremepc-fr.com\/blog\/wp-json\/wp\/v2\/users\/34"}],"replies":[{"embeddable":true,"href":"https:\/\/extremepc-fr.com\/blog\/wp-json\/wp\/v2\/comments?post=7688"}],"version-history":[{"count":1,"href":"https:\/\/extremepc-fr.com\/blog\/wp-json\/wp\/v2\/posts\/7688\/revisions"}],"predecessor-version":[{"id":7718,"href":"https:\/\/extremepc-fr.com\/blog\/wp-json\/wp\/v2\/posts\/7688\/revisions\/7718"}],"wp:featuredmedia":[{"embeddable":true,"href":"https:\/\/extremepc-fr.com\/blog\/wp-json\/wp\/v2\/media\/7719"}],"wp:attachment":[{"href":"https:\/\/extremepc-fr.com\/blog\/wp-json\/wp\/v2\/media?parent=7688"}],"wp:term":[{"taxonomy":"category","embeddable":true,"href":"https:\/\/extremepc-fr.com\/blog\/wp-json\/wp\/v2\/categories?post=7688"},{"taxonomy":"post_tag","embeddable":true,"href":"https:\/\/extremepc-fr.com\/blog\/wp-json\/wp\/v2\/tags?post=7688"}],"curies":[{"name":"wp","href":"https:\/\/api.w.org\/{rel}","templated":true}]}}