{"id":7687,"date":"2026-05-07T09:00:00","date_gmt":"2026-05-07T09:00:00","guid":{"rendered":"https:\/\/extremepc-fr.com\/blog\/?p=7687"},"modified":"2026-05-07T09:00:00","modified_gmt":"2026-05-07T09:00:00","slug":"macbook-m5","status":"publish","type":"post","link":"https:\/\/extremepc-fr.com\/blog\/articles\/macbook-m5\/","title":{"rendered":"MacBook M5 : Prix et Caract\u00e9ristiques 2026"},"content":{"rendered":"<p>Le <strong>MacBook M5<\/strong> fait partie des derni\u00e8res innovations d\u2019Apple en mati\u00e8re d\u2019ordinateurs portables. En 2026, il attire l\u2019attention des utilisateurs \u00e0 la recherche d\u2019un appareil performant, l\u00e9ger et adapt\u00e9 \u00e0 leurs besoins quotidiens. Cet article pr\u00e9sente les caract\u00e9ristiques cl\u00e9s, les prix et ce qu\u2019il faut consid\u00e9rer avant de faire un achat.<\/p>\n<h2>Caract\u00e9ristiques techniques du MacBook M5<\/h2>\n<h3>Processeur et performance<\/h3>\n<p>Le MacBook M5 est \u00e9quip\u00e9 du tout dernier processeur Apple Silicon M5, qui offre une puissance de traitement accrue par rapport aux mod\u00e8les pr\u00e9c\u00e9dents. Voici quelques sp\u00e9cifications techniques :<\/p>\n<ul>\n<li><strong>Architecture<\/strong> : 8 c\u0153urs CPU (4 c\u0153urs haute performance et 4 c\u0153urs haute efficacit\u00e9)<\/li>\n<li><strong>GPU<\/strong> : 10 c\u0153urs graphiques<\/li>\n<li><strong>RAM<\/strong> : options de 8 Go, 16 Go ou 32 Go<\/li>\n<li><strong>Stockage<\/strong> : SSD allant de 256 Go \u00e0 2 To<\/li>\n<\/ul>\n<p>Cette configuration permet une gestion fluide des t\u00e2ches multit\u00e2ches, ainsi que des performances graphiques am\u00e9lior\u00e9es pour les utilisateurs travaillant avec des logiciels exigeants comme Final Cut Pro ou Adobe Creative Suite.<\/p>\n<h3>Autonomie et affichage<\/h3>\n<p>L\u2019autonomie est un point fort du MacBook M5. Avec jusqu\u2019\u00e0 20 heures d\u2019utilisation sur une seule charge, cet ordinateur est id\u00e9al pour ceux qui sont souvent en d\u00e9placement.<\/p>\n<p>L\u2019\u00e9cran Retina de 13 pouces pr\u00e9sente une r\u00e9solution de 2560 x 1600 pixels, offrant des couleurs vives et un excellent contraste. La luminosit\u00e9 atteint jusqu\u2019\u00e0 500 nits, ce qui permet une utilisation confortable m\u00eame en plein soleil.<\/p>\n<h2>Prix du MacBook M5<\/h2>\n<p>Le prix du MacBook M5 varie en fonction des configurations choisies :<\/p>\n<table class=\"kwdbank-table\">\n<thead>\n<tr>\n<th>Mod\u00e8le<\/th>\n<th>Prix (en euros)<\/th>\n<\/tr>\n<\/thead>\n<tbody>\n<tr>\n<td>MacBook M5 &#8211; 8 Go RAM \/ 256 Go SSD<\/td>\n<td>1 299 \u20ac<\/td>\n<\/tr>\n<tr>\n<td>MacBook M5 &#8211; 16 Go RAM \/ 512 Go SSD<\/td>\n<td>1 599 \u20ac<\/td>\n<\/tr>\n<tr>\n<td>MacBook M5 &#8211; 32 Go RAM \/ 1 To SSD<\/td>\n<td>2 199 \u20ac<\/td>\n<\/tr>\n<\/tbody>\n<\/table>\n<p>Ces tarifs peuvent fluctuer selon les promotions en cours ou les revendeurs. Il est conseill\u00e9 de v\u00e9rifier r\u00e9guli\u00e8rement les sites d\u2019Apple et les revendeurs agr\u00e9\u00e9s pour obtenir le meilleur prix.<\/p>\n<h2>Avantages du MacBook M5<\/h2>\n<ol>\n<li><strong>Performance accrue<\/strong> : Le processeur M5 permet une ex\u00e9cution rapide des applications.<\/li>\n<li><strong>Autonomie exceptionnelle<\/strong> : Id\u00e9al pour le travail mobile.<\/li>\n<li><strong>\u00c9cran de qualit\u00e9<\/strong> : Parfait pour le graphisme et le visionnage de vid\u00e9os.<\/li>\n<\/ol>\n<h3>Pi\u00e8ge \u00e0 \u00e9viter<\/h3>\n<p>\u00c9vitez d\u2019opter pour le mod\u00e8le avec seulement 256 Go de stockage si vous pr\u00e9voyez d\u2019utiliser beaucoup d\u2019applications lourdes ou si vous stockez r\u00e9guli\u00e8rement des fichiers volumineux. Privil\u00e9giez au moins la version avec un SSD de 512 Go pour une meilleure exp\u00e9rience utilisateur.<\/p>\n<h2>Comparaison avec le MacBook M4<\/h2>\n<table class=\"kwdbank-table\">\n<thead>\n<tr>\n<th>Caract\u00e9ristique<\/th>\n<th>MacBook M4<\/th>\n<th>MacBook M5<\/th>\n<\/tr>\n<\/thead>\n<tbody>\n<tr>\n<td>Processeur<\/td>\n<td>M4<\/td>\n<td>M5<\/td>\n<\/tr>\n<tr>\n<td>C\u0153urs CPU<\/td>\n<td>8<\/td>\n<td>8<\/td>\n<\/tr>\n<tr>\n<td>GPU<\/td>\n<td>Moins performant<\/td>\n<td>Plus performant<\/td>\n<\/tr>\n<tr>\n<td>Autonomie<\/td>\n<td>Jusqu\u2019\u00e0 18 heures<\/td>\n<td>Jusqu\u2019\u00e0 20 heures<\/td>\n<\/tr>\n<tr>\n<td>Prix moyen<\/td>\n<td>\u00c0 partir de 1\u202f199 \u20ac<\/td>\n<td>\u00c0 partir de 1\u202f299 \u20ac<\/td>\n<\/tr>\n<\/tbody>\n<\/table>\n<p>Le passage au mod\u00e8le M5 apporte donc une am\u00e9lioration notable en termes de performances et d\u2019autonomie.<\/p>\n<h2>Accessoires recommand\u00e9s<\/h2>\n<p>Pour tirer pleinement parti de votre MacBook M5, envisagez ces accessoires :<\/p>\n<ul>\n<li><strong>Adaptateur USB-C vers HDMI<\/strong> : Pour connecter facilement votre ordinateur \u00e0 un \u00e9cran externe.<\/li>\n<li><strong>Station d\u2019accueil<\/strong> : Pour \u00e9largir vos options de connectivit\u00e9.<\/li>\n<li><strong>Housse de protection<\/strong> : Pour prot\u00e9ger votre appareil lors de vos d\u00e9placements.<\/li>\n<\/ul>\n<h2>FAQ sur le MacBook M5<\/h2>\n<h3>Quelles sont les diff\u00e9rences entre le MacBook M4 et le MacBook M5 ?<\/h3>\n<p>Le MacBook M5 offre un processeur plus performant, une meilleure autonomie et une carte graphique am\u00e9lior\u00e9e par rapport au mod\u00e8le pr\u00e9c\u00e9dent.<\/p>\n<h3>Quel est le meilleur mod\u00e8le du MacBook M5 ?<\/h3>\n<p>Cela d\u00e9pend de vos besoins. Pour la plupart des utilisateurs, le mod\u00e8le avec <strong>16 Go de RAM et un SSD de 512 Go<\/strong> repr\u00e9sente un bon \u00e9quilibre entre performance et prix.<\/p>\n<h3>Le MacBook M5 est-il adapt\u00e9 aux jeux vid\u00e9o ?<\/h3>\n<p>Bien qu\u2019il ne soit pas con\u00e7u principalement pour les jeux, son GPU puissant permet de jouer \u00e0 certains titres moins exigeants sans probl\u00e8me.<\/p>\n<h3>Quand sera-t-il disponible en France ?<\/h3>\n<p>Le MacBook M5 est d\u00e9j\u00e0 disponible depuis d\u00e9but janvier 2026 dans la plupart des revendeurs Apple et magasins sp\u00e9cialis\u00e9s.<\/p>\n<h3>Quels syst\u00e8mes d\u2019exploitation prend en charge le MacBook M5 ?<\/h3>\n<p>Il fonctionne sous macOS Ventura, offrant toutes les derni\u00e8res fonctionnalit\u00e9s optimis\u00e9es pour Apple Silicon.<\/p>\n<h3>O\u00f9 acheter un MacBook M5 au meilleur prix ?<\/h3>\n<p>Visitez le site officiel d\u2019Apple ou v\u00e9rifiez chez les revendeurs agr\u00e9\u00e9s comme Fnac ou Darty pour comparer les offres disponibles.<\/p>\n<p>Explorez ces options d\u00e8s aujourd\u2019hui pour d\u00e9couvrir comment le <strong>MacBook M5<\/strong> peut transformer votre exp\u00e9rience informatique !<\/p>\n","protected":false},"excerpt":{"rendered":"","protected":false},"author":34,"featured_media":7720,"comment_status":"open","ping_status":"open","sticky":false,"template":"","format":"standard","meta":{"_acf_changed":false,"manual_indexmenow":false,"indexmenow_id_project":0,"footnotes":""},"categories":[4754],"tags":[],"class_list":["post-7687","post","type-post","status-publish","format-standard","has-post-thumbnail","hentry","category-articles","generate-columns","tablet-grid-50","mobile-grid-100","grid-parent","grid-25"],"acf":[],"yoast_head":"<!-- This site is optimized with the Yoast SEO Premium plugin v21.3 (Yoast SEO v25.6) - https:\/\/yoast.com\/wordpress\/plugins\/seo\/ -->\n<title>MacBook M5 : Prix et Caract\u00e9ristiques 2026<\/title>\n<meta name=\"description\" content=\"Le MacBook M5 fait partie des derni\u00e8res innovations d\u2019Apple en mati\u00e8re d\u2019ordinateurs portables. En 2026, il attire l\u2019attention des utilisateurs\" \/>\n<meta name=\"robots\" content=\"index, follow, max-snippet:-1, max-image-preview:large, max-video-preview:-1\" \/>\n<link rel=\"canonical\" href=\"https:\/\/extremepc-fr.com\/blog\/articles\/macbook-m5\/\" \/>\n<meta property=\"og:locale\" content=\"fr_FR\" \/>\n<meta property=\"og:type\" content=\"article\" \/>\n<meta property=\"og:title\" content=\"MacBook M5 : Prix et Caract\u00e9ristiques 2026\" \/>\n<meta property=\"og:description\" content=\"Le MacBook M5 fait partie des derni\u00e8res innovations d\u2019Apple en mati\u00e8re d\u2019ordinateurs portables. En 2026, il attire l\u2019attention des utilisateurs\" \/>\n<meta property=\"og:url\" content=\"https:\/\/extremepc-fr.com\/blog\/articles\/macbook-m5\/\" \/>\n<meta property=\"og:site_name\" content=\"extremepc\" \/>\n<meta property=\"og:image\" content=\"https:\/\/extremepc-fr.com\/blog\/wp-content\/uploads\/2026\/05\/sdxl-5932e022ec64210234873da579d56fdd-scaled.png\" \/>\n\t<meta property=\"og:image:width\" content=\"1200\" \/>\n\t<meta property=\"og:image:height\" content=\"500\" \/>\n\t<meta property=\"og:image:type\" content=\"image\/png\" \/>\n<meta name=\"author\" content=\"Hugo Lambrecht\" \/>\n<meta name=\"twitter:card\" content=\"summary_large_image\" \/>\n<script type=\"application\/ld+json\" class=\"yoast-schema-graph\">{\"@context\":\"https:\/\/schema.org\",\"@graph\":[{\"@type\":\"NewsArticle\",\"@id\":\"https:\/\/extremepc-fr.com\/blog\/articles\/macbook-m5\/#article\",\"isPartOf\":{\"@id\":\"https:\/\/extremepc-fr.com\/blog\/articles\/macbook-m5\/\"},\"author\":{\"name\":\"Hugo Lambrecht\",\"@id\":\"https:\/\/extremepc-fr.com\/blog\/#\/schema\/person\/3c864cdc320801e3db34b663e7e3f816\"},\"headline\":\"MacBook M5 : Prix et Caract\u00e9ristiques 2026\",\"datePublished\":\"2026-05-07T09:00:00+00:00\",\"mainEntityOfPage\":{\"@id\":\"https:\/\/extremepc-fr.com\/blog\/articles\/macbook-m5\/\"},\"wordCount\":733,\"commentCount\":0,\"publisher\":{\"@id\":\"https:\/\/extremepc-fr.com\/blog\/#organization\"},\"image\":{\"@id\":\"https:\/\/extremepc-fr.com\/blog\/articles\/macbook-m5\/#primaryimage\"},\"thumbnailUrl\":\"https:\/\/extremepc-fr.com\/blog\/wp-content\/uploads\/2026\/05\/sdxl-5932e022ec64210234873da579d56fdd-scaled.png\",\"articleSection\":[\"Articles\"],\"inLanguage\":\"fr-FR\",\"potentialAction\":[{\"@type\":\"CommentAction\",\"name\":\"Comment\",\"target\":[\"https:\/\/extremepc-fr.com\/blog\/articles\/macbook-m5\/#respond\"]}]},{\"@type\":\"WebPage\",\"@id\":\"https:\/\/extremepc-fr.com\/blog\/articles\/macbook-m5\/\",\"url\":\"https:\/\/extremepc-fr.com\/blog\/articles\/macbook-m5\/\",\"name\":\"MacBook M5 : Prix et Caract\u00e9ristiques 2026\",\"isPartOf\":{\"@id\":\"https:\/\/extremepc-fr.com\/blog\/#website\"},\"primaryImageOfPage\":{\"@id\":\"https:\/\/extremepc-fr.com\/blog\/articles\/macbook-m5\/#primaryimage\"},\"image\":{\"@id\":\"https:\/\/extremepc-fr.com\/blog\/articles\/macbook-m5\/#primaryimage\"},\"thumbnailUrl\":\"https:\/\/extremepc-fr.com\/blog\/wp-content\/uploads\/2026\/05\/sdxl-5932e022ec64210234873da579d56fdd-scaled.png\",\"datePublished\":\"2026-05-07T09:00:00+00:00\",\"description\":\"Le MacBook M5 fait partie des derni\u00e8res innovations d\u2019Apple en mati\u00e8re d\u2019ordinateurs portables. En 2026, il attire l\u2019attention des utilisateurs\",\"inLanguage\":\"fr-FR\",\"potentialAction\":[{\"@type\":\"ReadAction\",\"target\":[\"https:\/\/extremepc-fr.com\/blog\/articles\/macbook-m5\/\"]}]},{\"@type\":\"ImageObject\",\"inLanguage\":\"fr-FR\",\"@id\":\"https:\/\/extremepc-fr.com\/blog\/articles\/macbook-m5\/#primaryimage\",\"url\":\"https:\/\/extremepc-fr.com\/blog\/wp-content\/uploads\/2026\/05\/sdxl-5932e022ec64210234873da579d56fdd-scaled.png\",\"contentUrl\":\"https:\/\/extremepc-fr.com\/blog\/wp-content\/uploads\/2026\/05\/sdxl-5932e022ec64210234873da579d56fdd-scaled.png\",\"width\":1200,\"height\":500},{\"@type\":\"WebSite\",\"@id\":\"https:\/\/extremepc-fr.com\/blog\/#website\",\"url\":\"https:\/\/extremepc-fr.com\/blog\/\",\"name\":\"ExtremePC FR\",\"description\":\"ExtremePC FR, la performance num\u00e9rique d\u00e9cupl\u00e9e\",\"publisher\":{\"@id\":\"https:\/\/extremepc-fr.com\/blog\/#organization\"},\"alternateName\":\"ExtremePC FR, la performance num\u00e9rique d\u00e9cupl\u00e9e\",\"potentialAction\":[{\"@type\":\"SearchAction\",\"target\":{\"@type\":\"EntryPoint\",\"urlTemplate\":\"https:\/\/extremepc-fr.com\/blog\/?s={search_term_string}\"},\"query-input\":{\"@type\":\"PropertyValueSpecification\",\"valueRequired\":true,\"valueName\":\"search_term_string\"}}],\"inLanguage\":\"fr-FR\"},{\"@type\":\"Organization\",\"@id\":\"https:\/\/extremepc-fr.com\/blog\/#organization\",\"name\":\"ExtremePC FR\",\"url\":\"https:\/\/extremepc-fr.com\/blog\/\",\"logo\":{\"@type\":\"ImageObject\",\"inLanguage\":\"fr-FR\",\"@id\":\"https:\/\/extremepc-fr.com\/blog\/#\/schema\/logo\/image\/\",\"url\":\"https:\/\/extremepc-fr.com\/blog\/wp-content\/uploads\/2024\/12\/cropped-3.png\",\"contentUrl\":\"https:\/\/extremepc-fr.com\/blog\/wp-content\/uploads\/2024\/12\/cropped-3.png\",\"width\":282,\"height\":247,\"caption\":\"ExtremePC FR\"},\"image\":{\"@id\":\"https:\/\/extremepc-fr.com\/blog\/#\/schema\/logo\/image\/\"}},{\"@type\":\"Person\",\"@id\":\"https:\/\/extremepc-fr.com\/blog\/#\/schema\/person\/3c864cdc320801e3db34b663e7e3f816\",\"name\":\"Hugo Lambrecht\",\"image\":{\"@type\":\"ImageObject\",\"inLanguage\":\"fr-FR\",\"@id\":\"https:\/\/extremepc-fr.com\/blog\/#\/schema\/person\/image\/\",\"url\":\"https:\/\/extremepc-fr.com\/blog\/wp-content\/uploads\/2026\/06\/persona_hugo-l-96x96.jpg\",\"contentUrl\":\"https:\/\/extremepc-fr.com\/blog\/wp-content\/uploads\/2026\/06\/persona_hugo-l-96x96.jpg\",\"caption\":\"Hugo Lambrecht\"},\"description\":\"Geek assum\u00e9 et veilleur tech depuis plus de dix ans, je passe mes journ\u00e9es \u00e0 tester, comparer et expliquer le num\u00e9rique. Mes terrains favoris : les astuces high-tech du quotidien, la s\u00e9curit\u00e9 en ligne et les outils web, des VPN aux logiciels qui simplifient la vie. J'aime prendre un sujet r\u00e9put\u00e9 compliqu\u00e9 et le rendre limpide pour quelqu'un qui n'est pas d\u00e9veloppeur. Avant de recommander un produit ou un service, je le mets r\u00e9ellement \u00e0 l'\u00e9preuve, je v\u00e9rifie les versions et les tarifs en vigueur, et je signale les limites autant que les atouts. Je me m\u00e9fie des classements de complaisance : un comparatif n'a de valeur que si la m\u00e9thode est transparente. Mon fil rouge, c'est l'utilit\u00e9 concr\u00e8te : aider le lecteur \u00e0 mieux choisir, mieux configurer et mieux se prot\u00e9ger, sans tomber dans le jargon.\",\"sameAs\":[\"https:\/\/hugolambrecht.fr\/\"],\"url\":\"https:\/\/extremepc-fr.com\/blog\/auteur\/noname\/\"}]}<\/script>\n<!-- \/ Yoast SEO Premium plugin. -->","yoast_head_json":{"title":"MacBook M5 : Prix et Caract\u00e9ristiques 2026","description":"Le MacBook M5 fait partie des derni\u00e8res innovations d\u2019Apple en mati\u00e8re d\u2019ordinateurs portables. En 2026, il attire l\u2019attention des utilisateurs","robots":{"index":"index","follow":"follow","max-snippet":"max-snippet:-1","max-image-preview":"max-image-preview:large","max-video-preview":"max-video-preview:-1"},"canonical":"https:\/\/extremepc-fr.com\/blog\/articles\/macbook-m5\/","og_locale":"fr_FR","og_type":"article","og_title":"MacBook M5 : Prix et Caract\u00e9ristiques 2026","og_description":"Le MacBook M5 fait partie des derni\u00e8res innovations d\u2019Apple en mati\u00e8re d\u2019ordinateurs portables. En 2026, il attire l\u2019attention des utilisateurs","og_url":"https:\/\/extremepc-fr.com\/blog\/articles\/macbook-m5\/","og_site_name":"extremepc","og_image":[{"width":1200,"height":500,"url":"https:\/\/extremepc-fr.com\/blog\/wp-content\/uploads\/2026\/05\/sdxl-5932e022ec64210234873da579d56fdd-scaled.png","type":"image\/png"}],"author":"Hugo Lambrecht","twitter_card":"summary_large_image","schema":{"@context":"https:\/\/schema.org","@graph":[{"@type":"NewsArticle","@id":"https:\/\/extremepc-fr.com\/blog\/articles\/macbook-m5\/#article","isPartOf":{"@id":"https:\/\/extremepc-fr.com\/blog\/articles\/macbook-m5\/"},"author":{"name":"Hugo Lambrecht","@id":"https:\/\/extremepc-fr.com\/blog\/#\/schema\/person\/3c864cdc320801e3db34b663e7e3f816"},"headline":"MacBook M5 : Prix et Caract\u00e9ristiques 2026","datePublished":"2026-05-07T09:00:00+00:00","mainEntityOfPage":{"@id":"https:\/\/extremepc-fr.com\/blog\/articles\/macbook-m5\/"},"wordCount":733,"commentCount":0,"publisher":{"@id":"https:\/\/extremepc-fr.com\/blog\/#organization"},"image":{"@id":"https:\/\/extremepc-fr.com\/blog\/articles\/macbook-m5\/#primaryimage"},"thumbnailUrl":"https:\/\/extremepc-fr.com\/blog\/wp-content\/uploads\/2026\/05\/sdxl-5932e022ec64210234873da579d56fdd-scaled.png","articleSection":["Articles"],"inLanguage":"fr-FR","potentialAction":[{"@type":"CommentAction","name":"Comment","target":["https:\/\/extremepc-fr.com\/blog\/articles\/macbook-m5\/#respond"]}]},{"@type":"WebPage","@id":"https:\/\/extremepc-fr.com\/blog\/articles\/macbook-m5\/","url":"https:\/\/extremepc-fr.com\/blog\/articles\/macbook-m5\/","name":"MacBook M5 : Prix et Caract\u00e9ristiques 2026","isPartOf":{"@id":"https:\/\/extremepc-fr.com\/blog\/#website"},"primaryImageOfPage":{"@id":"https:\/\/extremepc-fr.com\/blog\/articles\/macbook-m5\/#primaryimage"},"image":{"@id":"https:\/\/extremepc-fr.com\/blog\/articles\/macbook-m5\/#primaryimage"},"thumbnailUrl":"https:\/\/extremepc-fr.com\/blog\/wp-content\/uploads\/2026\/05\/sdxl-5932e022ec64210234873da579d56fdd-scaled.png","datePublished":"2026-05-07T09:00:00+00:00","description":"Le MacBook M5 fait partie des derni\u00e8res innovations d\u2019Apple en mati\u00e8re d\u2019ordinateurs portables. En 2026, il attire l\u2019attention des utilisateurs","inLanguage":"fr-FR","potentialAction":[{"@type":"ReadAction","target":["https:\/\/extremepc-fr.com\/blog\/articles\/macbook-m5\/"]}]},{"@type":"ImageObject","inLanguage":"fr-FR","@id":"https:\/\/extremepc-fr.com\/blog\/articles\/macbook-m5\/#primaryimage","url":"https:\/\/extremepc-fr.com\/blog\/wp-content\/uploads\/2026\/05\/sdxl-5932e022ec64210234873da579d56fdd-scaled.png","contentUrl":"https:\/\/extremepc-fr.com\/blog\/wp-content\/uploads\/2026\/05\/sdxl-5932e022ec64210234873da579d56fdd-scaled.png","width":1200,"height":500},{"@type":"WebSite","@id":"https:\/\/extremepc-fr.com\/blog\/#website","url":"https:\/\/extremepc-fr.com\/blog\/","name":"ExtremePC FR","description":"ExtremePC FR, la performance num\u00e9rique d\u00e9cupl\u00e9e","publisher":{"@id":"https:\/\/extremepc-fr.com\/blog\/#organization"},"alternateName":"ExtremePC FR, la performance num\u00e9rique d\u00e9cupl\u00e9e","potentialAction":[{"@type":"SearchAction","target":{"@type":"EntryPoint","urlTemplate":"https:\/\/extremepc-fr.com\/blog\/?s={search_term_string}"},"query-input":{"@type":"PropertyValueSpecification","valueRequired":true,"valueName":"search_term_string"}}],"inLanguage":"fr-FR"},{"@type":"Organization","@id":"https:\/\/extremepc-fr.com\/blog\/#organization","name":"ExtremePC FR","url":"https:\/\/extremepc-fr.com\/blog\/","logo":{"@type":"ImageObject","inLanguage":"fr-FR","@id":"https:\/\/extremepc-fr.com\/blog\/#\/schema\/logo\/image\/","url":"https:\/\/extremepc-fr.com\/blog\/wp-content\/uploads\/2024\/12\/cropped-3.png","contentUrl":"https:\/\/extremepc-fr.com\/blog\/wp-content\/uploads\/2024\/12\/cropped-3.png","width":282,"height":247,"caption":"ExtremePC FR"},"image":{"@id":"https:\/\/extremepc-fr.com\/blog\/#\/schema\/logo\/image\/"}},{"@type":"Person","@id":"https:\/\/extremepc-fr.com\/blog\/#\/schema\/person\/3c864cdc320801e3db34b663e7e3f816","name":"Hugo Lambrecht","image":{"@type":"ImageObject","inLanguage":"fr-FR","@id":"https:\/\/extremepc-fr.com\/blog\/#\/schema\/person\/image\/","url":"https:\/\/extremepc-fr.com\/blog\/wp-content\/uploads\/2026\/06\/persona_hugo-l-96x96.jpg","contentUrl":"https:\/\/extremepc-fr.com\/blog\/wp-content\/uploads\/2026\/06\/persona_hugo-l-96x96.jpg","caption":"Hugo Lambrecht"},"description":"Geek assum\u00e9 et veilleur tech depuis plus de dix ans, je passe mes journ\u00e9es \u00e0 tester, comparer et expliquer le num\u00e9rique. Mes terrains favoris : les astuces high-tech du quotidien, la s\u00e9curit\u00e9 en ligne et les outils web, des VPN aux logiciels qui simplifient la vie. J'aime prendre un sujet r\u00e9put\u00e9 compliqu\u00e9 et le rendre limpide pour quelqu'un qui n'est pas d\u00e9veloppeur. Avant de recommander un produit ou un service, je le mets r\u00e9ellement \u00e0 l'\u00e9preuve, je v\u00e9rifie les versions et les tarifs en vigueur, et je signale les limites autant que les atouts. Je me m\u00e9fie des classements de complaisance : un comparatif n'a de valeur que si la m\u00e9thode est transparente. Mon fil rouge, c'est l'utilit\u00e9 concr\u00e8te : aider le lecteur \u00e0 mieux choisir, mieux configurer et mieux se prot\u00e9ger, sans tomber dans le jargon.","sameAs":["https:\/\/hugolambrecht.fr\/"],"url":"https:\/\/extremepc-fr.com\/blog\/auteur\/noname\/"}]}},"_links":{"self":[{"href":"https:\/\/extremepc-fr.com\/blog\/wp-json\/wp\/v2\/posts\/7687","targetHints":{"allow":["GET"]}}],"collection":[{"href":"https:\/\/extremepc-fr.com\/blog\/wp-json\/wp\/v2\/posts"}],"about":[{"href":"https:\/\/extremepc-fr.com\/blog\/wp-json\/wp\/v2\/types\/post"}],"author":[{"embeddable":true,"href":"https:\/\/extremepc-fr.com\/blog\/wp-json\/wp\/v2\/users\/34"}],"replies":[{"embeddable":true,"href":"https:\/\/extremepc-fr.com\/blog\/wp-json\/wp\/v2\/comments?post=7687"}],"version-history":[{"count":1,"href":"https:\/\/extremepc-fr.com\/blog\/wp-json\/wp\/v2\/posts\/7687\/revisions"}],"predecessor-version":[{"id":7717,"href":"https:\/\/extremepc-fr.com\/blog\/wp-json\/wp\/v2\/posts\/7687\/revisions\/7717"}],"wp:featuredmedia":[{"embeddable":true,"href":"https:\/\/extremepc-fr.com\/blog\/wp-json\/wp\/v2\/media\/7720"}],"wp:attachment":[{"href":"https:\/\/extremepc-fr.com\/blog\/wp-json\/wp\/v2\/media?parent=7687"}],"wp:term":[{"taxonomy":"category","embeddable":true,"href":"https:\/\/extremepc-fr.com\/blog\/wp-json\/wp\/v2\/categories?post=7687"},{"taxonomy":"post_tag","embeddable":true,"href":"https:\/\/extremepc-fr.com\/blog\/wp-json\/wp\/v2\/tags?post=7687"}],"curies":[{"name":"wp","href":"https:\/\/api.w.org\/{rel}","templated":true}]}}