{"id":7684,"date":"2026-05-04T09:00:00","date_gmt":"2026-05-04T09:00:00","guid":{"rendered":"https:\/\/extremepc-fr.com\/blog\/?p=7684"},"modified":"2026-05-04T09:00:00","modified_gmt":"2026-05-04T09:00:00","slug":"mac-book-pro-m4","status":"publish","type":"post","link":"https:\/\/extremepc-fr.com\/blog\/articles\/mac-book-pro-m4\/","title":{"rendered":"MacBook Pro M4 : Prix, Test et Comparatif 2026"},"content":{"rendered":"<p>Le MacBook Pro M4, lanc\u00e9 en 2026, suscite un int\u00e9r\u00eat croissant parmi les utilisateurs professionnels et les cr\u00e9ateurs de contenu. Avec des performances am\u00e9lior\u00e9es et une efficacit\u00e9 \u00e9nerg\u00e9tique optimis\u00e9e, ce mod\u00e8le int\u00e8gre des innovations technologiques r\u00e9pondant aux normes de durabilit\u00e9 et d\u2019accessibilit\u00e9 en vigueur. Cet article vous pr\u00e9sente les caract\u00e9ristiques cl\u00e9s, les prix, ainsi qu\u2019un comparatif avec ses pr\u00e9d\u00e9cesseurs et concurrents.<\/p>\n<h2>Caract\u00e9ristiques Techniques du MacBook Pro M4<\/h2>\n<h3>Performances Am\u00e9lior\u00e9es<\/h3>\n<p>Le MacBook Pro M4 est \u00e9quip\u00e9 du <strong>processeur Apple M4<\/strong>, qui offre jusqu\u2019\u00e0 <strong>20% de performance<\/strong> suppl\u00e9mentaire par rapport au M1 et M2. En termes de benchmarks, le M4 atteint des scores sup\u00e9rieurs \u00e0 9 000 sur le test Geekbench, rendant ce mod\u00e8le particuli\u00e8rement adapt\u00e9 pour les t\u00e2ches lourdes comme le montage vid\u00e9o en 8K ou le rendu 3D.<\/p>\n<h3>Autonomie \u00c9nerg\u00e9tique<\/h3>\n<p>L\u2019un des atouts majeurs du MacBook Pro M4 est son autonomie qui peut atteindre <strong>20 heures<\/strong> d\u2019utilisation normale. Gr\u00e2ce \u00e0 une gestion optimis\u00e9e de l\u2019\u00e9nergie et \u00e0 des composants \u00e9co\u00e9nerg\u00e9tiques, il respecte les normes environnementales strictes mises en place en 2026.<\/p>\n<h2>Prix du MacBook Pro M4<\/h2>\n<p>Le prix de base du MacBook Pro M4 d\u00e9marre autour de <strong>2 499 \u20ac<\/strong> pour la version avec 16 Go de RAM et 512 Go de stockage SSD. Voici un tableau r\u00e9capitulatif des diff\u00e9rentes configurations :<\/p>\n<table class=\"kwdbank-table\">\n<thead>\n<tr>\n<th>Mod\u00e8le<\/th>\n<th>RAM<\/th>\n<th>Stockage<\/th>\n<th>Prix<\/th>\n<\/tr>\n<\/thead>\n<tbody>\n<tr>\n<td>MacBook Pro M4 Base<\/td>\n<td>16 Go<\/td>\n<td>512 Go<\/td>\n<td>2 499 \u20ac<\/td>\n<\/tr>\n<tr>\n<td>MacBook Pro M4 Plus<\/td>\n<td>32 Go<\/td>\n<td>1 To<\/td>\n<td>3 199 \u20ac<\/td>\n<\/tr>\n<tr>\n<td>MacBook Pro M4 Max<\/td>\n<td>64 Go<\/td>\n<td>2 To<\/td>\n<td>3 999 \u20ac<\/td>\n<\/tr>\n<\/tbody>\n<\/table>\n<h2>Comparatif avec les Pr\u00e9d\u00e9cesseurs<\/h2>\n<h3>Diff\u00e9rences Cl\u00e9s<\/h3>\n<p>Compar\u00e9 aux mod\u00e8les pr\u00e9c\u00e9dents (M1 et M2), le MacBook Pro M4 pr\u00e9sente des am\u00e9liorations notables :<\/p>\n<ul>\n<li><strong>Processeur<\/strong> : Le passage au M4 permet un traitement plus rapide et efficace.<\/li>\n<li><strong>Affichage<\/strong> : L\u2019\u00e9cran Liquid Retina XDR offre une luminosit\u00e9 maximale de <strong>1600 nits<\/strong>, contre <strong>1000 nits<\/strong> pour le mod\u00e8le pr\u00e9c\u00e9dent.<\/li>\n<li><strong>Connectivit\u00e9<\/strong> : Le mod\u00e8le dispose d\u00e9sormais de ports Thunderbolt 5, permettant des d\u00e9bits allant jusqu\u2019\u00e0 <strong>80 Gbps<\/strong>.<\/li>\n<\/ul>\n<h3>Concurrence sur le March\u00e9<\/h3>\n<p>Face \u00e0 la concurrence, notamment des PC portables haut de gamme comme le Dell XPS ou le Lenovo ThinkPad X1 Carbon, le MacBook Pro M4 se d\u00e9marque par son int\u00e9gration parfaite dans l\u2019\u00e9cosyst\u00e8me Apple et ses capacit\u00e9s graphiques sup\u00e9rieures.<\/p>\n<h2>Pi\u00e8ges \u00e0 \u00c9viter lors de l\u2019Achat<\/h2>\n<p>Un pi\u00e8ge courant lors de l\u2019achat d\u2019un MacBook Pro est d\u2019opter pour une configuration minimale sans anticiper les besoins futurs. Par exemple, choisir un mod\u00e8le avec seulement <strong>16 Go de RAM<\/strong> peut s\u2019av\u00e9rer insuffisant pour des t\u00e2ches lourdes comme le montage vid\u00e9o \u00e0 long terme. Il est conseill\u00e9 d\u2019\u00e9valuer vos besoins avant d\u2019investir dans une configuration sp\u00e9cifique.<\/p>\n<h2>Normes R\u00e9glementaires en Vigueur en 2026<\/h2>\n<p>Avec l\u2019\u00e9volution rapide des technologies, plusieurs normes ont \u00e9t\u00e9 mises en place en mati\u00e8re d\u2019\u00e9cologie et d\u2019accessibilit\u00e9 :<\/p>\n<ul>\n<li><strong>\u00c9coconception<\/strong> : Les fabricants doivent garantir que leurs produits respectent les crit\u00e8res d\u2019\u00e9co-conception pour r\u00e9duire leur impact environnemental.<\/li>\n<li><strong>Accessibilit\u00e9 num\u00e9rique<\/strong> : Les appareils doivent \u00eatre conformes aux standards WCAG (Web Content Accessibility Guidelines) pour garantir leur accessibilit\u00e9 \u00e0 tous.<\/li>\n<\/ul>\n<p>Ces r\u00e9glementations influencent non seulement la conception mais aussi la commercialisation du MacBook Pro M4.<\/p>\n<h2>FAQ<\/h2>\n<h3>Quelles sont les nouveaut\u00e9s du MacBook Pro M4 ?<\/h3>\n<p>Le MacBook Pro M4 int\u00e8gre un processeur plus puissant, une meilleure autonomie et un \u00e9cran am\u00e9lior\u00e9.<\/p>\n<h3>Est-ce que le MacBook Pro M4 est adapt\u00e9 pour les professionnels ?<\/h3>\n<p>Oui, gr\u00e2ce \u00e0 sa puissance accrue et sa capacit\u00e9 d\u2019affichage, il convient parfaitement aux professionnels cr\u00e9atifs.<\/p>\n<h3>Quel est le prix moyen du MacBook Pro M4 ?<\/h3>\n<p>Les prix commencent autour de <strong>2 499 \u20ac<\/strong>, selon la configuration choisie.<\/p>\n<h3>Comment se compare-t-il aux mod\u00e8les pr\u00e9c\u00e9dents ?<\/h3>\n<p>Il offre des performances nettement sup\u00e9rieures par rapport aux mod\u00e8les \u00e9quip\u00e9s des processeurs M1 et M2.<\/p>\n<h3>Quelles sont les principales caract\u00e9ristiques \u00e9cologiques du MacBook Pro M4 ?<\/h3>\n<p>Il respecte les normes d\u2019\u00e9coconception en utilisant des mat\u00e9riaux recyclables et en r\u00e9duisant sa consommation \u00e9nerg\u00e9tique.<\/p>\n<h3>O\u00f9 acheter le MacBook Pro M4 ?<\/h3>\n<p>Il est disponible dans tous les points de vente agr\u00e9\u00e9s Apple ainsi que sur leur site officiel.<\/p>\n<p>Pour toute question ou compl\u00e9ment d\u2019information sur le MacBook Pro M4, n\u2019h\u00e9sitez pas \u00e0 consulter directement les sources officielles ou \u00e0 visiter votre revendeur local.<\/p>\n","protected":false},"excerpt":{"rendered":"","protected":false},"author":34,"featured_media":7723,"comment_status":"open","ping_status":"open","sticky":false,"template":"","format":"standard","meta":{"_acf_changed":false,"manual_indexmenow":false,"indexmenow_id_project":0,"footnotes":""},"categories":[4754],"tags":[],"class_list":["post-7684","post","type-post","status-publish","format-standard","has-post-thumbnail","hentry","category-articles","generate-columns","tablet-grid-50","mobile-grid-100","grid-parent","grid-25"],"acf":[],"yoast_head":"<!-- This site is optimized with the Yoast SEO Premium plugin v21.3 (Yoast SEO v25.6) - https:\/\/yoast.com\/wordpress\/plugins\/seo\/ -->\n<title>MacBook Pro M4 : Prix, Test et Comparatif 2026<\/title>\n<meta name=\"description\" content=\"Le MacBook Pro M4, lanc\u00e9 en 2026, suscite un int\u00e9r\u00eat croissant parmi les utilisateurs professionnels et les cr\u00e9ateurs de contenu. Avec des performances\" \/>\n<meta name=\"robots\" content=\"index, follow, max-snippet:-1, max-image-preview:large, max-video-preview:-1\" \/>\n<link rel=\"canonical\" href=\"https:\/\/extremepc-fr.com\/blog\/articles\/mac-book-pro-m4\/\" \/>\n<meta property=\"og:locale\" content=\"fr_FR\" \/>\n<meta property=\"og:type\" content=\"article\" \/>\n<meta property=\"og:title\" content=\"MacBook Pro M4 : Prix, Test et Comparatif 2026\" \/>\n<meta property=\"og:description\" content=\"Le MacBook Pro M4, lanc\u00e9 en 2026, suscite un int\u00e9r\u00eat croissant parmi les utilisateurs professionnels et les cr\u00e9ateurs de contenu. Avec des performances\" \/>\n<meta property=\"og:url\" content=\"https:\/\/extremepc-fr.com\/blog\/articles\/mac-book-pro-m4\/\" \/>\n<meta property=\"og:site_name\" content=\"extremepc\" \/>\n<meta property=\"og:image\" content=\"https:\/\/extremepc-fr.com\/blog\/wp-content\/uploads\/2026\/05\/sdxl-ea9be3a9e2c4ee3534ad0e7591730fcf-scaled.png\" \/>\n\t<meta property=\"og:image:width\" content=\"1200\" \/>\n\t<meta property=\"og:image:height\" content=\"500\" \/>\n\t<meta property=\"og:image:type\" content=\"image\/png\" \/>\n<meta name=\"author\" content=\"Hugo Lambrecht\" \/>\n<meta name=\"twitter:card\" content=\"summary_large_image\" \/>\n<script type=\"application\/ld+json\" class=\"yoast-schema-graph\">{\"@context\":\"https:\/\/schema.org\",\"@graph\":[{\"@type\":\"NewsArticle\",\"@id\":\"https:\/\/extremepc-fr.com\/blog\/articles\/mac-book-pro-m4\/#article\",\"isPartOf\":{\"@id\":\"https:\/\/extremepc-fr.com\/blog\/articles\/mac-book-pro-m4\/\"},\"author\":{\"name\":\"Hugo Lambrecht\",\"@id\":\"https:\/\/extremepc-fr.com\/blog\/#\/schema\/person\/3c864cdc320801e3db34b663e7e3f816\"},\"headline\":\"MacBook Pro M4 : Prix, Test et Comparatif 2026\",\"datePublished\":\"2026-05-04T09:00:00+00:00\",\"mainEntityOfPage\":{\"@id\":\"https:\/\/extremepc-fr.com\/blog\/articles\/mac-book-pro-m4\/\"},\"wordCount\":734,\"commentCount\":0,\"publisher\":{\"@id\":\"https:\/\/extremepc-fr.com\/blog\/#organization\"},\"image\":{\"@id\":\"https:\/\/extremepc-fr.com\/blog\/articles\/mac-book-pro-m4\/#primaryimage\"},\"thumbnailUrl\":\"https:\/\/extremepc-fr.com\/blog\/wp-content\/uploads\/2026\/05\/sdxl-ea9be3a9e2c4ee3534ad0e7591730fcf-scaled.png\",\"articleSection\":[\"Articles\"],\"inLanguage\":\"fr-FR\",\"potentialAction\":[{\"@type\":\"CommentAction\",\"name\":\"Comment\",\"target\":[\"https:\/\/extremepc-fr.com\/blog\/articles\/mac-book-pro-m4\/#respond\"]}]},{\"@type\":\"WebPage\",\"@id\":\"https:\/\/extremepc-fr.com\/blog\/articles\/mac-book-pro-m4\/\",\"url\":\"https:\/\/extremepc-fr.com\/blog\/articles\/mac-book-pro-m4\/\",\"name\":\"MacBook Pro M4 : Prix, Test et Comparatif 2026\",\"isPartOf\":{\"@id\":\"https:\/\/extremepc-fr.com\/blog\/#website\"},\"primaryImageOfPage\":{\"@id\":\"https:\/\/extremepc-fr.com\/blog\/articles\/mac-book-pro-m4\/#primaryimage\"},\"image\":{\"@id\":\"https:\/\/extremepc-fr.com\/blog\/articles\/mac-book-pro-m4\/#primaryimage\"},\"thumbnailUrl\":\"https:\/\/extremepc-fr.com\/blog\/wp-content\/uploads\/2026\/05\/sdxl-ea9be3a9e2c4ee3534ad0e7591730fcf-scaled.png\",\"datePublished\":\"2026-05-04T09:00:00+00:00\",\"description\":\"Le MacBook Pro M4, lanc\u00e9 en 2026, suscite un int\u00e9r\u00eat croissant parmi les utilisateurs professionnels et les cr\u00e9ateurs de contenu. Avec des performances\",\"inLanguage\":\"fr-FR\",\"potentialAction\":[{\"@type\":\"ReadAction\",\"target\":[\"https:\/\/extremepc-fr.com\/blog\/articles\/mac-book-pro-m4\/\"]}]},{\"@type\":\"ImageObject\",\"inLanguage\":\"fr-FR\",\"@id\":\"https:\/\/extremepc-fr.com\/blog\/articles\/mac-book-pro-m4\/#primaryimage\",\"url\":\"https:\/\/extremepc-fr.com\/blog\/wp-content\/uploads\/2026\/05\/sdxl-ea9be3a9e2c4ee3534ad0e7591730fcf-scaled.png\",\"contentUrl\":\"https:\/\/extremepc-fr.com\/blog\/wp-content\/uploads\/2026\/05\/sdxl-ea9be3a9e2c4ee3534ad0e7591730fcf-scaled.png\",\"width\":1200,\"height\":500},{\"@type\":\"WebSite\",\"@id\":\"https:\/\/extremepc-fr.com\/blog\/#website\",\"url\":\"https:\/\/extremepc-fr.com\/blog\/\",\"name\":\"ExtremePC FR\",\"description\":\"ExtremePC FR, la performance num\u00e9rique d\u00e9cupl\u00e9e\",\"publisher\":{\"@id\":\"https:\/\/extremepc-fr.com\/blog\/#organization\"},\"alternateName\":\"ExtremePC FR, la performance num\u00e9rique d\u00e9cupl\u00e9e\",\"potentialAction\":[{\"@type\":\"SearchAction\",\"target\":{\"@type\":\"EntryPoint\",\"urlTemplate\":\"https:\/\/extremepc-fr.com\/blog\/?s={search_term_string}\"},\"query-input\":{\"@type\":\"PropertyValueSpecification\",\"valueRequired\":true,\"valueName\":\"search_term_string\"}}],\"inLanguage\":\"fr-FR\"},{\"@type\":\"Organization\",\"@id\":\"https:\/\/extremepc-fr.com\/blog\/#organization\",\"name\":\"ExtremePC FR\",\"url\":\"https:\/\/extremepc-fr.com\/blog\/\",\"logo\":{\"@type\":\"ImageObject\",\"inLanguage\":\"fr-FR\",\"@id\":\"https:\/\/extremepc-fr.com\/blog\/#\/schema\/logo\/image\/\",\"url\":\"https:\/\/extremepc-fr.com\/blog\/wp-content\/uploads\/2024\/12\/cropped-3.png\",\"contentUrl\":\"https:\/\/extremepc-fr.com\/blog\/wp-content\/uploads\/2024\/12\/cropped-3.png\",\"width\":282,\"height\":247,\"caption\":\"ExtremePC FR\"},\"image\":{\"@id\":\"https:\/\/extremepc-fr.com\/blog\/#\/schema\/logo\/image\/\"}},{\"@type\":\"Person\",\"@id\":\"https:\/\/extremepc-fr.com\/blog\/#\/schema\/person\/3c864cdc320801e3db34b663e7e3f816\",\"name\":\"Hugo Lambrecht\",\"image\":{\"@type\":\"ImageObject\",\"inLanguage\":\"fr-FR\",\"@id\":\"https:\/\/extremepc-fr.com\/blog\/#\/schema\/person\/image\/\",\"url\":\"https:\/\/extremepc-fr.com\/blog\/wp-content\/uploads\/2026\/06\/persona_hugo-l-96x96.jpg\",\"contentUrl\":\"https:\/\/extremepc-fr.com\/blog\/wp-content\/uploads\/2026\/06\/persona_hugo-l-96x96.jpg\",\"caption\":\"Hugo Lambrecht\"},\"description\":\"Geek assum\u00e9 et veilleur tech depuis plus de dix ans, je passe mes journ\u00e9es \u00e0 tester, comparer et expliquer le num\u00e9rique. Mes terrains favoris : les astuces high-tech du quotidien, la s\u00e9curit\u00e9 en ligne et les outils web, des VPN aux logiciels qui simplifient la vie. J'aime prendre un sujet r\u00e9put\u00e9 compliqu\u00e9 et le rendre limpide pour quelqu'un qui n'est pas d\u00e9veloppeur. Avant de recommander un produit ou un service, je le mets r\u00e9ellement \u00e0 l'\u00e9preuve, je v\u00e9rifie les versions et les tarifs en vigueur, et je signale les limites autant que les atouts. Je me m\u00e9fie des classements de complaisance : un comparatif n'a de valeur que si la m\u00e9thode est transparente. Mon fil rouge, c'est l'utilit\u00e9 concr\u00e8te : aider le lecteur \u00e0 mieux choisir, mieux configurer et mieux se prot\u00e9ger, sans tomber dans le jargon.\",\"sameAs\":[\"https:\/\/hugolambrecht.fr\/\"],\"url\":\"https:\/\/extremepc-fr.com\/blog\/auteur\/noname\/\"}]}<\/script>\n<!-- \/ Yoast SEO Premium plugin. -->","yoast_head_json":{"title":"MacBook Pro M4 : Prix, Test et Comparatif 2026","description":"Le MacBook Pro M4, lanc\u00e9 en 2026, suscite un int\u00e9r\u00eat croissant parmi les utilisateurs professionnels et les cr\u00e9ateurs de contenu. Avec des performances","robots":{"index":"index","follow":"follow","max-snippet":"max-snippet:-1","max-image-preview":"max-image-preview:large","max-video-preview":"max-video-preview:-1"},"canonical":"https:\/\/extremepc-fr.com\/blog\/articles\/mac-book-pro-m4\/","og_locale":"fr_FR","og_type":"article","og_title":"MacBook Pro M4 : Prix, Test et Comparatif 2026","og_description":"Le MacBook Pro M4, lanc\u00e9 en 2026, suscite un int\u00e9r\u00eat croissant parmi les utilisateurs professionnels et les cr\u00e9ateurs de contenu. Avec des performances","og_url":"https:\/\/extremepc-fr.com\/blog\/articles\/mac-book-pro-m4\/","og_site_name":"extremepc","og_image":[{"width":1200,"height":500,"url":"https:\/\/extremepc-fr.com\/blog\/wp-content\/uploads\/2026\/05\/sdxl-ea9be3a9e2c4ee3534ad0e7591730fcf-scaled.png","type":"image\/png"}],"author":"Hugo Lambrecht","twitter_card":"summary_large_image","schema":{"@context":"https:\/\/schema.org","@graph":[{"@type":"NewsArticle","@id":"https:\/\/extremepc-fr.com\/blog\/articles\/mac-book-pro-m4\/#article","isPartOf":{"@id":"https:\/\/extremepc-fr.com\/blog\/articles\/mac-book-pro-m4\/"},"author":{"name":"Hugo Lambrecht","@id":"https:\/\/extremepc-fr.com\/blog\/#\/schema\/person\/3c864cdc320801e3db34b663e7e3f816"},"headline":"MacBook Pro M4 : Prix, Test et Comparatif 2026","datePublished":"2026-05-04T09:00:00+00:00","mainEntityOfPage":{"@id":"https:\/\/extremepc-fr.com\/blog\/articles\/mac-book-pro-m4\/"},"wordCount":734,"commentCount":0,"publisher":{"@id":"https:\/\/extremepc-fr.com\/blog\/#organization"},"image":{"@id":"https:\/\/extremepc-fr.com\/blog\/articles\/mac-book-pro-m4\/#primaryimage"},"thumbnailUrl":"https:\/\/extremepc-fr.com\/blog\/wp-content\/uploads\/2026\/05\/sdxl-ea9be3a9e2c4ee3534ad0e7591730fcf-scaled.png","articleSection":["Articles"],"inLanguage":"fr-FR","potentialAction":[{"@type":"CommentAction","name":"Comment","target":["https:\/\/extremepc-fr.com\/blog\/articles\/mac-book-pro-m4\/#respond"]}]},{"@type":"WebPage","@id":"https:\/\/extremepc-fr.com\/blog\/articles\/mac-book-pro-m4\/","url":"https:\/\/extremepc-fr.com\/blog\/articles\/mac-book-pro-m4\/","name":"MacBook Pro M4 : Prix, Test et Comparatif 2026","isPartOf":{"@id":"https:\/\/extremepc-fr.com\/blog\/#website"},"primaryImageOfPage":{"@id":"https:\/\/extremepc-fr.com\/blog\/articles\/mac-book-pro-m4\/#primaryimage"},"image":{"@id":"https:\/\/extremepc-fr.com\/blog\/articles\/mac-book-pro-m4\/#primaryimage"},"thumbnailUrl":"https:\/\/extremepc-fr.com\/blog\/wp-content\/uploads\/2026\/05\/sdxl-ea9be3a9e2c4ee3534ad0e7591730fcf-scaled.png","datePublished":"2026-05-04T09:00:00+00:00","description":"Le MacBook Pro M4, lanc\u00e9 en 2026, suscite un int\u00e9r\u00eat croissant parmi les utilisateurs professionnels et les cr\u00e9ateurs de contenu. Avec des performances","inLanguage":"fr-FR","potentialAction":[{"@type":"ReadAction","target":["https:\/\/extremepc-fr.com\/blog\/articles\/mac-book-pro-m4\/"]}]},{"@type":"ImageObject","inLanguage":"fr-FR","@id":"https:\/\/extremepc-fr.com\/blog\/articles\/mac-book-pro-m4\/#primaryimage","url":"https:\/\/extremepc-fr.com\/blog\/wp-content\/uploads\/2026\/05\/sdxl-ea9be3a9e2c4ee3534ad0e7591730fcf-scaled.png","contentUrl":"https:\/\/extremepc-fr.com\/blog\/wp-content\/uploads\/2026\/05\/sdxl-ea9be3a9e2c4ee3534ad0e7591730fcf-scaled.png","width":1200,"height":500},{"@type":"WebSite","@id":"https:\/\/extremepc-fr.com\/blog\/#website","url":"https:\/\/extremepc-fr.com\/blog\/","name":"ExtremePC FR","description":"ExtremePC FR, la performance num\u00e9rique d\u00e9cupl\u00e9e","publisher":{"@id":"https:\/\/extremepc-fr.com\/blog\/#organization"},"alternateName":"ExtremePC FR, la performance num\u00e9rique d\u00e9cupl\u00e9e","potentialAction":[{"@type":"SearchAction","target":{"@type":"EntryPoint","urlTemplate":"https:\/\/extremepc-fr.com\/blog\/?s={search_term_string}"},"query-input":{"@type":"PropertyValueSpecification","valueRequired":true,"valueName":"search_term_string"}}],"inLanguage":"fr-FR"},{"@type":"Organization","@id":"https:\/\/extremepc-fr.com\/blog\/#organization","name":"ExtremePC FR","url":"https:\/\/extremepc-fr.com\/blog\/","logo":{"@type":"ImageObject","inLanguage":"fr-FR","@id":"https:\/\/extremepc-fr.com\/blog\/#\/schema\/logo\/image\/","url":"https:\/\/extremepc-fr.com\/blog\/wp-content\/uploads\/2024\/12\/cropped-3.png","contentUrl":"https:\/\/extremepc-fr.com\/blog\/wp-content\/uploads\/2024\/12\/cropped-3.png","width":282,"height":247,"caption":"ExtremePC FR"},"image":{"@id":"https:\/\/extremepc-fr.com\/blog\/#\/schema\/logo\/image\/"}},{"@type":"Person","@id":"https:\/\/extremepc-fr.com\/blog\/#\/schema\/person\/3c864cdc320801e3db34b663e7e3f816","name":"Hugo Lambrecht","image":{"@type":"ImageObject","inLanguage":"fr-FR","@id":"https:\/\/extremepc-fr.com\/blog\/#\/schema\/person\/image\/","url":"https:\/\/extremepc-fr.com\/blog\/wp-content\/uploads\/2026\/06\/persona_hugo-l-96x96.jpg","contentUrl":"https:\/\/extremepc-fr.com\/blog\/wp-content\/uploads\/2026\/06\/persona_hugo-l-96x96.jpg","caption":"Hugo Lambrecht"},"description":"Geek assum\u00e9 et veilleur tech depuis plus de dix ans, je passe mes journ\u00e9es \u00e0 tester, comparer et expliquer le num\u00e9rique. Mes terrains favoris : les astuces high-tech du quotidien, la s\u00e9curit\u00e9 en ligne et les outils web, des VPN aux logiciels qui simplifient la vie. J'aime prendre un sujet r\u00e9put\u00e9 compliqu\u00e9 et le rendre limpide pour quelqu'un qui n'est pas d\u00e9veloppeur. Avant de recommander un produit ou un service, je le mets r\u00e9ellement \u00e0 l'\u00e9preuve, je v\u00e9rifie les versions et les tarifs en vigueur, et je signale les limites autant que les atouts. Je me m\u00e9fie des classements de complaisance : un comparatif n'a de valeur que si la m\u00e9thode est transparente. Mon fil rouge, c'est l'utilit\u00e9 concr\u00e8te : aider le lecteur \u00e0 mieux choisir, mieux configurer et mieux se prot\u00e9ger, sans tomber dans le jargon.","sameAs":["https:\/\/hugolambrecht.fr\/"],"url":"https:\/\/extremepc-fr.com\/blog\/auteur\/noname\/"}]}},"_links":{"self":[{"href":"https:\/\/extremepc-fr.com\/blog\/wp-json\/wp\/v2\/posts\/7684","targetHints":{"allow":["GET"]}}],"collection":[{"href":"https:\/\/extremepc-fr.com\/blog\/wp-json\/wp\/v2\/posts"}],"about":[{"href":"https:\/\/extremepc-fr.com\/blog\/wp-json\/wp\/v2\/types\/post"}],"author":[{"embeddable":true,"href":"https:\/\/extremepc-fr.com\/blog\/wp-json\/wp\/v2\/users\/34"}],"replies":[{"embeddable":true,"href":"https:\/\/extremepc-fr.com\/blog\/wp-json\/wp\/v2\/comments?post=7684"}],"version-history":[{"count":1,"href":"https:\/\/extremepc-fr.com\/blog\/wp-json\/wp\/v2\/posts\/7684\/revisions"}],"predecessor-version":[{"id":7714,"href":"https:\/\/extremepc-fr.com\/blog\/wp-json\/wp\/v2\/posts\/7684\/revisions\/7714"}],"wp:featuredmedia":[{"embeddable":true,"href":"https:\/\/extremepc-fr.com\/blog\/wp-json\/wp\/v2\/media\/7723"}],"wp:attachment":[{"href":"https:\/\/extremepc-fr.com\/blog\/wp-json\/wp\/v2\/media?parent=7684"}],"wp:term":[{"taxonomy":"category","embeddable":true,"href":"https:\/\/extremepc-fr.com\/blog\/wp-json\/wp\/v2\/categories?post=7684"},{"taxonomy":"post_tag","embeddable":true,"href":"https:\/\/extremepc-fr.com\/blog\/wp-json\/wp\/v2\/tags?post=7684"}],"curies":[{"name":"wp","href":"https:\/\/api.w.org\/{rel}","templated":true}]}}