{"id":7683,"date":"2026-05-03T09:00:00","date_gmt":"2026-05-03T09:00:00","guid":{"rendered":"https:\/\/extremepc-fr.com\/blog\/?p=7683"},"modified":"2026-05-03T09:00:00","modified_gmt":"2026-05-03T09:00:00","slug":"imac-reconditionne","status":"publish","type":"post","link":"https:\/\/extremepc-fr.com\/blog\/articles\/imac-reconditionne\/","title":{"rendered":"iMac Reconditionn\u00e9 : Meilleurs Prix 2026"},"content":{"rendered":"<p>L\u2019achat d\u2019un <strong>iMac reconditionn\u00e9<\/strong> en 2026 est une option de plus en plus pris\u00e9e pour les utilisateurs \u00e0 la recherche d\u2019un bon rapport qualit\u00e9-prix. En effet, ces appareils, remis \u00e0 neuf par des professionnels, offrent des performances proches des mod\u00e8les neufs \u00e0 un co\u00fbt consid\u00e9rablement r\u00e9duit. Les prix varient selon le mod\u00e8le, l\u2019\u00e9tat et la garantie propos\u00e9e, rendant ce march\u00e9 attractif pour les \u00e9tudiants, les professionnels et les amateurs de technologie.<\/p>\n<p>Actuellement, vous pouvez trouver des <strong>iMac reconditionn\u00e9s<\/strong> \u00e0 partir de 800 euros pour un mod\u00e8le d\u2019entr\u00e9e de gamme, tandis que les mod\u00e8les haut de gamme peuvent atteindre jusqu\u2019\u00e0 2 000 euros. Cet article vous pr\u00e9sente les meilleurs prix disponibles en 2026, des conseils pratiques pour \u00e9viter les pi\u00e8ges et des informations cl\u00e9s sur le processus d\u2019achat.<\/p>\n<h2>Pourquoi choisir un iMac reconditionn\u00e9 ?<\/h2>\n<h3>Avantages financiers<\/h3>\n<p>Acheter un <strong>iMac reconditionn\u00e9<\/strong> permet d\u2019\u00e9conomiser consid\u00e9rablement par rapport \u00e0 un mod\u00e8le neuf. Par exemple :<\/p>\n<ul>\n<li>Un iMac 24 pouces avec processeur M1, g\u00e9n\u00e9ralement vendu autour de 1 500 euros neuf, peut \u00eatre trouv\u00e9 \u00e0 partir de 1 100 euros en version reconditionn\u00e9e.<\/li>\n<li>Pour un mod\u00e8le plus ancien comme l\u2019iMac Retina 5K de 27 pouces, le prix moyen est souvent r\u00e9duit \u00e0 environ 1 600 euros au lieu de 2 300 euros.<\/li>\n<\/ul>\n<h3>Garantie et fiabilit\u00e9<\/h3>\n<p>Les appareils reconditionn\u00e9s sont souvent accompagn\u00e9s d\u2019une garantie allant de six mois \u00e0 deux ans. Cela offre une tranquillit\u00e9 d\u2019esprit similaire \u00e0 celle que l\u2019on trouve lors de l\u2019achat d\u2019un produit neuf. Assurez-vous toujours que le vendeur offre une garantie suffisante avant de finaliser votre achat.<\/p>\n<h2>Comment acheter un iMac reconditionn\u00e9 ?<\/h2>\n<h3>V\u00e9rifiez la r\u00e9putation du vendeur<\/h3>\n<p>Avant d\u2019acheter, recherchez la r\u00e9putation du vendeur. Les plateformes reconnues comme Back Market ou Amazon Renewed sont g\u00e9n\u00e9ralement fiables et proposent des \u00e9valuations d\u00e9taill\u00e9es sur l\u2019\u00e9tat du produit.<\/p>\n<h3>\u00c9tat du produit<\/h3>\n<p>Le label \u201creconditionn\u00e9\u201d peut varier. Voici quelques cat\u00e9gories courantes :<\/p>\n<table class=\"kwdbank-table\">\n<thead>\n<tr>\n<th>\u00c9tat<\/th>\n<th>Description<\/th>\n<th>Prix approximatif<\/th>\n<\/tr>\n<\/thead>\n<tbody>\n<tr>\n<td>Comme neuf<\/td>\n<td>Aucun signe d\u2019usure<\/td>\n<td>-10% par rapport au neuf<\/td>\n<\/tr>\n<tr>\n<td>Tr\u00e8s bon \u00e9tat<\/td>\n<td>Quelques \u00e9raflures visibles<\/td>\n<td>-20% \u00e0 -30%<\/td>\n<\/tr>\n<tr>\n<td>Bon \u00e9tat<\/td>\n<td>Usure visible mais fonctionnement parfait<\/td>\n<td>-30% \u00e0 -50%<\/td>\n<\/tr>\n<\/tbody>\n<\/table>\n<h3>Pi\u00e8ges \u00e0 \u00e9viter<\/h3>\n<p>Un pi\u00e8ge courant lors de l\u2019achat d\u2019un <strong>iMac reconditionn\u00e9<\/strong> est de n\u00e9gliger le retour sur investissement (ROI) bas\u00e9 sur vos besoins. Assurez-vous que l\u2019appareil r\u00e9pond r\u00e9ellement aux sp\u00e9cifications requises pour vos activit\u00e9s (travail graphique, montage vid\u00e9o, etc.).<\/p>\n<h2>Comparaison des prix en 2026<\/h2>\n<p>Pour vous aider dans votre choix, voici une comparaison des prix moyens observ\u00e9s sur diff\u00e9rents mod\u00e8les :<\/p>\n<ul>\n<li><strong>iMac M1 (24 pouces)<\/strong> :\n<ul>\n<li>Neuf : environ 1 500 euros<\/li>\n<li>Reconditionn\u00e9 : entre 1 100 et 1 300 euros<\/li>\n<\/ul>\n<\/li>\n<li><strong>iMac Intel (27 pouces)<\/strong> :\n<ul>\n<li>Neuf : environ 2 300 euros<\/li>\n<li>Reconditionn\u00e9 : entre 1 600 et 1 800 euros<\/li>\n<\/ul>\n<\/li>\n<li><strong>iMac Pro (27 pouces)<\/strong> :\n<ul>\n<li>Neuf : environ 5 000 euros<\/li>\n<li>Reconditionn\u00e9 : entre 3 500 et 4 000 euros<\/li>\n<\/ul>\n<\/li>\n<\/ul>\n<p>Ces variations montrent que le march\u00e9 du <strong>reconditionn\u00e9<\/strong> peut offrir des \u00e9conomies significatives.<\/p>\n<h2>O\u00f9 acheter un iMac reconditionn\u00e9 ?<\/h2>\n<h3>Sites recommand\u00e9s<\/h3>\n<ul>\n<li><strong>Back Market<\/strong> : Sp\u00e9cialis\u00e9 dans le reconditionnement avec une large s\u00e9lection.<\/li>\n<li><strong>Amazon Renewed<\/strong> : Offre une garantie solide et une politique de retour.<\/li>\n<li><strong>Apple Certified Refurbished<\/strong> : Propose uniquement des appareils remis \u00e0 neuf par Apple.<\/li>\n<\/ul>\n<h2>FAQ<\/h2>\n<h3>Qu\u2019est-ce qu\u2019un iMac reconditionn\u00e9 ?<\/h3>\n<p>Un iMac reconditionn\u00e9 est un appareil qui a \u00e9t\u00e9 remis \u00e0 neuf par un professionnel apr\u00e8s avoir \u00e9t\u00e9 retourn\u00e9 par un client ou utilis\u00e9 comme d\u00e9monstration.<\/p>\n<h3>Est-ce que les iMac reconditionn\u00e9s sont fiables ?<\/h3>\n<p>Oui, ils sont g\u00e9n\u00e9ralement test\u00e9s et certifi\u00e9s pour fonctionner comme des appareils neufs. V\u00e9rifiez toujours la garantie offerte.<\/p>\n<h3>Comment savoir si je fais une bonne affaire ?<\/h3>\n<p>Comparez les prix avec ceux des mod\u00e8les neufs et v\u00e9rifiez l\u2019\u00e9tat ainsi que la dur\u00e9e de la garantie.<\/p>\n<h3>Peut-on acheter directement aupr\u00e8s d\u2019Apple ?<\/h3>\n<p>Oui, Apple propose une section d\u00e9di\u00e9e aux produits reconditionn\u00e9s sur son site officiel.<\/p>\n<h3>Quels sont les risques associ\u00e9s \u00e0 l\u2019achat d\u2019un iMac reconditionn\u00e9 ?<\/h3>\n<p>Les risques incluent l\u2019absence de garantie ou un appareil en moins bon \u00e9tat que pr\u00e9vu si vous n\u2019achetez pas aupr\u00e8s d\u2019un revendeur fiable.<\/p>\n<p>Envisagez d\u00e8s maintenant l\u2019achat d\u2019un iMac reconditionn\u00e9 pour profiter d\u2019\u00e9conomies significatives tout en acc\u00e9dant \u00e0 une technologie performante.<\/p>\n","protected":false},"excerpt":{"rendered":"","protected":false},"author":34,"featured_media":7724,"comment_status":"open","ping_status":"open","sticky":false,"template":"","format":"standard","meta":{"_acf_changed":false,"manual_indexmenow":false,"indexmenow_id_project":0,"footnotes":""},"categories":[4754],"tags":[],"class_list":["post-7683","post","type-post","status-publish","format-standard","has-post-thumbnail","hentry","category-articles","generate-columns","tablet-grid-50","mobile-grid-100","grid-parent","grid-25"],"acf":[],"yoast_head":"<!-- This site is optimized with the Yoast SEO Premium plugin v21.3 (Yoast SEO v25.6) - https:\/\/yoast.com\/wordpress\/plugins\/seo\/ -->\n<title>iMac Reconditionn\u00e9 : Meilleurs Prix 2026<\/title>\n<meta name=\"description\" content=\"L\u2019achat d\u2019un iMac reconditionn\u00e9 en 2026 est une option de plus en plus pris\u00e9e pour les utilisateurs \u00e0 la recherche d\u2019un bon rapport qualit\u00e9-prix. En effet\" \/>\n<meta name=\"robots\" content=\"index, follow, max-snippet:-1, max-image-preview:large, max-video-preview:-1\" \/>\n<link rel=\"canonical\" href=\"https:\/\/extremepc-fr.com\/blog\/articles\/imac-reconditionne\/\" \/>\n<meta property=\"og:locale\" content=\"fr_FR\" \/>\n<meta property=\"og:type\" content=\"article\" \/>\n<meta property=\"og:title\" content=\"iMac Reconditionn\u00e9 : Meilleurs Prix 2026\" \/>\n<meta property=\"og:description\" content=\"L\u2019achat d\u2019un iMac reconditionn\u00e9 en 2026 est une option de plus en plus pris\u00e9e pour les utilisateurs \u00e0 la recherche d\u2019un bon rapport qualit\u00e9-prix. En effet\" \/>\n<meta property=\"og:url\" content=\"https:\/\/extremepc-fr.com\/blog\/articles\/imac-reconditionne\/\" \/>\n<meta property=\"og:site_name\" content=\"extremepc\" \/>\n<meta property=\"og:image\" content=\"https:\/\/extremepc-fr.com\/blog\/wp-content\/uploads\/2026\/05\/sdxl-e7fb289accbf7dcbf63a84a0bf09063b-scaled.png\" \/>\n\t<meta property=\"og:image:width\" content=\"1200\" \/>\n\t<meta property=\"og:image:height\" content=\"500\" \/>\n\t<meta property=\"og:image:type\" content=\"image\/png\" \/>\n<meta name=\"author\" content=\"Hugo Lambrecht\" \/>\n<meta name=\"twitter:card\" content=\"summary_large_image\" \/>\n<script type=\"application\/ld+json\" class=\"yoast-schema-graph\">{\"@context\":\"https:\/\/schema.org\",\"@graph\":[{\"@type\":\"NewsArticle\",\"@id\":\"https:\/\/extremepc-fr.com\/blog\/articles\/imac-reconditionne\/#article\",\"isPartOf\":{\"@id\":\"https:\/\/extremepc-fr.com\/blog\/articles\/imac-reconditionne\/\"},\"author\":{\"name\":\"Hugo Lambrecht\",\"@id\":\"https:\/\/extremepc-fr.com\/blog\/#\/schema\/person\/3c864cdc320801e3db34b663e7e3f816\"},\"headline\":\"iMac Reconditionn\u00e9 : Meilleurs Prix 2026\",\"datePublished\":\"2026-05-03T09:00:00+00:00\",\"mainEntityOfPage\":{\"@id\":\"https:\/\/extremepc-fr.com\/blog\/articles\/imac-reconditionne\/\"},\"wordCount\":702,\"commentCount\":0,\"publisher\":{\"@id\":\"https:\/\/extremepc-fr.com\/blog\/#organization\"},\"image\":{\"@id\":\"https:\/\/extremepc-fr.com\/blog\/articles\/imac-reconditionne\/#primaryimage\"},\"thumbnailUrl\":\"https:\/\/extremepc-fr.com\/blog\/wp-content\/uploads\/2026\/05\/sdxl-e7fb289accbf7dcbf63a84a0bf09063b-scaled.png\",\"articleSection\":[\"Articles\"],\"inLanguage\":\"fr-FR\",\"potentialAction\":[{\"@type\":\"CommentAction\",\"name\":\"Comment\",\"target\":[\"https:\/\/extremepc-fr.com\/blog\/articles\/imac-reconditionne\/#respond\"]}]},{\"@type\":\"WebPage\",\"@id\":\"https:\/\/extremepc-fr.com\/blog\/articles\/imac-reconditionne\/\",\"url\":\"https:\/\/extremepc-fr.com\/blog\/articles\/imac-reconditionne\/\",\"name\":\"iMac Reconditionn\u00e9 : Meilleurs Prix 2026\",\"isPartOf\":{\"@id\":\"https:\/\/extremepc-fr.com\/blog\/#website\"},\"primaryImageOfPage\":{\"@id\":\"https:\/\/extremepc-fr.com\/blog\/articles\/imac-reconditionne\/#primaryimage\"},\"image\":{\"@id\":\"https:\/\/extremepc-fr.com\/blog\/articles\/imac-reconditionne\/#primaryimage\"},\"thumbnailUrl\":\"https:\/\/extremepc-fr.com\/blog\/wp-content\/uploads\/2026\/05\/sdxl-e7fb289accbf7dcbf63a84a0bf09063b-scaled.png\",\"datePublished\":\"2026-05-03T09:00:00+00:00\",\"description\":\"L\u2019achat d\u2019un iMac reconditionn\u00e9 en 2026 est une option de plus en plus pris\u00e9e pour les utilisateurs \u00e0 la recherche d\u2019un bon rapport qualit\u00e9-prix. En effet\",\"inLanguage\":\"fr-FR\",\"potentialAction\":[{\"@type\":\"ReadAction\",\"target\":[\"https:\/\/extremepc-fr.com\/blog\/articles\/imac-reconditionne\/\"]}]},{\"@type\":\"ImageObject\",\"inLanguage\":\"fr-FR\",\"@id\":\"https:\/\/extremepc-fr.com\/blog\/articles\/imac-reconditionne\/#primaryimage\",\"url\":\"https:\/\/extremepc-fr.com\/blog\/wp-content\/uploads\/2026\/05\/sdxl-e7fb289accbf7dcbf63a84a0bf09063b-scaled.png\",\"contentUrl\":\"https:\/\/extremepc-fr.com\/blog\/wp-content\/uploads\/2026\/05\/sdxl-e7fb289accbf7dcbf63a84a0bf09063b-scaled.png\",\"width\":1200,\"height\":500},{\"@type\":\"WebSite\",\"@id\":\"https:\/\/extremepc-fr.com\/blog\/#website\",\"url\":\"https:\/\/extremepc-fr.com\/blog\/\",\"name\":\"ExtremePC FR\",\"description\":\"ExtremePC FR, la performance num\u00e9rique d\u00e9cupl\u00e9e\",\"publisher\":{\"@id\":\"https:\/\/extremepc-fr.com\/blog\/#organization\"},\"alternateName\":\"ExtremePC FR, la performance num\u00e9rique d\u00e9cupl\u00e9e\",\"potentialAction\":[{\"@type\":\"SearchAction\",\"target\":{\"@type\":\"EntryPoint\",\"urlTemplate\":\"https:\/\/extremepc-fr.com\/blog\/?s={search_term_string}\"},\"query-input\":{\"@type\":\"PropertyValueSpecification\",\"valueRequired\":true,\"valueName\":\"search_term_string\"}}],\"inLanguage\":\"fr-FR\"},{\"@type\":\"Organization\",\"@id\":\"https:\/\/extremepc-fr.com\/blog\/#organization\",\"name\":\"ExtremePC FR\",\"url\":\"https:\/\/extremepc-fr.com\/blog\/\",\"logo\":{\"@type\":\"ImageObject\",\"inLanguage\":\"fr-FR\",\"@id\":\"https:\/\/extremepc-fr.com\/blog\/#\/schema\/logo\/image\/\",\"url\":\"https:\/\/extremepc-fr.com\/blog\/wp-content\/uploads\/2024\/12\/cropped-3.png\",\"contentUrl\":\"https:\/\/extremepc-fr.com\/blog\/wp-content\/uploads\/2024\/12\/cropped-3.png\",\"width\":282,\"height\":247,\"caption\":\"ExtremePC FR\"},\"image\":{\"@id\":\"https:\/\/extremepc-fr.com\/blog\/#\/schema\/logo\/image\/\"}},{\"@type\":\"Person\",\"@id\":\"https:\/\/extremepc-fr.com\/blog\/#\/schema\/person\/3c864cdc320801e3db34b663e7e3f816\",\"name\":\"Hugo Lambrecht\",\"image\":{\"@type\":\"ImageObject\",\"inLanguage\":\"fr-FR\",\"@id\":\"https:\/\/extremepc-fr.com\/blog\/#\/schema\/person\/image\/\",\"url\":\"https:\/\/extremepc-fr.com\/blog\/wp-content\/uploads\/2026\/06\/persona_hugo-l-96x96.jpg\",\"contentUrl\":\"https:\/\/extremepc-fr.com\/blog\/wp-content\/uploads\/2026\/06\/persona_hugo-l-96x96.jpg\",\"caption\":\"Hugo Lambrecht\"},\"description\":\"Geek assum\u00e9 et veilleur tech depuis plus de dix ans, je passe mes journ\u00e9es \u00e0 tester, comparer et expliquer le num\u00e9rique. Mes terrains favoris : les astuces high-tech du quotidien, la s\u00e9curit\u00e9 en ligne et les outils web, des VPN aux logiciels qui simplifient la vie. J'aime prendre un sujet r\u00e9put\u00e9 compliqu\u00e9 et le rendre limpide pour quelqu'un qui n'est pas d\u00e9veloppeur. Avant de recommander un produit ou un service, je le mets r\u00e9ellement \u00e0 l'\u00e9preuve, je v\u00e9rifie les versions et les tarifs en vigueur, et je signale les limites autant que les atouts. Je me m\u00e9fie des classements de complaisance : un comparatif n'a de valeur que si la m\u00e9thode est transparente. Mon fil rouge, c'est l'utilit\u00e9 concr\u00e8te : aider le lecteur \u00e0 mieux choisir, mieux configurer et mieux se prot\u00e9ger, sans tomber dans le jargon.\",\"sameAs\":[\"https:\/\/hugolambrecht.fr\/\"],\"url\":\"https:\/\/extremepc-fr.com\/blog\/auteur\/noname\/\"}]}<\/script>\n<!-- \/ Yoast SEO Premium plugin. -->","yoast_head_json":{"title":"iMac Reconditionn\u00e9 : Meilleurs Prix 2026","description":"L\u2019achat d\u2019un iMac reconditionn\u00e9 en 2026 est une option de plus en plus pris\u00e9e pour les utilisateurs \u00e0 la recherche d\u2019un bon rapport qualit\u00e9-prix. En effet","robots":{"index":"index","follow":"follow","max-snippet":"max-snippet:-1","max-image-preview":"max-image-preview:large","max-video-preview":"max-video-preview:-1"},"canonical":"https:\/\/extremepc-fr.com\/blog\/articles\/imac-reconditionne\/","og_locale":"fr_FR","og_type":"article","og_title":"iMac Reconditionn\u00e9 : Meilleurs Prix 2026","og_description":"L\u2019achat d\u2019un iMac reconditionn\u00e9 en 2026 est une option de plus en plus pris\u00e9e pour les utilisateurs \u00e0 la recherche d\u2019un bon rapport qualit\u00e9-prix. En effet","og_url":"https:\/\/extremepc-fr.com\/blog\/articles\/imac-reconditionne\/","og_site_name":"extremepc","og_image":[{"width":1200,"height":500,"url":"https:\/\/extremepc-fr.com\/blog\/wp-content\/uploads\/2026\/05\/sdxl-e7fb289accbf7dcbf63a84a0bf09063b-scaled.png","type":"image\/png"}],"author":"Hugo Lambrecht","twitter_card":"summary_large_image","schema":{"@context":"https:\/\/schema.org","@graph":[{"@type":"NewsArticle","@id":"https:\/\/extremepc-fr.com\/blog\/articles\/imac-reconditionne\/#article","isPartOf":{"@id":"https:\/\/extremepc-fr.com\/blog\/articles\/imac-reconditionne\/"},"author":{"name":"Hugo Lambrecht","@id":"https:\/\/extremepc-fr.com\/blog\/#\/schema\/person\/3c864cdc320801e3db34b663e7e3f816"},"headline":"iMac Reconditionn\u00e9 : Meilleurs Prix 2026","datePublished":"2026-05-03T09:00:00+00:00","mainEntityOfPage":{"@id":"https:\/\/extremepc-fr.com\/blog\/articles\/imac-reconditionne\/"},"wordCount":702,"commentCount":0,"publisher":{"@id":"https:\/\/extremepc-fr.com\/blog\/#organization"},"image":{"@id":"https:\/\/extremepc-fr.com\/blog\/articles\/imac-reconditionne\/#primaryimage"},"thumbnailUrl":"https:\/\/extremepc-fr.com\/blog\/wp-content\/uploads\/2026\/05\/sdxl-e7fb289accbf7dcbf63a84a0bf09063b-scaled.png","articleSection":["Articles"],"inLanguage":"fr-FR","potentialAction":[{"@type":"CommentAction","name":"Comment","target":["https:\/\/extremepc-fr.com\/blog\/articles\/imac-reconditionne\/#respond"]}]},{"@type":"WebPage","@id":"https:\/\/extremepc-fr.com\/blog\/articles\/imac-reconditionne\/","url":"https:\/\/extremepc-fr.com\/blog\/articles\/imac-reconditionne\/","name":"iMac Reconditionn\u00e9 : Meilleurs Prix 2026","isPartOf":{"@id":"https:\/\/extremepc-fr.com\/blog\/#website"},"primaryImageOfPage":{"@id":"https:\/\/extremepc-fr.com\/blog\/articles\/imac-reconditionne\/#primaryimage"},"image":{"@id":"https:\/\/extremepc-fr.com\/blog\/articles\/imac-reconditionne\/#primaryimage"},"thumbnailUrl":"https:\/\/extremepc-fr.com\/blog\/wp-content\/uploads\/2026\/05\/sdxl-e7fb289accbf7dcbf63a84a0bf09063b-scaled.png","datePublished":"2026-05-03T09:00:00+00:00","description":"L\u2019achat d\u2019un iMac reconditionn\u00e9 en 2026 est une option de plus en plus pris\u00e9e pour les utilisateurs \u00e0 la recherche d\u2019un bon rapport qualit\u00e9-prix. En effet","inLanguage":"fr-FR","potentialAction":[{"@type":"ReadAction","target":["https:\/\/extremepc-fr.com\/blog\/articles\/imac-reconditionne\/"]}]},{"@type":"ImageObject","inLanguage":"fr-FR","@id":"https:\/\/extremepc-fr.com\/blog\/articles\/imac-reconditionne\/#primaryimage","url":"https:\/\/extremepc-fr.com\/blog\/wp-content\/uploads\/2026\/05\/sdxl-e7fb289accbf7dcbf63a84a0bf09063b-scaled.png","contentUrl":"https:\/\/extremepc-fr.com\/blog\/wp-content\/uploads\/2026\/05\/sdxl-e7fb289accbf7dcbf63a84a0bf09063b-scaled.png","width":1200,"height":500},{"@type":"WebSite","@id":"https:\/\/extremepc-fr.com\/blog\/#website","url":"https:\/\/extremepc-fr.com\/blog\/","name":"ExtremePC FR","description":"ExtremePC FR, la performance num\u00e9rique d\u00e9cupl\u00e9e","publisher":{"@id":"https:\/\/extremepc-fr.com\/blog\/#organization"},"alternateName":"ExtremePC FR, la performance num\u00e9rique d\u00e9cupl\u00e9e","potentialAction":[{"@type":"SearchAction","target":{"@type":"EntryPoint","urlTemplate":"https:\/\/extremepc-fr.com\/blog\/?s={search_term_string}"},"query-input":{"@type":"PropertyValueSpecification","valueRequired":true,"valueName":"search_term_string"}}],"inLanguage":"fr-FR"},{"@type":"Organization","@id":"https:\/\/extremepc-fr.com\/blog\/#organization","name":"ExtremePC FR","url":"https:\/\/extremepc-fr.com\/blog\/","logo":{"@type":"ImageObject","inLanguage":"fr-FR","@id":"https:\/\/extremepc-fr.com\/blog\/#\/schema\/logo\/image\/","url":"https:\/\/extremepc-fr.com\/blog\/wp-content\/uploads\/2024\/12\/cropped-3.png","contentUrl":"https:\/\/extremepc-fr.com\/blog\/wp-content\/uploads\/2024\/12\/cropped-3.png","width":282,"height":247,"caption":"ExtremePC FR"},"image":{"@id":"https:\/\/extremepc-fr.com\/blog\/#\/schema\/logo\/image\/"}},{"@type":"Person","@id":"https:\/\/extremepc-fr.com\/blog\/#\/schema\/person\/3c864cdc320801e3db34b663e7e3f816","name":"Hugo Lambrecht","image":{"@type":"ImageObject","inLanguage":"fr-FR","@id":"https:\/\/extremepc-fr.com\/blog\/#\/schema\/person\/image\/","url":"https:\/\/extremepc-fr.com\/blog\/wp-content\/uploads\/2026\/06\/persona_hugo-l-96x96.jpg","contentUrl":"https:\/\/extremepc-fr.com\/blog\/wp-content\/uploads\/2026\/06\/persona_hugo-l-96x96.jpg","caption":"Hugo Lambrecht"},"description":"Geek assum\u00e9 et veilleur tech depuis plus de dix ans, je passe mes journ\u00e9es \u00e0 tester, comparer et expliquer le num\u00e9rique. Mes terrains favoris : les astuces high-tech du quotidien, la s\u00e9curit\u00e9 en ligne et les outils web, des VPN aux logiciels qui simplifient la vie. J'aime prendre un sujet r\u00e9put\u00e9 compliqu\u00e9 et le rendre limpide pour quelqu'un qui n'est pas d\u00e9veloppeur. Avant de recommander un produit ou un service, je le mets r\u00e9ellement \u00e0 l'\u00e9preuve, je v\u00e9rifie les versions et les tarifs en vigueur, et je signale les limites autant que les atouts. Je me m\u00e9fie des classements de complaisance : un comparatif n'a de valeur que si la m\u00e9thode est transparente. Mon fil rouge, c'est l'utilit\u00e9 concr\u00e8te : aider le lecteur \u00e0 mieux choisir, mieux configurer et mieux se prot\u00e9ger, sans tomber dans le jargon.","sameAs":["https:\/\/hugolambrecht.fr\/"],"url":"https:\/\/extremepc-fr.com\/blog\/auteur\/noname\/"}]}},"_links":{"self":[{"href":"https:\/\/extremepc-fr.com\/blog\/wp-json\/wp\/v2\/posts\/7683","targetHints":{"allow":["GET"]}}],"collection":[{"href":"https:\/\/extremepc-fr.com\/blog\/wp-json\/wp\/v2\/posts"}],"about":[{"href":"https:\/\/extremepc-fr.com\/blog\/wp-json\/wp\/v2\/types\/post"}],"author":[{"embeddable":true,"href":"https:\/\/extremepc-fr.com\/blog\/wp-json\/wp\/v2\/users\/34"}],"replies":[{"embeddable":true,"href":"https:\/\/extremepc-fr.com\/blog\/wp-json\/wp\/v2\/comments?post=7683"}],"version-history":[{"count":1,"href":"https:\/\/extremepc-fr.com\/blog\/wp-json\/wp\/v2\/posts\/7683\/revisions"}],"predecessor-version":[{"id":7713,"href":"https:\/\/extremepc-fr.com\/blog\/wp-json\/wp\/v2\/posts\/7683\/revisions\/7713"}],"wp:featuredmedia":[{"embeddable":true,"href":"https:\/\/extremepc-fr.com\/blog\/wp-json\/wp\/v2\/media\/7724"}],"wp:attachment":[{"href":"https:\/\/extremepc-fr.com\/blog\/wp-json\/wp\/v2\/media?parent=7683"}],"wp:term":[{"taxonomy":"category","embeddable":true,"href":"https:\/\/extremepc-fr.com\/blog\/wp-json\/wp\/v2\/categories?post=7683"},{"taxonomy":"post_tag","embeddable":true,"href":"https:\/\/extremepc-fr.com\/blog\/wp-json\/wp\/v2\/tags?post=7683"}],"curies":[{"name":"wp","href":"https:\/\/api.w.org\/{rel}","templated":true}]}}