{"id":7679,"date":"2026-04-29T09:00:00","date_gmt":"2026-04-29T09:00:00","guid":{"rendered":"https:\/\/extremepc-fr.com\/blog\/?p=7679"},"modified":"2026-04-29T09:00:00","modified_gmt":"2026-04-29T09:00:00","slug":"mac-m5","status":"publish","type":"post","link":"https:\/\/extremepc-fr.com\/blog\/articles\/mac-m5\/","title":{"rendered":"Mac M5 : Nouveaut\u00e9s processeur Apple 2026"},"content":{"rendered":"<p>Le <strong>Mac M5<\/strong>, lanc\u00e9 par Apple en 2026, marque une \u00e9tape significative dans l\u2019\u00e9volution des processeurs pour ordinateurs personnels. Con\u00e7u pour r\u00e9pondre aux exigences croissantes des utilisateurs professionnels et cr\u00e9atifs, le M5 se distingue par ses performances optimis\u00e9es et une efficacit\u00e9 \u00e9nerg\u00e9tique accrue. Dans cet article, nous examinerons les principales innovations apport\u00e9es par ce processeur, ainsi que des retours d\u2019exp\u00e9rience concrets d\u2019utilisateurs ayant adopt\u00e9 cette technologie.<\/p>\n<h2>Les caract\u00e9ristiques techniques du Mac M5<\/h2>\n<p>Le Mac M5 int\u00e8gre plusieurs avanc\u00e9es technologiques qui le rendent particuli\u00e8rement performant. Voici un aper\u00e7u de ses sp\u00e9cifications cl\u00e9s :<\/p>\n<ul>\n<li><strong>Architecture<\/strong> : Bas\u00e9e sur une architecture 5 nm, offrant une densit\u00e9 de transistors am\u00e9lior\u00e9e.<\/li>\n<li><strong>C\u0153urs<\/strong> : 12 c\u0153urs (8 c\u0153urs haute performance et 4 c\u0153urs haute efficacit\u00e9).<\/li>\n<li><strong>GPU<\/strong> : Un GPU int\u00e9gr\u00e9 avec jusqu\u2019\u00e0 20 c\u0153urs, permettant des performances graphiques nettement sup\u00e9rieures.<\/li>\n<li><strong>RAM<\/strong> : Prise en charge de la RAM LPDDR5 jusqu\u2019\u00e0 64 Go.<\/li>\n<\/ul>\n<h3>Comparaison des performances<\/h3>\n<table class=\"kwdbank-table\">\n<thead>\n<tr>\n<th>Processeur<\/th>\n<th>C\u0153urs<\/th>\n<th>Fr\u00e9quence max<\/th>\n<th>Score Cinebench R23<\/th>\n<\/tr>\n<\/thead>\n<tbody>\n<tr>\n<td>Mac M4<\/td>\n<td>8 (4+4)<\/td>\n<td>3.2 GHz<\/td>\n<td>7,500<\/td>\n<\/tr>\n<tr>\n<td>Mac M5<\/td>\n<td>12 (8+4)<\/td>\n<td>3.5 GHz<\/td>\n<td>10,200<\/td>\n<\/tr>\n<\/tbody>\n<\/table>\n<p>Le gain de performance du Mac M5 est \u00e9vident avec un score Cinebench R23 atteignant <strong>10,200<\/strong>, contre <strong>7,500<\/strong> pour son pr\u00e9d\u00e9cesseur. Cela repr\u00e9sente une augmentation de pr\u00e8s de <strong>36%<\/strong>, ce qui est particuli\u00e8rement appr\u00e9ciable pour les t\u00e2ches lourdes telles que le montage vid\u00e9o ou la mod\u00e9lisation 3D.<\/p>\n<h2>Optimisation \u00e9nerg\u00e9tique<\/h2>\n<p>Un autre aspect fondamental du Mac M5 est son efficacit\u00e9 \u00e9nerg\u00e9tique. Gr\u00e2ce \u00e0 l\u2019architecture avanc\u00e9e et \u00e0 la gestion intelligente de la consommation d\u2019\u00e9nergie, Apple annonce que le M5 consomme jusqu\u2019\u00e0 <strong>30%<\/strong> d\u2019\u00e9nergie en moins par rapport au M4 tout en offrant des performances sup\u00e9rieures. Cela se traduit par une autonomie prolong\u00e9e pour les utilisateurs mobiles.<\/p>\n<h3>Retours d\u2019exp\u00e9rience terrain<\/h3>\n<p>De nombreux utilisateurs ont partag\u00e9 leurs impressions sur le Mac M5 depuis sa sortie :<\/p>\n<ol>\n<li><strong>Montage vid\u00e9o<\/strong> : Un vid\u00e9aste professionnel a rapport\u00e9 un temps de rendu r\u00e9duit de <strong>50%<\/strong> sur ses projets gr\u00e2ce \u00e0 la puissance du M5.<\/li>\n<li><strong>D\u00e9veloppement logiciel<\/strong> : Un d\u00e9veloppeur a observ\u00e9 une r\u00e9duction significative des temps de compilation, passant de plusieurs minutes \u00e0 quelques secondes sur des projets complexes.<\/li>\n<\/ol>\n<p>Ces t\u00e9moignages soulignent l\u2019impact r\u00e9el du processeur sur la productivit\u00e9 quotidienne.<\/p>\n<h2>Points forts et pi\u00e8ges \u00e0 \u00e9viter<\/h2>\n<h3>Points forts du Mac M5<\/h3>\n<ul>\n<li><strong>Performances am\u00e9lior\u00e9es<\/strong> : Id\u00e9al pour les t\u00e2ches exigeantes.<\/li>\n<li><strong>Efficacit\u00e9 \u00e9nerg\u00e9tique<\/strong> : Autonomie accrue pour les utilisateurs nomades.<\/li>\n<li><strong>Compatibilit\u00e9 logicielle<\/strong> : Optimis\u00e9 pour les applications professionnelles populaires comme Final Cut Pro et Xcode.<\/li>\n<\/ul>\n<h3>Pi\u00e8ge \u00e0 \u00e9viter<\/h3>\n<p>Un pi\u00e8ge courant est de n\u00e9gliger la mise \u00e0 jour des logiciels pour tirer pleinement parti des capacit\u00e9s du Mac M5. Certaines applications peuvent ne pas \u00eatre optimis\u00e9es pour cette nouvelle architecture au d\u00e9but. Assurez-vous que vos outils sont \u00e0 jour avant d\u2019effectuer un achat.<\/p>\n<h2>Accessoires recommand\u00e9s<\/h2>\n<p>Pour accompagner votre nouveau Mac M5, certains accessoires peuvent am\u00e9liorer votre exp\u00e9rience :<\/p>\n<ul>\n<li><strong>Moniteurs externes<\/strong> : Les moniteurs 4K ou m\u00eame 6K permettent d\u2019exploiter pleinement le GPU int\u00e9gr\u00e9.<\/li>\n<li><strong>Disques SSD externes rapides<\/strong> : Pour un stockage suppl\u00e9mentaire avec des vitesses de transfert \u00e9lev\u00e9es.<\/li>\n<li><strong>Station d\u2019accueil Thunderbolt<\/strong> : Pour connecter plusieurs p\u00e9riph\u00e9riques simultan\u00e9ment sans encombrement.<\/li>\n<\/ul>\n<h3>Liste d\u2019accessoires<\/h3>\n<table class=\"kwdbank-table\">\n<thead>\n<tr>\n<th>Accessoire<\/th>\n<th>Avantages<\/th>\n<\/tr>\n<\/thead>\n<tbody>\n<tr>\n<td>Moniteur LG UltraFine 27\u201d<\/td>\n<td>R\u00e9solution 5K optimale<\/td>\n<\/tr>\n<tr>\n<td>Disque SSD Samsung T7<\/td>\n<td>Vitesse jusqu\u2019\u00e0 1,050 Mo\/s<\/td>\n<\/tr>\n<tr>\n<td>Station d\u2019accueil CalDigit<\/td>\n<td>Ports multiples (USB-C, HDMI, Ethernet)<\/td>\n<\/tr>\n<\/tbody>\n<\/table>\n<h2>FAQ<\/h2>\n<h3>Quelles sont les diff\u00e9rences majeures entre le Mac M4 et le Mac M5 ?<\/h3>\n<p>Le Mac M5 offre plus de c\u0153urs et une fr\u00e9quence plus \u00e9lev\u00e9e, entra\u00eenant une am\u00e9lioration substantielle des performances.<\/p>\n<h3>Le Mac M5 est-il compatible avec tous les logiciels ?<\/h3>\n<p>La majorit\u00e9 des applications courantes sont compatibles. V\u00e9rifiez toutefois les mises \u00e0 jour sp\u00e9cifiques aux nouvelles architectures.<\/p>\n<h3>Quelle est l\u2019autonomie moyenne du Mac M5 ?<\/h3>\n<p>L\u2019autonomie peut atteindre jusqu\u2019\u00e0 <strong>18 heures<\/strong>, selon l\u2019utilisation.<\/p>\n<h3>Est-il pr\u00e9f\u00e9rable d\u2019opter pour le mod\u00e8le avec plus de RAM ?<\/h3>\n<p>Pour des t\u00e2ches lourdes comme le montage vid\u00e9o ou le d\u00e9veloppement logiciel intensif, il est conseill\u00e9 d\u2019opter pour au moins <strong>32 Go<\/strong> de RAM.<\/p>\n<h3>Quelles sont les meilleures configurations recommand\u00e9es pour un utilisateur cr\u00e9atif ?<\/h3>\n<p>Un mod\u00e8le avec au moins <strong>32 Go de RAM<\/strong>, un GPU \u00e0 20 c\u0153urs et un \u00e9cran externe haute r\u00e9solution serait id\u00e9al.<\/p>\n<h3>O\u00f9 acheter le Mac M5 ?<\/h3>\n<p>Vous pouvez acheter le Mac M5 directement sur le site officiel d\u2019Apple ou chez des revendeurs agr\u00e9\u00e9s.<\/p>\n<p>Adoptez rapidement cette nouvelle technologie pour b\u00e9n\u00e9ficier d\u00e8s maintenant des am\u00e9liorations qu\u2019offre le processeur Apple M5 dans vos activit\u00e9s quotidiennes.<\/p>\n","protected":false},"excerpt":{"rendered":"","protected":false},"author":34,"featured_media":7728,"comment_status":"open","ping_status":"open","sticky":false,"template":"","format":"standard","meta":{"_acf_changed":false,"manual_indexmenow":false,"indexmenow_id_project":0,"footnotes":""},"categories":[4754],"tags":[],"class_list":["post-7679","post","type-post","status-publish","format-standard","has-post-thumbnail","hentry","category-articles","generate-columns","tablet-grid-50","mobile-grid-100","grid-parent","grid-25"],"acf":[],"yoast_head":"<!-- This site is optimized with the Yoast SEO Premium plugin v21.3 (Yoast SEO v25.6) - https:\/\/yoast.com\/wordpress\/plugins\/seo\/ -->\n<title>Mac M5 : Nouveaut\u00e9s processeur Apple 2026<\/title>\n<meta name=\"description\" content=\"Le Mac M5, lanc\u00e9 par Apple en 2026, marque une \u00e9tape significative dans l\u2019\u00e9volution des processeurs pour ordinateurs personnels. Con\u00e7u pour r\u00e9pondre\" \/>\n<meta name=\"robots\" content=\"index, follow, max-snippet:-1, max-image-preview:large, max-video-preview:-1\" \/>\n<link rel=\"canonical\" href=\"https:\/\/extremepc-fr.com\/blog\/articles\/mac-m5\/\" \/>\n<meta property=\"og:locale\" content=\"fr_FR\" \/>\n<meta property=\"og:type\" content=\"article\" \/>\n<meta property=\"og:title\" content=\"Mac M5 : Nouveaut\u00e9s processeur Apple 2026\" \/>\n<meta property=\"og:description\" content=\"Le Mac M5, lanc\u00e9 par Apple en 2026, marque une \u00e9tape significative dans l\u2019\u00e9volution des processeurs pour ordinateurs personnels. Con\u00e7u pour r\u00e9pondre\" \/>\n<meta property=\"og:url\" content=\"https:\/\/extremepc-fr.com\/blog\/articles\/mac-m5\/\" \/>\n<meta property=\"og:site_name\" content=\"extremepc\" \/>\n<meta property=\"og:image\" content=\"https:\/\/extremepc-fr.com\/blog\/wp-content\/uploads\/2026\/05\/sdxl-8ef54804cef79e0dd6856433c3d6ea02-scaled.png\" \/>\n\t<meta property=\"og:image:width\" content=\"1200\" \/>\n\t<meta property=\"og:image:height\" content=\"500\" \/>\n\t<meta property=\"og:image:type\" content=\"image\/png\" \/>\n<meta name=\"author\" content=\"Hugo Lambrecht\" \/>\n<meta name=\"twitter:card\" content=\"summary_large_image\" \/>\n<script type=\"application\/ld+json\" class=\"yoast-schema-graph\">{\"@context\":\"https:\/\/schema.org\",\"@graph\":[{\"@type\":\"NewsArticle\",\"@id\":\"https:\/\/extremepc-fr.com\/blog\/articles\/mac-m5\/#article\",\"isPartOf\":{\"@id\":\"https:\/\/extremepc-fr.com\/blog\/articles\/mac-m5\/\"},\"author\":{\"name\":\"Hugo Lambrecht\",\"@id\":\"https:\/\/extremepc-fr.com\/blog\/#\/schema\/person\/3c864cdc320801e3db34b663e7e3f816\"},\"headline\":\"Mac M5 : Nouveaut\u00e9s processeur Apple 2026\",\"datePublished\":\"2026-04-29T09:00:00+00:00\",\"mainEntityOfPage\":{\"@id\":\"https:\/\/extremepc-fr.com\/blog\/articles\/mac-m5\/\"},\"wordCount\":784,\"commentCount\":0,\"publisher\":{\"@id\":\"https:\/\/extremepc-fr.com\/blog\/#organization\"},\"image\":{\"@id\":\"https:\/\/extremepc-fr.com\/blog\/articles\/mac-m5\/#primaryimage\"},\"thumbnailUrl\":\"https:\/\/extremepc-fr.com\/blog\/wp-content\/uploads\/2026\/05\/sdxl-8ef54804cef79e0dd6856433c3d6ea02-scaled.png\",\"articleSection\":[\"Articles\"],\"inLanguage\":\"fr-FR\",\"potentialAction\":[{\"@type\":\"CommentAction\",\"name\":\"Comment\",\"target\":[\"https:\/\/extremepc-fr.com\/blog\/articles\/mac-m5\/#respond\"]}]},{\"@type\":\"WebPage\",\"@id\":\"https:\/\/extremepc-fr.com\/blog\/articles\/mac-m5\/\",\"url\":\"https:\/\/extremepc-fr.com\/blog\/articles\/mac-m5\/\",\"name\":\"Mac M5 : Nouveaut\u00e9s processeur Apple 2026\",\"isPartOf\":{\"@id\":\"https:\/\/extremepc-fr.com\/blog\/#website\"},\"primaryImageOfPage\":{\"@id\":\"https:\/\/extremepc-fr.com\/blog\/articles\/mac-m5\/#primaryimage\"},\"image\":{\"@id\":\"https:\/\/extremepc-fr.com\/blog\/articles\/mac-m5\/#primaryimage\"},\"thumbnailUrl\":\"https:\/\/extremepc-fr.com\/blog\/wp-content\/uploads\/2026\/05\/sdxl-8ef54804cef79e0dd6856433c3d6ea02-scaled.png\",\"datePublished\":\"2026-04-29T09:00:00+00:00\",\"description\":\"Le Mac M5, lanc\u00e9 par Apple en 2026, marque une \u00e9tape significative dans l\u2019\u00e9volution des processeurs pour ordinateurs personnels. Con\u00e7u pour r\u00e9pondre\",\"inLanguage\":\"fr-FR\",\"potentialAction\":[{\"@type\":\"ReadAction\",\"target\":[\"https:\/\/extremepc-fr.com\/blog\/articles\/mac-m5\/\"]}]},{\"@type\":\"ImageObject\",\"inLanguage\":\"fr-FR\",\"@id\":\"https:\/\/extremepc-fr.com\/blog\/articles\/mac-m5\/#primaryimage\",\"url\":\"https:\/\/extremepc-fr.com\/blog\/wp-content\/uploads\/2026\/05\/sdxl-8ef54804cef79e0dd6856433c3d6ea02-scaled.png\",\"contentUrl\":\"https:\/\/extremepc-fr.com\/blog\/wp-content\/uploads\/2026\/05\/sdxl-8ef54804cef79e0dd6856433c3d6ea02-scaled.png\",\"width\":1200,\"height\":500},{\"@type\":\"WebSite\",\"@id\":\"https:\/\/extremepc-fr.com\/blog\/#website\",\"url\":\"https:\/\/extremepc-fr.com\/blog\/\",\"name\":\"ExtremePC FR\",\"description\":\"ExtremePC FR, la performance num\u00e9rique d\u00e9cupl\u00e9e\",\"publisher\":{\"@id\":\"https:\/\/extremepc-fr.com\/blog\/#organization\"},\"alternateName\":\"ExtremePC FR, la performance num\u00e9rique d\u00e9cupl\u00e9e\",\"potentialAction\":[{\"@type\":\"SearchAction\",\"target\":{\"@type\":\"EntryPoint\",\"urlTemplate\":\"https:\/\/extremepc-fr.com\/blog\/?s={search_term_string}\"},\"query-input\":{\"@type\":\"PropertyValueSpecification\",\"valueRequired\":true,\"valueName\":\"search_term_string\"}}],\"inLanguage\":\"fr-FR\"},{\"@type\":\"Organization\",\"@id\":\"https:\/\/extremepc-fr.com\/blog\/#organization\",\"name\":\"ExtremePC FR\",\"url\":\"https:\/\/extremepc-fr.com\/blog\/\",\"logo\":{\"@type\":\"ImageObject\",\"inLanguage\":\"fr-FR\",\"@id\":\"https:\/\/extremepc-fr.com\/blog\/#\/schema\/logo\/image\/\",\"url\":\"https:\/\/extremepc-fr.com\/blog\/wp-content\/uploads\/2024\/12\/cropped-3.png\",\"contentUrl\":\"https:\/\/extremepc-fr.com\/blog\/wp-content\/uploads\/2024\/12\/cropped-3.png\",\"width\":282,\"height\":247,\"caption\":\"ExtremePC FR\"},\"image\":{\"@id\":\"https:\/\/extremepc-fr.com\/blog\/#\/schema\/logo\/image\/\"}},{\"@type\":\"Person\",\"@id\":\"https:\/\/extremepc-fr.com\/blog\/#\/schema\/person\/3c864cdc320801e3db34b663e7e3f816\",\"name\":\"Hugo Lambrecht\",\"image\":{\"@type\":\"ImageObject\",\"inLanguage\":\"fr-FR\",\"@id\":\"https:\/\/extremepc-fr.com\/blog\/#\/schema\/person\/image\/\",\"url\":\"https:\/\/extremepc-fr.com\/blog\/wp-content\/uploads\/2026\/06\/persona_hugo-l-96x96.jpg\",\"contentUrl\":\"https:\/\/extremepc-fr.com\/blog\/wp-content\/uploads\/2026\/06\/persona_hugo-l-96x96.jpg\",\"caption\":\"Hugo Lambrecht\"},\"description\":\"Geek assum\u00e9 et veilleur tech depuis plus de dix ans, je passe mes journ\u00e9es \u00e0 tester, comparer et expliquer le num\u00e9rique. Mes terrains favoris : les astuces high-tech du quotidien, la s\u00e9curit\u00e9 en ligne et les outils web, des VPN aux logiciels qui simplifient la vie. J'aime prendre un sujet r\u00e9put\u00e9 compliqu\u00e9 et le rendre limpide pour quelqu'un qui n'est pas d\u00e9veloppeur. Avant de recommander un produit ou un service, je le mets r\u00e9ellement \u00e0 l'\u00e9preuve, je v\u00e9rifie les versions et les tarifs en vigueur, et je signale les limites autant que les atouts. Je me m\u00e9fie des classements de complaisance : un comparatif n'a de valeur que si la m\u00e9thode est transparente. Mon fil rouge, c'est l'utilit\u00e9 concr\u00e8te : aider le lecteur \u00e0 mieux choisir, mieux configurer et mieux se prot\u00e9ger, sans tomber dans le jargon.\",\"sameAs\":[\"https:\/\/hugolambrecht.fr\/\"],\"url\":\"https:\/\/extremepc-fr.com\/blog\/auteur\/noname\/\"}]}<\/script>\n<!-- \/ Yoast SEO Premium plugin. -->","yoast_head_json":{"title":"Mac M5 : Nouveaut\u00e9s processeur Apple 2026","description":"Le Mac M5, lanc\u00e9 par Apple en 2026, marque une \u00e9tape significative dans l\u2019\u00e9volution des processeurs pour ordinateurs personnels. Con\u00e7u pour r\u00e9pondre","robots":{"index":"index","follow":"follow","max-snippet":"max-snippet:-1","max-image-preview":"max-image-preview:large","max-video-preview":"max-video-preview:-1"},"canonical":"https:\/\/extremepc-fr.com\/blog\/articles\/mac-m5\/","og_locale":"fr_FR","og_type":"article","og_title":"Mac M5 : Nouveaut\u00e9s processeur Apple 2026","og_description":"Le Mac M5, lanc\u00e9 par Apple en 2026, marque une \u00e9tape significative dans l\u2019\u00e9volution des processeurs pour ordinateurs personnels. Con\u00e7u pour r\u00e9pondre","og_url":"https:\/\/extremepc-fr.com\/blog\/articles\/mac-m5\/","og_site_name":"extremepc","og_image":[{"width":1200,"height":500,"url":"https:\/\/extremepc-fr.com\/blog\/wp-content\/uploads\/2026\/05\/sdxl-8ef54804cef79e0dd6856433c3d6ea02-scaled.png","type":"image\/png"}],"author":"Hugo Lambrecht","twitter_card":"summary_large_image","schema":{"@context":"https:\/\/schema.org","@graph":[{"@type":"NewsArticle","@id":"https:\/\/extremepc-fr.com\/blog\/articles\/mac-m5\/#article","isPartOf":{"@id":"https:\/\/extremepc-fr.com\/blog\/articles\/mac-m5\/"},"author":{"name":"Hugo Lambrecht","@id":"https:\/\/extremepc-fr.com\/blog\/#\/schema\/person\/3c864cdc320801e3db34b663e7e3f816"},"headline":"Mac M5 : Nouveaut\u00e9s processeur Apple 2026","datePublished":"2026-04-29T09:00:00+00:00","mainEntityOfPage":{"@id":"https:\/\/extremepc-fr.com\/blog\/articles\/mac-m5\/"},"wordCount":784,"commentCount":0,"publisher":{"@id":"https:\/\/extremepc-fr.com\/blog\/#organization"},"image":{"@id":"https:\/\/extremepc-fr.com\/blog\/articles\/mac-m5\/#primaryimage"},"thumbnailUrl":"https:\/\/extremepc-fr.com\/blog\/wp-content\/uploads\/2026\/05\/sdxl-8ef54804cef79e0dd6856433c3d6ea02-scaled.png","articleSection":["Articles"],"inLanguage":"fr-FR","potentialAction":[{"@type":"CommentAction","name":"Comment","target":["https:\/\/extremepc-fr.com\/blog\/articles\/mac-m5\/#respond"]}]},{"@type":"WebPage","@id":"https:\/\/extremepc-fr.com\/blog\/articles\/mac-m5\/","url":"https:\/\/extremepc-fr.com\/blog\/articles\/mac-m5\/","name":"Mac M5 : Nouveaut\u00e9s processeur Apple 2026","isPartOf":{"@id":"https:\/\/extremepc-fr.com\/blog\/#website"},"primaryImageOfPage":{"@id":"https:\/\/extremepc-fr.com\/blog\/articles\/mac-m5\/#primaryimage"},"image":{"@id":"https:\/\/extremepc-fr.com\/blog\/articles\/mac-m5\/#primaryimage"},"thumbnailUrl":"https:\/\/extremepc-fr.com\/blog\/wp-content\/uploads\/2026\/05\/sdxl-8ef54804cef79e0dd6856433c3d6ea02-scaled.png","datePublished":"2026-04-29T09:00:00+00:00","description":"Le Mac M5, lanc\u00e9 par Apple en 2026, marque une \u00e9tape significative dans l\u2019\u00e9volution des processeurs pour ordinateurs personnels. Con\u00e7u pour r\u00e9pondre","inLanguage":"fr-FR","potentialAction":[{"@type":"ReadAction","target":["https:\/\/extremepc-fr.com\/blog\/articles\/mac-m5\/"]}]},{"@type":"ImageObject","inLanguage":"fr-FR","@id":"https:\/\/extremepc-fr.com\/blog\/articles\/mac-m5\/#primaryimage","url":"https:\/\/extremepc-fr.com\/blog\/wp-content\/uploads\/2026\/05\/sdxl-8ef54804cef79e0dd6856433c3d6ea02-scaled.png","contentUrl":"https:\/\/extremepc-fr.com\/blog\/wp-content\/uploads\/2026\/05\/sdxl-8ef54804cef79e0dd6856433c3d6ea02-scaled.png","width":1200,"height":500},{"@type":"WebSite","@id":"https:\/\/extremepc-fr.com\/blog\/#website","url":"https:\/\/extremepc-fr.com\/blog\/","name":"ExtremePC FR","description":"ExtremePC FR, la performance num\u00e9rique d\u00e9cupl\u00e9e","publisher":{"@id":"https:\/\/extremepc-fr.com\/blog\/#organization"},"alternateName":"ExtremePC FR, la performance num\u00e9rique d\u00e9cupl\u00e9e","potentialAction":[{"@type":"SearchAction","target":{"@type":"EntryPoint","urlTemplate":"https:\/\/extremepc-fr.com\/blog\/?s={search_term_string}"},"query-input":{"@type":"PropertyValueSpecification","valueRequired":true,"valueName":"search_term_string"}}],"inLanguage":"fr-FR"},{"@type":"Organization","@id":"https:\/\/extremepc-fr.com\/blog\/#organization","name":"ExtremePC FR","url":"https:\/\/extremepc-fr.com\/blog\/","logo":{"@type":"ImageObject","inLanguage":"fr-FR","@id":"https:\/\/extremepc-fr.com\/blog\/#\/schema\/logo\/image\/","url":"https:\/\/extremepc-fr.com\/blog\/wp-content\/uploads\/2024\/12\/cropped-3.png","contentUrl":"https:\/\/extremepc-fr.com\/blog\/wp-content\/uploads\/2024\/12\/cropped-3.png","width":282,"height":247,"caption":"ExtremePC FR"},"image":{"@id":"https:\/\/extremepc-fr.com\/blog\/#\/schema\/logo\/image\/"}},{"@type":"Person","@id":"https:\/\/extremepc-fr.com\/blog\/#\/schema\/person\/3c864cdc320801e3db34b663e7e3f816","name":"Hugo Lambrecht","image":{"@type":"ImageObject","inLanguage":"fr-FR","@id":"https:\/\/extremepc-fr.com\/blog\/#\/schema\/person\/image\/","url":"https:\/\/extremepc-fr.com\/blog\/wp-content\/uploads\/2026\/06\/persona_hugo-l-96x96.jpg","contentUrl":"https:\/\/extremepc-fr.com\/blog\/wp-content\/uploads\/2026\/06\/persona_hugo-l-96x96.jpg","caption":"Hugo Lambrecht"},"description":"Geek assum\u00e9 et veilleur tech depuis plus de dix ans, je passe mes journ\u00e9es \u00e0 tester, comparer et expliquer le num\u00e9rique. Mes terrains favoris : les astuces high-tech du quotidien, la s\u00e9curit\u00e9 en ligne et les outils web, des VPN aux logiciels qui simplifient la vie. J'aime prendre un sujet r\u00e9put\u00e9 compliqu\u00e9 et le rendre limpide pour quelqu'un qui n'est pas d\u00e9veloppeur. Avant de recommander un produit ou un service, je le mets r\u00e9ellement \u00e0 l'\u00e9preuve, je v\u00e9rifie les versions et les tarifs en vigueur, et je signale les limites autant que les atouts. Je me m\u00e9fie des classements de complaisance : un comparatif n'a de valeur que si la m\u00e9thode est transparente. Mon fil rouge, c'est l'utilit\u00e9 concr\u00e8te : aider le lecteur \u00e0 mieux choisir, mieux configurer et mieux se prot\u00e9ger, sans tomber dans le jargon.","sameAs":["https:\/\/hugolambrecht.fr\/"],"url":"https:\/\/extremepc-fr.com\/blog\/auteur\/noname\/"}]}},"_links":{"self":[{"href":"https:\/\/extremepc-fr.com\/blog\/wp-json\/wp\/v2\/posts\/7679","targetHints":{"allow":["GET"]}}],"collection":[{"href":"https:\/\/extremepc-fr.com\/blog\/wp-json\/wp\/v2\/posts"}],"about":[{"href":"https:\/\/extremepc-fr.com\/blog\/wp-json\/wp\/v2\/types\/post"}],"author":[{"embeddable":true,"href":"https:\/\/extremepc-fr.com\/blog\/wp-json\/wp\/v2\/users\/34"}],"replies":[{"embeddable":true,"href":"https:\/\/extremepc-fr.com\/blog\/wp-json\/wp\/v2\/comments?post=7679"}],"version-history":[{"count":1,"href":"https:\/\/extremepc-fr.com\/blog\/wp-json\/wp\/v2\/posts\/7679\/revisions"}],"predecessor-version":[{"id":7709,"href":"https:\/\/extremepc-fr.com\/blog\/wp-json\/wp\/v2\/posts\/7679\/revisions\/7709"}],"wp:featuredmedia":[{"embeddable":true,"href":"https:\/\/extremepc-fr.com\/blog\/wp-json\/wp\/v2\/media\/7728"}],"wp:attachment":[{"href":"https:\/\/extremepc-fr.com\/blog\/wp-json\/wp\/v2\/media?parent=7679"}],"wp:term":[{"taxonomy":"category","embeddable":true,"href":"https:\/\/extremepc-fr.com\/blog\/wp-json\/wp\/v2\/categories?post=7679"},{"taxonomy":"post_tag","embeddable":true,"href":"https:\/\/extremepc-fr.com\/blog\/wp-json\/wp\/v2\/tags?post=7679"}],"curies":[{"name":"wp","href":"https:\/\/api.w.org\/{rel}","templated":true}]}}