{"id":7676,"date":"2026-04-17T09:00:00","date_gmt":"2026-04-17T09:00:00","guid":{"rendered":"https:\/\/extremepc-fr.com\/blog\/articles\/reinitialiser-mac\/"},"modified":"2026-04-17T09:00:00","modified_gmt":"2026-04-17T09:00:00","slug":"reinitialiser-mac","status":"publish","type":"post","link":"https:\/\/extremepc-fr.com\/blog\/articles\/reinitialiser-mac\/","title":{"rendered":"R\u00e9initialiser Mac : Guide Complet 2026"},"content":{"rendered":"<p>R\u00e9initialiser un Mac est une op\u00e9ration souvent n\u00e9cessaire pour am\u00e9liorer les performances, r\u00e9soudre des probl\u00e8mes ou pr\u00e9parer un appareil pour une nouvelle utilisation. Que vous souhaitiez effacer toutes vos donn\u00e9es ou simplement restaurer votre syst\u00e8me \u00e0 ses param\u00e8tres d\u2019origine, plusieurs m\u00e9thodes s\u2019offrent \u00e0 vous. Cet article explore les diff\u00e9rentes fa\u00e7ons de r\u00e9initialiser un Mac en 2026, ainsi que leurs avantages et inconv\u00e9nients.<\/p>\n<h2>Pourquoi r\u00e9initialiser un Mac ?<\/h2>\n<h3>Am\u00e9lioration des performances<\/h3>\n<p>Au fil du temps, un Mac peut devenir lent en raison de l\u2019accumulation de fichiers inutiles et d\u2019applications obsol\u00e8tes. Une r\u00e9initialisation peut lib\u00e9rer de l\u2019espace et restaurer la rapidit\u00e9 de l\u2019appareil. Par exemple, un utilisateur ayant r\u00e9initialis\u00e9 son Mac a constat\u00e9 une am\u00e9lioration de 40 % des temps de chargement d\u2019applications apr\u00e8s avoir effectu\u00e9 cette op\u00e9ration.<\/p>\n<h3>Pr\u00e9paration \u00e0 la vente<\/h3>\n<p>Si vous envisagez de vendre votre Mac, il est essentiel de le r\u00e9initialiser pour prot\u00e9ger vos donn\u00e9es personnelles. En effa\u00e7ant toutes les informations, vous \u00e9vitez tout risque de r\u00e9cup\u00e9ration par le nouvel utilisateur.<\/p>\n<h2>M\u00e9thodes pour r\u00e9initialiser un Mac<\/h2>\n<h3>1. R\u00e9initialisation via macOS Recovery<\/h3>\n<h4>\u00c9tapes :<\/h4>\n<ol>\n<li>\u00c9teignez votre Mac.<\/li>\n<li>Allumez-le en maintenant les touches <strong>Command (\u2318) + R<\/strong> enfonc\u00e9es jusqu\u2019\u00e0 voir le logo Apple.<\/li>\n<li>S\u00e9lectionnez \u201cR\u00e9installer macOS\u201d ou \u201cUtilitaire de disque\u201d selon votre besoin.<\/li>\n<li>Suivez les instructions \u00e0 l\u2019\u00e9cran.<\/li>\n<\/ol>\n<p><strong>Avantages :<\/strong><br \/>\n&#8211; Simple et int\u00e9gr\u00e9 au syst\u00e8me d\u2019exploitation.<br \/>\n&#8211; Aucune perte de garantie.<\/p>\n<p><strong>Inconv\u00e9nients :<\/strong><br \/>\n&#8211; N\u00e9cessite une connexion Internet pour t\u00e9l\u00e9charger le syst\u00e8me d\u2019exploitation.<\/p>\n<h3>2. Utilisation d\u2019une cl\u00e9 USB bootable<\/h3>\n<h4>\u00c9tapes :<\/h4>\n<ol>\n<li>T\u00e9l\u00e9chargez le fichier d\u2019installation de macOS depuis l\u2019App Store.<\/li>\n<li>Cr\u00e9ez une cl\u00e9 USB bootable avec le terminal (exemple : <code>sudo \/Applications\/Install\\ macOS\\ Monterey.app\/Contents\/Resources\/createinstallmedia --volume \/Volumes\/MyVolume<\/code>).<\/li>\n<li>\u00c9teignez votre Mac et branchez la cl\u00e9 USB.<\/li>\n<li>Allumez-le en maintenant la touche <strong>Option (\u2325)<\/strong> enfonc\u00e9e et s\u00e9lectionnez la cl\u00e9 USB.<\/li>\n<\/ol>\n<p><strong>Avantages :<\/strong><br \/>\n&#8211; Installation propre sans connexion Internet requise.<br \/>\n&#8211; Possibilit\u00e9 d\u2019installer diff\u00e9rentes versions de macOS.<\/p>\n<p><strong>Inconv\u00e9nients :<\/strong><br \/>\n&#8211; Processus plus complexe n\u00e9cessitant des comp\u00e9tences techniques.<\/p>\n<table class=\"kwdbank-table\">\n<thead>\n<tr>\n<th>M\u00e9thode<\/th>\n<th>Connexion Internet<\/th>\n<th>Simplicit\u00e9<\/th>\n<th>Temps estim\u00e9<\/th>\n<\/tr>\n<\/thead>\n<tbody>\n<tr>\n<td>macOS Recovery<\/td>\n<td>Oui<\/td>\n<td>\u00c9lev\u00e9e<\/td>\n<td>30 min<\/td>\n<\/tr>\n<tr>\n<td>Cl\u00e9 USB bootable<\/td>\n<td>Non<\/td>\n<td>Moyenne<\/td>\n<td>45 min<\/td>\n<\/tr>\n<\/tbody>\n<\/table>\n<h2>Pi\u00e8ges \u00e0 \u00e9viter lors de la r\u00e9initialisation<\/h2>\n<p>Ne pas sauvegarder vos donn\u00e9es avant la r\u00e9initialisation est une erreur fr\u00e9quente. Utilisez <strong>Time Machine<\/strong> ou un autre service de sauvegarde pour \u00e9viter toute perte irr\u00e9versible. En 2026, environ 20 % des utilisateurs omettent cette \u00e9tape cruciale, ce qui entra\u00eene des pertes significatives.<\/p>\n<h2>Alternatives \u00e0 la r\u00e9initialisation compl\u00e8te<\/h2>\n<h3>R\u00e9paration via le mode sans \u00e9chec<\/h3>\n<p>Le mode sans \u00e9chec permet parfois de r\u00e9soudre les probl\u00e8mes sans avoir \u00e0 r\u00e9initialiser compl\u00e8tement le syst\u00e8me :<\/p>\n<ol>\n<li>\u00c9teignez votre Mac.<\/li>\n<li>Rallumez-le en maintenant la touche <strong>Shift<\/strong> enfonc\u00e9e.<\/li>\n<li>Une fois d\u00e9marr\u00e9, effectuez les r\u00e9parations n\u00e9cessaires dans <strong>Utilitaire de disque<\/strong>.<\/li>\n<\/ol>\n<h3>Mise \u00e0 jour du syst\u00e8me<\/h3>\n<p>Parfois, il suffit simplement d\u2019installer les derni\u00e8res mises \u00e0 jour pour corriger des bugs ou am\u00e9liorer les performances :<\/p>\n<ol>\n<li>Allez dans <strong>Pr\u00e9f\u00e9rences Syst\u00e8me &gt; Mise \u00e0 jour logicielle<\/strong>.<\/li>\n<li>T\u00e9l\u00e9chargez et installez toutes les mises \u00e0 jour disponibles.<\/li>\n<\/ol>\n<p>Ces alternatives peuvent \u00eatre moins intrusives et suffire \u00e0 corriger certains probl\u00e8mes sans perdre vos fichiers personnels.<\/p>\n<h2>FAQ<\/h2>\n<h3>Comment savoir si je dois r\u00e9initialiser mon Mac ?<\/h3>\n<p>Si votre Mac fonctionne lentement, plante fr\u00e9quemment ou si vous pr\u00e9voyez de le vendre, une r\u00e9initialisation est conseill\u00e9e.<\/p>\n<h3>Quelle m\u00e9thode est la plus recommand\u00e9e pour r\u00e9initialiser mon Mac ?<\/h3>\n<p>La m\u00e9thode via macOS Recovery est g\u00e9n\u00e9ralement la plus simple et convient \u00e0 la plupart des utilisateurs.<\/p>\n<h3>Puis-je r\u00e9cup\u00e9rer mes donn\u00e9es apr\u00e8s une r\u00e9initialisation ?<\/h3>\n<p>Si vous n\u2019avez pas sauvegard\u00e9 vos donn\u00e9es avant la r\u00e9initialisation, il sera difficile, voire impossible, de les r\u00e9cup\u00e9rer.<\/p>\n<h3>Est-ce que cela annule ma garantie ?<\/h3>\n<p>Non, tant que vous utilisez les outils fournis par Apple pour effectuer la r\u00e9initialisation.<\/p>\n<h3>Combien de temps prend une r\u00e9initialisation compl\u00e8te ?<\/h3>\n<p>En moyenne, cela prend entre 30 minutes et une heure selon la m\u00e9thode choisie et l\u2019\u00e9tat du syst\u00e8me.<\/p>\n<p>En suivant ce guide complet sur la mani\u00e8re de r\u00e9initialiser votre Mac en 2026, vous pourrez choisir l\u2019approche qui convient le mieux \u00e0 vos besoins tout en \u00e9vitant les erreurs courantes li\u00e9es \u00e0 cette op\u00e9ration cruciale.<\/p>\n","protected":false},"excerpt":{"rendered":"","protected":false},"author":34,"featured_media":7741,"comment_status":"open","ping_status":"open","sticky":false,"template":"","format":"standard","meta":{"_acf_changed":false,"manual_indexmenow":false,"indexmenow_id_project":0,"footnotes":""},"categories":[4754],"tags":[],"class_list":["post-7676","post","type-post","status-publish","format-standard","has-post-thumbnail","hentry","category-articles","generate-columns","tablet-grid-50","mobile-grid-100","grid-parent","grid-25"],"acf":[],"yoast_head":"<!-- This site is optimized with the Yoast SEO Premium plugin v21.3 (Yoast SEO v25.6) - https:\/\/yoast.com\/wordpress\/plugins\/seo\/ -->\n<title>R\u00e9initialiser Mac : Guide Complet 2026<\/title>\n<meta name=\"description\" content=\"R\u00e9initialiser un Mac est une op\u00e9ration souvent n\u00e9cessaire pour am\u00e9liorer les performances, r\u00e9soudre des probl\u00e8mes ou pr\u00e9parer un appareil pour une nouvelle\" \/>\n<meta name=\"robots\" content=\"index, follow, max-snippet:-1, max-image-preview:large, max-video-preview:-1\" \/>\n<link rel=\"canonical\" href=\"https:\/\/extremepc-fr.com\/blog\/articles\/reinitialiser-mac\/\" \/>\n<meta property=\"og:locale\" content=\"fr_FR\" \/>\n<meta property=\"og:type\" content=\"article\" \/>\n<meta property=\"og:title\" content=\"R\u00e9initialiser Mac : Guide Complet 2026\" \/>\n<meta property=\"og:description\" content=\"R\u00e9initialiser un Mac est une op\u00e9ration souvent n\u00e9cessaire pour am\u00e9liorer les performances, r\u00e9soudre des probl\u00e8mes ou pr\u00e9parer un appareil pour une nouvelle\" \/>\n<meta property=\"og:url\" content=\"https:\/\/extremepc-fr.com\/blog\/articles\/reinitialiser-mac\/\" \/>\n<meta property=\"og:site_name\" content=\"extremepc\" \/>\n<meta property=\"og:image\" content=\"https:\/\/extremepc-fr.com\/blog\/wp-content\/uploads\/2026\/05\/sdxl-4aac170d25be876f10a5ec3ff7e1a6e5-scaled.png\" \/>\n\t<meta property=\"og:image:width\" content=\"1200\" \/>\n\t<meta property=\"og:image:height\" content=\"500\" \/>\n\t<meta property=\"og:image:type\" content=\"image\/png\" \/>\n<meta name=\"author\" content=\"Hugo Lambrecht\" \/>\n<meta name=\"twitter:card\" content=\"summary_large_image\" \/>\n<script type=\"application\/ld+json\" class=\"yoast-schema-graph\">{\"@context\":\"https:\/\/schema.org\",\"@graph\":[{\"@type\":\"NewsArticle\",\"@id\":\"https:\/\/extremepc-fr.com\/blog\/articles\/reinitialiser-mac\/#article\",\"isPartOf\":{\"@id\":\"https:\/\/extremepc-fr.com\/blog\/articles\/reinitialiser-mac\/\"},\"author\":{\"name\":\"Hugo Lambrecht\",\"@id\":\"https:\/\/extremepc-fr.com\/blog\/#\/schema\/person\/3c864cdc320801e3db34b663e7e3f816\"},\"headline\":\"R\u00e9initialiser Mac : Guide Complet 2026\",\"datePublished\":\"2026-04-17T09:00:00+00:00\",\"mainEntityOfPage\":{\"@id\":\"https:\/\/extremepc-fr.com\/blog\/articles\/reinitialiser-mac\/\"},\"wordCount\":741,\"commentCount\":0,\"publisher\":{\"@id\":\"https:\/\/extremepc-fr.com\/blog\/#organization\"},\"image\":{\"@id\":\"https:\/\/extremepc-fr.com\/blog\/articles\/reinitialiser-mac\/#primaryimage\"},\"thumbnailUrl\":\"https:\/\/extremepc-fr.com\/blog\/wp-content\/uploads\/2026\/05\/sdxl-4aac170d25be876f10a5ec3ff7e1a6e5-scaled.png\",\"articleSection\":[\"Articles\"],\"inLanguage\":\"fr-FR\",\"potentialAction\":[{\"@type\":\"CommentAction\",\"name\":\"Comment\",\"target\":[\"https:\/\/extremepc-fr.com\/blog\/articles\/reinitialiser-mac\/#respond\"]}]},{\"@type\":\"WebPage\",\"@id\":\"https:\/\/extremepc-fr.com\/blog\/articles\/reinitialiser-mac\/\",\"url\":\"https:\/\/extremepc-fr.com\/blog\/articles\/reinitialiser-mac\/\",\"name\":\"R\u00e9initialiser Mac : Guide Complet 2026\",\"isPartOf\":{\"@id\":\"https:\/\/extremepc-fr.com\/blog\/#website\"},\"primaryImageOfPage\":{\"@id\":\"https:\/\/extremepc-fr.com\/blog\/articles\/reinitialiser-mac\/#primaryimage\"},\"image\":{\"@id\":\"https:\/\/extremepc-fr.com\/blog\/articles\/reinitialiser-mac\/#primaryimage\"},\"thumbnailUrl\":\"https:\/\/extremepc-fr.com\/blog\/wp-content\/uploads\/2026\/05\/sdxl-4aac170d25be876f10a5ec3ff7e1a6e5-scaled.png\",\"datePublished\":\"2026-04-17T09:00:00+00:00\",\"description\":\"R\u00e9initialiser un Mac est une op\u00e9ration souvent n\u00e9cessaire pour am\u00e9liorer les performances, r\u00e9soudre des probl\u00e8mes ou pr\u00e9parer un appareil pour une nouvelle\",\"inLanguage\":\"fr-FR\",\"potentialAction\":[{\"@type\":\"ReadAction\",\"target\":[\"https:\/\/extremepc-fr.com\/blog\/articles\/reinitialiser-mac\/\"]}]},{\"@type\":\"ImageObject\",\"inLanguage\":\"fr-FR\",\"@id\":\"https:\/\/extremepc-fr.com\/blog\/articles\/reinitialiser-mac\/#primaryimage\",\"url\":\"https:\/\/extremepc-fr.com\/blog\/wp-content\/uploads\/2026\/05\/sdxl-4aac170d25be876f10a5ec3ff7e1a6e5-scaled.png\",\"contentUrl\":\"https:\/\/extremepc-fr.com\/blog\/wp-content\/uploads\/2026\/05\/sdxl-4aac170d25be876f10a5ec3ff7e1a6e5-scaled.png\",\"width\":1200,\"height\":500},{\"@type\":\"WebSite\",\"@id\":\"https:\/\/extremepc-fr.com\/blog\/#website\",\"url\":\"https:\/\/extremepc-fr.com\/blog\/\",\"name\":\"ExtremePC FR\",\"description\":\"ExtremePC FR, la performance num\u00e9rique d\u00e9cupl\u00e9e\",\"publisher\":{\"@id\":\"https:\/\/extremepc-fr.com\/blog\/#organization\"},\"alternateName\":\"ExtremePC FR, la performance num\u00e9rique d\u00e9cupl\u00e9e\",\"potentialAction\":[{\"@type\":\"SearchAction\",\"target\":{\"@type\":\"EntryPoint\",\"urlTemplate\":\"https:\/\/extremepc-fr.com\/blog\/?s={search_term_string}\"},\"query-input\":{\"@type\":\"PropertyValueSpecification\",\"valueRequired\":true,\"valueName\":\"search_term_string\"}}],\"inLanguage\":\"fr-FR\"},{\"@type\":\"Organization\",\"@id\":\"https:\/\/extremepc-fr.com\/blog\/#organization\",\"name\":\"ExtremePC FR\",\"url\":\"https:\/\/extremepc-fr.com\/blog\/\",\"logo\":{\"@type\":\"ImageObject\",\"inLanguage\":\"fr-FR\",\"@id\":\"https:\/\/extremepc-fr.com\/blog\/#\/schema\/logo\/image\/\",\"url\":\"https:\/\/extremepc-fr.com\/blog\/wp-content\/uploads\/2024\/12\/cropped-3.png\",\"contentUrl\":\"https:\/\/extremepc-fr.com\/blog\/wp-content\/uploads\/2024\/12\/cropped-3.png\",\"width\":282,\"height\":247,\"caption\":\"ExtremePC FR\"},\"image\":{\"@id\":\"https:\/\/extremepc-fr.com\/blog\/#\/schema\/logo\/image\/\"}},{\"@type\":\"Person\",\"@id\":\"https:\/\/extremepc-fr.com\/blog\/#\/schema\/person\/3c864cdc320801e3db34b663e7e3f816\",\"name\":\"Hugo Lambrecht\",\"image\":{\"@type\":\"ImageObject\",\"inLanguage\":\"fr-FR\",\"@id\":\"https:\/\/extremepc-fr.com\/blog\/#\/schema\/person\/image\/\",\"url\":\"https:\/\/extremepc-fr.com\/blog\/wp-content\/uploads\/2026\/06\/persona_hugo-l-96x96.jpg\",\"contentUrl\":\"https:\/\/extremepc-fr.com\/blog\/wp-content\/uploads\/2026\/06\/persona_hugo-l-96x96.jpg\",\"caption\":\"Hugo Lambrecht\"},\"description\":\"Geek assum\u00e9 et veilleur tech depuis plus de dix ans, je passe mes journ\u00e9es \u00e0 tester, comparer et expliquer le num\u00e9rique. Mes terrains favoris : les astuces high-tech du quotidien, la s\u00e9curit\u00e9 en ligne et les outils web, des VPN aux logiciels qui simplifient la vie. J'aime prendre un sujet r\u00e9put\u00e9 compliqu\u00e9 et le rendre limpide pour quelqu'un qui n'est pas d\u00e9veloppeur. Avant de recommander un produit ou un service, je le mets r\u00e9ellement \u00e0 l'\u00e9preuve, je v\u00e9rifie les versions et les tarifs en vigueur, et je signale les limites autant que les atouts. Je me m\u00e9fie des classements de complaisance : un comparatif n'a de valeur que si la m\u00e9thode est transparente. Mon fil rouge, c'est l'utilit\u00e9 concr\u00e8te : aider le lecteur \u00e0 mieux choisir, mieux configurer et mieux se prot\u00e9ger, sans tomber dans le jargon.\",\"sameAs\":[\"https:\/\/hugolambrecht.fr\/\"],\"url\":\"https:\/\/extremepc-fr.com\/blog\/auteur\/noname\/\"}]}<\/script>\n<!-- \/ Yoast SEO Premium plugin. -->","yoast_head_json":{"title":"R\u00e9initialiser Mac : Guide Complet 2026","description":"R\u00e9initialiser un Mac est une op\u00e9ration souvent n\u00e9cessaire pour am\u00e9liorer les performances, r\u00e9soudre des probl\u00e8mes ou pr\u00e9parer un appareil pour une nouvelle","robots":{"index":"index","follow":"follow","max-snippet":"max-snippet:-1","max-image-preview":"max-image-preview:large","max-video-preview":"max-video-preview:-1"},"canonical":"https:\/\/extremepc-fr.com\/blog\/articles\/reinitialiser-mac\/","og_locale":"fr_FR","og_type":"article","og_title":"R\u00e9initialiser Mac : Guide Complet 2026","og_description":"R\u00e9initialiser un Mac est une op\u00e9ration souvent n\u00e9cessaire pour am\u00e9liorer les performances, r\u00e9soudre des probl\u00e8mes ou pr\u00e9parer un appareil pour une nouvelle","og_url":"https:\/\/extremepc-fr.com\/blog\/articles\/reinitialiser-mac\/","og_site_name":"extremepc","og_image":[{"width":1200,"height":500,"url":"https:\/\/extremepc-fr.com\/blog\/wp-content\/uploads\/2026\/05\/sdxl-4aac170d25be876f10a5ec3ff7e1a6e5-scaled.png","type":"image\/png"}],"author":"Hugo Lambrecht","twitter_card":"summary_large_image","schema":{"@context":"https:\/\/schema.org","@graph":[{"@type":"NewsArticle","@id":"https:\/\/extremepc-fr.com\/blog\/articles\/reinitialiser-mac\/#article","isPartOf":{"@id":"https:\/\/extremepc-fr.com\/blog\/articles\/reinitialiser-mac\/"},"author":{"name":"Hugo Lambrecht","@id":"https:\/\/extremepc-fr.com\/blog\/#\/schema\/person\/3c864cdc320801e3db34b663e7e3f816"},"headline":"R\u00e9initialiser Mac : Guide Complet 2026","datePublished":"2026-04-17T09:00:00+00:00","mainEntityOfPage":{"@id":"https:\/\/extremepc-fr.com\/blog\/articles\/reinitialiser-mac\/"},"wordCount":741,"commentCount":0,"publisher":{"@id":"https:\/\/extremepc-fr.com\/blog\/#organization"},"image":{"@id":"https:\/\/extremepc-fr.com\/blog\/articles\/reinitialiser-mac\/#primaryimage"},"thumbnailUrl":"https:\/\/extremepc-fr.com\/blog\/wp-content\/uploads\/2026\/05\/sdxl-4aac170d25be876f10a5ec3ff7e1a6e5-scaled.png","articleSection":["Articles"],"inLanguage":"fr-FR","potentialAction":[{"@type":"CommentAction","name":"Comment","target":["https:\/\/extremepc-fr.com\/blog\/articles\/reinitialiser-mac\/#respond"]}]},{"@type":"WebPage","@id":"https:\/\/extremepc-fr.com\/blog\/articles\/reinitialiser-mac\/","url":"https:\/\/extremepc-fr.com\/blog\/articles\/reinitialiser-mac\/","name":"R\u00e9initialiser Mac : Guide Complet 2026","isPartOf":{"@id":"https:\/\/extremepc-fr.com\/blog\/#website"},"primaryImageOfPage":{"@id":"https:\/\/extremepc-fr.com\/blog\/articles\/reinitialiser-mac\/#primaryimage"},"image":{"@id":"https:\/\/extremepc-fr.com\/blog\/articles\/reinitialiser-mac\/#primaryimage"},"thumbnailUrl":"https:\/\/extremepc-fr.com\/blog\/wp-content\/uploads\/2026\/05\/sdxl-4aac170d25be876f10a5ec3ff7e1a6e5-scaled.png","datePublished":"2026-04-17T09:00:00+00:00","description":"R\u00e9initialiser un Mac est une op\u00e9ration souvent n\u00e9cessaire pour am\u00e9liorer les performances, r\u00e9soudre des probl\u00e8mes ou pr\u00e9parer un appareil pour une nouvelle","inLanguage":"fr-FR","potentialAction":[{"@type":"ReadAction","target":["https:\/\/extremepc-fr.com\/blog\/articles\/reinitialiser-mac\/"]}]},{"@type":"ImageObject","inLanguage":"fr-FR","@id":"https:\/\/extremepc-fr.com\/blog\/articles\/reinitialiser-mac\/#primaryimage","url":"https:\/\/extremepc-fr.com\/blog\/wp-content\/uploads\/2026\/05\/sdxl-4aac170d25be876f10a5ec3ff7e1a6e5-scaled.png","contentUrl":"https:\/\/extremepc-fr.com\/blog\/wp-content\/uploads\/2026\/05\/sdxl-4aac170d25be876f10a5ec3ff7e1a6e5-scaled.png","width":1200,"height":500},{"@type":"WebSite","@id":"https:\/\/extremepc-fr.com\/blog\/#website","url":"https:\/\/extremepc-fr.com\/blog\/","name":"ExtremePC FR","description":"ExtremePC FR, la performance num\u00e9rique d\u00e9cupl\u00e9e","publisher":{"@id":"https:\/\/extremepc-fr.com\/blog\/#organization"},"alternateName":"ExtremePC FR, la performance num\u00e9rique d\u00e9cupl\u00e9e","potentialAction":[{"@type":"SearchAction","target":{"@type":"EntryPoint","urlTemplate":"https:\/\/extremepc-fr.com\/blog\/?s={search_term_string}"},"query-input":{"@type":"PropertyValueSpecification","valueRequired":true,"valueName":"search_term_string"}}],"inLanguage":"fr-FR"},{"@type":"Organization","@id":"https:\/\/extremepc-fr.com\/blog\/#organization","name":"ExtremePC FR","url":"https:\/\/extremepc-fr.com\/blog\/","logo":{"@type":"ImageObject","inLanguage":"fr-FR","@id":"https:\/\/extremepc-fr.com\/blog\/#\/schema\/logo\/image\/","url":"https:\/\/extremepc-fr.com\/blog\/wp-content\/uploads\/2024\/12\/cropped-3.png","contentUrl":"https:\/\/extremepc-fr.com\/blog\/wp-content\/uploads\/2024\/12\/cropped-3.png","width":282,"height":247,"caption":"ExtremePC FR"},"image":{"@id":"https:\/\/extremepc-fr.com\/blog\/#\/schema\/logo\/image\/"}},{"@type":"Person","@id":"https:\/\/extremepc-fr.com\/blog\/#\/schema\/person\/3c864cdc320801e3db34b663e7e3f816","name":"Hugo Lambrecht","image":{"@type":"ImageObject","inLanguage":"fr-FR","@id":"https:\/\/extremepc-fr.com\/blog\/#\/schema\/person\/image\/","url":"https:\/\/extremepc-fr.com\/blog\/wp-content\/uploads\/2026\/06\/persona_hugo-l-96x96.jpg","contentUrl":"https:\/\/extremepc-fr.com\/blog\/wp-content\/uploads\/2026\/06\/persona_hugo-l-96x96.jpg","caption":"Hugo Lambrecht"},"description":"Geek assum\u00e9 et veilleur tech depuis plus de dix ans, je passe mes journ\u00e9es \u00e0 tester, comparer et expliquer le num\u00e9rique. Mes terrains favoris : les astuces high-tech du quotidien, la s\u00e9curit\u00e9 en ligne et les outils web, des VPN aux logiciels qui simplifient la vie. J'aime prendre un sujet r\u00e9put\u00e9 compliqu\u00e9 et le rendre limpide pour quelqu'un qui n'est pas d\u00e9veloppeur. Avant de recommander un produit ou un service, je le mets r\u00e9ellement \u00e0 l'\u00e9preuve, je v\u00e9rifie les versions et les tarifs en vigueur, et je signale les limites autant que les atouts. Je me m\u00e9fie des classements de complaisance : un comparatif n'a de valeur que si la m\u00e9thode est transparente. Mon fil rouge, c'est l'utilit\u00e9 concr\u00e8te : aider le lecteur \u00e0 mieux choisir, mieux configurer et mieux se prot\u00e9ger, sans tomber dans le jargon.","sameAs":["https:\/\/hugolambrecht.fr\/"],"url":"https:\/\/extremepc-fr.com\/blog\/auteur\/noname\/"}]}},"_links":{"self":[{"href":"https:\/\/extremepc-fr.com\/blog\/wp-json\/wp\/v2\/posts\/7676","targetHints":{"allow":["GET"]}}],"collection":[{"href":"https:\/\/extremepc-fr.com\/blog\/wp-json\/wp\/v2\/posts"}],"about":[{"href":"https:\/\/extremepc-fr.com\/blog\/wp-json\/wp\/v2\/types\/post"}],"author":[{"embeddable":true,"href":"https:\/\/extremepc-fr.com\/blog\/wp-json\/wp\/v2\/users\/34"}],"replies":[{"embeddable":true,"href":"https:\/\/extremepc-fr.com\/blog\/wp-json\/wp\/v2\/comments?post=7676"}],"version-history":[{"count":0,"href":"https:\/\/extremepc-fr.com\/blog\/wp-json\/wp\/v2\/posts\/7676\/revisions"}],"wp:featuredmedia":[{"embeddable":true,"href":"https:\/\/extremepc-fr.com\/blog\/wp-json\/wp\/v2\/media\/7741"}],"wp:attachment":[{"href":"https:\/\/extremepc-fr.com\/blog\/wp-json\/wp\/v2\/media?parent=7676"}],"wp:term":[{"taxonomy":"category","embeddable":true,"href":"https:\/\/extremepc-fr.com\/blog\/wp-json\/wp\/v2\/categories?post=7676"},{"taxonomy":"post_tag","embeddable":true,"href":"https:\/\/extremepc-fr.com\/blog\/wp-json\/wp\/v2\/tags?post=7676"}],"curies":[{"name":"wp","href":"https:\/\/api.w.org\/{rel}","templated":true}]}}