{"id":7675,"date":"2026-04-08T09:00:00","date_gmt":"2026-04-08T09:00:00","guid":{"rendered":"https:\/\/extremepc-fr.com\/blog\/articles\/macbook-pro-reconditionne\/"},"modified":"2026-04-08T09:00:00","modified_gmt":"2026-04-08T09:00:00","slug":"macbook-pro-reconditionne","status":"publish","type":"post","link":"https:\/\/extremepc-fr.com\/blog\/articles\/macbook-pro-reconditionne\/","title":{"rendered":"MacBook Pro Reconditionn\u00e9 : Top Prix 2026"},"content":{"rendered":"<p>Le march\u00e9 des <strong>MacBook Pro reconditionn\u00e9s<\/strong> conna\u00eet une forte croissance en 2026, offrant aux consommateurs une alternative \u00e9conomique aux mod\u00e8les neufs. Ces appareils, remis \u00e0 neuf par des professionnels, permettent d\u2019acc\u00e9der \u00e0 des performances de pointe tout en respectant un budget. Cet article vous guide dans le choix d\u2019un MacBook Pro reconditionn\u00e9, en vous fournissant des informations pratiques et des conseils pour maximiser votre investissement.<\/p>\n<h2>Pourquoi choisir un MacBook Pro reconditionn\u00e9 ?<\/h2>\n<h3>\u00c9conomie substantielle<\/h3>\n<p>Les <strong>MacBook Pro reconditionn\u00e9s<\/strong> peuvent co\u00fbter jusqu\u2019\u00e0 30% moins cher que les mod\u00e8les neufs. Par exemple, un MacBook Pro M1 avec 256 Go de stockage peut \u00eatre trouv\u00e9 \u00e0 partir de 1 000 \u20ac en neuf, tandis qu\u2019un mod\u00e8le reconditionn\u00e9 similaire pourrait \u00eatre propos\u00e9 autour de 700 \u20ac.<\/p>\n<h3>Impact environnemental r\u00e9duit<\/h3>\n<p>Acheter un produit reconditionn\u00e9 contribue \u00e0 la r\u00e9duction des d\u00e9chets \u00e9lectroniques. En prolongeant la dur\u00e9e de vie d\u2019un appareil, vous participez \u00e0 une d\u00e9marche plus \u00e9cologique.<\/p>\n<h2>Comment choisir un MacBook Pro reconditionn\u00e9 ?<\/h2>\n<h3>1. V\u00e9rifiez l\u2019\u00e9tat g\u00e9n\u00e9ral<\/h3>\n<p>L\u2019\u00e9tat du produit est primordial. Les appareils peuvent \u00eatre class\u00e9s en plusieurs cat\u00e9gories :<\/p>\n<table class=\"kwdbank-table\">\n<thead>\n<tr>\n<th>Cat\u00e9gorie<\/th>\n<th>\u00c9tat visuel<\/th>\n<th>Fonctionnalit\u00e9<\/th>\n<\/tr>\n<\/thead>\n<tbody>\n<tr>\n<td>Comme neuf<\/td>\n<td>Aucune rayure<\/td>\n<td>Parfait \u00e9tat de fonctionnement<\/td>\n<\/tr>\n<tr>\n<td>Tr\u00e8s bon \u00e9tat<\/td>\n<td>L\u00e9g\u00e8res \u00e9raflures<\/td>\n<td>Fonctionne parfaitement<\/td>\n<\/tr>\n<tr>\n<td>Bon \u00e9tat<\/td>\n<td>Rayures visibles<\/td>\n<td>Fonctionnel mais avec signes d\u2019usure<\/td>\n<\/tr>\n<\/tbody>\n<\/table>\n<h3>2. Contr\u00f4lez la garantie<\/h3>\n<p>Assurez-vous que le vendeur propose une garantie d\u2019au moins six mois. Cela vous prot\u00e8ge contre les d\u00e9fauts qui pourraient appara\u00eetre apr\u00e8s l\u2019achat.<\/p>\n<h3>3. Comparez les prix<\/h3>\n<p>N\u2019h\u00e9sitez pas \u00e0 consulter plusieurs sites pour comparer les prix. Par exemple, le site <strong>Back Market<\/strong> propose r\u00e9guli\u00e8rement des offres attractives sur les MacBook Pro reconditionn\u00e9s, tandis qu\u2019<strong>Apple<\/strong> offre \u00e9galement une section d\u00e9di\u00e9e aux produits remis \u00e0 neuf.<\/p>\n<h2>Les pi\u00e8ges \u00e0 \u00e9viter<\/h2>\n<p>Un pi\u00e8ge fr\u00e9quent est d\u2019acheter sans v\u00e9rifier la r\u00e9putation du vendeur. Privil\u00e9giez des plateformes reconnues qui offrent une politique de retour claire et des avis clients v\u00e9rifi\u00e9s. Des sites comme <strong>Amazon Renewed<\/strong> ou <strong>Fnac<\/strong> sont g\u00e9n\u00e9ralement fiables.<\/p>\n<h2>Exemples concrets de prix en 2026<\/h2>\n<p>Voici quelques exemples de prix pour diff\u00e9rents mod\u00e8les de MacBook Pro reconditionn\u00e9s :<\/p>\n<table class=\"kwdbank-table\">\n<thead>\n<tr>\n<th>Mod\u00e8le<\/th>\n<th>Prix Reconditionn\u00e9 (\u20ac)<\/th>\n<th>Prix Neuf (\u20ac)<\/th>\n<\/tr>\n<\/thead>\n<tbody>\n<tr>\n<td>MacBook Pro M1 (256 Go)<\/td>\n<td>700<\/td>\n<td>1 000<\/td>\n<\/tr>\n<tr>\n<td>MacBook Pro M2 (512 Go)<\/td>\n<td>1 200<\/td>\n<td>1 500<\/td>\n<\/tr>\n<tr>\n<td>MacBook Pro Intel (16 Go RAM)<\/td>\n<td>850<\/td>\n<td>1 200<\/td>\n<\/tr>\n<\/tbody>\n<\/table>\n<p>Ces prix montrent qu\u2019il est possible d\u2019\u00e9conomiser consid\u00e9rablement tout en obtenant un appareil performant.<\/p>\n<h2>O\u00f9 acheter un MacBook Pro reconditionn\u00e9 ?<\/h2>\n<h3>Sites recommand\u00e9s<\/h3>\n<ul>\n<li><strong>Back Market<\/strong> : Large choix et bonnes garanties.<\/li>\n<li><strong>Apple Store Reconditionn\u00e9<\/strong> : Produits certifi\u00e9s par Apple.<\/li>\n<li><strong>Amazon Renewed<\/strong> : Options vari\u00e9es avec \u00e9valuations clients.<\/li>\n<li><strong>Fnac<\/strong> : Garantie et possibilit\u00e9 de retirer en magasin.<\/li>\n<\/ul>\n<h2>Action imm\u00e9diate<\/h2>\n<p>Avant d\u2019acheter votre MacBook Pro reconditionn\u00e9, \u00e9tablissez votre budget et d\u00e9finissez vos besoins sp\u00e9cifiques (stockage, taille d\u2019\u00e9cran). Consultez plusieurs sources pour comparer les offres disponibles afin de faire le meilleur choix.<\/p>\n<h2>FAQ<\/h2>\n<h3>Qu\u2019est-ce qu\u2019un MacBook Pro reconditionn\u00e9 ?<\/h3>\n<p>Un MacBook Pro reconditionn\u00e9 est un appareil ayant \u00e9t\u00e9 retourn\u00e9 au fabricant ou \u00e0 un revendeur, r\u00e9par\u00e9 et test\u00e9 pour garantir son bon fonctionnement avant sa remise en vente.<\/p>\n<h3>Est-ce fiable d\u2019acheter un MacBook Pro reconditionn\u00e9 ?<\/h3>\n<p>Oui, si vous choisissez des vendeurs r\u00e9put\u00e9s qui offrent une garantie et un retour possible en cas de probl\u00e8me.<\/p>\n<h3>Quel est l\u2019avantage d\u2019acheter chez Apple plut\u00f4t que sur d\u2019autres sites ?<\/h3>\n<p>Apple propose des produits certifi\u00e9s avec une garantie officielle, assurant ainsi la qualit\u00e9 du mat\u00e9riel.<\/p>\n<h3>Combien de temps dure la garantie sur un produit reconditionn\u00e9 ?<\/h3>\n<p>La dur\u00e9e de garantie varie selon le vendeur, mais elle doit g\u00e9n\u00e9ralement \u00eatre d\u2019au moins six mois.<\/p>\n<h3>Peut-on upgrader un MacBook Pro reconditionn\u00e9 ?<\/h3>\n<p>Cela d\u00e9pend du mod\u00e8le. Les anciens mod\u00e8les permettent souvent des mises \u00e0 niveau de RAM ou de stockage, tandis que les mod\u00e8les r\u00e9cents sont g\u00e9n\u00e9ralement soud\u00e9s et non modifiables.<\/p>\n<h3>Quels accessoires devrais-je acheter avec mon MacBook Pro ?<\/h3>\n<p>Pensez \u00e0 acqu\u00e9rir une housse de protection, un adaptateur secteur suppl\u00e9mentaire et \u00e9ventuellement un disque dur externe pour sauvegarder vos donn\u00e9es.<\/p>\n","protected":false},"excerpt":{"rendered":"","protected":false},"author":34,"featured_media":7742,"comment_status":"open","ping_status":"open","sticky":false,"template":"","format":"standard","meta":{"_acf_changed":false,"manual_indexmenow":false,"indexmenow_id_project":0,"footnotes":""},"categories":[4754],"tags":[],"class_list":["post-7675","post","type-post","status-publish","format-standard","has-post-thumbnail","hentry","category-articles","generate-columns","tablet-grid-50","mobile-grid-100","grid-parent","grid-25"],"acf":[],"yoast_head":"<!-- This site is optimized with the Yoast SEO Premium plugin v21.3 (Yoast SEO v25.6) - https:\/\/yoast.com\/wordpress\/plugins\/seo\/ -->\n<title>MacBook Pro Reconditionn\u00e9 : Top Prix 2026<\/title>\n<meta name=\"description\" content=\"Le march\u00e9 des MacBook Pro reconditionn\u00e9s conna\u00eet une forte croissance en 2026, offrant aux consommateurs une alternative \u00e9conomique aux mod\u00e8les neufs.\" \/>\n<meta name=\"robots\" content=\"index, follow, max-snippet:-1, max-image-preview:large, max-video-preview:-1\" \/>\n<link rel=\"canonical\" href=\"https:\/\/extremepc-fr.com\/blog\/articles\/macbook-pro-reconditionne\/\" \/>\n<meta property=\"og:locale\" content=\"fr_FR\" \/>\n<meta property=\"og:type\" content=\"article\" \/>\n<meta property=\"og:title\" content=\"MacBook Pro Reconditionn\u00e9 : Top Prix 2026\" \/>\n<meta property=\"og:description\" content=\"Le march\u00e9 des MacBook Pro reconditionn\u00e9s conna\u00eet une forte croissance en 2026, offrant aux consommateurs une alternative \u00e9conomique aux mod\u00e8les neufs.\" \/>\n<meta property=\"og:url\" content=\"https:\/\/extremepc-fr.com\/blog\/articles\/macbook-pro-reconditionne\/\" \/>\n<meta property=\"og:site_name\" content=\"extremepc\" \/>\n<meta property=\"og:image\" content=\"https:\/\/extremepc-fr.com\/blog\/wp-content\/uploads\/2026\/05\/sdxl-b8ec37d2deda99b089944bddb5fad21e-scaled.png\" \/>\n\t<meta property=\"og:image:width\" content=\"1200\" \/>\n\t<meta property=\"og:image:height\" content=\"500\" \/>\n\t<meta property=\"og:image:type\" content=\"image\/png\" \/>\n<meta name=\"author\" content=\"Hugo Lambrecht\" \/>\n<meta name=\"twitter:card\" content=\"summary_large_image\" \/>\n<script type=\"application\/ld+json\" class=\"yoast-schema-graph\">{\"@context\":\"https:\/\/schema.org\",\"@graph\":[{\"@type\":\"NewsArticle\",\"@id\":\"https:\/\/extremepc-fr.com\/blog\/articles\/macbook-pro-reconditionne\/#article\",\"isPartOf\":{\"@id\":\"https:\/\/extremepc-fr.com\/blog\/articles\/macbook-pro-reconditionne\/\"},\"author\":{\"name\":\"Hugo Lambrecht\",\"@id\":\"https:\/\/extremepc-fr.com\/blog\/#\/schema\/person\/3c864cdc320801e3db34b663e7e3f816\"},\"headline\":\"MacBook Pro Reconditionn\u00e9 : Top Prix 2026\",\"datePublished\":\"2026-04-08T09:00:00+00:00\",\"mainEntityOfPage\":{\"@id\":\"https:\/\/extremepc-fr.com\/blog\/articles\/macbook-pro-reconditionne\/\"},\"wordCount\":688,\"commentCount\":0,\"publisher\":{\"@id\":\"https:\/\/extremepc-fr.com\/blog\/#organization\"},\"image\":{\"@id\":\"https:\/\/extremepc-fr.com\/blog\/articles\/macbook-pro-reconditionne\/#primaryimage\"},\"thumbnailUrl\":\"https:\/\/extremepc-fr.com\/blog\/wp-content\/uploads\/2026\/05\/sdxl-b8ec37d2deda99b089944bddb5fad21e-scaled.png\",\"articleSection\":[\"Articles\"],\"inLanguage\":\"fr-FR\",\"potentialAction\":[{\"@type\":\"CommentAction\",\"name\":\"Comment\",\"target\":[\"https:\/\/extremepc-fr.com\/blog\/articles\/macbook-pro-reconditionne\/#respond\"]}]},{\"@type\":\"WebPage\",\"@id\":\"https:\/\/extremepc-fr.com\/blog\/articles\/macbook-pro-reconditionne\/\",\"url\":\"https:\/\/extremepc-fr.com\/blog\/articles\/macbook-pro-reconditionne\/\",\"name\":\"MacBook Pro Reconditionn\u00e9 : Top Prix 2026\",\"isPartOf\":{\"@id\":\"https:\/\/extremepc-fr.com\/blog\/#website\"},\"primaryImageOfPage\":{\"@id\":\"https:\/\/extremepc-fr.com\/blog\/articles\/macbook-pro-reconditionne\/#primaryimage\"},\"image\":{\"@id\":\"https:\/\/extremepc-fr.com\/blog\/articles\/macbook-pro-reconditionne\/#primaryimage\"},\"thumbnailUrl\":\"https:\/\/extremepc-fr.com\/blog\/wp-content\/uploads\/2026\/05\/sdxl-b8ec37d2deda99b089944bddb5fad21e-scaled.png\",\"datePublished\":\"2026-04-08T09:00:00+00:00\",\"description\":\"Le march\u00e9 des MacBook Pro reconditionn\u00e9s conna\u00eet une forte croissance en 2026, offrant aux consommateurs une alternative \u00e9conomique aux mod\u00e8les neufs.\",\"inLanguage\":\"fr-FR\",\"potentialAction\":[{\"@type\":\"ReadAction\",\"target\":[\"https:\/\/extremepc-fr.com\/blog\/articles\/macbook-pro-reconditionne\/\"]}]},{\"@type\":\"ImageObject\",\"inLanguage\":\"fr-FR\",\"@id\":\"https:\/\/extremepc-fr.com\/blog\/articles\/macbook-pro-reconditionne\/#primaryimage\",\"url\":\"https:\/\/extremepc-fr.com\/blog\/wp-content\/uploads\/2026\/05\/sdxl-b8ec37d2deda99b089944bddb5fad21e-scaled.png\",\"contentUrl\":\"https:\/\/extremepc-fr.com\/blog\/wp-content\/uploads\/2026\/05\/sdxl-b8ec37d2deda99b089944bddb5fad21e-scaled.png\",\"width\":1200,\"height\":500},{\"@type\":\"WebSite\",\"@id\":\"https:\/\/extremepc-fr.com\/blog\/#website\",\"url\":\"https:\/\/extremepc-fr.com\/blog\/\",\"name\":\"ExtremePC FR\",\"description\":\"ExtremePC FR, la performance num\u00e9rique d\u00e9cupl\u00e9e\",\"publisher\":{\"@id\":\"https:\/\/extremepc-fr.com\/blog\/#organization\"},\"alternateName\":\"ExtremePC FR, la performance num\u00e9rique d\u00e9cupl\u00e9e\",\"potentialAction\":[{\"@type\":\"SearchAction\",\"target\":{\"@type\":\"EntryPoint\",\"urlTemplate\":\"https:\/\/extremepc-fr.com\/blog\/?s={search_term_string}\"},\"query-input\":{\"@type\":\"PropertyValueSpecification\",\"valueRequired\":true,\"valueName\":\"search_term_string\"}}],\"inLanguage\":\"fr-FR\"},{\"@type\":\"Organization\",\"@id\":\"https:\/\/extremepc-fr.com\/blog\/#organization\",\"name\":\"ExtremePC FR\",\"url\":\"https:\/\/extremepc-fr.com\/blog\/\",\"logo\":{\"@type\":\"ImageObject\",\"inLanguage\":\"fr-FR\",\"@id\":\"https:\/\/extremepc-fr.com\/blog\/#\/schema\/logo\/image\/\",\"url\":\"https:\/\/extremepc-fr.com\/blog\/wp-content\/uploads\/2024\/12\/cropped-3.png\",\"contentUrl\":\"https:\/\/extremepc-fr.com\/blog\/wp-content\/uploads\/2024\/12\/cropped-3.png\",\"width\":282,\"height\":247,\"caption\":\"ExtremePC FR\"},\"image\":{\"@id\":\"https:\/\/extremepc-fr.com\/blog\/#\/schema\/logo\/image\/\"}},{\"@type\":\"Person\",\"@id\":\"https:\/\/extremepc-fr.com\/blog\/#\/schema\/person\/3c864cdc320801e3db34b663e7e3f816\",\"name\":\"Hugo Lambrecht\",\"image\":{\"@type\":\"ImageObject\",\"inLanguage\":\"fr-FR\",\"@id\":\"https:\/\/extremepc-fr.com\/blog\/#\/schema\/person\/image\/\",\"url\":\"https:\/\/extremepc-fr.com\/blog\/wp-content\/uploads\/2026\/06\/persona_hugo-l-96x96.jpg\",\"contentUrl\":\"https:\/\/extremepc-fr.com\/blog\/wp-content\/uploads\/2026\/06\/persona_hugo-l-96x96.jpg\",\"caption\":\"Hugo Lambrecht\"},\"description\":\"Geek assum\u00e9 et veilleur tech depuis plus de dix ans, je passe mes journ\u00e9es \u00e0 tester, comparer et expliquer le num\u00e9rique. Mes terrains favoris : les astuces high-tech du quotidien, la s\u00e9curit\u00e9 en ligne et les outils web, des VPN aux logiciels qui simplifient la vie. J'aime prendre un sujet r\u00e9put\u00e9 compliqu\u00e9 et le rendre limpide pour quelqu'un qui n'est pas d\u00e9veloppeur. Avant de recommander un produit ou un service, je le mets r\u00e9ellement \u00e0 l'\u00e9preuve, je v\u00e9rifie les versions et les tarifs en vigueur, et je signale les limites autant que les atouts. Je me m\u00e9fie des classements de complaisance : un comparatif n'a de valeur que si la m\u00e9thode est transparente. Mon fil rouge, c'est l'utilit\u00e9 concr\u00e8te : aider le lecteur \u00e0 mieux choisir, mieux configurer et mieux se prot\u00e9ger, sans tomber dans le jargon.\",\"sameAs\":[\"https:\/\/hugolambrecht.fr\/\"],\"url\":\"https:\/\/extremepc-fr.com\/blog\/auteur\/noname\/\"}]}<\/script>\n<!-- \/ Yoast SEO Premium plugin. -->","yoast_head_json":{"title":"MacBook Pro Reconditionn\u00e9 : Top Prix 2026","description":"Le march\u00e9 des MacBook Pro reconditionn\u00e9s conna\u00eet une forte croissance en 2026, offrant aux consommateurs une alternative \u00e9conomique aux mod\u00e8les neufs.","robots":{"index":"index","follow":"follow","max-snippet":"max-snippet:-1","max-image-preview":"max-image-preview:large","max-video-preview":"max-video-preview:-1"},"canonical":"https:\/\/extremepc-fr.com\/blog\/articles\/macbook-pro-reconditionne\/","og_locale":"fr_FR","og_type":"article","og_title":"MacBook Pro Reconditionn\u00e9 : Top Prix 2026","og_description":"Le march\u00e9 des MacBook Pro reconditionn\u00e9s conna\u00eet une forte croissance en 2026, offrant aux consommateurs une alternative \u00e9conomique aux mod\u00e8les neufs.","og_url":"https:\/\/extremepc-fr.com\/blog\/articles\/macbook-pro-reconditionne\/","og_site_name":"extremepc","og_image":[{"width":1200,"height":500,"url":"https:\/\/extremepc-fr.com\/blog\/wp-content\/uploads\/2026\/05\/sdxl-b8ec37d2deda99b089944bddb5fad21e-scaled.png","type":"image\/png"}],"author":"Hugo Lambrecht","twitter_card":"summary_large_image","schema":{"@context":"https:\/\/schema.org","@graph":[{"@type":"NewsArticle","@id":"https:\/\/extremepc-fr.com\/blog\/articles\/macbook-pro-reconditionne\/#article","isPartOf":{"@id":"https:\/\/extremepc-fr.com\/blog\/articles\/macbook-pro-reconditionne\/"},"author":{"name":"Hugo Lambrecht","@id":"https:\/\/extremepc-fr.com\/blog\/#\/schema\/person\/3c864cdc320801e3db34b663e7e3f816"},"headline":"MacBook Pro Reconditionn\u00e9 : Top Prix 2026","datePublished":"2026-04-08T09:00:00+00:00","mainEntityOfPage":{"@id":"https:\/\/extremepc-fr.com\/blog\/articles\/macbook-pro-reconditionne\/"},"wordCount":688,"commentCount":0,"publisher":{"@id":"https:\/\/extremepc-fr.com\/blog\/#organization"},"image":{"@id":"https:\/\/extremepc-fr.com\/blog\/articles\/macbook-pro-reconditionne\/#primaryimage"},"thumbnailUrl":"https:\/\/extremepc-fr.com\/blog\/wp-content\/uploads\/2026\/05\/sdxl-b8ec37d2deda99b089944bddb5fad21e-scaled.png","articleSection":["Articles"],"inLanguage":"fr-FR","potentialAction":[{"@type":"CommentAction","name":"Comment","target":["https:\/\/extremepc-fr.com\/blog\/articles\/macbook-pro-reconditionne\/#respond"]}]},{"@type":"WebPage","@id":"https:\/\/extremepc-fr.com\/blog\/articles\/macbook-pro-reconditionne\/","url":"https:\/\/extremepc-fr.com\/blog\/articles\/macbook-pro-reconditionne\/","name":"MacBook Pro Reconditionn\u00e9 : Top Prix 2026","isPartOf":{"@id":"https:\/\/extremepc-fr.com\/blog\/#website"},"primaryImageOfPage":{"@id":"https:\/\/extremepc-fr.com\/blog\/articles\/macbook-pro-reconditionne\/#primaryimage"},"image":{"@id":"https:\/\/extremepc-fr.com\/blog\/articles\/macbook-pro-reconditionne\/#primaryimage"},"thumbnailUrl":"https:\/\/extremepc-fr.com\/blog\/wp-content\/uploads\/2026\/05\/sdxl-b8ec37d2deda99b089944bddb5fad21e-scaled.png","datePublished":"2026-04-08T09:00:00+00:00","description":"Le march\u00e9 des MacBook Pro reconditionn\u00e9s conna\u00eet une forte croissance en 2026, offrant aux consommateurs une alternative \u00e9conomique aux mod\u00e8les neufs.","inLanguage":"fr-FR","potentialAction":[{"@type":"ReadAction","target":["https:\/\/extremepc-fr.com\/blog\/articles\/macbook-pro-reconditionne\/"]}]},{"@type":"ImageObject","inLanguage":"fr-FR","@id":"https:\/\/extremepc-fr.com\/blog\/articles\/macbook-pro-reconditionne\/#primaryimage","url":"https:\/\/extremepc-fr.com\/blog\/wp-content\/uploads\/2026\/05\/sdxl-b8ec37d2deda99b089944bddb5fad21e-scaled.png","contentUrl":"https:\/\/extremepc-fr.com\/blog\/wp-content\/uploads\/2026\/05\/sdxl-b8ec37d2deda99b089944bddb5fad21e-scaled.png","width":1200,"height":500},{"@type":"WebSite","@id":"https:\/\/extremepc-fr.com\/blog\/#website","url":"https:\/\/extremepc-fr.com\/blog\/","name":"ExtremePC FR","description":"ExtremePC FR, la performance num\u00e9rique d\u00e9cupl\u00e9e","publisher":{"@id":"https:\/\/extremepc-fr.com\/blog\/#organization"},"alternateName":"ExtremePC FR, la performance num\u00e9rique d\u00e9cupl\u00e9e","potentialAction":[{"@type":"SearchAction","target":{"@type":"EntryPoint","urlTemplate":"https:\/\/extremepc-fr.com\/blog\/?s={search_term_string}"},"query-input":{"@type":"PropertyValueSpecification","valueRequired":true,"valueName":"search_term_string"}}],"inLanguage":"fr-FR"},{"@type":"Organization","@id":"https:\/\/extremepc-fr.com\/blog\/#organization","name":"ExtremePC FR","url":"https:\/\/extremepc-fr.com\/blog\/","logo":{"@type":"ImageObject","inLanguage":"fr-FR","@id":"https:\/\/extremepc-fr.com\/blog\/#\/schema\/logo\/image\/","url":"https:\/\/extremepc-fr.com\/blog\/wp-content\/uploads\/2024\/12\/cropped-3.png","contentUrl":"https:\/\/extremepc-fr.com\/blog\/wp-content\/uploads\/2024\/12\/cropped-3.png","width":282,"height":247,"caption":"ExtremePC FR"},"image":{"@id":"https:\/\/extremepc-fr.com\/blog\/#\/schema\/logo\/image\/"}},{"@type":"Person","@id":"https:\/\/extremepc-fr.com\/blog\/#\/schema\/person\/3c864cdc320801e3db34b663e7e3f816","name":"Hugo Lambrecht","image":{"@type":"ImageObject","inLanguage":"fr-FR","@id":"https:\/\/extremepc-fr.com\/blog\/#\/schema\/person\/image\/","url":"https:\/\/extremepc-fr.com\/blog\/wp-content\/uploads\/2026\/06\/persona_hugo-l-96x96.jpg","contentUrl":"https:\/\/extremepc-fr.com\/blog\/wp-content\/uploads\/2026\/06\/persona_hugo-l-96x96.jpg","caption":"Hugo Lambrecht"},"description":"Geek assum\u00e9 et veilleur tech depuis plus de dix ans, je passe mes journ\u00e9es \u00e0 tester, comparer et expliquer le num\u00e9rique. Mes terrains favoris : les astuces high-tech du quotidien, la s\u00e9curit\u00e9 en ligne et les outils web, des VPN aux logiciels qui simplifient la vie. J'aime prendre un sujet r\u00e9put\u00e9 compliqu\u00e9 et le rendre limpide pour quelqu'un qui n'est pas d\u00e9veloppeur. Avant de recommander un produit ou un service, je le mets r\u00e9ellement \u00e0 l'\u00e9preuve, je v\u00e9rifie les versions et les tarifs en vigueur, et je signale les limites autant que les atouts. Je me m\u00e9fie des classements de complaisance : un comparatif n'a de valeur que si la m\u00e9thode est transparente. Mon fil rouge, c'est l'utilit\u00e9 concr\u00e8te : aider le lecteur \u00e0 mieux choisir, mieux configurer et mieux se prot\u00e9ger, sans tomber dans le jargon.","sameAs":["https:\/\/hugolambrecht.fr\/"],"url":"https:\/\/extremepc-fr.com\/blog\/auteur\/noname\/"}]}},"_links":{"self":[{"href":"https:\/\/extremepc-fr.com\/blog\/wp-json\/wp\/v2\/posts\/7675","targetHints":{"allow":["GET"]}}],"collection":[{"href":"https:\/\/extremepc-fr.com\/blog\/wp-json\/wp\/v2\/posts"}],"about":[{"href":"https:\/\/extremepc-fr.com\/blog\/wp-json\/wp\/v2\/types\/post"}],"author":[{"embeddable":true,"href":"https:\/\/extremepc-fr.com\/blog\/wp-json\/wp\/v2\/users\/34"}],"replies":[{"embeddable":true,"href":"https:\/\/extremepc-fr.com\/blog\/wp-json\/wp\/v2\/comments?post=7675"}],"version-history":[{"count":0,"href":"https:\/\/extremepc-fr.com\/blog\/wp-json\/wp\/v2\/posts\/7675\/revisions"}],"wp:featuredmedia":[{"embeddable":true,"href":"https:\/\/extremepc-fr.com\/blog\/wp-json\/wp\/v2\/media\/7742"}],"wp:attachment":[{"href":"https:\/\/extremepc-fr.com\/blog\/wp-json\/wp\/v2\/media?parent=7675"}],"wp:term":[{"taxonomy":"category","embeddable":true,"href":"https:\/\/extremepc-fr.com\/blog\/wp-json\/wp\/v2\/categories?post=7675"},{"taxonomy":"post_tag","embeddable":true,"href":"https:\/\/extremepc-fr.com\/blog\/wp-json\/wp\/v2\/tags?post=7675"}],"curies":[{"name":"wp","href":"https:\/\/api.w.org\/{rel}","templated":true}]}}