{"id":7674,"date":"2026-03-30T09:00:00","date_gmt":"2026-03-30T09:00:00","guid":{"rendered":"https:\/\/extremepc-fr.com\/blog\/articles\/geekom-a8\/"},"modified":"2026-03-30T09:00:00","modified_gmt":"2026-03-30T09:00:00","slug":"geekom-a8","status":"publish","type":"post","link":"https:\/\/extremepc-fr.com\/blog\/articles\/geekom-a8\/","title":{"rendered":"Geekom A8 : Test et prix du mini PC 2026"},"content":{"rendered":"<p>Le Geekom A8 est un mini PC qui attire l\u2019attention des utilisateurs en 2026 gr\u00e2ce \u00e0 ses performances compactes et son rapport qualit\u00e9-prix attractif. Ce mod\u00e8le est particuli\u00e8rement appr\u00e9ci\u00e9 pour sa capacit\u00e9 \u00e0 ex\u00e9cuter des t\u00e2ches vari\u00e9es, allant de la bureautique aux applications plus gourmandes en ressources. Dans cet article, nous allons explorer les caract\u00e9ristiques de ce mini PC, les erreurs fr\u00e9quentes commises par les utilisateurs lors de son achat et son positionnement sur le march\u00e9.<\/p>\n<h2>Caract\u00e9ristiques techniques du Geekom A8<\/h2>\n<p>Le Geekom A8 se distingue par ses sp\u00e9cifications techniques robustes qui le rendent comp\u00e9titif dans sa cat\u00e9gorie. Voici quelques points cl\u00e9s :<\/p>\n<ul>\n<li><strong>Processeur<\/strong> : \u00c9quip\u00e9 d\u2019un processeur AMD Ryzen 7 5800U, il offre une puissance de traitement suffisante pour la plupart des applications.<\/li>\n<li><strong>M\u00e9moire RAM<\/strong> : Propos\u00e9 avec jusqu\u2019\u00e0 32 Go de RAM DDR4, ce qui permet une multit\u00e2che fluide.<\/li>\n<li><strong>Stockage<\/strong> : Options de stockage SSD allant jusqu\u2019\u00e0 2 To, garantissant une vitesse d\u2019acc\u00e8s aux donn\u00e9es \u00e9lev\u00e9e.<\/li>\n<li><strong>Connectivit\u00e9<\/strong> : Ports USB-C, HDMI, Ethernet et Wi-Fi 6 pour une connectivit\u00e9 optimale.<\/li>\n<\/ul>\n<p>Ces caract\u00e9ristiques font du Geekom A8 un choix int\u00e9ressant pour ceux qui recherchent un mini PC performant sans compromettre l\u2019espace.<\/p>\n<h2>Erreurs courantes lors de l\u2019achat d\u2019un Geekom A8<\/h2>\n<h3>1. Ne pas v\u00e9rifier les besoins r\u00e9els<\/h3>\n<p>De nombreux utilisateurs ach\u00e8tent le Geekom A8 sans \u00e9valuer leurs besoins sp\u00e9cifiques. Par exemple, un utilisateur qui ne fait que de la navigation web peut opter pour une version avec moins de RAM ou un processeur moins puissant. \u00c0 l\u2019inverse, ceux qui souhaitent utiliser des logiciels lourds doivent privil\u00e9gier les configurations hautes.<\/p>\n<h3>2. Ignorer les options d\u2019extension<\/h3>\n<p>Une autre erreur fr\u00e9quente est de n\u00e9gliger les options d\u2019extension du Geekom A8. Certaines configurations permettent d\u2019ajouter facilement des modules suppl\u00e9mentaires de RAM ou des disques SSD. Ainsi, un utilisateur peut facilement faire \u00e9voluer son appareil en fonction de ses besoins futurs.<\/p>\n<h3>3. Ne pas consid\u00e9rer la dissipation thermique<\/h3>\n<p>La gestion thermique est cruciale dans un mini PC comme le Geekom A8. Les utilisateurs ont parfois tendance \u00e0 placer leur appareil dans des espaces confin\u00e9s ou mal ventil\u00e9s, ce qui peut entra\u00eener une surchauffe et r\u00e9duire la dur\u00e9e de vie du produit.<\/p>\n<h3>4. Mauvaise \u00e9valuation du rapport qualit\u00e9-prix<\/h3>\n<p>Avec plusieurs configurations disponibles, il est essentiel de comparer le prix du Geekom A8 avec celui d\u2019autres mini PC similaires sur le march\u00e9. Par exemple :<\/p>\n<table class=\"kwdbank-table\">\n<thead>\n<tr>\n<th>Mod\u00e8le<\/th>\n<th>Processeur<\/th>\n<th>RAM<\/th>\n<th>Prix (en euros)<\/th>\n<\/tr>\n<\/thead>\n<tbody>\n<tr>\n<td>Geekom A8<\/td>\n<td>Ryzen 7 5800U<\/td>\n<td>16 Go<\/td>\n<td>599<\/td>\n<\/tr>\n<tr>\n<td>Intel NUC 11<\/td>\n<td>i7-1165G7<\/td>\n<td>16 Go<\/td>\n<td>749<\/td>\n<\/tr>\n<tr>\n<td>ASUS PN50<\/td>\n<td>Ryzen 5 5500U<\/td>\n<td>16 Go<\/td>\n<td>499<\/td>\n<\/tr>\n<\/tbody>\n<\/table>\n<p>Comparer ces mod\u00e8les permet de mieux comprendre o\u00f9 se situe le Geekom A8 en termes de prix et fonctionnalit\u00e9s.<\/p>\n<h2>Prix du Geekom A8 en 2026<\/h2>\n<p>En termes de prix, le Geekom A8 se positionne comme un mod\u00e8le abordable pour ses caract\u00e9ristiques techniques. En moyenne, il est propos\u00e9 entre <strong>599 \u20ac<\/strong> et <strong>799 \u20ac<\/strong>, selon la configuration choisie (RAM et capacit\u00e9 de stockage). Ce tarif reste comp\u00e9titif par rapport \u00e0 d\u2019autres mod\u00e8les sur le march\u00e9.<\/p>\n<h2>Pi\u00e8ge \u00e0 \u00e9viter lors de l\u2019achat<\/h2>\n<p>Un pi\u00e8ge courant est l\u2019achat impulsif bas\u00e9 uniquement sur des avis en ligne sans avoir test\u00e9 le produit soi-m\u00eame. Il est recommand\u00e9 de consulter plusieurs sources et, si possible, d\u2019essayer le mini PC avant d\u2019effectuer l\u2019achat pour s\u2019assurer qu\u2019il r\u00e9pond bien aux attentes personnelles.<\/p>\n<h2>Action imm\u00e9diate \u00e0 entreprendre<\/h2>\n<p>Si vous envisagez d\u2019acheter un Geekom A8 ou tout autre mini PC, prenez le temps d\u2019\u00e9valuer vos besoins sp\u00e9cifiques et comparez plusieurs mod\u00e8les avant d\u2019effectuer votre choix final. Cela vous permettra non seulement d\u2019optimiser votre investissement mais aussi d\u2019\u00e9viter les regrets post-achat.<\/p>\n<h2>FAQ<\/h2>\n<h3>Quelle est la dur\u00e9e de vie moyenne du Geekom A8 ?<\/h3>\n<p>La dur\u00e9e de vie d\u00e9pend principalement de l\u2019utilisation et des conditions dans lesquelles il est utilis\u00e9 ; cependant, avec un entretien ad\u00e9quat, il peut durer entre <strong>5 \u00e0 7 ans<\/strong>.<\/p>\n<h3>Peut-on mettre \u00e0 jour la m\u00e9moire RAM du Geekom A8 ?<\/h3>\n<p>Oui, le Geekom A8 permet une mise \u00e0 jour facile de la m\u00e9moire RAM gr\u00e2ce \u00e0 des emplacements accessibles.<\/p>\n<h3>Quelles sont les alternatives au Geekom A8 ?<\/h3>\n<p>Des alternatives incluent l\u2019Intel NUC et l\u2019ASUS PN50, qui offrent \u00e9galement des performances solides dans un format compact.<\/p>\n<h3>Est-ce que le Geekom A8 supporte les jeux vid\u00e9o ?<\/h3>\n<p>Bien que ce ne soit pas son usage principal, il peut faire tourner certains jeux l\u00e9gers gr\u00e2ce \u00e0 son processeur Ryzen int\u00e9gr\u00e9.<\/p>\n<h3>O\u00f9 acheter le Geekom A8 au meilleur prix ?<\/h3>\n<p>Il est conseill\u00e9 de comparer les prix sur diff\u00e9rents sites e-commerce comme Amazon ou des revendeurs sp\u00e9cialis\u00e9s en informatique pour trouver la meilleure offre.<\/p>\n<h3>Quelles sont les diff\u00e9rences entre les versions du Geekom A8 ?<\/h3>\n<p>Les diff\u00e9rences r\u00e9sident principalement dans la capacit\u00e9 RAM et le stockage SSD disponible ; chaque configuration cible des utilisateurs aux besoins vari\u00e9s.<\/p>\n","protected":false},"excerpt":{"rendered":"","protected":false},"author":34,"featured_media":7743,"comment_status":"open","ping_status":"open","sticky":false,"template":"","format":"standard","meta":{"_acf_changed":false,"manual_indexmenow":false,"indexmenow_id_project":0,"footnotes":""},"categories":[4754],"tags":[],"class_list":["post-7674","post","type-post","status-publish","format-standard","has-post-thumbnail","hentry","category-articles","generate-columns","tablet-grid-50","mobile-grid-100","grid-parent","grid-25"],"acf":[],"yoast_head":"<!-- This site is optimized with the Yoast SEO Premium plugin v21.3 (Yoast SEO v25.6) - https:\/\/yoast.com\/wordpress\/plugins\/seo\/ -->\n<title>Geekom A8 : Test et prix du mini PC 2026<\/title>\n<meta name=\"description\" content=\"Le Geekom A8 est un mini PC qui attire l\u2019attention des utilisateurs en 2026 gr\u00e2ce \u00e0 ses performances compactes et son rapport qualit\u00e9-prix attractif.\" \/>\n<meta name=\"robots\" content=\"index, follow, max-snippet:-1, max-image-preview:large, max-video-preview:-1\" \/>\n<link rel=\"canonical\" href=\"https:\/\/extremepc-fr.com\/blog\/articles\/geekom-a8\/\" \/>\n<meta property=\"og:locale\" content=\"fr_FR\" \/>\n<meta property=\"og:type\" content=\"article\" \/>\n<meta property=\"og:title\" content=\"Geekom A8 : Test et prix du mini PC 2026\" \/>\n<meta property=\"og:description\" content=\"Le Geekom A8 est un mini PC qui attire l\u2019attention des utilisateurs en 2026 gr\u00e2ce \u00e0 ses performances compactes et son rapport qualit\u00e9-prix attractif.\" \/>\n<meta property=\"og:url\" content=\"https:\/\/extremepc-fr.com\/blog\/articles\/geekom-a8\/\" \/>\n<meta property=\"og:site_name\" content=\"extremepc\" \/>\n<meta property=\"og:image\" content=\"https:\/\/extremepc-fr.com\/blog\/wp-content\/uploads\/2026\/05\/sdxl-d37619ee474e9a21804d89711ab43a7b-scaled.png\" \/>\n\t<meta property=\"og:image:width\" content=\"1200\" \/>\n\t<meta property=\"og:image:height\" content=\"500\" \/>\n\t<meta property=\"og:image:type\" content=\"image\/png\" \/>\n<meta name=\"author\" content=\"Hugo Lambrecht\" \/>\n<meta name=\"twitter:card\" content=\"summary_large_image\" \/>\n<script type=\"application\/ld+json\" class=\"yoast-schema-graph\">{\"@context\":\"https:\/\/schema.org\",\"@graph\":[{\"@type\":\"NewsArticle\",\"@id\":\"https:\/\/extremepc-fr.com\/blog\/articles\/geekom-a8\/#article\",\"isPartOf\":{\"@id\":\"https:\/\/extremepc-fr.com\/blog\/articles\/geekom-a8\/\"},\"author\":{\"name\":\"Hugo Lambrecht\",\"@id\":\"https:\/\/extremepc-fr.com\/blog\/#\/schema\/person\/3c864cdc320801e3db34b663e7e3f816\"},\"headline\":\"Geekom A8 : Test et prix du mini PC 2026\",\"datePublished\":\"2026-03-30T09:00:00+00:00\",\"mainEntityOfPage\":{\"@id\":\"https:\/\/extremepc-fr.com\/blog\/articles\/geekom-a8\/\"},\"wordCount\":837,\"commentCount\":0,\"publisher\":{\"@id\":\"https:\/\/extremepc-fr.com\/blog\/#organization\"},\"image\":{\"@id\":\"https:\/\/extremepc-fr.com\/blog\/articles\/geekom-a8\/#primaryimage\"},\"thumbnailUrl\":\"https:\/\/extremepc-fr.com\/blog\/wp-content\/uploads\/2026\/05\/sdxl-d37619ee474e9a21804d89711ab43a7b-scaled.png\",\"articleSection\":[\"Articles\"],\"inLanguage\":\"fr-FR\",\"potentialAction\":[{\"@type\":\"CommentAction\",\"name\":\"Comment\",\"target\":[\"https:\/\/extremepc-fr.com\/blog\/articles\/geekom-a8\/#respond\"]}]},{\"@type\":\"WebPage\",\"@id\":\"https:\/\/extremepc-fr.com\/blog\/articles\/geekom-a8\/\",\"url\":\"https:\/\/extremepc-fr.com\/blog\/articles\/geekom-a8\/\",\"name\":\"Geekom A8 : Test et prix du mini PC 2026\",\"isPartOf\":{\"@id\":\"https:\/\/extremepc-fr.com\/blog\/#website\"},\"primaryImageOfPage\":{\"@id\":\"https:\/\/extremepc-fr.com\/blog\/articles\/geekom-a8\/#primaryimage\"},\"image\":{\"@id\":\"https:\/\/extremepc-fr.com\/blog\/articles\/geekom-a8\/#primaryimage\"},\"thumbnailUrl\":\"https:\/\/extremepc-fr.com\/blog\/wp-content\/uploads\/2026\/05\/sdxl-d37619ee474e9a21804d89711ab43a7b-scaled.png\",\"datePublished\":\"2026-03-30T09:00:00+00:00\",\"description\":\"Le Geekom A8 est un mini PC qui attire l\u2019attention des utilisateurs en 2026 gr\u00e2ce \u00e0 ses performances compactes et son rapport qualit\u00e9-prix attractif.\",\"inLanguage\":\"fr-FR\",\"potentialAction\":[{\"@type\":\"ReadAction\",\"target\":[\"https:\/\/extremepc-fr.com\/blog\/articles\/geekom-a8\/\"]}]},{\"@type\":\"ImageObject\",\"inLanguage\":\"fr-FR\",\"@id\":\"https:\/\/extremepc-fr.com\/blog\/articles\/geekom-a8\/#primaryimage\",\"url\":\"https:\/\/extremepc-fr.com\/blog\/wp-content\/uploads\/2026\/05\/sdxl-d37619ee474e9a21804d89711ab43a7b-scaled.png\",\"contentUrl\":\"https:\/\/extremepc-fr.com\/blog\/wp-content\/uploads\/2026\/05\/sdxl-d37619ee474e9a21804d89711ab43a7b-scaled.png\",\"width\":1200,\"height\":500},{\"@type\":\"WebSite\",\"@id\":\"https:\/\/extremepc-fr.com\/blog\/#website\",\"url\":\"https:\/\/extremepc-fr.com\/blog\/\",\"name\":\"ExtremePC FR\",\"description\":\"ExtremePC FR, la performance num\u00e9rique d\u00e9cupl\u00e9e\",\"publisher\":{\"@id\":\"https:\/\/extremepc-fr.com\/blog\/#organization\"},\"alternateName\":\"ExtremePC FR, la performance num\u00e9rique d\u00e9cupl\u00e9e\",\"potentialAction\":[{\"@type\":\"SearchAction\",\"target\":{\"@type\":\"EntryPoint\",\"urlTemplate\":\"https:\/\/extremepc-fr.com\/blog\/?s={search_term_string}\"},\"query-input\":{\"@type\":\"PropertyValueSpecification\",\"valueRequired\":true,\"valueName\":\"search_term_string\"}}],\"inLanguage\":\"fr-FR\"},{\"@type\":\"Organization\",\"@id\":\"https:\/\/extremepc-fr.com\/blog\/#organization\",\"name\":\"ExtremePC FR\",\"url\":\"https:\/\/extremepc-fr.com\/blog\/\",\"logo\":{\"@type\":\"ImageObject\",\"inLanguage\":\"fr-FR\",\"@id\":\"https:\/\/extremepc-fr.com\/blog\/#\/schema\/logo\/image\/\",\"url\":\"https:\/\/extremepc-fr.com\/blog\/wp-content\/uploads\/2024\/12\/cropped-3.png\",\"contentUrl\":\"https:\/\/extremepc-fr.com\/blog\/wp-content\/uploads\/2024\/12\/cropped-3.png\",\"width\":282,\"height\":247,\"caption\":\"ExtremePC FR\"},\"image\":{\"@id\":\"https:\/\/extremepc-fr.com\/blog\/#\/schema\/logo\/image\/\"}},{\"@type\":\"Person\",\"@id\":\"https:\/\/extremepc-fr.com\/blog\/#\/schema\/person\/3c864cdc320801e3db34b663e7e3f816\",\"name\":\"Hugo Lambrecht\",\"image\":{\"@type\":\"ImageObject\",\"inLanguage\":\"fr-FR\",\"@id\":\"https:\/\/extremepc-fr.com\/blog\/#\/schema\/person\/image\/\",\"url\":\"https:\/\/extremepc-fr.com\/blog\/wp-content\/uploads\/2026\/06\/persona_hugo-l-96x96.jpg\",\"contentUrl\":\"https:\/\/extremepc-fr.com\/blog\/wp-content\/uploads\/2026\/06\/persona_hugo-l-96x96.jpg\",\"caption\":\"Hugo Lambrecht\"},\"description\":\"Geek assum\u00e9 et veilleur tech depuis plus de dix ans, je passe mes journ\u00e9es \u00e0 tester, comparer et expliquer le num\u00e9rique. Mes terrains favoris : les astuces high-tech du quotidien, la s\u00e9curit\u00e9 en ligne et les outils web, des VPN aux logiciels qui simplifient la vie. J'aime prendre un sujet r\u00e9put\u00e9 compliqu\u00e9 et le rendre limpide pour quelqu'un qui n'est pas d\u00e9veloppeur. Avant de recommander un produit ou un service, je le mets r\u00e9ellement \u00e0 l'\u00e9preuve, je v\u00e9rifie les versions et les tarifs en vigueur, et je signale les limites autant que les atouts. Je me m\u00e9fie des classements de complaisance : un comparatif n'a de valeur que si la m\u00e9thode est transparente. Mon fil rouge, c'est l'utilit\u00e9 concr\u00e8te : aider le lecteur \u00e0 mieux choisir, mieux configurer et mieux se prot\u00e9ger, sans tomber dans le jargon.\",\"sameAs\":[\"https:\/\/hugolambrecht.fr\/\"],\"url\":\"https:\/\/extremepc-fr.com\/blog\/auteur\/noname\/\"}]}<\/script>\n<!-- \/ Yoast SEO Premium plugin. -->","yoast_head_json":{"title":"Geekom A8 : Test et prix du mini PC 2026","description":"Le Geekom A8 est un mini PC qui attire l\u2019attention des utilisateurs en 2026 gr\u00e2ce \u00e0 ses performances compactes et son rapport qualit\u00e9-prix attractif.","robots":{"index":"index","follow":"follow","max-snippet":"max-snippet:-1","max-image-preview":"max-image-preview:large","max-video-preview":"max-video-preview:-1"},"canonical":"https:\/\/extremepc-fr.com\/blog\/articles\/geekom-a8\/","og_locale":"fr_FR","og_type":"article","og_title":"Geekom A8 : Test et prix du mini PC 2026","og_description":"Le Geekom A8 est un mini PC qui attire l\u2019attention des utilisateurs en 2026 gr\u00e2ce \u00e0 ses performances compactes et son rapport qualit\u00e9-prix attractif.","og_url":"https:\/\/extremepc-fr.com\/blog\/articles\/geekom-a8\/","og_site_name":"extremepc","og_image":[{"width":1200,"height":500,"url":"https:\/\/extremepc-fr.com\/blog\/wp-content\/uploads\/2026\/05\/sdxl-d37619ee474e9a21804d89711ab43a7b-scaled.png","type":"image\/png"}],"author":"Hugo Lambrecht","twitter_card":"summary_large_image","schema":{"@context":"https:\/\/schema.org","@graph":[{"@type":"NewsArticle","@id":"https:\/\/extremepc-fr.com\/blog\/articles\/geekom-a8\/#article","isPartOf":{"@id":"https:\/\/extremepc-fr.com\/blog\/articles\/geekom-a8\/"},"author":{"name":"Hugo Lambrecht","@id":"https:\/\/extremepc-fr.com\/blog\/#\/schema\/person\/3c864cdc320801e3db34b663e7e3f816"},"headline":"Geekom A8 : Test et prix du mini PC 2026","datePublished":"2026-03-30T09:00:00+00:00","mainEntityOfPage":{"@id":"https:\/\/extremepc-fr.com\/blog\/articles\/geekom-a8\/"},"wordCount":837,"commentCount":0,"publisher":{"@id":"https:\/\/extremepc-fr.com\/blog\/#organization"},"image":{"@id":"https:\/\/extremepc-fr.com\/blog\/articles\/geekom-a8\/#primaryimage"},"thumbnailUrl":"https:\/\/extremepc-fr.com\/blog\/wp-content\/uploads\/2026\/05\/sdxl-d37619ee474e9a21804d89711ab43a7b-scaled.png","articleSection":["Articles"],"inLanguage":"fr-FR","potentialAction":[{"@type":"CommentAction","name":"Comment","target":["https:\/\/extremepc-fr.com\/blog\/articles\/geekom-a8\/#respond"]}]},{"@type":"WebPage","@id":"https:\/\/extremepc-fr.com\/blog\/articles\/geekom-a8\/","url":"https:\/\/extremepc-fr.com\/blog\/articles\/geekom-a8\/","name":"Geekom A8 : Test et prix du mini PC 2026","isPartOf":{"@id":"https:\/\/extremepc-fr.com\/blog\/#website"},"primaryImageOfPage":{"@id":"https:\/\/extremepc-fr.com\/blog\/articles\/geekom-a8\/#primaryimage"},"image":{"@id":"https:\/\/extremepc-fr.com\/blog\/articles\/geekom-a8\/#primaryimage"},"thumbnailUrl":"https:\/\/extremepc-fr.com\/blog\/wp-content\/uploads\/2026\/05\/sdxl-d37619ee474e9a21804d89711ab43a7b-scaled.png","datePublished":"2026-03-30T09:00:00+00:00","description":"Le Geekom A8 est un mini PC qui attire l\u2019attention des utilisateurs en 2026 gr\u00e2ce \u00e0 ses performances compactes et son rapport qualit\u00e9-prix attractif.","inLanguage":"fr-FR","potentialAction":[{"@type":"ReadAction","target":["https:\/\/extremepc-fr.com\/blog\/articles\/geekom-a8\/"]}]},{"@type":"ImageObject","inLanguage":"fr-FR","@id":"https:\/\/extremepc-fr.com\/blog\/articles\/geekom-a8\/#primaryimage","url":"https:\/\/extremepc-fr.com\/blog\/wp-content\/uploads\/2026\/05\/sdxl-d37619ee474e9a21804d89711ab43a7b-scaled.png","contentUrl":"https:\/\/extremepc-fr.com\/blog\/wp-content\/uploads\/2026\/05\/sdxl-d37619ee474e9a21804d89711ab43a7b-scaled.png","width":1200,"height":500},{"@type":"WebSite","@id":"https:\/\/extremepc-fr.com\/blog\/#website","url":"https:\/\/extremepc-fr.com\/blog\/","name":"ExtremePC FR","description":"ExtremePC FR, la performance num\u00e9rique d\u00e9cupl\u00e9e","publisher":{"@id":"https:\/\/extremepc-fr.com\/blog\/#organization"},"alternateName":"ExtremePC FR, la performance num\u00e9rique d\u00e9cupl\u00e9e","potentialAction":[{"@type":"SearchAction","target":{"@type":"EntryPoint","urlTemplate":"https:\/\/extremepc-fr.com\/blog\/?s={search_term_string}"},"query-input":{"@type":"PropertyValueSpecification","valueRequired":true,"valueName":"search_term_string"}}],"inLanguage":"fr-FR"},{"@type":"Organization","@id":"https:\/\/extremepc-fr.com\/blog\/#organization","name":"ExtremePC FR","url":"https:\/\/extremepc-fr.com\/blog\/","logo":{"@type":"ImageObject","inLanguage":"fr-FR","@id":"https:\/\/extremepc-fr.com\/blog\/#\/schema\/logo\/image\/","url":"https:\/\/extremepc-fr.com\/blog\/wp-content\/uploads\/2024\/12\/cropped-3.png","contentUrl":"https:\/\/extremepc-fr.com\/blog\/wp-content\/uploads\/2024\/12\/cropped-3.png","width":282,"height":247,"caption":"ExtremePC FR"},"image":{"@id":"https:\/\/extremepc-fr.com\/blog\/#\/schema\/logo\/image\/"}},{"@type":"Person","@id":"https:\/\/extremepc-fr.com\/blog\/#\/schema\/person\/3c864cdc320801e3db34b663e7e3f816","name":"Hugo Lambrecht","image":{"@type":"ImageObject","inLanguage":"fr-FR","@id":"https:\/\/extremepc-fr.com\/blog\/#\/schema\/person\/image\/","url":"https:\/\/extremepc-fr.com\/blog\/wp-content\/uploads\/2026\/06\/persona_hugo-l-96x96.jpg","contentUrl":"https:\/\/extremepc-fr.com\/blog\/wp-content\/uploads\/2026\/06\/persona_hugo-l-96x96.jpg","caption":"Hugo Lambrecht"},"description":"Geek assum\u00e9 et veilleur tech depuis plus de dix ans, je passe mes journ\u00e9es \u00e0 tester, comparer et expliquer le num\u00e9rique. Mes terrains favoris : les astuces high-tech du quotidien, la s\u00e9curit\u00e9 en ligne et les outils web, des VPN aux logiciels qui simplifient la vie. J'aime prendre un sujet r\u00e9put\u00e9 compliqu\u00e9 et le rendre limpide pour quelqu'un qui n'est pas d\u00e9veloppeur. Avant de recommander un produit ou un service, je le mets r\u00e9ellement \u00e0 l'\u00e9preuve, je v\u00e9rifie les versions et les tarifs en vigueur, et je signale les limites autant que les atouts. Je me m\u00e9fie des classements de complaisance : un comparatif n'a de valeur que si la m\u00e9thode est transparente. Mon fil rouge, c'est l'utilit\u00e9 concr\u00e8te : aider le lecteur \u00e0 mieux choisir, mieux configurer et mieux se prot\u00e9ger, sans tomber dans le jargon.","sameAs":["https:\/\/hugolambrecht.fr\/"],"url":"https:\/\/extremepc-fr.com\/blog\/auteur\/noname\/"}]}},"_links":{"self":[{"href":"https:\/\/extremepc-fr.com\/blog\/wp-json\/wp\/v2\/posts\/7674","targetHints":{"allow":["GET"]}}],"collection":[{"href":"https:\/\/extremepc-fr.com\/blog\/wp-json\/wp\/v2\/posts"}],"about":[{"href":"https:\/\/extremepc-fr.com\/blog\/wp-json\/wp\/v2\/types\/post"}],"author":[{"embeddable":true,"href":"https:\/\/extremepc-fr.com\/blog\/wp-json\/wp\/v2\/users\/34"}],"replies":[{"embeddable":true,"href":"https:\/\/extremepc-fr.com\/blog\/wp-json\/wp\/v2\/comments?post=7674"}],"version-history":[{"count":0,"href":"https:\/\/extremepc-fr.com\/blog\/wp-json\/wp\/v2\/posts\/7674\/revisions"}],"wp:featuredmedia":[{"embeddable":true,"href":"https:\/\/extremepc-fr.com\/blog\/wp-json\/wp\/v2\/media\/7743"}],"wp:attachment":[{"href":"https:\/\/extremepc-fr.com\/blog\/wp-json\/wp\/v2\/media?parent=7674"}],"wp:term":[{"taxonomy":"category","embeddable":true,"href":"https:\/\/extremepc-fr.com\/blog\/wp-json\/wp\/v2\/categories?post=7674"},{"taxonomy":"post_tag","embeddable":true,"href":"https:\/\/extremepc-fr.com\/blog\/wp-json\/wp\/v2\/tags?post=7674"}],"curies":[{"name":"wp","href":"https:\/\/api.w.org\/{rel}","templated":true}]}}