{"id":7668,"date":"2026-02-05T09:00:00","date_gmt":"2026-02-05T09:00:00","guid":{"rendered":"https:\/\/extremepc-fr.com\/blog\/articles\/imac-imac-pro\/"},"modified":"2026-02-05T09:00:00","modified_gmt":"2026-02-05T09:00:00","slug":"imac-imac-pro","status":"publish","type":"post","link":"https:\/\/extremepc-fr.com\/blog\/articles\/imac-imac-pro\/","title":{"rendered":"iMac Pro : Comparatif Prix Performances 2026"},"content":{"rendered":"<p>L\u2019iMac Pro est une station de travail tout-en-un qui r\u00e9pond aux besoins des professionnels en qu\u00eate de puissance et de design. En 2026, il est essentiel de comprendre les diff\u00e9rences entre l\u2019iMac standard et l\u2019iMac Pro pour faire un choix \u00e9clair\u00e9. Cet article mettra en lumi\u00e8re les performances, les prix et les erreurs courantes \u00e0 \u00e9viter lors de l\u2019achat.<\/p>\n<h2>iMac vs iMac Pro : Quelles diff\u00e9rences ?<\/h2>\n<h3>Performances<\/h3>\n<p>L\u2019iMac standard et l\u2019iMac Pro se distinguent principalement par leur performance. Voici un tableau comparatif pour illustrer ces diff\u00e9rences :<\/p>\n<table class=\"kwdbank-table\">\n<thead>\n<tr>\n<th>Caract\u00e9ristique<\/th>\n<th>iMac Standard<\/th>\n<th>iMac Pro<\/th>\n<\/tr>\n<\/thead>\n<tbody>\n<tr>\n<td>Processeur<\/td>\n<td>Intel Core i5\/i7<\/td>\n<td>Intel Xeon W<\/td>\n<\/tr>\n<tr>\n<td>RAM<\/td>\n<td>Jusqu\u2019\u00e0 128 Go<\/td>\n<td>Jusqu\u2019\u00e0 256 Go<\/td>\n<\/tr>\n<tr>\n<td>Carte Graphique<\/td>\n<td>Radeon Pro 5500<\/td>\n<td>Radeon Pro Vega 64<\/td>\n<\/tr>\n<tr>\n<td>Stockage<\/td>\n<td>SSD jusqu\u2019\u00e0 8 To<\/td>\n<td>SSD jusqu\u2019\u00e0 8 To<\/td>\n<\/tr>\n<tr>\n<td>Prix de d\u00e9part<\/td>\n<td>\u00c0 partir de 1 299 \u20ac<\/td>\n<td>\u00c0 partir de 4 999 \u20ac<\/td>\n<\/tr>\n<\/tbody>\n<\/table>\n<p>En r\u00e9sum\u00e9, l\u2019iMac Pro est con\u00e7u pour des t\u00e2ches lourdes comme le montage vid\u00e9o en haute r\u00e9solution ou le rendu 3D, tandis que l\u2019iMac standard convient mieux \u00e0 une utilisation quotidienne.<\/p>\n<h3>Prix<\/h3>\n<p>Les tarifs des mod\u00e8les en 2026 refl\u00e8tent leurs performances. L\u2019iMac standard commence \u00e0 environ <strong>1 299 \u20ac<\/strong>, tandis que l\u2019iMac Pro d\u00e9bute \u00e0 <strong>4 999 \u20ac<\/strong>. Ces prix peuvent varier selon les configurations choisies. Pour les professionnels, investir dans un mod\u00e8le plus co\u00fbteux peut s\u2019av\u00e9rer rentable si la productivit\u00e9 est au rendez-vous.<\/p>\n<h2>Erreurs fr\u00e9quentes lors de l\u2019achat<\/h2>\n<h3>Choisir uniquement sur le prix<\/h3>\n<p>Une erreur commune consiste \u00e0 privil\u00e9gier le prix sans \u00e9valuer les besoins r\u00e9els. L\u2019iMac standard peut sembler attractif pour son co\u00fbt inf\u00e9rieur, mais si vos activit\u00e9s n\u00e9cessitent une puissance graphique ou un traitement intensif, cela peut entra\u00eener des ralentissements et une frustration.<\/p>\n<h3>Ignorer les options de personnalisation<\/h3>\n<p>Les utilisateurs ach\u00e8tent souvent un mod\u00e8le de base sans consid\u00e9rer les options de personnalisation disponibles. Par exemple, augmenter la RAM ou opter pour un meilleur processeur peut faire une diff\u00e9rence significative dans la performance.<\/p>\n<h3>Ne pas tenir compte des mises \u00e0 jour<\/h3>\n<p>En achetant un mod\u00e8le d\u2019entr\u00e9e de gamme, certains utilisateurs ne prennent pas en compte que la technologie \u00e9volue rapidement. Un investissement dans un mod\u00e8le plus performant comme l\u2019iMac Pro peut vous assurer une machine capable de suivre les avanc\u00e9es technologiques pendant plusieurs ann\u00e9es.<\/p>\n<h2>Cas d\u2019usage concrets<\/h2>\n<h3>Exemples d\u2019utilisation<\/h3>\n<ol>\n<li>\n<strong>Montage vid\u00e9o<\/strong> : Un vid\u00e9aste utilisant Final Cut Pro sur un iMac Pro avec 32 Go de RAM et un processeur Xeon W constate une r\u00e9duction du temps d\u2019exportation des vid\u00e9os de <strong>30%<\/strong> par rapport \u00e0 un iMac standard.\n<\/li>\n<li>\n<strong>D\u00e9veloppement logiciel<\/strong> : Un d\u00e9veloppeur travaillant sur des applications complexes voit des temps de compilation r\u00e9duits gr\u00e2ce \u00e0 la capacit\u00e9 multithread du processeur Intel Xeon W, ce qui am\u00e9liore son efficacit\u00e9 globale.\n<\/li>\n<\/ol>\n<h2>Pi\u00e8ge \u00e0 \u00e9viter : Ne pas tester avant achat<\/h2>\n<p>Avant d\u2019acheter, il est conseill\u00e9 de tester les machines en magasin ou via des d\u00e9monstrations en ligne. Cela permet d\u2019\u00e9valuer le confort d\u2019utilisation et la fluidit\u00e9 du syst\u00e8me selon vos besoins sp\u00e9cifiques.<\/p>\n<h2>Action imm\u00e9diate<\/h2>\n<p>Pour ceux qui envisagent d\u2019acheter un iMac ou un iMac Pro, commencez par d\u00e9finir clairement vos besoins professionnels. Dressez une liste des applications que vous utilisez fr\u00e9quemment et v\u00e9rifiez leurs exigences syst\u00e8me avant de faire votre choix.<\/p>\n<h2>FAQ<\/h2>\n<h3>Quelle est la diff\u00e9rence principale entre l\u2019iMac et l\u2019iMac Pro ?<\/h3>\n<p>L\u2019iMac est destin\u00e9 \u00e0 un usage g\u00e9n\u00e9ral, tandis que l\u2019iMac Pro est con\u00e7u pour des t\u00e2ches professionnelles exigeantes avec des composants plus puissants.<\/p>\n<h3>Est-ce que l\u2019iMac Pro vaut le co\u00fbt suppl\u00e9mentaire ?<\/h3>\n<p>Pour les professionnels n\u00e9cessitant une haute performance (montage vid\u00e9o, graphisme), oui, il justifie son co\u00fbt par sa puissance.<\/p>\n<h3>Peut-on mettre \u00e0 niveau la RAM sur tous les mod\u00e8les ?<\/h3>\n<p>Non, seuls certains mod\u00e8les d\u2019iMac permettent une mise \u00e0 niveau facile de la RAM. V\u00e9rifiez toujours avant l\u2019achat.<\/p>\n<h3>Quels logiciels profitent le plus d\u2019un iMac Pro ?<\/h3>\n<p>Les logiciels gourmands en ressources comme Final Cut Pro, Logic Pro ou des applications CAD b\u00e9n\u00e9ficient pleinement des capacit\u00e9s d\u2019un iMac Pro.<\/p>\n<h3>Quelle est la dur\u00e9e de vie moyenne d\u2019un iMac ?<\/h3>\n<p>Avec des soins appropri\u00e9s et des mises \u00e0 jour r\u00e9guli\u00e8res, un iMac peut durer entre <strong>5 et 7 ans<\/strong> selon son utilisation.<\/p>\n<h3>O\u00f9 acheter un iMac ou iMac Pro ?<\/h3>\n<p>Il est conseill\u00e9 d\u2019acheter directement sur le site officiel d\u2019Apple ou chez des revendeurs agr\u00e9\u00e9s pour b\u00e9n\u00e9ficier du support et des garanties ad\u00e9quates.<\/p>\n","protected":false},"excerpt":{"rendered":"","protected":false},"author":34,"featured_media":999999999,"comment_status":"open","ping_status":"open","sticky":false,"template":"","format":"standard","meta":{"_acf_changed":false,"manual_indexmenow":false,"indexmenow_id_project":0,"footnotes":""},"categories":[4754],"tags":[],"class_list":["post-7668","post","type-post","status-publish","format-standard","has-post-thumbnail","hentry","category-articles","generate-columns","tablet-grid-50","mobile-grid-100","grid-parent","grid-25"],"acf":[],"yoast_head":"<!-- This site is optimized with the Yoast SEO Premium plugin v21.3 (Yoast SEO v25.6) - https:\/\/yoast.com\/wordpress\/plugins\/seo\/ -->\n<title>iMac Pro : Comparatif Prix Performances 2026<\/title>\n<meta name=\"description\" content=\"L\u2019iMac Pro est une station de travail tout-en-un qui r\u00e9pond aux besoins des professionnels en qu\u00eate de puissance et de design. En 2026, il est essentiel\" \/>\n<meta name=\"robots\" content=\"index, follow, max-snippet:-1, max-image-preview:large, max-video-preview:-1\" \/>\n<link rel=\"canonical\" href=\"https:\/\/extremepc-fr.com\/blog\/articles\/imac-imac-pro\/\" \/>\n<meta property=\"og:locale\" content=\"fr_FR\" \/>\n<meta property=\"og:type\" content=\"article\" \/>\n<meta property=\"og:title\" content=\"iMac Pro : Comparatif Prix Performances 2026\" \/>\n<meta property=\"og:description\" content=\"L\u2019iMac Pro est une station de travail tout-en-un qui r\u00e9pond aux besoins des professionnels en qu\u00eate de puissance et de design. En 2026, il est essentiel\" \/>\n<meta property=\"og:url\" content=\"https:\/\/extremepc-fr.com\/blog\/articles\/imac-imac-pro\/\" \/>\n<meta property=\"og:site_name\" content=\"extremepc\" \/>\n<meta name=\"author\" content=\"Hugo Lambrecht\" \/>\n<meta name=\"twitter:card\" content=\"summary_large_image\" \/>\n<script type=\"application\/ld+json\" class=\"yoast-schema-graph\">{\"@context\":\"https:\/\/schema.org\",\"@graph\":[{\"@type\":\"NewsArticle\",\"@id\":\"https:\/\/extremepc-fr.com\/blog\/articles\/imac-imac-pro\/#article\",\"isPartOf\":{\"@id\":\"https:\/\/extremepc-fr.com\/blog\/articles\/imac-imac-pro\/\"},\"author\":{\"name\":\"Hugo Lambrecht\",\"@id\":\"https:\/\/extremepc-fr.com\/blog\/#\/schema\/person\/3c864cdc320801e3db34b663e7e3f816\"},\"headline\":\"iMac Pro : Comparatif Prix Performances 2026\",\"datePublished\":\"2026-02-05T09:00:00+00:00\",\"mainEntityOfPage\":{\"@id\":\"https:\/\/extremepc-fr.com\/blog\/articles\/imac-imac-pro\/\"},\"wordCount\":774,\"commentCount\":0,\"publisher\":{\"@id\":\"https:\/\/extremepc-fr.com\/blog\/#organization\"},\"image\":{\"@id\":\"https:\/\/extremepc-fr.com\/blog\/articles\/imac-imac-pro\/#primaryimage\"},\"thumbnailUrl\":\"https:\/\/images.pexels.com\/photos\/4238488\/pexels-photo-4238488.jpeg?auto=compress&cs=tinysrgb&fit=crop&h=627&w=1200\",\"articleSection\":[\"Articles\"],\"inLanguage\":\"fr-FR\",\"potentialAction\":[{\"@type\":\"CommentAction\",\"name\":\"Comment\",\"target\":[\"https:\/\/extremepc-fr.com\/blog\/articles\/imac-imac-pro\/#respond\"]}]},{\"@type\":\"WebPage\",\"@id\":\"https:\/\/extremepc-fr.com\/blog\/articles\/imac-imac-pro\/\",\"url\":\"https:\/\/extremepc-fr.com\/blog\/articles\/imac-imac-pro\/\",\"name\":\"iMac Pro : Comparatif Prix Performances 2026\",\"isPartOf\":{\"@id\":\"https:\/\/extremepc-fr.com\/blog\/#website\"},\"primaryImageOfPage\":{\"@id\":\"https:\/\/extremepc-fr.com\/blog\/articles\/imac-imac-pro\/#primaryimage\"},\"image\":{\"@id\":\"https:\/\/extremepc-fr.com\/blog\/articles\/imac-imac-pro\/#primaryimage\"},\"thumbnailUrl\":\"https:\/\/images.pexels.com\/photos\/4238488\/pexels-photo-4238488.jpeg?auto=compress&cs=tinysrgb&fit=crop&h=627&w=1200\",\"datePublished\":\"2026-02-05T09:00:00+00:00\",\"description\":\"L\u2019iMac Pro est une station de travail tout-en-un qui r\u00e9pond aux besoins des professionnels en qu\u00eate de puissance et de design. En 2026, il est essentiel\",\"inLanguage\":\"fr-FR\",\"potentialAction\":[{\"@type\":\"ReadAction\",\"target\":[\"https:\/\/extremepc-fr.com\/blog\/articles\/imac-imac-pro\/\"]}]},{\"@type\":\"ImageObject\",\"inLanguage\":\"fr-FR\",\"@id\":\"https:\/\/extremepc-fr.com\/blog\/articles\/imac-imac-pro\/#primaryimage\",\"url\":\"https:\/\/images.pexels.com\/photos\/4238488\/pexels-photo-4238488.jpeg?auto=compress&cs=tinysrgb&fit=crop&h=627&w=1200\",\"contentUrl\":\"https:\/\/images.pexels.com\/photos\/4238488\/pexels-photo-4238488.jpeg?auto=compress&cs=tinysrgb&fit=crop&h=627&w=1200\"},{\"@type\":\"WebSite\",\"@id\":\"https:\/\/extremepc-fr.com\/blog\/#website\",\"url\":\"https:\/\/extremepc-fr.com\/blog\/\",\"name\":\"ExtremePC FR\",\"description\":\"ExtremePC FR, la performance num\u00e9rique d\u00e9cupl\u00e9e\",\"publisher\":{\"@id\":\"https:\/\/extremepc-fr.com\/blog\/#organization\"},\"alternateName\":\"ExtremePC FR, la performance num\u00e9rique d\u00e9cupl\u00e9e\",\"potentialAction\":[{\"@type\":\"SearchAction\",\"target\":{\"@type\":\"EntryPoint\",\"urlTemplate\":\"https:\/\/extremepc-fr.com\/blog\/?s={search_term_string}\"},\"query-input\":{\"@type\":\"PropertyValueSpecification\",\"valueRequired\":true,\"valueName\":\"search_term_string\"}}],\"inLanguage\":\"fr-FR\"},{\"@type\":\"Organization\",\"@id\":\"https:\/\/extremepc-fr.com\/blog\/#organization\",\"name\":\"ExtremePC FR\",\"url\":\"https:\/\/extremepc-fr.com\/blog\/\",\"logo\":{\"@type\":\"ImageObject\",\"inLanguage\":\"fr-FR\",\"@id\":\"https:\/\/extremepc-fr.com\/blog\/#\/schema\/logo\/image\/\",\"url\":\"https:\/\/extremepc-fr.com\/blog\/wp-content\/uploads\/2024\/12\/cropped-3.png\",\"contentUrl\":\"https:\/\/extremepc-fr.com\/blog\/wp-content\/uploads\/2024\/12\/cropped-3.png\",\"width\":282,\"height\":247,\"caption\":\"ExtremePC FR\"},\"image\":{\"@id\":\"https:\/\/extremepc-fr.com\/blog\/#\/schema\/logo\/image\/\"}},{\"@type\":\"Person\",\"@id\":\"https:\/\/extremepc-fr.com\/blog\/#\/schema\/person\/3c864cdc320801e3db34b663e7e3f816\",\"name\":\"Hugo Lambrecht\",\"image\":{\"@type\":\"ImageObject\",\"inLanguage\":\"fr-FR\",\"@id\":\"https:\/\/extremepc-fr.com\/blog\/#\/schema\/person\/image\/\",\"url\":\"https:\/\/extremepc-fr.com\/blog\/wp-content\/uploads\/2026\/06\/persona_hugo-l-96x96.jpg\",\"contentUrl\":\"https:\/\/extremepc-fr.com\/blog\/wp-content\/uploads\/2026\/06\/persona_hugo-l-96x96.jpg\",\"caption\":\"Hugo Lambrecht\"},\"description\":\"Geek assum\u00e9 et veilleur tech depuis plus de dix ans, je passe mes journ\u00e9es \u00e0 tester, comparer et expliquer le num\u00e9rique. Mes terrains favoris : les astuces high-tech du quotidien, la s\u00e9curit\u00e9 en ligne et les outils web, des VPN aux logiciels qui simplifient la vie. J'aime prendre un sujet r\u00e9put\u00e9 compliqu\u00e9 et le rendre limpide pour quelqu'un qui n'est pas d\u00e9veloppeur. Avant de recommander un produit ou un service, je le mets r\u00e9ellement \u00e0 l'\u00e9preuve, je v\u00e9rifie les versions et les tarifs en vigueur, et je signale les limites autant que les atouts. Je me m\u00e9fie des classements de complaisance : un comparatif n'a de valeur que si la m\u00e9thode est transparente. Mon fil rouge, c'est l'utilit\u00e9 concr\u00e8te : aider le lecteur \u00e0 mieux choisir, mieux configurer et mieux se prot\u00e9ger, sans tomber dans le jargon.\",\"sameAs\":[\"https:\/\/hugolambrecht.fr\/\"],\"url\":\"https:\/\/extremepc-fr.com\/blog\/auteur\/noname\/\"}]}<\/script>\n<!-- \/ Yoast SEO Premium plugin. -->","yoast_head_json":{"title":"iMac Pro : Comparatif Prix Performances 2026","description":"L\u2019iMac Pro est une station de travail tout-en-un qui r\u00e9pond aux besoins des professionnels en qu\u00eate de puissance et de design. En 2026, il est essentiel","robots":{"index":"index","follow":"follow","max-snippet":"max-snippet:-1","max-image-preview":"max-image-preview:large","max-video-preview":"max-video-preview:-1"},"canonical":"https:\/\/extremepc-fr.com\/blog\/articles\/imac-imac-pro\/","og_locale":"fr_FR","og_type":"article","og_title":"iMac Pro : Comparatif Prix Performances 2026","og_description":"L\u2019iMac Pro est une station de travail tout-en-un qui r\u00e9pond aux besoins des professionnels en qu\u00eate de puissance et de design. En 2026, il est essentiel","og_url":"https:\/\/extremepc-fr.com\/blog\/articles\/imac-imac-pro\/","og_site_name":"extremepc","author":"Hugo Lambrecht","twitter_card":"summary_large_image","schema":{"@context":"https:\/\/schema.org","@graph":[{"@type":"NewsArticle","@id":"https:\/\/extremepc-fr.com\/blog\/articles\/imac-imac-pro\/#article","isPartOf":{"@id":"https:\/\/extremepc-fr.com\/blog\/articles\/imac-imac-pro\/"},"author":{"name":"Hugo Lambrecht","@id":"https:\/\/extremepc-fr.com\/blog\/#\/schema\/person\/3c864cdc320801e3db34b663e7e3f816"},"headline":"iMac Pro : Comparatif Prix Performances 2026","datePublished":"2026-02-05T09:00:00+00:00","mainEntityOfPage":{"@id":"https:\/\/extremepc-fr.com\/blog\/articles\/imac-imac-pro\/"},"wordCount":774,"commentCount":0,"publisher":{"@id":"https:\/\/extremepc-fr.com\/blog\/#organization"},"image":{"@id":"https:\/\/extremepc-fr.com\/blog\/articles\/imac-imac-pro\/#primaryimage"},"thumbnailUrl":"https:\/\/images.pexels.com\/photos\/4238488\/pexels-photo-4238488.jpeg?auto=compress&cs=tinysrgb&fit=crop&h=627&w=1200","articleSection":["Articles"],"inLanguage":"fr-FR","potentialAction":[{"@type":"CommentAction","name":"Comment","target":["https:\/\/extremepc-fr.com\/blog\/articles\/imac-imac-pro\/#respond"]}]},{"@type":"WebPage","@id":"https:\/\/extremepc-fr.com\/blog\/articles\/imac-imac-pro\/","url":"https:\/\/extremepc-fr.com\/blog\/articles\/imac-imac-pro\/","name":"iMac Pro : Comparatif Prix Performances 2026","isPartOf":{"@id":"https:\/\/extremepc-fr.com\/blog\/#website"},"primaryImageOfPage":{"@id":"https:\/\/extremepc-fr.com\/blog\/articles\/imac-imac-pro\/#primaryimage"},"image":{"@id":"https:\/\/extremepc-fr.com\/blog\/articles\/imac-imac-pro\/#primaryimage"},"thumbnailUrl":"https:\/\/images.pexels.com\/photos\/4238488\/pexels-photo-4238488.jpeg?auto=compress&cs=tinysrgb&fit=crop&h=627&w=1200","datePublished":"2026-02-05T09:00:00+00:00","description":"L\u2019iMac Pro est une station de travail tout-en-un qui r\u00e9pond aux besoins des professionnels en qu\u00eate de puissance et de design. En 2026, il est essentiel","inLanguage":"fr-FR","potentialAction":[{"@type":"ReadAction","target":["https:\/\/extremepc-fr.com\/blog\/articles\/imac-imac-pro\/"]}]},{"@type":"ImageObject","inLanguage":"fr-FR","@id":"https:\/\/extremepc-fr.com\/blog\/articles\/imac-imac-pro\/#primaryimage","url":"https:\/\/images.pexels.com\/photos\/4238488\/pexels-photo-4238488.jpeg?auto=compress&cs=tinysrgb&fit=crop&h=627&w=1200","contentUrl":"https:\/\/images.pexels.com\/photos\/4238488\/pexels-photo-4238488.jpeg?auto=compress&cs=tinysrgb&fit=crop&h=627&w=1200"},{"@type":"WebSite","@id":"https:\/\/extremepc-fr.com\/blog\/#website","url":"https:\/\/extremepc-fr.com\/blog\/","name":"ExtremePC FR","description":"ExtremePC FR, la performance num\u00e9rique d\u00e9cupl\u00e9e","publisher":{"@id":"https:\/\/extremepc-fr.com\/blog\/#organization"},"alternateName":"ExtremePC FR, la performance num\u00e9rique d\u00e9cupl\u00e9e","potentialAction":[{"@type":"SearchAction","target":{"@type":"EntryPoint","urlTemplate":"https:\/\/extremepc-fr.com\/blog\/?s={search_term_string}"},"query-input":{"@type":"PropertyValueSpecification","valueRequired":true,"valueName":"search_term_string"}}],"inLanguage":"fr-FR"},{"@type":"Organization","@id":"https:\/\/extremepc-fr.com\/blog\/#organization","name":"ExtremePC FR","url":"https:\/\/extremepc-fr.com\/blog\/","logo":{"@type":"ImageObject","inLanguage":"fr-FR","@id":"https:\/\/extremepc-fr.com\/blog\/#\/schema\/logo\/image\/","url":"https:\/\/extremepc-fr.com\/blog\/wp-content\/uploads\/2024\/12\/cropped-3.png","contentUrl":"https:\/\/extremepc-fr.com\/blog\/wp-content\/uploads\/2024\/12\/cropped-3.png","width":282,"height":247,"caption":"ExtremePC FR"},"image":{"@id":"https:\/\/extremepc-fr.com\/blog\/#\/schema\/logo\/image\/"}},{"@type":"Person","@id":"https:\/\/extremepc-fr.com\/blog\/#\/schema\/person\/3c864cdc320801e3db34b663e7e3f816","name":"Hugo Lambrecht","image":{"@type":"ImageObject","inLanguage":"fr-FR","@id":"https:\/\/extremepc-fr.com\/blog\/#\/schema\/person\/image\/","url":"https:\/\/extremepc-fr.com\/blog\/wp-content\/uploads\/2026\/06\/persona_hugo-l-96x96.jpg","contentUrl":"https:\/\/extremepc-fr.com\/blog\/wp-content\/uploads\/2026\/06\/persona_hugo-l-96x96.jpg","caption":"Hugo Lambrecht"},"description":"Geek assum\u00e9 et veilleur tech depuis plus de dix ans, je passe mes journ\u00e9es \u00e0 tester, comparer et expliquer le num\u00e9rique. Mes terrains favoris : les astuces high-tech du quotidien, la s\u00e9curit\u00e9 en ligne et les outils web, des VPN aux logiciels qui simplifient la vie. J'aime prendre un sujet r\u00e9put\u00e9 compliqu\u00e9 et le rendre limpide pour quelqu'un qui n'est pas d\u00e9veloppeur. Avant de recommander un produit ou un service, je le mets r\u00e9ellement \u00e0 l'\u00e9preuve, je v\u00e9rifie les versions et les tarifs en vigueur, et je signale les limites autant que les atouts. Je me m\u00e9fie des classements de complaisance : un comparatif n'a de valeur que si la m\u00e9thode est transparente. Mon fil rouge, c'est l'utilit\u00e9 concr\u00e8te : aider le lecteur \u00e0 mieux choisir, mieux configurer et mieux se prot\u00e9ger, sans tomber dans le jargon.","sameAs":["https:\/\/hugolambrecht.fr\/"],"url":"https:\/\/extremepc-fr.com\/blog\/auteur\/noname\/"}]}},"_links":{"self":[{"href":"https:\/\/extremepc-fr.com\/blog\/wp-json\/wp\/v2\/posts\/7668","targetHints":{"allow":["GET"]}}],"collection":[{"href":"https:\/\/extremepc-fr.com\/blog\/wp-json\/wp\/v2\/posts"}],"about":[{"href":"https:\/\/extremepc-fr.com\/blog\/wp-json\/wp\/v2\/types\/post"}],"author":[{"embeddable":true,"href":"https:\/\/extremepc-fr.com\/blog\/wp-json\/wp\/v2\/users\/34"}],"replies":[{"embeddable":true,"href":"https:\/\/extremepc-fr.com\/blog\/wp-json\/wp\/v2\/comments?post=7668"}],"version-history":[{"count":0,"href":"https:\/\/extremepc-fr.com\/blog\/wp-json\/wp\/v2\/posts\/7668\/revisions"}],"wp:attachment":[{"href":"https:\/\/extremepc-fr.com\/blog\/wp-json\/wp\/v2\/media?parent=7668"}],"wp:term":[{"taxonomy":"category","embeddable":true,"href":"https:\/\/extremepc-fr.com\/blog\/wp-json\/wp\/v2\/categories?post=7668"},{"taxonomy":"post_tag","embeddable":true,"href":"https:\/\/extremepc-fr.com\/blog\/wp-json\/wp\/v2\/tags?post=7668"}],"curies":[{"name":"wp","href":"https:\/\/api.w.org\/{rel}","templated":true}]}}