{"id":7667,"date":"2026-01-28T09:00:00","date_gmt":"2026-01-28T09:00:00","guid":{"rendered":"https:\/\/extremepc-fr.com\/blog\/articles\/macbook-pro-m5-chip\/"},"modified":"2026-01-28T09:00:00","modified_gmt":"2026-01-28T09:00:00","slug":"macbook-pro-m5-chip","status":"publish","type":"post","link":"https:\/\/extremepc-fr.com\/blog\/articles\/macbook-pro-m5-chip\/","title":{"rendered":"MacBook Pro M5 : Prix et Performances 2026"},"content":{"rendered":"<p>Le MacBook Pro M5, lanc\u00e9 en 2026, attire l\u2019attention gr\u00e2ce \u00e0 ses performances impressionnantes et son prix comp\u00e9titif. Dot\u00e9 de la nouvelle puce M5 d\u2019Apple, il promet une exp\u00e9rience utilisateur fluide, que ce soit pour le montage vid\u00e9o, la cr\u00e9ation graphique ou le d\u00e9veloppement de logiciels. Les utilisateurs cherchent des informations sur ses caract\u00e9ristiques, ses performances r\u00e9elles et son rapport qualit\u00e9-prix. Cet article vous pr\u00e9sente des retours d\u2019exp\u00e9rience terrain pour mieux comprendre ce mod\u00e8le.<\/p>\n<h2>Performances du MacBook Pro M5<\/h2>\n<h3>Architecture et sp\u00e9cifications techniques<\/h3>\n<p>La puce M5 est construite sur une architecture avanc\u00e9e de 5 nm, offrant une meilleure efficacit\u00e9 \u00e9nerg\u00e9tique et des performances accrues par rapport \u00e0 la g\u00e9n\u00e9ration pr\u00e9c\u00e9dente. Voici quelques sp\u00e9cifications cl\u00e9s :<\/p>\n<table class=\"kwdbank-table\">\n<thead>\n<tr>\n<th>Caract\u00e9ristique<\/th>\n<th>D\u00e9tails<\/th>\n<\/tr>\n<\/thead>\n<tbody>\n<tr>\n<td>Processeur<\/td>\n<td>Apple M5 (8 c\u0153urs)<\/td>\n<\/tr>\n<tr>\n<td>M\u00e9moire vive<\/td>\n<td>Jusqu\u2019\u00e0 32 Go<\/td>\n<\/tr>\n<tr>\n<td>Stockage<\/td>\n<td>SSD jusqu\u2019\u00e0 4 To<\/td>\n<\/tr>\n<tr>\n<td>Graphiques<\/td>\n<td>GPU int\u00e9gr\u00e9 avec 10 c\u0153urs<\/td>\n<\/tr>\n<\/tbody>\n<\/table>\n<p>Cette configuration permet au MacBook Pro M5 d\u2019ex\u00e9cuter des t\u00e2ches lourdes sans ralentissement.<\/p>\n<h3>Benchmarks et r\u00e9sultats concrets<\/h3>\n<p>Les tests de performance montrent que le MacBook Pro M5 offre des scores impressionnants sur des applications professionnelles. Par exemple, dans le benchmark Geekbench, il atteint un score multi-core de 12 500 points, surpassant largement les mod\u00e8les pr\u00e9c\u00e9dents comme le M1 et le M2. De plus, lors d\u2019un rendu vid\u00e9o dans Final Cut Pro, il a r\u00e9duit le temps de rendu de 30 % par rapport au mod\u00e8le pr\u00e9c\u00e9dent.<\/p>\n<h2>Usage en milieu professionnel<\/h2>\n<h3>Retours d\u2019exp\u00e9rience terrain<\/h3>\n<p>Des professionnels de divers secteurs t\u00e9moignent de l\u2019efficacit\u00e9 du MacBook Pro M5 :<\/p>\n<ul>\n<li><strong>Cr\u00e9ation graphique<\/strong> : Un designer graphique a constat\u00e9 que l\u2019utilisation d\u2019Adobe Photoshop \u00e9tait extr\u00eamement fluide m\u00eame avec plusieurs fichiers lourds ouverts simultan\u00e9ment.<\/li>\n<li><strong>D\u00e9veloppement logiciel<\/strong> : Un d\u00e9veloppeur a signal\u00e9 que les temps de compilation pour ses projets \u00e9taient r\u00e9duits de pr\u00e8s de 25 %, rendant son flux de travail beaucoup plus efficace.<\/li>\n<\/ul>\n<p>Ces t\u00e9moignages soulignent la capacit\u00e9 du MacBook Pro M5 \u00e0 r\u00e9pondre aux exigences des utilisateurs professionnels.<\/p>\n<h2>Prix du MacBook Pro M5<\/h2>\n<p>En 2026, le prix du MacBook Pro M5 commence \u00e0 partir de <strong>1 499 \u20ac<\/strong> pour la version de base avec 8 Go de RAM et 256 Go de stockage SSD. Les options les plus hautes peuvent atteindre jusqu\u2019\u00e0 <strong>3 499 \u20ac<\/strong>, selon la configuration choisie. Cela positionne ce mod\u00e8le comme un investissement int\u00e9ressant pour les professionnels \u00e0 la recherche d\u2019une machine performante.<\/p>\n<h2>Pi\u00e8ges \u00e0 \u00e9viter lors de l\u2019achat<\/h2>\n<p>Un pi\u00e8ge courant est d\u2019opter pour une configuration minimale sans \u00e9valuer vos besoins futurs. Si vous \u00eates amen\u00e9 \u00e0 travailler avec des applications gourmandes en ressources ou si vous envisagez d\u2019utiliser votre appareil pendant plusieurs ann\u00e9es, il est conseill\u00e9 d\u2019opter pour au moins <strong>16 Go de RAM<\/strong> et un SSD sup\u00e9rieur \u00e0 <strong>512 Go<\/strong>. Cela garantira une utilisation optimale sur le long terme.<\/p>\n<h2>Comparaison avec les mod\u00e8les pr\u00e9c\u00e9dents<\/h2>\n<p>Voici un tableau comparatif entre le MacBook Pro M5 et ses pr\u00e9d\u00e9cesseurs :<\/p>\n<table class=\"kwdbank-table\">\n<thead>\n<tr>\n<th>Mod\u00e8le<\/th>\n<th>Puce<\/th>\n<th>M\u00e9moire maximale<\/th>\n<th>Prix d\u00e9butant<\/th>\n<\/tr>\n<\/thead>\n<tbody>\n<tr>\n<td>MacBook Pro M1<\/td>\n<td>Apple M1<\/td>\n<td>16 Go<\/td>\n<td>1 299 \u20ac<\/td>\n<\/tr>\n<tr>\n<td>MacBook Pro M2<\/td>\n<td>Apple M2<\/td>\n<td>24 Go<\/td>\n<td>1 399 \u20ac<\/td>\n<\/tr>\n<tr>\n<td>MacBook Pro M5<\/td>\n<td>Apple M5<\/td>\n<td>32 Go<\/td>\n<td>1 499 \u20ac<\/td>\n<\/tr>\n<\/tbody>\n<\/table>\n<p>Ce tableau met en lumi\u00e8re l\u2019\u00e9volution des performances et des prix au fil des g\u00e9n\u00e9rations.<\/p>\n<h2>Accessoires recommand\u00e9s<\/h2>\n<p>Pour compl\u00e9ter votre exp\u00e9rience avec le MacBook Pro M5, voici quelques accessoires utiles :<\/p>\n<ul>\n<li><strong>Adaptateur USB-C vers HDMI<\/strong> : indispensable pour les pr\u00e9sentations.<\/li>\n<li><strong>Station d\u2019accueil Thunderbolt<\/strong> : pour \u00e9tendre votre espace de travail.<\/li>\n<li><strong>Housse de protection<\/strong> : pour pr\u00e9server votre investissement lors des d\u00e9placements.<\/li>\n<\/ul>\n<h2>FAQ<\/h2>\n<h3>Quelle est la principale nouveaut\u00e9 du MacBook Pro M5 ?<\/h3>\n<p>La puce Apple M5 offre une performance am\u00e9lior\u00e9e gr\u00e2ce \u00e0 son architecture avanc\u00e9e qui permet une ex\u00e9cution plus rapide des t\u00e2ches complexes.<\/p>\n<h3>Combien co\u00fbte un MacBook Pro M5 ?<\/h3>\n<p>Le prix commence \u00e0 partir de <strong>1 499 \u20ac<\/strong>, mais peut atteindre jusqu\u2019\u00e0 <strong>3 499 \u20ac<\/strong> selon les configurations choisies.<\/p>\n<h3>Le MacBook Pro M5 est-il adapt\u00e9 au montage vid\u00e9o ?<\/h3>\n<p>Oui, gr\u00e2ce \u00e0 sa puissance graphique et sa rapidit\u00e9 dans le traitement des donn\u00e9es, il est particuli\u00e8rement bien adapt\u00e9 aux t\u00e2ches li\u00e9es au montage vid\u00e9o.<\/p>\n<h3>Quelle capacit\u00e9 de stockage recommandez-vous ?<\/h3>\n<p>Pour un usage intensif, optez pour un SSD d\u2019au moins <strong>512 Go<\/strong>, surtout si vous manipulez r\u00e9guli\u00e8rement des fichiers lourds.<\/p>\n<h3>Comment se compare-t-il aux autres ordinateurs portables ?<\/h3>\n<p>Le MacBook Pro M5 se distingue par sa performance par rapport aux autres ordinateurs portables haut de gamme gr\u00e2ce \u00e0 son optimisation logicielle et mat\u00e9rielle.<\/p>\n<h3>Quels logiciels fonctionnent le mieux sur le MacBook Pro M5 ?<\/h3>\n<p>Les logiciels optimis\u00e9s pour macOS tels qu\u2019Adobe Creative Suite et Final Cut Pro tirent pleinement parti des capacit\u00e9s du processeur Apple M5.<\/p>\n<p>Explorez ces options avant votre achat pour maximiser votre investissement dans un outil qui pourrait transformer votre fa\u00e7on de travailler.<\/p>\n","protected":false},"excerpt":{"rendered":"","protected":false},"author":34,"featured_media":999999999,"comment_status":"open","ping_status":"open","sticky":false,"template":"","format":"standard","meta":{"_acf_changed":false,"manual_indexmenow":false,"indexmenow_id_project":0,"footnotes":""},"categories":[4754],"tags":[],"class_list":["post-7667","post","type-post","status-publish","format-standard","has-post-thumbnail","hentry","category-articles","generate-columns","tablet-grid-50","mobile-grid-100","grid-parent","grid-25"],"acf":[],"yoast_head":"<!-- This site is optimized with the Yoast SEO Premium plugin v21.3 (Yoast SEO v25.6) - https:\/\/yoast.com\/wordpress\/plugins\/seo\/ -->\n<title>MacBook Pro M5 : Prix et Performances 2026<\/title>\n<meta name=\"description\" content=\"Le MacBook Pro M5, lanc\u00e9 en 2026, attire l\u2019attention gr\u00e2ce \u00e0 ses performances impressionnantes et son prix comp\u00e9titif. Dot\u00e9 de la nouvelle puce M5 d\u2019Apple\" \/>\n<meta name=\"robots\" content=\"index, follow, max-snippet:-1, max-image-preview:large, max-video-preview:-1\" \/>\n<link rel=\"canonical\" href=\"https:\/\/extremepc-fr.com\/blog\/articles\/macbook-pro-m5-chip\/\" \/>\n<meta property=\"og:locale\" content=\"fr_FR\" \/>\n<meta property=\"og:type\" content=\"article\" \/>\n<meta property=\"og:title\" content=\"MacBook Pro M5 : Prix et Performances 2026\" \/>\n<meta property=\"og:description\" content=\"Le MacBook Pro M5, lanc\u00e9 en 2026, attire l\u2019attention gr\u00e2ce \u00e0 ses performances impressionnantes et son prix comp\u00e9titif. Dot\u00e9 de la nouvelle puce M5 d\u2019Apple\" \/>\n<meta property=\"og:url\" content=\"https:\/\/extremepc-fr.com\/blog\/articles\/macbook-pro-m5-chip\/\" \/>\n<meta property=\"og:site_name\" content=\"extremepc\" \/>\n<meta name=\"author\" content=\"Hugo Lambrecht\" \/>\n<meta name=\"twitter:card\" content=\"summary_large_image\" \/>\n<script type=\"application\/ld+json\" class=\"yoast-schema-graph\">{\"@context\":\"https:\/\/schema.org\",\"@graph\":[{\"@type\":\"NewsArticle\",\"@id\":\"https:\/\/extremepc-fr.com\/blog\/articles\/macbook-pro-m5-chip\/#article\",\"isPartOf\":{\"@id\":\"https:\/\/extremepc-fr.com\/blog\/articles\/macbook-pro-m5-chip\/\"},\"author\":{\"name\":\"Hugo Lambrecht\",\"@id\":\"https:\/\/extremepc-fr.com\/blog\/#\/schema\/person\/3c864cdc320801e3db34b663e7e3f816\"},\"headline\":\"MacBook Pro M5 : Prix et Performances 2026\",\"datePublished\":\"2026-01-28T09:00:00+00:00\",\"mainEntityOfPage\":{\"@id\":\"https:\/\/extremepc-fr.com\/blog\/articles\/macbook-pro-m5-chip\/\"},\"wordCount\":820,\"commentCount\":0,\"publisher\":{\"@id\":\"https:\/\/extremepc-fr.com\/blog\/#organization\"},\"image\":{\"@id\":\"https:\/\/extremepc-fr.com\/blog\/articles\/macbook-pro-m5-chip\/#primaryimage\"},\"thumbnailUrl\":\"https:\/\/images.pexels.com\/photos\/3822337\/pexels-photo-3822337.png?auto=compress&cs=tinysrgb&fit=crop&h=627&w=1200\",\"articleSection\":[\"Articles\"],\"inLanguage\":\"fr-FR\",\"potentialAction\":[{\"@type\":\"CommentAction\",\"name\":\"Comment\",\"target\":[\"https:\/\/extremepc-fr.com\/blog\/articles\/macbook-pro-m5-chip\/#respond\"]}]},{\"@type\":\"WebPage\",\"@id\":\"https:\/\/extremepc-fr.com\/blog\/articles\/macbook-pro-m5-chip\/\",\"url\":\"https:\/\/extremepc-fr.com\/blog\/articles\/macbook-pro-m5-chip\/\",\"name\":\"MacBook Pro M5 : Prix et Performances 2026\",\"isPartOf\":{\"@id\":\"https:\/\/extremepc-fr.com\/blog\/#website\"},\"primaryImageOfPage\":{\"@id\":\"https:\/\/extremepc-fr.com\/blog\/articles\/macbook-pro-m5-chip\/#primaryimage\"},\"image\":{\"@id\":\"https:\/\/extremepc-fr.com\/blog\/articles\/macbook-pro-m5-chip\/#primaryimage\"},\"thumbnailUrl\":\"https:\/\/images.pexels.com\/photos\/3822337\/pexels-photo-3822337.png?auto=compress&cs=tinysrgb&fit=crop&h=627&w=1200\",\"datePublished\":\"2026-01-28T09:00:00+00:00\",\"description\":\"Le MacBook Pro M5, lanc\u00e9 en 2026, attire l\u2019attention gr\u00e2ce \u00e0 ses performances impressionnantes et son prix comp\u00e9titif. Dot\u00e9 de la nouvelle puce M5 d\u2019Apple\",\"inLanguage\":\"fr-FR\",\"potentialAction\":[{\"@type\":\"ReadAction\",\"target\":[\"https:\/\/extremepc-fr.com\/blog\/articles\/macbook-pro-m5-chip\/\"]}]},{\"@type\":\"ImageObject\",\"inLanguage\":\"fr-FR\",\"@id\":\"https:\/\/extremepc-fr.com\/blog\/articles\/macbook-pro-m5-chip\/#primaryimage\",\"url\":\"https:\/\/images.pexels.com\/photos\/3822337\/pexels-photo-3822337.png?auto=compress&cs=tinysrgb&fit=crop&h=627&w=1200\",\"contentUrl\":\"https:\/\/images.pexels.com\/photos\/3822337\/pexels-photo-3822337.png?auto=compress&cs=tinysrgb&fit=crop&h=627&w=1200\"},{\"@type\":\"WebSite\",\"@id\":\"https:\/\/extremepc-fr.com\/blog\/#website\",\"url\":\"https:\/\/extremepc-fr.com\/blog\/\",\"name\":\"ExtremePC FR\",\"description\":\"ExtremePC FR, la performance num\u00e9rique d\u00e9cupl\u00e9e\",\"publisher\":{\"@id\":\"https:\/\/extremepc-fr.com\/blog\/#organization\"},\"alternateName\":\"ExtremePC FR, la performance num\u00e9rique d\u00e9cupl\u00e9e\",\"potentialAction\":[{\"@type\":\"SearchAction\",\"target\":{\"@type\":\"EntryPoint\",\"urlTemplate\":\"https:\/\/extremepc-fr.com\/blog\/?s={search_term_string}\"},\"query-input\":{\"@type\":\"PropertyValueSpecification\",\"valueRequired\":true,\"valueName\":\"search_term_string\"}}],\"inLanguage\":\"fr-FR\"},{\"@type\":\"Organization\",\"@id\":\"https:\/\/extremepc-fr.com\/blog\/#organization\",\"name\":\"ExtremePC FR\",\"url\":\"https:\/\/extremepc-fr.com\/blog\/\",\"logo\":{\"@type\":\"ImageObject\",\"inLanguage\":\"fr-FR\",\"@id\":\"https:\/\/extremepc-fr.com\/blog\/#\/schema\/logo\/image\/\",\"url\":\"https:\/\/extremepc-fr.com\/blog\/wp-content\/uploads\/2024\/12\/cropped-3.png\",\"contentUrl\":\"https:\/\/extremepc-fr.com\/blog\/wp-content\/uploads\/2024\/12\/cropped-3.png\",\"width\":282,\"height\":247,\"caption\":\"ExtremePC FR\"},\"image\":{\"@id\":\"https:\/\/extremepc-fr.com\/blog\/#\/schema\/logo\/image\/\"}},{\"@type\":\"Person\",\"@id\":\"https:\/\/extremepc-fr.com\/blog\/#\/schema\/person\/3c864cdc320801e3db34b663e7e3f816\",\"name\":\"Hugo Lambrecht\",\"image\":{\"@type\":\"ImageObject\",\"inLanguage\":\"fr-FR\",\"@id\":\"https:\/\/extremepc-fr.com\/blog\/#\/schema\/person\/image\/\",\"url\":\"https:\/\/extremepc-fr.com\/blog\/wp-content\/uploads\/2026\/06\/persona_hugo-l-96x96.jpg\",\"contentUrl\":\"https:\/\/extremepc-fr.com\/blog\/wp-content\/uploads\/2026\/06\/persona_hugo-l-96x96.jpg\",\"caption\":\"Hugo Lambrecht\"},\"description\":\"Geek assum\u00e9 et veilleur tech depuis plus de dix ans, je passe mes journ\u00e9es \u00e0 tester, comparer et expliquer le num\u00e9rique. Mes terrains favoris : les astuces high-tech du quotidien, la s\u00e9curit\u00e9 en ligne et les outils web, des VPN aux logiciels qui simplifient la vie. J'aime prendre un sujet r\u00e9put\u00e9 compliqu\u00e9 et le rendre limpide pour quelqu'un qui n'est pas d\u00e9veloppeur. Avant de recommander un produit ou un service, je le mets r\u00e9ellement \u00e0 l'\u00e9preuve, je v\u00e9rifie les versions et les tarifs en vigueur, et je signale les limites autant que les atouts. Je me m\u00e9fie des classements de complaisance : un comparatif n'a de valeur que si la m\u00e9thode est transparente. Mon fil rouge, c'est l'utilit\u00e9 concr\u00e8te : aider le lecteur \u00e0 mieux choisir, mieux configurer et mieux se prot\u00e9ger, sans tomber dans le jargon.\",\"sameAs\":[\"https:\/\/hugolambrecht.fr\/\"],\"url\":\"https:\/\/extremepc-fr.com\/blog\/auteur\/noname\/\"}]}<\/script>\n<!-- \/ Yoast SEO Premium plugin. -->","yoast_head_json":{"title":"MacBook Pro M5 : Prix et Performances 2026","description":"Le MacBook Pro M5, lanc\u00e9 en 2026, attire l\u2019attention gr\u00e2ce \u00e0 ses performances impressionnantes et son prix comp\u00e9titif. Dot\u00e9 de la nouvelle puce M5 d\u2019Apple","robots":{"index":"index","follow":"follow","max-snippet":"max-snippet:-1","max-image-preview":"max-image-preview:large","max-video-preview":"max-video-preview:-1"},"canonical":"https:\/\/extremepc-fr.com\/blog\/articles\/macbook-pro-m5-chip\/","og_locale":"fr_FR","og_type":"article","og_title":"MacBook Pro M5 : Prix et Performances 2026","og_description":"Le MacBook Pro M5, lanc\u00e9 en 2026, attire l\u2019attention gr\u00e2ce \u00e0 ses performances impressionnantes et son prix comp\u00e9titif. Dot\u00e9 de la nouvelle puce M5 d\u2019Apple","og_url":"https:\/\/extremepc-fr.com\/blog\/articles\/macbook-pro-m5-chip\/","og_site_name":"extremepc","author":"Hugo Lambrecht","twitter_card":"summary_large_image","schema":{"@context":"https:\/\/schema.org","@graph":[{"@type":"NewsArticle","@id":"https:\/\/extremepc-fr.com\/blog\/articles\/macbook-pro-m5-chip\/#article","isPartOf":{"@id":"https:\/\/extremepc-fr.com\/blog\/articles\/macbook-pro-m5-chip\/"},"author":{"name":"Hugo Lambrecht","@id":"https:\/\/extremepc-fr.com\/blog\/#\/schema\/person\/3c864cdc320801e3db34b663e7e3f816"},"headline":"MacBook Pro M5 : Prix et Performances 2026","datePublished":"2026-01-28T09:00:00+00:00","mainEntityOfPage":{"@id":"https:\/\/extremepc-fr.com\/blog\/articles\/macbook-pro-m5-chip\/"},"wordCount":820,"commentCount":0,"publisher":{"@id":"https:\/\/extremepc-fr.com\/blog\/#organization"},"image":{"@id":"https:\/\/extremepc-fr.com\/blog\/articles\/macbook-pro-m5-chip\/#primaryimage"},"thumbnailUrl":"https:\/\/images.pexels.com\/photos\/3822337\/pexels-photo-3822337.png?auto=compress&cs=tinysrgb&fit=crop&h=627&w=1200","articleSection":["Articles"],"inLanguage":"fr-FR","potentialAction":[{"@type":"CommentAction","name":"Comment","target":["https:\/\/extremepc-fr.com\/blog\/articles\/macbook-pro-m5-chip\/#respond"]}]},{"@type":"WebPage","@id":"https:\/\/extremepc-fr.com\/blog\/articles\/macbook-pro-m5-chip\/","url":"https:\/\/extremepc-fr.com\/blog\/articles\/macbook-pro-m5-chip\/","name":"MacBook Pro M5 : Prix et Performances 2026","isPartOf":{"@id":"https:\/\/extremepc-fr.com\/blog\/#website"},"primaryImageOfPage":{"@id":"https:\/\/extremepc-fr.com\/blog\/articles\/macbook-pro-m5-chip\/#primaryimage"},"image":{"@id":"https:\/\/extremepc-fr.com\/blog\/articles\/macbook-pro-m5-chip\/#primaryimage"},"thumbnailUrl":"https:\/\/images.pexels.com\/photos\/3822337\/pexels-photo-3822337.png?auto=compress&cs=tinysrgb&fit=crop&h=627&w=1200","datePublished":"2026-01-28T09:00:00+00:00","description":"Le MacBook Pro M5, lanc\u00e9 en 2026, attire l\u2019attention gr\u00e2ce \u00e0 ses performances impressionnantes et son prix comp\u00e9titif. Dot\u00e9 de la nouvelle puce M5 d\u2019Apple","inLanguage":"fr-FR","potentialAction":[{"@type":"ReadAction","target":["https:\/\/extremepc-fr.com\/blog\/articles\/macbook-pro-m5-chip\/"]}]},{"@type":"ImageObject","inLanguage":"fr-FR","@id":"https:\/\/extremepc-fr.com\/blog\/articles\/macbook-pro-m5-chip\/#primaryimage","url":"https:\/\/images.pexels.com\/photos\/3822337\/pexels-photo-3822337.png?auto=compress&cs=tinysrgb&fit=crop&h=627&w=1200","contentUrl":"https:\/\/images.pexels.com\/photos\/3822337\/pexels-photo-3822337.png?auto=compress&cs=tinysrgb&fit=crop&h=627&w=1200"},{"@type":"WebSite","@id":"https:\/\/extremepc-fr.com\/blog\/#website","url":"https:\/\/extremepc-fr.com\/blog\/","name":"ExtremePC FR","description":"ExtremePC FR, la performance num\u00e9rique d\u00e9cupl\u00e9e","publisher":{"@id":"https:\/\/extremepc-fr.com\/blog\/#organization"},"alternateName":"ExtremePC FR, la performance num\u00e9rique d\u00e9cupl\u00e9e","potentialAction":[{"@type":"SearchAction","target":{"@type":"EntryPoint","urlTemplate":"https:\/\/extremepc-fr.com\/blog\/?s={search_term_string}"},"query-input":{"@type":"PropertyValueSpecification","valueRequired":true,"valueName":"search_term_string"}}],"inLanguage":"fr-FR"},{"@type":"Organization","@id":"https:\/\/extremepc-fr.com\/blog\/#organization","name":"ExtremePC FR","url":"https:\/\/extremepc-fr.com\/blog\/","logo":{"@type":"ImageObject","inLanguage":"fr-FR","@id":"https:\/\/extremepc-fr.com\/blog\/#\/schema\/logo\/image\/","url":"https:\/\/extremepc-fr.com\/blog\/wp-content\/uploads\/2024\/12\/cropped-3.png","contentUrl":"https:\/\/extremepc-fr.com\/blog\/wp-content\/uploads\/2024\/12\/cropped-3.png","width":282,"height":247,"caption":"ExtremePC FR"},"image":{"@id":"https:\/\/extremepc-fr.com\/blog\/#\/schema\/logo\/image\/"}},{"@type":"Person","@id":"https:\/\/extremepc-fr.com\/blog\/#\/schema\/person\/3c864cdc320801e3db34b663e7e3f816","name":"Hugo Lambrecht","image":{"@type":"ImageObject","inLanguage":"fr-FR","@id":"https:\/\/extremepc-fr.com\/blog\/#\/schema\/person\/image\/","url":"https:\/\/extremepc-fr.com\/blog\/wp-content\/uploads\/2026\/06\/persona_hugo-l-96x96.jpg","contentUrl":"https:\/\/extremepc-fr.com\/blog\/wp-content\/uploads\/2026\/06\/persona_hugo-l-96x96.jpg","caption":"Hugo Lambrecht"},"description":"Geek assum\u00e9 et veilleur tech depuis plus de dix ans, je passe mes journ\u00e9es \u00e0 tester, comparer et expliquer le num\u00e9rique. Mes terrains favoris : les astuces high-tech du quotidien, la s\u00e9curit\u00e9 en ligne et les outils web, des VPN aux logiciels qui simplifient la vie. J'aime prendre un sujet r\u00e9put\u00e9 compliqu\u00e9 et le rendre limpide pour quelqu'un qui n'est pas d\u00e9veloppeur. Avant de recommander un produit ou un service, je le mets r\u00e9ellement \u00e0 l'\u00e9preuve, je v\u00e9rifie les versions et les tarifs en vigueur, et je signale les limites autant que les atouts. Je me m\u00e9fie des classements de complaisance : un comparatif n'a de valeur que si la m\u00e9thode est transparente. Mon fil rouge, c'est l'utilit\u00e9 concr\u00e8te : aider le lecteur \u00e0 mieux choisir, mieux configurer et mieux se prot\u00e9ger, sans tomber dans le jargon.","sameAs":["https:\/\/hugolambrecht.fr\/"],"url":"https:\/\/extremepc-fr.com\/blog\/auteur\/noname\/"}]}},"_links":{"self":[{"href":"https:\/\/extremepc-fr.com\/blog\/wp-json\/wp\/v2\/posts\/7667","targetHints":{"allow":["GET"]}}],"collection":[{"href":"https:\/\/extremepc-fr.com\/blog\/wp-json\/wp\/v2\/posts"}],"about":[{"href":"https:\/\/extremepc-fr.com\/blog\/wp-json\/wp\/v2\/types\/post"}],"author":[{"embeddable":true,"href":"https:\/\/extremepc-fr.com\/blog\/wp-json\/wp\/v2\/users\/34"}],"replies":[{"embeddable":true,"href":"https:\/\/extremepc-fr.com\/blog\/wp-json\/wp\/v2\/comments?post=7667"}],"version-history":[{"count":0,"href":"https:\/\/extremepc-fr.com\/blog\/wp-json\/wp\/v2\/posts\/7667\/revisions"}],"wp:attachment":[{"href":"https:\/\/extremepc-fr.com\/blog\/wp-json\/wp\/v2\/media?parent=7667"}],"wp:term":[{"taxonomy":"category","embeddable":true,"href":"https:\/\/extremepc-fr.com\/blog\/wp-json\/wp\/v2\/categories?post=7667"},{"taxonomy":"post_tag","embeddable":true,"href":"https:\/\/extremepc-fr.com\/blog\/wp-json\/wp\/v2\/tags?post=7667"}],"curies":[{"name":"wp","href":"https:\/\/api.w.org\/{rel}","templated":true}]}}