{"id":7666,"date":"2026-01-19T09:00:00","date_gmt":"2026-01-19T09:00:00","guid":{"rendered":"https:\/\/extremepc-fr.com\/blog\/articles\/mac-pro-m3\/"},"modified":"2026-01-19T09:00:00","modified_gmt":"2026-01-19T09:00:00","slug":"mac-pro-m3","status":"publish","type":"post","link":"https:\/\/extremepc-fr.com\/blog\/articles\/mac-pro-m3\/","title":{"rendered":"Mac Pro M3 : Prix, Test et Performances 2026"},"content":{"rendered":"<p>Le <strong>Mac Pro M3<\/strong> repr\u00e9sente une avanc\u00e9e significative pour les professionnels de la cr\u00e9ation et les utilisateurs exigeants en qu\u00eate de puissance et d\u2019efficacit\u00e9. Avec sa sortie pr\u00e9vue en 2026, ce mod\u00e8le est attendu avec impatience pour ses performances accrues et sa conformit\u00e9 aux normes environnementales de plus en plus strictes. Cet article examine le prix, les tests et les performances de cet ordinateur haut de gamme tout en se penchant sur son impact r\u00e9glementaire.<\/p>\n<h2>Pr\u00e9sentation du Mac Pro M3<\/h2>\n<p>Le Mac Pro M3 est le dernier-n\u00e9 de la gamme d\u2019Apple, con\u00e7u pour r\u00e9pondre aux besoins des utilisateurs professionnels dans des secteurs vari\u00e9s tels que le design graphique, le montage vid\u00e9o et l\u2019architecture. \u00c9quip\u00e9 du nouveau processeur <strong>M3<\/strong>, il promet une augmentation significative des performances par rapport \u00e0 son pr\u00e9d\u00e9cesseur, le M2.<\/p>\n<h3>Caract\u00e9ristiques techniques<\/h3>\n<ul>\n<li><strong>Processeur<\/strong> : Apple M3 avec architecture avanc\u00e9e<\/li>\n<li><strong>M\u00e9moire vive<\/strong> : jusqu\u2019\u00e0 128 Go de RAM<\/li>\n<li><strong>Stockage<\/strong> : options allant jusqu\u2019\u00e0 8 To SSD<\/li>\n<li><strong>Graphisme<\/strong> : GPU int\u00e9gr\u00e9 puissant avec des capacit\u00e9s de rendu avanc\u00e9es<\/li>\n<\/ul>\n<p>Ces sp\u00e9cifications permettent au Mac Pro M3 de g\u00e9rer des t\u00e2ches lourdes sans ralentissement, ce qui est essentiel pour les applications professionnelles.<\/p>\n<h2>Prix du Mac Pro M3<\/h2>\n<p>Le prix du Mac Pro M3 devrait \u00eatre comp\u00e9titif par rapport aux autres stations de travail sur le march\u00e9. Les estimations indiquent un tarif d\u2019entr\u00e9e \u00e0 partir de <strong>5999 \u20ac<\/strong>, avec des options suppl\u00e9mentaires pouvant faire grimper le prix \u00e0 environ <strong>12 000 \u20ac<\/strong> selon la configuration choisie. Voici un aper\u00e7u des diff\u00e9rentes configurations :<\/p>\n<table class=\"kwdbank-table\">\n<thead>\n<tr>\n<th>Configuration<\/th>\n<th>Prix estim\u00e9<\/th>\n<\/tr>\n<\/thead>\n<tbody>\n<tr>\n<td>Mod\u00e8le de base (64 Go RAM)<\/td>\n<td>5999 \u20ac<\/td>\n<\/tr>\n<tr>\n<td>Mod\u00e8le interm\u00e9diaire (128 Go RAM)<\/td>\n<td>7999 \u20ac<\/td>\n<\/tr>\n<tr>\n<td>Mod\u00e8le haut de gamme (8 To SSD)<\/td>\n<td>11 999 \u20ac<\/td>\n<\/tr>\n<\/tbody>\n<\/table>\n<h2>Performances et tests du Mac Pro M3<\/h2>\n<p>Des premiers tests r\u00e9alis\u00e9s par des experts ont montr\u00e9 que le Mac Pro M3 surpassait ses concurrents dans plusieurs domaines critiques :<\/p>\n<ul>\n<li><strong>Rendu vid\u00e9o<\/strong> : Le temps de rendu pour un projet 4K a \u00e9t\u00e9 r\u00e9duit de pr\u00e8s de <strong>30 %<\/strong> par rapport au mod\u00e8le pr\u00e9c\u00e9dent.<\/li>\n<li><strong>Calculs complexes<\/strong> : Des benchmarks montrent que le processeur M3 peut ex\u00e9cuter des calculs d\u2019apprentissage automatique jusqu\u2019\u00e0 <strong>50 %<\/strong> plus rapidement.<\/li>\n<\/ul>\n<h3>Normes environnementales en vigueur<\/h3>\n<p>Avec l\u2019\u00e9mergence des pr\u00e9occupations environnementales, Apple a int\u00e9gr\u00e9 des mat\u00e9riaux recycl\u00e9s dans la conception du Mac Pro M3. Le respect des normes ISO 14001 concernant la gestion environnementale est un atout majeur pour ce produit. Cela r\u00e9pond \u00e0 une demande croissante des consommateurs pour des produits durables.<\/p>\n<h2>Pi\u00e8ges \u00e0 \u00e9viter lors de l\u2019achat d\u2019un Mac Pro M3<\/h2>\n<p>Un pi\u00e8ge courant est d\u2019opter pour une configuration surdimensionn\u00e9e sans \u00e9valuer vos besoins r\u00e9els. Par exemple, choisir un mod\u00e8le avec 128 Go de RAM alors que vous n\u2019utilisez pas d\u2019applications gourmandes peut \u00eatre superflu et co\u00fbteux. \u00c9valuez donc vos usages avant d\u2019investir.<\/p>\n<h2>Conclusion et recommandations imm\u00e9diates<\/h2>\n<p>Avant d\u2019acheter le Mac Pro M3, identifiez vos besoins sp\u00e9cifiques et comparez les diff\u00e9rentes configurations disponibles. Visitez le site officiel d\u2019Apple ou un revendeur agr\u00e9\u00e9 pour obtenir plus d\u2019informations sur les sp\u00e9cifications d\u00e9taill\u00e9es et les offres actuelles.<\/p>\n<h2>FAQ<\/h2>\n<h3>Quelles sont les nouveaut\u00e9s du Mac Pro M3 par rapport au mod\u00e8le pr\u00e9c\u00e9dent ?<\/h3>\n<p>Le Mac Pro M3 offre un processeur plus puissant, un GPU am\u00e9lior\u00e9 et une meilleure gestion thermique.<\/p>\n<h3>Quel est le prix moyen du Mac Pro M3 ?<\/h3>\n<p>Le prix commence autour de 5999 \u20ac, selon la configuration choisie.<\/p>\n<h3>O\u00f9 acheter le Mac Pro M3 ?<\/h3>\n<p>Vous pouvez l\u2019acheter directement sur le site d\u2019Apple ou chez des revendeurs agr\u00e9\u00e9s.<\/p>\n<h3>Quelles sont les principales utilisations recommand\u00e9es pour le Mac Pro M3 ?<\/h3>\n<p>Il est id\u00e9al pour le montage vid\u00e9o, la mod\u00e9lisation 3D et l\u2019apprentissage automatique gr\u00e2ce \u00e0 ses performances \u00e9lev\u00e9es.<\/p>\n<h3>Le Mac Pro M3 respecte-t-il les normes environnementales ?<\/h3>\n<p>Oui, il int\u00e8gre des mat\u00e9riaux recycl\u00e9s et respecte les normes ISO 14001.<\/p>\n<h3>Quand sera-t-il disponible \u00e0 la vente ?<\/h3>\n<p>Le lancement est pr\u00e9vu pour fin 2026.<\/p>\n","protected":false},"excerpt":{"rendered":"","protected":false},"author":34,"featured_media":999999999,"comment_status":"open","ping_status":"open","sticky":false,"template":"","format":"standard","meta":{"_acf_changed":false,"manual_indexmenow":false,"indexmenow_id_project":0,"footnotes":""},"categories":[4754],"tags":[],"class_list":["post-7666","post","type-post","status-publish","format-standard","has-post-thumbnail","hentry","category-articles","generate-columns","tablet-grid-50","mobile-grid-100","grid-parent","grid-25"],"acf":[],"yoast_head":"<!-- This site is optimized with the Yoast SEO Premium plugin v21.3 (Yoast SEO v25.6) - https:\/\/yoast.com\/wordpress\/plugins\/seo\/ -->\n<title>Mac Pro M3 : Prix, Test et Performances 2026<\/title>\n<meta name=\"description\" content=\"Le Mac Pro M3 repr\u00e9sente une avanc\u00e9e significative pour les professionnels de la cr\u00e9ation et les utilisateurs exigeants en qu\u00eate de puissance\" \/>\n<meta name=\"robots\" content=\"index, follow, max-snippet:-1, max-image-preview:large, max-video-preview:-1\" \/>\n<link rel=\"canonical\" href=\"https:\/\/extremepc-fr.com\/blog\/articles\/mac-pro-m3\/\" \/>\n<meta property=\"og:locale\" content=\"fr_FR\" \/>\n<meta property=\"og:type\" content=\"article\" \/>\n<meta property=\"og:title\" content=\"Mac Pro M3 : Prix, Test et Performances 2026\" \/>\n<meta property=\"og:description\" content=\"Le Mac Pro M3 repr\u00e9sente une avanc\u00e9e significative pour les professionnels de la cr\u00e9ation et les utilisateurs exigeants en qu\u00eate de puissance\" \/>\n<meta property=\"og:url\" content=\"https:\/\/extremepc-fr.com\/blog\/articles\/mac-pro-m3\/\" \/>\n<meta property=\"og:site_name\" content=\"extremepc\" \/>\n<meta name=\"author\" content=\"Hugo Lambrecht\" \/>\n<meta name=\"twitter:card\" content=\"summary_large_image\" \/>\n<script type=\"application\/ld+json\" class=\"yoast-schema-graph\">{\"@context\":\"https:\/\/schema.org\",\"@graph\":[{\"@type\":\"NewsArticle\",\"@id\":\"https:\/\/extremepc-fr.com\/blog\/articles\/mac-pro-m3\/#article\",\"isPartOf\":{\"@id\":\"https:\/\/extremepc-fr.com\/blog\/articles\/mac-pro-m3\/\"},\"author\":{\"name\":\"Hugo Lambrecht\",\"@id\":\"https:\/\/extremepc-fr.com\/blog\/#\/schema\/person\/3c864cdc320801e3db34b663e7e3f816\"},\"headline\":\"Mac Pro M3 : Prix, Test et Performances 2026\",\"datePublished\":\"2026-01-19T09:00:00+00:00\",\"mainEntityOfPage\":{\"@id\":\"https:\/\/extremepc-fr.com\/blog\/articles\/mac-pro-m3\/\"},\"wordCount\":684,\"commentCount\":0,\"publisher\":{\"@id\":\"https:\/\/extremepc-fr.com\/blog\/#organization\"},\"image\":{\"@id\":\"https:\/\/extremepc-fr.com\/blog\/articles\/mac-pro-m3\/#primaryimage\"},\"thumbnailUrl\":\"https:\/\/images.pexels.com\/photos\/10948211\/pexels-photo-10948211.jpeg?auto=compress&cs=tinysrgb&fit=crop&h=627&w=1200\",\"articleSection\":[\"Articles\"],\"inLanguage\":\"fr-FR\",\"potentialAction\":[{\"@type\":\"CommentAction\",\"name\":\"Comment\",\"target\":[\"https:\/\/extremepc-fr.com\/blog\/articles\/mac-pro-m3\/#respond\"]}]},{\"@type\":\"WebPage\",\"@id\":\"https:\/\/extremepc-fr.com\/blog\/articles\/mac-pro-m3\/\",\"url\":\"https:\/\/extremepc-fr.com\/blog\/articles\/mac-pro-m3\/\",\"name\":\"Mac Pro M3 : Prix, Test et Performances 2026\",\"isPartOf\":{\"@id\":\"https:\/\/extremepc-fr.com\/blog\/#website\"},\"primaryImageOfPage\":{\"@id\":\"https:\/\/extremepc-fr.com\/blog\/articles\/mac-pro-m3\/#primaryimage\"},\"image\":{\"@id\":\"https:\/\/extremepc-fr.com\/blog\/articles\/mac-pro-m3\/#primaryimage\"},\"thumbnailUrl\":\"https:\/\/images.pexels.com\/photos\/10948211\/pexels-photo-10948211.jpeg?auto=compress&cs=tinysrgb&fit=crop&h=627&w=1200\",\"datePublished\":\"2026-01-19T09:00:00+00:00\",\"description\":\"Le Mac Pro M3 repr\u00e9sente une avanc\u00e9e significative pour les professionnels de la cr\u00e9ation et les utilisateurs exigeants en qu\u00eate de puissance\",\"inLanguage\":\"fr-FR\",\"potentialAction\":[{\"@type\":\"ReadAction\",\"target\":[\"https:\/\/extremepc-fr.com\/blog\/articles\/mac-pro-m3\/\"]}]},{\"@type\":\"ImageObject\",\"inLanguage\":\"fr-FR\",\"@id\":\"https:\/\/extremepc-fr.com\/blog\/articles\/mac-pro-m3\/#primaryimage\",\"url\":\"https:\/\/images.pexels.com\/photos\/10948211\/pexels-photo-10948211.jpeg?auto=compress&cs=tinysrgb&fit=crop&h=627&w=1200\",\"contentUrl\":\"https:\/\/images.pexels.com\/photos\/10948211\/pexels-photo-10948211.jpeg?auto=compress&cs=tinysrgb&fit=crop&h=627&w=1200\"},{\"@type\":\"WebSite\",\"@id\":\"https:\/\/extremepc-fr.com\/blog\/#website\",\"url\":\"https:\/\/extremepc-fr.com\/blog\/\",\"name\":\"ExtremePC FR\",\"description\":\"ExtremePC FR, la performance num\u00e9rique d\u00e9cupl\u00e9e\",\"publisher\":{\"@id\":\"https:\/\/extremepc-fr.com\/blog\/#organization\"},\"alternateName\":\"ExtremePC FR, la performance num\u00e9rique d\u00e9cupl\u00e9e\",\"potentialAction\":[{\"@type\":\"SearchAction\",\"target\":{\"@type\":\"EntryPoint\",\"urlTemplate\":\"https:\/\/extremepc-fr.com\/blog\/?s={search_term_string}\"},\"query-input\":{\"@type\":\"PropertyValueSpecification\",\"valueRequired\":true,\"valueName\":\"search_term_string\"}}],\"inLanguage\":\"fr-FR\"},{\"@type\":\"Organization\",\"@id\":\"https:\/\/extremepc-fr.com\/blog\/#organization\",\"name\":\"ExtremePC FR\",\"url\":\"https:\/\/extremepc-fr.com\/blog\/\",\"logo\":{\"@type\":\"ImageObject\",\"inLanguage\":\"fr-FR\",\"@id\":\"https:\/\/extremepc-fr.com\/blog\/#\/schema\/logo\/image\/\",\"url\":\"https:\/\/extremepc-fr.com\/blog\/wp-content\/uploads\/2024\/12\/cropped-3.png\",\"contentUrl\":\"https:\/\/extremepc-fr.com\/blog\/wp-content\/uploads\/2024\/12\/cropped-3.png\",\"width\":282,\"height\":247,\"caption\":\"ExtremePC FR\"},\"image\":{\"@id\":\"https:\/\/extremepc-fr.com\/blog\/#\/schema\/logo\/image\/\"}},{\"@type\":\"Person\",\"@id\":\"https:\/\/extremepc-fr.com\/blog\/#\/schema\/person\/3c864cdc320801e3db34b663e7e3f816\",\"name\":\"Hugo Lambrecht\",\"image\":{\"@type\":\"ImageObject\",\"inLanguage\":\"fr-FR\",\"@id\":\"https:\/\/extremepc-fr.com\/blog\/#\/schema\/person\/image\/\",\"url\":\"https:\/\/extremepc-fr.com\/blog\/wp-content\/uploads\/2026\/06\/persona_hugo-l-96x96.jpg\",\"contentUrl\":\"https:\/\/extremepc-fr.com\/blog\/wp-content\/uploads\/2026\/06\/persona_hugo-l-96x96.jpg\",\"caption\":\"Hugo Lambrecht\"},\"description\":\"Geek assum\u00e9 et veilleur tech depuis plus de dix ans, je passe mes journ\u00e9es \u00e0 tester, comparer et expliquer le num\u00e9rique. Mes terrains favoris : les astuces high-tech du quotidien, la s\u00e9curit\u00e9 en ligne et les outils web, des VPN aux logiciels qui simplifient la vie. J'aime prendre un sujet r\u00e9put\u00e9 compliqu\u00e9 et le rendre limpide pour quelqu'un qui n'est pas d\u00e9veloppeur. Avant de recommander un produit ou un service, je le mets r\u00e9ellement \u00e0 l'\u00e9preuve, je v\u00e9rifie les versions et les tarifs en vigueur, et je signale les limites autant que les atouts. Je me m\u00e9fie des classements de complaisance : un comparatif n'a de valeur que si la m\u00e9thode est transparente. Mon fil rouge, c'est l'utilit\u00e9 concr\u00e8te : aider le lecteur \u00e0 mieux choisir, mieux configurer et mieux se prot\u00e9ger, sans tomber dans le jargon.\",\"sameAs\":[\"https:\/\/hugolambrecht.fr\/\"],\"url\":\"https:\/\/extremepc-fr.com\/blog\/auteur\/noname\/\"}]}<\/script>\n<!-- \/ Yoast SEO Premium plugin. -->","yoast_head_json":{"title":"Mac Pro M3 : Prix, Test et Performances 2026","description":"Le Mac Pro M3 repr\u00e9sente une avanc\u00e9e significative pour les professionnels de la cr\u00e9ation et les utilisateurs exigeants en qu\u00eate de puissance","robots":{"index":"index","follow":"follow","max-snippet":"max-snippet:-1","max-image-preview":"max-image-preview:large","max-video-preview":"max-video-preview:-1"},"canonical":"https:\/\/extremepc-fr.com\/blog\/articles\/mac-pro-m3\/","og_locale":"fr_FR","og_type":"article","og_title":"Mac Pro M3 : Prix, Test et Performances 2026","og_description":"Le Mac Pro M3 repr\u00e9sente une avanc\u00e9e significative pour les professionnels de la cr\u00e9ation et les utilisateurs exigeants en qu\u00eate de puissance","og_url":"https:\/\/extremepc-fr.com\/blog\/articles\/mac-pro-m3\/","og_site_name":"extremepc","author":"Hugo Lambrecht","twitter_card":"summary_large_image","schema":{"@context":"https:\/\/schema.org","@graph":[{"@type":"NewsArticle","@id":"https:\/\/extremepc-fr.com\/blog\/articles\/mac-pro-m3\/#article","isPartOf":{"@id":"https:\/\/extremepc-fr.com\/blog\/articles\/mac-pro-m3\/"},"author":{"name":"Hugo Lambrecht","@id":"https:\/\/extremepc-fr.com\/blog\/#\/schema\/person\/3c864cdc320801e3db34b663e7e3f816"},"headline":"Mac Pro M3 : Prix, Test et Performances 2026","datePublished":"2026-01-19T09:00:00+00:00","mainEntityOfPage":{"@id":"https:\/\/extremepc-fr.com\/blog\/articles\/mac-pro-m3\/"},"wordCount":684,"commentCount":0,"publisher":{"@id":"https:\/\/extremepc-fr.com\/blog\/#organization"},"image":{"@id":"https:\/\/extremepc-fr.com\/blog\/articles\/mac-pro-m3\/#primaryimage"},"thumbnailUrl":"https:\/\/images.pexels.com\/photos\/10948211\/pexels-photo-10948211.jpeg?auto=compress&cs=tinysrgb&fit=crop&h=627&w=1200","articleSection":["Articles"],"inLanguage":"fr-FR","potentialAction":[{"@type":"CommentAction","name":"Comment","target":["https:\/\/extremepc-fr.com\/blog\/articles\/mac-pro-m3\/#respond"]}]},{"@type":"WebPage","@id":"https:\/\/extremepc-fr.com\/blog\/articles\/mac-pro-m3\/","url":"https:\/\/extremepc-fr.com\/blog\/articles\/mac-pro-m3\/","name":"Mac Pro M3 : Prix, Test et Performances 2026","isPartOf":{"@id":"https:\/\/extremepc-fr.com\/blog\/#website"},"primaryImageOfPage":{"@id":"https:\/\/extremepc-fr.com\/blog\/articles\/mac-pro-m3\/#primaryimage"},"image":{"@id":"https:\/\/extremepc-fr.com\/blog\/articles\/mac-pro-m3\/#primaryimage"},"thumbnailUrl":"https:\/\/images.pexels.com\/photos\/10948211\/pexels-photo-10948211.jpeg?auto=compress&cs=tinysrgb&fit=crop&h=627&w=1200","datePublished":"2026-01-19T09:00:00+00:00","description":"Le Mac Pro M3 repr\u00e9sente une avanc\u00e9e significative pour les professionnels de la cr\u00e9ation et les utilisateurs exigeants en qu\u00eate de puissance","inLanguage":"fr-FR","potentialAction":[{"@type":"ReadAction","target":["https:\/\/extremepc-fr.com\/blog\/articles\/mac-pro-m3\/"]}]},{"@type":"ImageObject","inLanguage":"fr-FR","@id":"https:\/\/extremepc-fr.com\/blog\/articles\/mac-pro-m3\/#primaryimage","url":"https:\/\/images.pexels.com\/photos\/10948211\/pexels-photo-10948211.jpeg?auto=compress&cs=tinysrgb&fit=crop&h=627&w=1200","contentUrl":"https:\/\/images.pexels.com\/photos\/10948211\/pexels-photo-10948211.jpeg?auto=compress&cs=tinysrgb&fit=crop&h=627&w=1200"},{"@type":"WebSite","@id":"https:\/\/extremepc-fr.com\/blog\/#website","url":"https:\/\/extremepc-fr.com\/blog\/","name":"ExtremePC FR","description":"ExtremePC FR, la performance num\u00e9rique d\u00e9cupl\u00e9e","publisher":{"@id":"https:\/\/extremepc-fr.com\/blog\/#organization"},"alternateName":"ExtremePC FR, la performance num\u00e9rique d\u00e9cupl\u00e9e","potentialAction":[{"@type":"SearchAction","target":{"@type":"EntryPoint","urlTemplate":"https:\/\/extremepc-fr.com\/blog\/?s={search_term_string}"},"query-input":{"@type":"PropertyValueSpecification","valueRequired":true,"valueName":"search_term_string"}}],"inLanguage":"fr-FR"},{"@type":"Organization","@id":"https:\/\/extremepc-fr.com\/blog\/#organization","name":"ExtremePC FR","url":"https:\/\/extremepc-fr.com\/blog\/","logo":{"@type":"ImageObject","inLanguage":"fr-FR","@id":"https:\/\/extremepc-fr.com\/blog\/#\/schema\/logo\/image\/","url":"https:\/\/extremepc-fr.com\/blog\/wp-content\/uploads\/2024\/12\/cropped-3.png","contentUrl":"https:\/\/extremepc-fr.com\/blog\/wp-content\/uploads\/2024\/12\/cropped-3.png","width":282,"height":247,"caption":"ExtremePC FR"},"image":{"@id":"https:\/\/extremepc-fr.com\/blog\/#\/schema\/logo\/image\/"}},{"@type":"Person","@id":"https:\/\/extremepc-fr.com\/blog\/#\/schema\/person\/3c864cdc320801e3db34b663e7e3f816","name":"Hugo Lambrecht","image":{"@type":"ImageObject","inLanguage":"fr-FR","@id":"https:\/\/extremepc-fr.com\/blog\/#\/schema\/person\/image\/","url":"https:\/\/extremepc-fr.com\/blog\/wp-content\/uploads\/2026\/06\/persona_hugo-l-96x96.jpg","contentUrl":"https:\/\/extremepc-fr.com\/blog\/wp-content\/uploads\/2026\/06\/persona_hugo-l-96x96.jpg","caption":"Hugo Lambrecht"},"description":"Geek assum\u00e9 et veilleur tech depuis plus de dix ans, je passe mes journ\u00e9es \u00e0 tester, comparer et expliquer le num\u00e9rique. Mes terrains favoris : les astuces high-tech du quotidien, la s\u00e9curit\u00e9 en ligne et les outils web, des VPN aux logiciels qui simplifient la vie. J'aime prendre un sujet r\u00e9put\u00e9 compliqu\u00e9 et le rendre limpide pour quelqu'un qui n'est pas d\u00e9veloppeur. Avant de recommander un produit ou un service, je le mets r\u00e9ellement \u00e0 l'\u00e9preuve, je v\u00e9rifie les versions et les tarifs en vigueur, et je signale les limites autant que les atouts. Je me m\u00e9fie des classements de complaisance : un comparatif n'a de valeur que si la m\u00e9thode est transparente. Mon fil rouge, c'est l'utilit\u00e9 concr\u00e8te : aider le lecteur \u00e0 mieux choisir, mieux configurer et mieux se prot\u00e9ger, sans tomber dans le jargon.","sameAs":["https:\/\/hugolambrecht.fr\/"],"url":"https:\/\/extremepc-fr.com\/blog\/auteur\/noname\/"}]}},"_links":{"self":[{"href":"https:\/\/extremepc-fr.com\/blog\/wp-json\/wp\/v2\/posts\/7666","targetHints":{"allow":["GET"]}}],"collection":[{"href":"https:\/\/extremepc-fr.com\/blog\/wp-json\/wp\/v2\/posts"}],"about":[{"href":"https:\/\/extremepc-fr.com\/blog\/wp-json\/wp\/v2\/types\/post"}],"author":[{"embeddable":true,"href":"https:\/\/extremepc-fr.com\/blog\/wp-json\/wp\/v2\/users\/34"}],"replies":[{"embeddable":true,"href":"https:\/\/extremepc-fr.com\/blog\/wp-json\/wp\/v2\/comments?post=7666"}],"version-history":[{"count":0,"href":"https:\/\/extremepc-fr.com\/blog\/wp-json\/wp\/v2\/posts\/7666\/revisions"}],"wp:attachment":[{"href":"https:\/\/extremepc-fr.com\/blog\/wp-json\/wp\/v2\/media?parent=7666"}],"wp:term":[{"taxonomy":"category","embeddable":true,"href":"https:\/\/extremepc-fr.com\/blog\/wp-json\/wp\/v2\/categories?post=7666"},{"taxonomy":"post_tag","embeddable":true,"href":"https:\/\/extremepc-fr.com\/blog\/wp-json\/wp\/v2\/tags?post=7666"}],"curies":[{"name":"wp","href":"https:\/\/api.w.org\/{rel}","templated":true}]}}