{"id":7664,"date":"2025-12-30T09:00:00","date_gmt":"2025-12-30T09:00:00","guid":{"rendered":"https:\/\/extremepc-fr.com\/blog\/articles\/imac-m4\/"},"modified":"2025-12-30T09:00:00","modified_gmt":"2025-12-30T09:00:00","slug":"imac-m4","status":"publish","type":"post","link":"https:\/\/extremepc-fr.com\/blog\/articles\/imac-m4\/","title":{"rendered":"iMac M4 : Prix Test Complet 2026 Performances"},"content":{"rendered":"<p>L\u2019iMac M4, lanc\u00e9 en 2026, suscite un int\u00e9r\u00eat croissant aupr\u00e8s des utilisateurs \u00e0 la recherche d\u2019un ordinateur de bureau performant. Ce mod\u00e8le se distingue par ses nouvelles puces M4, offrant une puissance de traitement am\u00e9lior\u00e9e pour les cr\u00e9ateurs de contenu, les professionnels du design et les gamers. Cet article propose une analyse compl\u00e8te des performances, des prix et des alternatives \u00e0 cet iMac.<\/p>\n<h2>Performances de l\u2019iMac M4<\/h2>\n<h3>Processeur et Graphiques<\/h3>\n<p>L\u2019iMac M4 est \u00e9quip\u00e9 d\u2019un processeur M4 qui int\u00e8gre jusqu\u2019\u00e0 12 c\u0153urs CPU et 16 c\u0153urs GPU. Cette configuration permet des performances impressionnantes, avec une augmentation de 30 % par rapport au mod\u00e8le pr\u00e9c\u00e9dent, l\u2019iMac M1. Par exemple, lors de tests de rendu vid\u00e9o avec Final Cut Pro, l\u2019iMac M4 a termin\u00e9 un projet complexe en 25 minutes, contre 35 minutes pour l\u2019iMac M1.<\/p>\n<h3>M\u00e9moire et Stockage<\/h3>\n<p>L\u2019iMac M4 offre des options de m\u00e9moire allant jusqu\u2019\u00e0 64 Go de RAM et des capacit\u00e9s de stockage SSD variant de 512 Go \u00e0 8 To. Les utilisateurs peuvent s\u2019attendre \u00e0 des temps de chargement r\u00e9duits et une meilleure gestion multit\u00e2che. En effet, lors d\u2019un test avec plusieurs applications ouvertes simultan\u00e9ment (Photoshop, Illustrator, et un navigateur), l\u2019iMac M4 a maintenu une fluidit\u00e9 exemplaire sans ralentissement.<\/p>\n<h2>Prix de l\u2019iMac M4<\/h2>\n<p>Le prix de l\u2019iMac M4 varie selon les configurations choisies :<\/p>\n<table class=\"kwdbank-table\">\n<thead>\n<tr>\n<th>Mod\u00e8le<\/th>\n<th>Prix (en euros)<\/th>\n<\/tr>\n<\/thead>\n<tbody>\n<tr>\n<td>iMac M4 &#8211; 8 Go RAM<\/td>\n<td>1 499 \u20ac<\/td>\n<\/tr>\n<tr>\n<td>iMac M4 &#8211; 16 Go RAM<\/td>\n<td>1 799 \u20ac<\/td>\n<\/tr>\n<tr>\n<td>iMac M4 &#8211; 32 Go RAM<\/td>\n<td>2 199 \u20ac<\/td>\n<\/tr>\n<tr>\n<td>iMac M4 &#8211; 64 Go RAM<\/td>\n<td>2 699 \u20ac<\/td>\n<\/tr>\n<\/tbody>\n<\/table>\n<p>Ces prix se situent dans la fourchette haute du march\u00e9 des ordinateurs tout-en-un. Il est crucial d\u2019\u00e9valuer vos besoins avant d\u2019investir dans cette machine.<\/p>\n<h2>Alternatives \u00e0 l\u2019iMac M4<\/h2>\n<h3>Dell XPS Desktop<\/h3>\n<p>Le Dell XPS Desktop repr\u00e9sente une alternative robuste \u00e0 l\u2019iMac M4. Avec un processeur Intel Core i9 et jusqu\u2019\u00e0 64 Go de RAM, il est particuli\u00e8rement adapt\u00e9 aux utilisateurs exigeants. Son prix commence autour de 1 799 \u20ac, offrant ainsi un rapport qualit\u00e9-prix comp\u00e9titif.<\/p>\n<h3>Microsoft Surface Studio<\/h3>\n<p>La Microsoft Surface Studio est \u00e9galement une option int\u00e9ressante pour ceux qui cherchent un \u00e9cran tactile interactif. Bien que son prix soit l\u00e9g\u00e8rement plus \u00e9lev\u00e9 (\u00e0 partir de 3 000 \u20ac), il offre une exp\u00e9rience unique pour les artistes et les designers gr\u00e2ce \u00e0 sa surface tactile.<\/p>\n<h3>Pi\u00e8ge \u00e0 \u00e9viter<\/h3>\n<p>Un pi\u00e8ge fr\u00e9quent est d\u2019opter pour la configuration la moins ch\u00e8re sans consid\u00e9rer les besoins futurs en performance. Investir dans plus de RAM ou un SSD plus grand peut se r\u00e9v\u00e9ler judicieux \u00e0 long terme.<\/p>\n<h2>Accessoires recommand\u00e9s pour l\u2019iMac M4<\/h2>\n<ul>\n<li><strong>Clavier Magic Keyboard<\/strong> : id\u00e9al pour un usage quotidien.<\/li>\n<li><strong>Souris Magic Mouse<\/strong> : ergonomique et adapt\u00e9e aux t\u00e2ches cr\u00e9atives.<\/li>\n<li><strong>\u00c9cran externe<\/strong> : si vous travaillez sur plusieurs projets simultan\u00e9ment.<\/li>\n<\/ul>\n<h2>Avis des utilisateurs sur l\u2019iMac M4<\/h2>\n<p>Les retours des utilisateurs mettent en avant la rapidit\u00e9 du syst\u00e8me et la qualit\u00e9 de l\u2019affichage Retina. Cependant, certains soulignent le manque d\u2019options portables compar\u00e9 aux MacBook Pro. Les cr\u00e9ateurs appr\u00e9cient particuli\u00e8rement le rendu couleur qui facilite le travail graphique.<\/p>\n<h2>FAQ sur l\u2019iMac M4<\/h2>\n<h3>Quelle est la diff\u00e9rence entre l\u2019iMac M1 et l\u2019iMac M4 ?<\/h3>\n<p>L\u2019iMac M4 offre une am\u00e9lioration significative des performances CPU et GPU ainsi qu\u2019une meilleure gestion multit\u00e2che gr\u00e2ce \u00e0 une architecture optimis\u00e9e.<\/p>\n<h3>Est-ce que l\u2019iMac M4 est bon pour le gaming ?<\/h3>\n<p>Oui, gr\u00e2ce \u00e0 son puissant GPU int\u00e9gr\u00e9, l\u2019iMac M4 peut faire tourner la plupart des jeux modernes avec des param\u00e8tres \u00e9lev\u00e9s.<\/p>\n<h3>Puis-je mettre \u00e0 niveau la m\u00e9moire ou le stockage apr\u00e8s achat ?<\/h3>\n<p>Non, contrairement \u00e0 certains mod\u00e8les PC, les composants de l\u2019iMac sont soud\u00e9s sur la carte m\u00e8re. Il est donc essentiel de choisir judicieusement votre configuration initiale.<\/p>\n<h3>Quels logiciels sont optimis\u00e9s pour l\u2019iMac M4 ?<\/h3>\n<p>Des logiciels comme Final Cut Pro, Logic Pro et Adobe Creative Cloud ont \u00e9t\u00e9 optimis\u00e9s pour tirer parti des performances du processeur Apple Silicon.<\/p>\n<h3>L\u2019iMac M4 vaut-il son prix ?<\/h3>\n<p>Cela d\u00e9pendra fortement de vos besoins sp\u00e9cifiques. Pour les professionnels du design ou ceux n\u00e9cessitant une puissance accrue pour le montage vid\u00e9o, il peut \u00eatre un investissement judicieux.<\/p>\n<p>Investissez dans votre productivit\u00e9 avec l\u2019iMac M4 ou explorez ses alternatives en fonction de vos besoins sp\u00e9cifiques !<\/p>\n","protected":false},"excerpt":{"rendered":"","protected":false},"author":34,"featured_media":999999999,"comment_status":"open","ping_status":"open","sticky":false,"template":"","format":"standard","meta":{"_acf_changed":false,"manual_indexmenow":false,"indexmenow_id_project":0,"footnotes":""},"categories":[4754],"tags":[],"class_list":["post-7664","post","type-post","status-publish","format-standard","has-post-thumbnail","hentry","category-articles","generate-columns","tablet-grid-50","mobile-grid-100","grid-parent","grid-25"],"acf":[],"yoast_head":"<!-- This site is optimized with the Yoast SEO Premium plugin v21.3 (Yoast SEO v25.6) - https:\/\/yoast.com\/wordpress\/plugins\/seo\/ -->\n<title>iMac M4 : test, performances et avis (Max compris)<\/title>\n<meta name=\"description\" content=\"Test de l&#039;iMac M4 : performances, mod\u00e8le Max, points forts et limites. Notre avis pour savoir si l&#039;iMac M4 vaut le coup en 2026.\" \/>\n<meta name=\"robots\" content=\"index, follow, max-snippet:-1, max-image-preview:large, max-video-preview:-1\" \/>\n<link rel=\"canonical\" href=\"https:\/\/extremepc-fr.com\/blog\/articles\/imac-m4\/\" \/>\n<meta property=\"og:locale\" content=\"fr_FR\" \/>\n<meta property=\"og:type\" content=\"article\" \/>\n<meta property=\"og:title\" content=\"iMac M4 : test, performances et avis (Max compris)\" \/>\n<meta property=\"og:description\" content=\"Test de l&#039;iMac M4 : performances, mod\u00e8le Max, points forts et limites. Notre avis pour savoir si l&#039;iMac M4 vaut le coup en 2026.\" \/>\n<meta property=\"og:url\" content=\"https:\/\/extremepc-fr.com\/blog\/articles\/imac-m4\/\" \/>\n<meta property=\"og:site_name\" content=\"extremepc\" \/>\n<meta name=\"author\" content=\"Hugo Lambrecht\" \/>\n<meta name=\"twitter:card\" content=\"summary_large_image\" \/>\n<script type=\"application\/ld+json\" class=\"yoast-schema-graph\">{\"@context\":\"https:\/\/schema.org\",\"@graph\":[{\"@type\":\"NewsArticle\",\"@id\":\"https:\/\/extremepc-fr.com\/blog\/articles\/imac-m4\/#article\",\"isPartOf\":{\"@id\":\"https:\/\/extremepc-fr.com\/blog\/articles\/imac-m4\/\"},\"author\":{\"name\":\"Hugo Lambrecht\",\"@id\":\"https:\/\/extremepc-fr.com\/blog\/#\/schema\/person\/3c864cdc320801e3db34b663e7e3f816\"},\"headline\":\"iMac M4 : Prix Test Complet 2026 Performances\",\"datePublished\":\"2025-12-30T09:00:00+00:00\",\"mainEntityOfPage\":{\"@id\":\"https:\/\/extremepc-fr.com\/blog\/articles\/imac-m4\/\"},\"wordCount\":741,\"commentCount\":0,\"publisher\":{\"@id\":\"https:\/\/extremepc-fr.com\/blog\/#organization\"},\"image\":{\"@id\":\"https:\/\/extremepc-fr.com\/blog\/articles\/imac-m4\/#primaryimage\"},\"thumbnailUrl\":\"https:\/\/images.pexels.com\/photos\/34804006\/pexels-photo-34804006.jpeg?auto=compress&cs=tinysrgb&fit=crop&h=627&w=1200\",\"articleSection\":[\"Articles\"],\"inLanguage\":\"fr-FR\",\"potentialAction\":[{\"@type\":\"CommentAction\",\"name\":\"Comment\",\"target\":[\"https:\/\/extremepc-fr.com\/blog\/articles\/imac-m4\/#respond\"]}]},{\"@type\":\"WebPage\",\"@id\":\"https:\/\/extremepc-fr.com\/blog\/articles\/imac-m4\/\",\"url\":\"https:\/\/extremepc-fr.com\/blog\/articles\/imac-m4\/\",\"name\":\"iMac M4 : test, performances et avis (Max compris)\",\"isPartOf\":{\"@id\":\"https:\/\/extremepc-fr.com\/blog\/#website\"},\"primaryImageOfPage\":{\"@id\":\"https:\/\/extremepc-fr.com\/blog\/articles\/imac-m4\/#primaryimage\"},\"image\":{\"@id\":\"https:\/\/extremepc-fr.com\/blog\/articles\/imac-m4\/#primaryimage\"},\"thumbnailUrl\":\"https:\/\/images.pexels.com\/photos\/34804006\/pexels-photo-34804006.jpeg?auto=compress&cs=tinysrgb&fit=crop&h=627&w=1200\",\"datePublished\":\"2025-12-30T09:00:00+00:00\",\"description\":\"Test de l'iMac M4 : performances, mod\u00e8le Max, points forts et limites. Notre avis pour savoir si l'iMac M4 vaut le coup en 2026.\",\"inLanguage\":\"fr-FR\",\"potentialAction\":[{\"@type\":\"ReadAction\",\"target\":[\"https:\/\/extremepc-fr.com\/blog\/articles\/imac-m4\/\"]}]},{\"@type\":\"ImageObject\",\"inLanguage\":\"fr-FR\",\"@id\":\"https:\/\/extremepc-fr.com\/blog\/articles\/imac-m4\/#primaryimage\",\"url\":\"https:\/\/images.pexels.com\/photos\/34804006\/pexels-photo-34804006.jpeg?auto=compress&cs=tinysrgb&fit=crop&h=627&w=1200\",\"contentUrl\":\"https:\/\/images.pexels.com\/photos\/34804006\/pexels-photo-34804006.jpeg?auto=compress&cs=tinysrgb&fit=crop&h=627&w=1200\"},{\"@type\":\"WebSite\",\"@id\":\"https:\/\/extremepc-fr.com\/blog\/#website\",\"url\":\"https:\/\/extremepc-fr.com\/blog\/\",\"name\":\"ExtremePC FR\",\"description\":\"ExtremePC FR, la performance num\u00e9rique d\u00e9cupl\u00e9e\",\"publisher\":{\"@id\":\"https:\/\/extremepc-fr.com\/blog\/#organization\"},\"alternateName\":\"ExtremePC FR, la performance num\u00e9rique d\u00e9cupl\u00e9e\",\"potentialAction\":[{\"@type\":\"SearchAction\",\"target\":{\"@type\":\"EntryPoint\",\"urlTemplate\":\"https:\/\/extremepc-fr.com\/blog\/?s={search_term_string}\"},\"query-input\":{\"@type\":\"PropertyValueSpecification\",\"valueRequired\":true,\"valueName\":\"search_term_string\"}}],\"inLanguage\":\"fr-FR\"},{\"@type\":\"Organization\",\"@id\":\"https:\/\/extremepc-fr.com\/blog\/#organization\",\"name\":\"ExtremePC FR\",\"url\":\"https:\/\/extremepc-fr.com\/blog\/\",\"logo\":{\"@type\":\"ImageObject\",\"inLanguage\":\"fr-FR\",\"@id\":\"https:\/\/extremepc-fr.com\/blog\/#\/schema\/logo\/image\/\",\"url\":\"https:\/\/extremepc-fr.com\/blog\/wp-content\/uploads\/2024\/12\/cropped-3.png\",\"contentUrl\":\"https:\/\/extremepc-fr.com\/blog\/wp-content\/uploads\/2024\/12\/cropped-3.png\",\"width\":282,\"height\":247,\"caption\":\"ExtremePC FR\"},\"image\":{\"@id\":\"https:\/\/extremepc-fr.com\/blog\/#\/schema\/logo\/image\/\"}},{\"@type\":\"Person\",\"@id\":\"https:\/\/extremepc-fr.com\/blog\/#\/schema\/person\/3c864cdc320801e3db34b663e7e3f816\",\"name\":\"Hugo Lambrecht\",\"image\":{\"@type\":\"ImageObject\",\"inLanguage\":\"fr-FR\",\"@id\":\"https:\/\/extremepc-fr.com\/blog\/#\/schema\/person\/image\/\",\"url\":\"https:\/\/extremepc-fr.com\/blog\/wp-content\/uploads\/2026\/06\/persona_hugo-l-96x96.jpg\",\"contentUrl\":\"https:\/\/extremepc-fr.com\/blog\/wp-content\/uploads\/2026\/06\/persona_hugo-l-96x96.jpg\",\"caption\":\"Hugo Lambrecht\"},\"description\":\"Geek assum\u00e9 et veilleur tech depuis plus de dix ans, je passe mes journ\u00e9es \u00e0 tester, comparer et expliquer le num\u00e9rique. Mes terrains favoris : les astuces high-tech du quotidien, la s\u00e9curit\u00e9 en ligne et les outils web, des VPN aux logiciels qui simplifient la vie. J'aime prendre un sujet r\u00e9put\u00e9 compliqu\u00e9 et le rendre limpide pour quelqu'un qui n'est pas d\u00e9veloppeur. Avant de recommander un produit ou un service, je le mets r\u00e9ellement \u00e0 l'\u00e9preuve, je v\u00e9rifie les versions et les tarifs en vigueur, et je signale les limites autant que les atouts. Je me m\u00e9fie des classements de complaisance : un comparatif n'a de valeur que si la m\u00e9thode est transparente. Mon fil rouge, c'est l'utilit\u00e9 concr\u00e8te : aider le lecteur \u00e0 mieux choisir, mieux configurer et mieux se prot\u00e9ger, sans tomber dans le jargon.\",\"sameAs\":[\"https:\/\/hugolambrecht.fr\/\"],\"url\":\"https:\/\/extremepc-fr.com\/blog\/auteur\/noname\/\"}]}<\/script>\n<!-- \/ Yoast SEO Premium plugin. -->","yoast_head_json":{"title":"iMac M4 : test, performances et avis (Max compris)","description":"Test de l'iMac M4 : performances, mod\u00e8le Max, points forts et limites. Notre avis pour savoir si l'iMac M4 vaut le coup en 2026.","robots":{"index":"index","follow":"follow","max-snippet":"max-snippet:-1","max-image-preview":"max-image-preview:large","max-video-preview":"max-video-preview:-1"},"canonical":"https:\/\/extremepc-fr.com\/blog\/articles\/imac-m4\/","og_locale":"fr_FR","og_type":"article","og_title":"iMac M4 : test, performances et avis (Max compris)","og_description":"Test de l'iMac M4 : performances, mod\u00e8le Max, points forts et limites. Notre avis pour savoir si l'iMac M4 vaut le coup en 2026.","og_url":"https:\/\/extremepc-fr.com\/blog\/articles\/imac-m4\/","og_site_name":"extremepc","author":"Hugo Lambrecht","twitter_card":"summary_large_image","schema":{"@context":"https:\/\/schema.org","@graph":[{"@type":"NewsArticle","@id":"https:\/\/extremepc-fr.com\/blog\/articles\/imac-m4\/#article","isPartOf":{"@id":"https:\/\/extremepc-fr.com\/blog\/articles\/imac-m4\/"},"author":{"name":"Hugo Lambrecht","@id":"https:\/\/extremepc-fr.com\/blog\/#\/schema\/person\/3c864cdc320801e3db34b663e7e3f816"},"headline":"iMac M4 : Prix Test Complet 2026 Performances","datePublished":"2025-12-30T09:00:00+00:00","mainEntityOfPage":{"@id":"https:\/\/extremepc-fr.com\/blog\/articles\/imac-m4\/"},"wordCount":741,"commentCount":0,"publisher":{"@id":"https:\/\/extremepc-fr.com\/blog\/#organization"},"image":{"@id":"https:\/\/extremepc-fr.com\/blog\/articles\/imac-m4\/#primaryimage"},"thumbnailUrl":"https:\/\/images.pexels.com\/photos\/34804006\/pexels-photo-34804006.jpeg?auto=compress&cs=tinysrgb&fit=crop&h=627&w=1200","articleSection":["Articles"],"inLanguage":"fr-FR","potentialAction":[{"@type":"CommentAction","name":"Comment","target":["https:\/\/extremepc-fr.com\/blog\/articles\/imac-m4\/#respond"]}]},{"@type":"WebPage","@id":"https:\/\/extremepc-fr.com\/blog\/articles\/imac-m4\/","url":"https:\/\/extremepc-fr.com\/blog\/articles\/imac-m4\/","name":"iMac M4 : test, performances et avis (Max compris)","isPartOf":{"@id":"https:\/\/extremepc-fr.com\/blog\/#website"},"primaryImageOfPage":{"@id":"https:\/\/extremepc-fr.com\/blog\/articles\/imac-m4\/#primaryimage"},"image":{"@id":"https:\/\/extremepc-fr.com\/blog\/articles\/imac-m4\/#primaryimage"},"thumbnailUrl":"https:\/\/images.pexels.com\/photos\/34804006\/pexels-photo-34804006.jpeg?auto=compress&cs=tinysrgb&fit=crop&h=627&w=1200","datePublished":"2025-12-30T09:00:00+00:00","description":"Test de l'iMac M4 : performances, mod\u00e8le Max, points forts et limites. Notre avis pour savoir si l'iMac M4 vaut le coup en 2026.","inLanguage":"fr-FR","potentialAction":[{"@type":"ReadAction","target":["https:\/\/extremepc-fr.com\/blog\/articles\/imac-m4\/"]}]},{"@type":"ImageObject","inLanguage":"fr-FR","@id":"https:\/\/extremepc-fr.com\/blog\/articles\/imac-m4\/#primaryimage","url":"https:\/\/images.pexels.com\/photos\/34804006\/pexels-photo-34804006.jpeg?auto=compress&cs=tinysrgb&fit=crop&h=627&w=1200","contentUrl":"https:\/\/images.pexels.com\/photos\/34804006\/pexels-photo-34804006.jpeg?auto=compress&cs=tinysrgb&fit=crop&h=627&w=1200"},{"@type":"WebSite","@id":"https:\/\/extremepc-fr.com\/blog\/#website","url":"https:\/\/extremepc-fr.com\/blog\/","name":"ExtremePC FR","description":"ExtremePC FR, la performance num\u00e9rique d\u00e9cupl\u00e9e","publisher":{"@id":"https:\/\/extremepc-fr.com\/blog\/#organization"},"alternateName":"ExtremePC FR, la performance num\u00e9rique d\u00e9cupl\u00e9e","potentialAction":[{"@type":"SearchAction","target":{"@type":"EntryPoint","urlTemplate":"https:\/\/extremepc-fr.com\/blog\/?s={search_term_string}"},"query-input":{"@type":"PropertyValueSpecification","valueRequired":true,"valueName":"search_term_string"}}],"inLanguage":"fr-FR"},{"@type":"Organization","@id":"https:\/\/extremepc-fr.com\/blog\/#organization","name":"ExtremePC FR","url":"https:\/\/extremepc-fr.com\/blog\/","logo":{"@type":"ImageObject","inLanguage":"fr-FR","@id":"https:\/\/extremepc-fr.com\/blog\/#\/schema\/logo\/image\/","url":"https:\/\/extremepc-fr.com\/blog\/wp-content\/uploads\/2024\/12\/cropped-3.png","contentUrl":"https:\/\/extremepc-fr.com\/blog\/wp-content\/uploads\/2024\/12\/cropped-3.png","width":282,"height":247,"caption":"ExtremePC FR"},"image":{"@id":"https:\/\/extremepc-fr.com\/blog\/#\/schema\/logo\/image\/"}},{"@type":"Person","@id":"https:\/\/extremepc-fr.com\/blog\/#\/schema\/person\/3c864cdc320801e3db34b663e7e3f816","name":"Hugo Lambrecht","image":{"@type":"ImageObject","inLanguage":"fr-FR","@id":"https:\/\/extremepc-fr.com\/blog\/#\/schema\/person\/image\/","url":"https:\/\/extremepc-fr.com\/blog\/wp-content\/uploads\/2026\/06\/persona_hugo-l-96x96.jpg","contentUrl":"https:\/\/extremepc-fr.com\/blog\/wp-content\/uploads\/2026\/06\/persona_hugo-l-96x96.jpg","caption":"Hugo Lambrecht"},"description":"Geek assum\u00e9 et veilleur tech depuis plus de dix ans, je passe mes journ\u00e9es \u00e0 tester, comparer et expliquer le num\u00e9rique. Mes terrains favoris : les astuces high-tech du quotidien, la s\u00e9curit\u00e9 en ligne et les outils web, des VPN aux logiciels qui simplifient la vie. J'aime prendre un sujet r\u00e9put\u00e9 compliqu\u00e9 et le rendre limpide pour quelqu'un qui n'est pas d\u00e9veloppeur. Avant de recommander un produit ou un service, je le mets r\u00e9ellement \u00e0 l'\u00e9preuve, je v\u00e9rifie les versions et les tarifs en vigueur, et je signale les limites autant que les atouts. Je me m\u00e9fie des classements de complaisance : un comparatif n'a de valeur que si la m\u00e9thode est transparente. Mon fil rouge, c'est l'utilit\u00e9 concr\u00e8te : aider le lecteur \u00e0 mieux choisir, mieux configurer et mieux se prot\u00e9ger, sans tomber dans le jargon.","sameAs":["https:\/\/hugolambrecht.fr\/"],"url":"https:\/\/extremepc-fr.com\/blog\/auteur\/noname\/"}]}},"_links":{"self":[{"href":"https:\/\/extremepc-fr.com\/blog\/wp-json\/wp\/v2\/posts\/7664","targetHints":{"allow":["GET"]}}],"collection":[{"href":"https:\/\/extremepc-fr.com\/blog\/wp-json\/wp\/v2\/posts"}],"about":[{"href":"https:\/\/extremepc-fr.com\/blog\/wp-json\/wp\/v2\/types\/post"}],"author":[{"embeddable":true,"href":"https:\/\/extremepc-fr.com\/blog\/wp-json\/wp\/v2\/users\/34"}],"replies":[{"embeddable":true,"href":"https:\/\/extremepc-fr.com\/blog\/wp-json\/wp\/v2\/comments?post=7664"}],"version-history":[{"count":0,"href":"https:\/\/extremepc-fr.com\/blog\/wp-json\/wp\/v2\/posts\/7664\/revisions"}],"wp:attachment":[{"href":"https:\/\/extremepc-fr.com\/blog\/wp-json\/wp\/v2\/media?parent=7664"}],"wp:term":[{"taxonomy":"category","embeddable":true,"href":"https:\/\/extremepc-fr.com\/blog\/wp-json\/wp\/v2\/categories?post=7664"},{"taxonomy":"post_tag","embeddable":true,"href":"https:\/\/extremepc-fr.com\/blog\/wp-json\/wp\/v2\/tags?post=7664"}],"curies":[{"name":"wp","href":"https:\/\/api.w.org\/{rel}","templated":true}]}}