{"id":7660,"date":"2025-11-24T09:00:00","date_gmt":"2025-11-24T09:00:00","guid":{"rendered":"https:\/\/extremepc-fr.com\/blog\/articles\/imac-pro-pro\/"},"modified":"2025-11-24T09:00:00","modified_gmt":"2025-11-24T09:00:00","slug":"imac-pro-pro","status":"publish","type":"post","link":"https:\/\/extremepc-fr.com\/blog\/articles\/imac-pro-pro\/","title":{"rendered":"iMac Pro : Prix et Performances Guide 2026"},"content":{"rendered":"<p>L\u2019iMac Pro, mod\u00e8le phare d\u2019Apple pour les professionnels, continue d\u2019attirer l\u2019attention en 2026. Ce guide se concentre sur ses performances et son prix, tout en abordant les normes r\u00e9glementaires qui influencent son utilisation dans le milieu professionnel. Les utilisateurs recherchent un ordinateur capable de g\u00e9rer des t\u00e2ches intensives comme le montage vid\u00e9o, la mod\u00e9lisation 3D ou la programmation. Ainsi, cet article vous fournira des informations cl\u00e9s pour \u00e9valuer si l\u2019iMac Pro r\u00e9pond \u00e0 vos besoins.<\/p>\n<p>Avec l\u2019arriv\u00e9e de nouvelles normes environnementales et de performance en 2026, il est crucial de consid\u00e9rer non seulement les caract\u00e9ristiques techniques mais aussi la conformit\u00e9 aux exigences l\u00e9gales. Nous examinerons donc les sp\u00e9cifications techniques de l\u2019iMac Pro ainsi que les implications r\u00e9glementaires qui peuvent affecter votre choix.<\/p>\n<h2>Sp\u00e9cifications Techniques de l\u2019iMac Pro<\/h2>\n<h3>Processeur et M\u00e9moire<\/h3>\n<p>L\u2019iMac Pro est \u00e9quip\u00e9 des derniers processeurs Apple M1 Ultra, offrant jusqu\u2019\u00e0 <strong>20 c\u0153urs<\/strong> pour un traitement multit\u00e2che fluide. Avec une m\u00e9moire RAM allant jusqu\u2019\u00e0 <strong>128 Go<\/strong>, il peut ex\u00e9cuter plusieurs applications lourdes simultan\u00e9ment sans ralentissement.<\/p>\n<h3>Graphiques et Stockage<\/h3>\n<p>Pour le traitement graphique, l\u2019iMac Pro dispose d\u2019une carte graphique int\u00e9gr\u00e9e qui peut atteindre jusqu\u2019\u00e0 <strong>64 Go<\/strong> de m\u00e9moire d\u00e9di\u00e9e. En termes de stockage, vous avez le choix entre plusieurs configurations SSD allant jusqu\u2019\u00e0 <strong>8 To<\/strong>, garantissant une vitesse d\u2019acc\u00e8s aux donn\u00e9es rapide.<\/p>\n<table class=\"kwdbank-table\">\n<thead>\n<tr>\n<th>Caract\u00e9ristiques<\/th>\n<th>Valeurs Maximales<\/th>\n<\/tr>\n<\/thead>\n<tbody>\n<tr>\n<td>Processeur<\/td>\n<td>20 c\u0153urs M1 Ultra<\/td>\n<\/tr>\n<tr>\n<td>RAM<\/td>\n<td>128 Go<\/td>\n<\/tr>\n<tr>\n<td>Graphiques<\/td>\n<td>64 Go GPU<\/td>\n<\/tr>\n<tr>\n<td>Stockage SSD<\/td>\n<td>8 To<\/td>\n<\/tr>\n<\/tbody>\n<\/table>\n<h2>Prix de l\u2019iMac Pro en 2026<\/h2>\n<p>Le prix de l\u2019iMac Pro varie consid\u00e9rablement selon les configurations choisies. En moyenne, le mod\u00e8le de base commence autour de <strong>4 999 \u20ac<\/strong>, tandis que les options haut de gamme peuvent atteindre <strong>10 000 \u20ac<\/strong> ou plus selon les sp\u00e9cificit\u00e9s demand\u00e9es.<\/p>\n<h3>Co\u00fbt Total de Possession (TCO)<\/h3>\n<p>Il est essentiel d\u2019\u00e9valuer le co\u00fbt total de possession (TCO), qui inclut non seulement le prix d\u2019achat mais aussi les co\u00fbts d\u2019entretien et d\u2019\u00e9nergie. En raison des normes \u00e9nerg\u00e9tiques strictes mises en place en 2026, l\u2019iMac Pro se distingue par sa faible consommation d\u2019\u00e9nergie, avec un co\u00fbt estim\u00e9 \u00e0 environ <strong>30 \u20ac par an<\/strong> pour une utilisation intensive.<\/p>\n<h2>R\u00e9glementations et Normes en 2026<\/h2>\n<h3>Normes \u00c9nerg\u00e9tiques<\/h3>\n<p>En 2026, la directive europ\u00e9enne sur l\u2019\u00e9co-conception impose des exigences strictes concernant la consommation \u00e9nerg\u00e9tique des appareils \u00e9lectroniques. L\u2019iMac Pro respecte ces normes gr\u00e2ce \u00e0 son efficacit\u00e9 \u00e9nerg\u00e9tique \u00e9lev\u00e9e, permettant aux entreprises de r\u00e9duire leur empreinte carbone tout en restant conformes.<\/p>\n<h3>Certifications Environnementales<\/h3>\n<p>De plus, ce mod\u00e8le est certifi\u00e9 par des organismes tels que Energy Star et EPEAT Gold, garantissant qu\u2019il r\u00e9pond \u00e0 des crit\u00e8res environnementaux rigoureux. Cela peut \u00eatre un facteur d\u00e9terminant pour les entreprises soucieuses de leur impact environnemental.<\/p>\n<h2>Pi\u00e8ges \u00e0 \u00c9viter lors de l\u2019Achat<\/h2>\n<p>Un pi\u00e8ge courant est d\u2019opter pour une configuration basique sans tenir compte des besoins futurs. Les professionnels doivent anticiper leurs exigences en mati\u00e8re de performance \u00e0 long terme. Par exemple, un graphiste pourrait rapidement se retrouver limit\u00e9 avec seulement <strong>32 Go<\/strong> de RAM si ses projets \u00e9voluent vers des formats plus lourds.<\/p>\n<h2>Exemples Concrets d\u2019Utilisation<\/h2>\n<ol>\n<li>\n<strong>Montage Vid\u00e9o<\/strong> : Un r\u00e9alisateur utilisant Final Cut Pro sur un iMac Pro avec configuration maximale peut traiter un projet 4K en moins de deux heures.\n<\/li>\n<li>\n<strong>Mod\u00e9lisation 3D<\/strong> : Un designer utilisant Blender peut cr\u00e9er des rendus complexes avec un temps moyen r\u00e9duit de pr\u00e8s de <strong>30%<\/strong> par rapport \u00e0 un PC standard \u00e9quivalent.\n<\/li>\n<\/ol>\n<h2>FAQ<\/h2>\n<h3>Quelles sont les principales caract\u00e9ristiques techniques de l\u2019iMac Pro ?<\/h3>\n<p>L\u2019iMac Pro offre jusqu\u2019\u00e0 20 c\u0153urs CPU, 128 Go de RAM et jusqu\u2019\u00e0 8 To SSD avec une carte graphique int\u00e9gr\u00e9e pouvant aller jusqu\u2019\u00e0 64 Go.<\/p>\n<h3>Quel est le prix moyen d\u2019un iMac Pro en 2026 ?<\/h3>\n<p>Le prix d\u00e9bute autour de 4 999 \u20ac pour le mod\u00e8le basique et peut atteindre plus de 10 000 \u20ac selon la configuration choisie.<\/p>\n<h3>L\u2019iMac Pro respecte-t-il les normes environnementales ?<\/h3>\n<p>Oui, il est conforme aux normes \u00e9nerg\u00e9tiques strictes \u00e9tablies en Europe et poss\u00e8de des certifications comme Energy Star et EPEAT Gold.<\/p>\n<h3>Quels sont les pi\u00e8ges \u00e0 \u00e9viter lors du choix d\u2019un iMac Pro ?<\/h3>\n<p>Ne pas anticiper vos besoins futurs peut entra\u00eener des limitations si vous choisissez une configuration trop basique d\u00e8s le d\u00e9part.<\/p>\n<h3>Est-il rentable d\u2019investir dans un iMac Pro ?<\/h3>\n<p>Pour les professionnels ayant besoin d\u2019une puissance \u00e9lev\u00e9e pour des t\u00e2ches intensives comme le montage vid\u00e9o ou la mod\u00e9lisation 3D, l\u2019investissement peut se justifier gr\u00e2ce aux gains en productivit\u00e9.<\/p>\n<h3>Comment comparer l\u2019iMac Pro avec d\u2019autres ordinateurs hautes performances ?<\/h3>\n<p>\u00c9valuez les sp\u00e9cifications techniques (CPU, RAM), le prix total (achat + \u00e9nergie) ainsi que la conformit\u00e9 aux normes environnementales avant de faire votre choix.<\/p>\n<p>Explorez ces informations pr\u00e9cieuses pour d\u00e9terminer si l\u2019iMac Pro r\u00e9pondra \u00e0 vos besoins sp\u00e9cifiques en tant que professionnel dans votre domaine !<\/p>\n","protected":false},"excerpt":{"rendered":"","protected":false},"author":34,"featured_media":999999999,"comment_status":"open","ping_status":"open","sticky":false,"template":"","format":"standard","meta":{"_acf_changed":false,"manual_indexmenow":false,"indexmenow_id_project":0,"footnotes":""},"categories":[4754],"tags":[],"class_list":["post-7660","post","type-post","status-publish","format-standard","has-post-thumbnail","hentry","category-articles","generate-columns","tablet-grid-50","mobile-grid-100","grid-parent","grid-25"],"acf":[],"yoast_head":"<!-- This site is optimized with the Yoast SEO Premium plugin v21.3 (Yoast SEO v25.6) - https:\/\/yoast.com\/wordpress\/plugins\/seo\/ -->\n<title>iMac Pro : Prix et Performances Guide 2026<\/title>\n<meta name=\"description\" content=\"L\u2019iMac Pro, mod\u00e8le phare d\u2019Apple pour les professionnels, continue d\u2019attirer l\u2019attention en 2026. Ce guide se concentre sur ses performances et son prix\" \/>\n<meta name=\"robots\" content=\"index, follow, max-snippet:-1, max-image-preview:large, max-video-preview:-1\" \/>\n<link rel=\"canonical\" href=\"https:\/\/extremepc-fr.com\/blog\/articles\/imac-pro-pro\/\" \/>\n<meta property=\"og:locale\" content=\"fr_FR\" \/>\n<meta property=\"og:type\" content=\"article\" \/>\n<meta property=\"og:title\" content=\"iMac Pro : Prix et Performances Guide 2026\" \/>\n<meta property=\"og:description\" content=\"L\u2019iMac Pro, mod\u00e8le phare d\u2019Apple pour les professionnels, continue d\u2019attirer l\u2019attention en 2026. Ce guide se concentre sur ses performances et son prix\" \/>\n<meta property=\"og:url\" content=\"https:\/\/extremepc-fr.com\/blog\/articles\/imac-pro-pro\/\" \/>\n<meta property=\"og:site_name\" content=\"extremepc\" \/>\n<meta name=\"author\" content=\"Hugo Lambrecht\" \/>\n<meta name=\"twitter:card\" content=\"summary_large_image\" \/>\n<script type=\"application\/ld+json\" class=\"yoast-schema-graph\">{\"@context\":\"https:\/\/schema.org\",\"@graph\":[{\"@type\":\"NewsArticle\",\"@id\":\"https:\/\/extremepc-fr.com\/blog\/articles\/imac-pro-pro\/#article\",\"isPartOf\":{\"@id\":\"https:\/\/extremepc-fr.com\/blog\/articles\/imac-pro-pro\/\"},\"author\":{\"name\":\"Hugo Lambrecht\",\"@id\":\"https:\/\/extremepc-fr.com\/blog\/#\/schema\/person\/3c864cdc320801e3db34b663e7e3f816\"},\"headline\":\"iMac Pro : Prix et Performances Guide 2026\",\"datePublished\":\"2025-11-24T09:00:00+00:00\",\"mainEntityOfPage\":{\"@id\":\"https:\/\/extremepc-fr.com\/blog\/articles\/imac-pro-pro\/\"},\"wordCount\":842,\"commentCount\":0,\"publisher\":{\"@id\":\"https:\/\/extremepc-fr.com\/blog\/#organization\"},\"image\":{\"@id\":\"https:\/\/extremepc-fr.com\/blog\/articles\/imac-pro-pro\/#primaryimage\"},\"thumbnailUrl\":\"https:\/\/images.pexels.com\/photos\/13328206\/pexels-photo-13328206.jpeg?auto=compress&cs=tinysrgb&fit=crop&h=627&w=1200\",\"articleSection\":[\"Articles\"],\"inLanguage\":\"fr-FR\",\"potentialAction\":[{\"@type\":\"CommentAction\",\"name\":\"Comment\",\"target\":[\"https:\/\/extremepc-fr.com\/blog\/articles\/imac-pro-pro\/#respond\"]}]},{\"@type\":\"WebPage\",\"@id\":\"https:\/\/extremepc-fr.com\/blog\/articles\/imac-pro-pro\/\",\"url\":\"https:\/\/extremepc-fr.com\/blog\/articles\/imac-pro-pro\/\",\"name\":\"iMac Pro : Prix et Performances Guide 2026\",\"isPartOf\":{\"@id\":\"https:\/\/extremepc-fr.com\/blog\/#website\"},\"primaryImageOfPage\":{\"@id\":\"https:\/\/extremepc-fr.com\/blog\/articles\/imac-pro-pro\/#primaryimage\"},\"image\":{\"@id\":\"https:\/\/extremepc-fr.com\/blog\/articles\/imac-pro-pro\/#primaryimage\"},\"thumbnailUrl\":\"https:\/\/images.pexels.com\/photos\/13328206\/pexels-photo-13328206.jpeg?auto=compress&cs=tinysrgb&fit=crop&h=627&w=1200\",\"datePublished\":\"2025-11-24T09:00:00+00:00\",\"description\":\"L\u2019iMac Pro, mod\u00e8le phare d\u2019Apple pour les professionnels, continue d\u2019attirer l\u2019attention en 2026. Ce guide se concentre sur ses performances et son prix\",\"inLanguage\":\"fr-FR\",\"potentialAction\":[{\"@type\":\"ReadAction\",\"target\":[\"https:\/\/extremepc-fr.com\/blog\/articles\/imac-pro-pro\/\"]}]},{\"@type\":\"ImageObject\",\"inLanguage\":\"fr-FR\",\"@id\":\"https:\/\/extremepc-fr.com\/blog\/articles\/imac-pro-pro\/#primaryimage\",\"url\":\"https:\/\/images.pexels.com\/photos\/13328206\/pexels-photo-13328206.jpeg?auto=compress&cs=tinysrgb&fit=crop&h=627&w=1200\",\"contentUrl\":\"https:\/\/images.pexels.com\/photos\/13328206\/pexels-photo-13328206.jpeg?auto=compress&cs=tinysrgb&fit=crop&h=627&w=1200\"},{\"@type\":\"WebSite\",\"@id\":\"https:\/\/extremepc-fr.com\/blog\/#website\",\"url\":\"https:\/\/extremepc-fr.com\/blog\/\",\"name\":\"ExtremePC FR\",\"description\":\"ExtremePC FR, la performance num\u00e9rique d\u00e9cupl\u00e9e\",\"publisher\":{\"@id\":\"https:\/\/extremepc-fr.com\/blog\/#organization\"},\"alternateName\":\"ExtremePC FR, la performance num\u00e9rique d\u00e9cupl\u00e9e\",\"potentialAction\":[{\"@type\":\"SearchAction\",\"target\":{\"@type\":\"EntryPoint\",\"urlTemplate\":\"https:\/\/extremepc-fr.com\/blog\/?s={search_term_string}\"},\"query-input\":{\"@type\":\"PropertyValueSpecification\",\"valueRequired\":true,\"valueName\":\"search_term_string\"}}],\"inLanguage\":\"fr-FR\"},{\"@type\":\"Organization\",\"@id\":\"https:\/\/extremepc-fr.com\/blog\/#organization\",\"name\":\"ExtremePC FR\",\"url\":\"https:\/\/extremepc-fr.com\/blog\/\",\"logo\":{\"@type\":\"ImageObject\",\"inLanguage\":\"fr-FR\",\"@id\":\"https:\/\/extremepc-fr.com\/blog\/#\/schema\/logo\/image\/\",\"url\":\"https:\/\/extremepc-fr.com\/blog\/wp-content\/uploads\/2024\/12\/cropped-3.png\",\"contentUrl\":\"https:\/\/extremepc-fr.com\/blog\/wp-content\/uploads\/2024\/12\/cropped-3.png\",\"width\":282,\"height\":247,\"caption\":\"ExtremePC FR\"},\"image\":{\"@id\":\"https:\/\/extremepc-fr.com\/blog\/#\/schema\/logo\/image\/\"}},{\"@type\":\"Person\",\"@id\":\"https:\/\/extremepc-fr.com\/blog\/#\/schema\/person\/3c864cdc320801e3db34b663e7e3f816\",\"name\":\"Hugo Lambrecht\",\"image\":{\"@type\":\"ImageObject\",\"inLanguage\":\"fr-FR\",\"@id\":\"https:\/\/extremepc-fr.com\/blog\/#\/schema\/person\/image\/\",\"url\":\"https:\/\/extremepc-fr.com\/blog\/wp-content\/uploads\/2026\/06\/persona_hugo-l-96x96.jpg\",\"contentUrl\":\"https:\/\/extremepc-fr.com\/blog\/wp-content\/uploads\/2026\/06\/persona_hugo-l-96x96.jpg\",\"caption\":\"Hugo Lambrecht\"},\"description\":\"Geek assum\u00e9 et veilleur tech depuis plus de dix ans, je passe mes journ\u00e9es \u00e0 tester, comparer et expliquer le num\u00e9rique. Mes terrains favoris : les astuces high-tech du quotidien, la s\u00e9curit\u00e9 en ligne et les outils web, des VPN aux logiciels qui simplifient la vie. J'aime prendre un sujet r\u00e9put\u00e9 compliqu\u00e9 et le rendre limpide pour quelqu'un qui n'est pas d\u00e9veloppeur. Avant de recommander un produit ou un service, je le mets r\u00e9ellement \u00e0 l'\u00e9preuve, je v\u00e9rifie les versions et les tarifs en vigueur, et je signale les limites autant que les atouts. Je me m\u00e9fie des classements de complaisance : un comparatif n'a de valeur que si la m\u00e9thode est transparente. Mon fil rouge, c'est l'utilit\u00e9 concr\u00e8te : aider le lecteur \u00e0 mieux choisir, mieux configurer et mieux se prot\u00e9ger, sans tomber dans le jargon.\",\"sameAs\":[\"https:\/\/hugolambrecht.fr\/\"],\"url\":\"https:\/\/extremepc-fr.com\/blog\/auteur\/noname\/\"}]}<\/script>\n<!-- \/ Yoast SEO Premium plugin. -->","yoast_head_json":{"title":"iMac Pro : Prix et Performances Guide 2026","description":"L\u2019iMac Pro, mod\u00e8le phare d\u2019Apple pour les professionnels, continue d\u2019attirer l\u2019attention en 2026. Ce guide se concentre sur ses performances et son prix","robots":{"index":"index","follow":"follow","max-snippet":"max-snippet:-1","max-image-preview":"max-image-preview:large","max-video-preview":"max-video-preview:-1"},"canonical":"https:\/\/extremepc-fr.com\/blog\/articles\/imac-pro-pro\/","og_locale":"fr_FR","og_type":"article","og_title":"iMac Pro : Prix et Performances Guide 2026","og_description":"L\u2019iMac Pro, mod\u00e8le phare d\u2019Apple pour les professionnels, continue d\u2019attirer l\u2019attention en 2026. Ce guide se concentre sur ses performances et son prix","og_url":"https:\/\/extremepc-fr.com\/blog\/articles\/imac-pro-pro\/","og_site_name":"extremepc","author":"Hugo Lambrecht","twitter_card":"summary_large_image","schema":{"@context":"https:\/\/schema.org","@graph":[{"@type":"NewsArticle","@id":"https:\/\/extremepc-fr.com\/blog\/articles\/imac-pro-pro\/#article","isPartOf":{"@id":"https:\/\/extremepc-fr.com\/blog\/articles\/imac-pro-pro\/"},"author":{"name":"Hugo Lambrecht","@id":"https:\/\/extremepc-fr.com\/blog\/#\/schema\/person\/3c864cdc320801e3db34b663e7e3f816"},"headline":"iMac Pro : Prix et Performances Guide 2026","datePublished":"2025-11-24T09:00:00+00:00","mainEntityOfPage":{"@id":"https:\/\/extremepc-fr.com\/blog\/articles\/imac-pro-pro\/"},"wordCount":842,"commentCount":0,"publisher":{"@id":"https:\/\/extremepc-fr.com\/blog\/#organization"},"image":{"@id":"https:\/\/extremepc-fr.com\/blog\/articles\/imac-pro-pro\/#primaryimage"},"thumbnailUrl":"https:\/\/images.pexels.com\/photos\/13328206\/pexels-photo-13328206.jpeg?auto=compress&cs=tinysrgb&fit=crop&h=627&w=1200","articleSection":["Articles"],"inLanguage":"fr-FR","potentialAction":[{"@type":"CommentAction","name":"Comment","target":["https:\/\/extremepc-fr.com\/blog\/articles\/imac-pro-pro\/#respond"]}]},{"@type":"WebPage","@id":"https:\/\/extremepc-fr.com\/blog\/articles\/imac-pro-pro\/","url":"https:\/\/extremepc-fr.com\/blog\/articles\/imac-pro-pro\/","name":"iMac Pro : Prix et Performances Guide 2026","isPartOf":{"@id":"https:\/\/extremepc-fr.com\/blog\/#website"},"primaryImageOfPage":{"@id":"https:\/\/extremepc-fr.com\/blog\/articles\/imac-pro-pro\/#primaryimage"},"image":{"@id":"https:\/\/extremepc-fr.com\/blog\/articles\/imac-pro-pro\/#primaryimage"},"thumbnailUrl":"https:\/\/images.pexels.com\/photos\/13328206\/pexels-photo-13328206.jpeg?auto=compress&cs=tinysrgb&fit=crop&h=627&w=1200","datePublished":"2025-11-24T09:00:00+00:00","description":"L\u2019iMac Pro, mod\u00e8le phare d\u2019Apple pour les professionnels, continue d\u2019attirer l\u2019attention en 2026. Ce guide se concentre sur ses performances et son prix","inLanguage":"fr-FR","potentialAction":[{"@type":"ReadAction","target":["https:\/\/extremepc-fr.com\/blog\/articles\/imac-pro-pro\/"]}]},{"@type":"ImageObject","inLanguage":"fr-FR","@id":"https:\/\/extremepc-fr.com\/blog\/articles\/imac-pro-pro\/#primaryimage","url":"https:\/\/images.pexels.com\/photos\/13328206\/pexels-photo-13328206.jpeg?auto=compress&cs=tinysrgb&fit=crop&h=627&w=1200","contentUrl":"https:\/\/images.pexels.com\/photos\/13328206\/pexels-photo-13328206.jpeg?auto=compress&cs=tinysrgb&fit=crop&h=627&w=1200"},{"@type":"WebSite","@id":"https:\/\/extremepc-fr.com\/blog\/#website","url":"https:\/\/extremepc-fr.com\/blog\/","name":"ExtremePC FR","description":"ExtremePC FR, la performance num\u00e9rique d\u00e9cupl\u00e9e","publisher":{"@id":"https:\/\/extremepc-fr.com\/blog\/#organization"},"alternateName":"ExtremePC FR, la performance num\u00e9rique d\u00e9cupl\u00e9e","potentialAction":[{"@type":"SearchAction","target":{"@type":"EntryPoint","urlTemplate":"https:\/\/extremepc-fr.com\/blog\/?s={search_term_string}"},"query-input":{"@type":"PropertyValueSpecification","valueRequired":true,"valueName":"search_term_string"}}],"inLanguage":"fr-FR"},{"@type":"Organization","@id":"https:\/\/extremepc-fr.com\/blog\/#organization","name":"ExtremePC FR","url":"https:\/\/extremepc-fr.com\/blog\/","logo":{"@type":"ImageObject","inLanguage":"fr-FR","@id":"https:\/\/extremepc-fr.com\/blog\/#\/schema\/logo\/image\/","url":"https:\/\/extremepc-fr.com\/blog\/wp-content\/uploads\/2024\/12\/cropped-3.png","contentUrl":"https:\/\/extremepc-fr.com\/blog\/wp-content\/uploads\/2024\/12\/cropped-3.png","width":282,"height":247,"caption":"ExtremePC FR"},"image":{"@id":"https:\/\/extremepc-fr.com\/blog\/#\/schema\/logo\/image\/"}},{"@type":"Person","@id":"https:\/\/extremepc-fr.com\/blog\/#\/schema\/person\/3c864cdc320801e3db34b663e7e3f816","name":"Hugo Lambrecht","image":{"@type":"ImageObject","inLanguage":"fr-FR","@id":"https:\/\/extremepc-fr.com\/blog\/#\/schema\/person\/image\/","url":"https:\/\/extremepc-fr.com\/blog\/wp-content\/uploads\/2026\/06\/persona_hugo-l-96x96.jpg","contentUrl":"https:\/\/extremepc-fr.com\/blog\/wp-content\/uploads\/2026\/06\/persona_hugo-l-96x96.jpg","caption":"Hugo Lambrecht"},"description":"Geek assum\u00e9 et veilleur tech depuis plus de dix ans, je passe mes journ\u00e9es \u00e0 tester, comparer et expliquer le num\u00e9rique. Mes terrains favoris : les astuces high-tech du quotidien, la s\u00e9curit\u00e9 en ligne et les outils web, des VPN aux logiciels qui simplifient la vie. J'aime prendre un sujet r\u00e9put\u00e9 compliqu\u00e9 et le rendre limpide pour quelqu'un qui n'est pas d\u00e9veloppeur. Avant de recommander un produit ou un service, je le mets r\u00e9ellement \u00e0 l'\u00e9preuve, je v\u00e9rifie les versions et les tarifs en vigueur, et je signale les limites autant que les atouts. Je me m\u00e9fie des classements de complaisance : un comparatif n'a de valeur que si la m\u00e9thode est transparente. Mon fil rouge, c'est l'utilit\u00e9 concr\u00e8te : aider le lecteur \u00e0 mieux choisir, mieux configurer et mieux se prot\u00e9ger, sans tomber dans le jargon.","sameAs":["https:\/\/hugolambrecht.fr\/"],"url":"https:\/\/extremepc-fr.com\/blog\/auteur\/noname\/"}]}},"_links":{"self":[{"href":"https:\/\/extremepc-fr.com\/blog\/wp-json\/wp\/v2\/posts\/7660","targetHints":{"allow":["GET"]}}],"collection":[{"href":"https:\/\/extremepc-fr.com\/blog\/wp-json\/wp\/v2\/posts"}],"about":[{"href":"https:\/\/extremepc-fr.com\/blog\/wp-json\/wp\/v2\/types\/post"}],"author":[{"embeddable":true,"href":"https:\/\/extremepc-fr.com\/blog\/wp-json\/wp\/v2\/users\/34"}],"replies":[{"embeddable":true,"href":"https:\/\/extremepc-fr.com\/blog\/wp-json\/wp\/v2\/comments?post=7660"}],"version-history":[{"count":0,"href":"https:\/\/extremepc-fr.com\/blog\/wp-json\/wp\/v2\/posts\/7660\/revisions"}],"wp:attachment":[{"href":"https:\/\/extremepc-fr.com\/blog\/wp-json\/wp\/v2\/media?parent=7660"}],"wp:term":[{"taxonomy":"category","embeddable":true,"href":"https:\/\/extremepc-fr.com\/blog\/wp-json\/wp\/v2\/categories?post=7660"},{"taxonomy":"post_tag","embeddable":true,"href":"https:\/\/extremepc-fr.com\/blog\/wp-json\/wp\/v2\/tags?post=7660"}],"curies":[{"name":"wp","href":"https:\/\/api.w.org\/{rel}","templated":true}]}}