{"id":7392,"date":"2025-01-06T08:23:19","date_gmt":"2025-01-06T07:23:19","guid":{"rendered":"https:\/\/extremepc-fr.com\/blog\/a-la-une\/mini-pc-des-allies-pour-le-multitache\/"},"modified":"2025-01-06T08:23:19","modified_gmt":"2025-01-06T07:23:19","slug":"mini-pc-des-allies-pour-le-multitache","status":"publish","type":"post","link":"https:\/\/extremepc-fr.com\/blog\/a-la-une\/mini-pc-des-allies-pour-le-multitache\/","title":{"rendered":"Mini-PC : des alli\u00e9s pour le multit\u00e2che"},"content":{"rendered":"\n\n<p class=\"wp-block-paragraph\">\u00c0 l&rsquo;\u00e8re du travail \u00e0 distance et de la num\u00e9risation acc\u00e9l\u00e9r\u00e9e, la <strong>productivit\u00e9<\/strong> est devenue une priorit\u00e9 incontournable. Les <strong>Mini-PC<\/strong> \u00e9mergent alors comme des solutions id\u00e9ales pour r\u00e9pondre \u00e0 cette exigence croissante. Compactes, puissantes et souvent abordables, ces machines s&rsquo;adaptent parfaitement \u00e0 un environnement o\u00f9 le multit\u00e2che est roi. Que ce soit pour g\u00e9rer des projets professionnels, profiter de loisirs num\u00e9riques ou effectuer des t\u00e2ches quotidiennes, les Mini-PC offrent des performances impressionnantes dans un format r\u00e9duit.<\/p>\n\n\n<p class=\"wp-block-paragraph\">Dans cet article, nous explorerons les diff\u00e9rents avantages des Mini-PC et leur r\u00f4le croissant dans notre quotidien. En analysant les derni\u00e8res innovations technologiques, nous d\u00e9couvrirons comment ces dispositifs peuvent optimaliser votre \u2264style de vie\u2265 num\u00e9rique, simplifiant ainsi le travail et les loisirs des utilisateurs modernes.<\/p>\n\n\n\n<p class=\"wp-block-paragraph\">Les <strong>Mini-PC<\/strong> sont devenus des outils incontournables pour les utilisateurs modernes qui recherchent des solutions adapt\u00e9es \u00e0 leurs besoins en mati\u00e8re de <strong>multit\u00e2che<\/strong>. Voici quelques-uns des principaux avantages qu&rsquo;ils offrent :<\/p>\n\n\n<h2 class=\"wp-block-heading\">1. Compacit\u00e9<\/h2>\n\n\n<p class=\"wp-block-paragraph\">La <strong>compacit\u00e9<\/strong> des Mini-PC est l&rsquo;un de leurs atouts majeurs. Avec des dimensions r\u00e9duites, ils s&rsquo;int\u00e8grent facilement dans n&rsquo;importe quel espace de travail, qu&rsquo;il s&rsquo;agisse d&rsquo;un bureau \u00e0 domicile ou d&rsquo;un environnement professionnel. Cette taille r\u00e9duite permet \u00e9galement de lib\u00e9rer de l&rsquo;espace sur le bureau, ce qui est essentiel pour une organisation optimale.<\/p>\n\n\n<h2 class=\"wp-block-heading\">2. Consommation d&rsquo;\u00e9nergie<\/h2>\n\n\n<p class=\"wp-block-paragraph\">Les Mini-PC consomment g\u00e9n\u00e9ralement beaucoup moins d&rsquo;\u00e9nergie que les ordinateurs traditionnels. Gr\u00e2ce \u00e0 des composants optimis\u00e9s, ils offrent une <strong>performance efficace<\/strong> tout en r\u00e9duisant la consommation \u00e9lectrique, ce qui se traduit par des factures d&rsquo;\u00e9lectricit\u00e9 moins \u00e9lev\u00e9es et une empreinte carbone r\u00e9duite. Cela rend ces appareils particuli\u00e8rement attrayants pour ceux qui sont soucieux de leur impact environnemental.<\/p>\n\n\n<h2 class=\"wp-block-heading\">3. Efficacit\u00e9<\/h2>\n\n\n<p class=\"wp-block-paragraph\">En mati\u00e8re de <strong>performance<\/strong>, les Mini-PC ne d\u00e9\u00e7oivent pas. \u00c9quip\u00e9s de processeurs puissants tels que les mod\u00e8les Intel i5 et i7, ils offrent une stabilit\u00e9 remarquable pour les applications de productivit\u00e9. Leur capacit\u00e9 \u00e0 g\u00e9rer plusieurs t\u00e2ches simultan\u00e9ment en fait un choix id\u00e9al pour les professionnels qui souhaitent am\u00e9liorer leur <strong>productivit\u00e9<\/strong> sans sacrifier la puissance.<\/p>\n\n\n<h2 class=\"wp-block-heading\">4. Connectivit\u00e9<\/h2>\n\n\n<p class=\"wp-block-paragraph\">Les Mini-PC sont souvent dot\u00e9s de plusieurs ports de connexion, permettant de brancher facilement des p\u00e9riph\u00e9riques suppl\u00e9mentaires comme des \u00e9crans, des claviers ou des souris. Cette <strong>flexibilit\u00e9<\/strong> favorise un environnement de travail organis\u00e9 et optimis\u00e9 pour le multit\u00e2che.<\/p>\n\n\n<h2 class=\"wp-block-heading\">5. Adaptabilit\u00e9<\/h2>\n\n\n<p class=\"wp-block-paragraph\">Enfin, leur <strong>polyvalence<\/strong> est un autre avantage non n\u00e9gligeable. Que ce soit pour des t\u00e2ches bureautiques classiques, des visioconf\u00e9rences ou m\u00eame des applications plus gourmandes en ressources, les Mini-PC sont capables de s&rsquo;adapter aux diff\u00e9rents besoin des utilisateurs. Ils repr\u00e9sentent ainsi une solution id\u00e9ale pour une utilisation \u00e0 domicile ou au bureau.<\/p>\n\n\n\n<p class=\"wp-block-paragraph\">        Les <strong>Mini-PC<\/strong> sont devenus des outils indispensables pour de nombreux utilisateurs, que ce soit pour le <strong>t\u00e9l\u00e9travail<\/strong>, les <strong>visioconf\u00e9rences<\/strong>, ou simplement pour le divertissement. Voici quelques crit\u00e8res importants \u00e0 prendre en compte lors de l&rsquo;achat de votre Mini-PC.<\/p>\n\n\n<h2 class=\"wp-block-heading\">1. Performance<\/h2>\n\n\n<p class=\"wp-block-paragraph\">        La performance est un des crit\u00e8res les plus cruciaux lorsque vous choisissez un Mini-PC. Recherchez des processeurs r\u00e9cents tels que l&rsquo;<strong>Intel i5<\/strong> ou <strong>i7<\/strong>, qui sont particuli\u00e8rement appr\u00e9ci\u00e9s pour leur stabilit\u00e9 lors de l&rsquo;ex\u00e9cution d&rsquo;applications de productivit\u00e9. Les mod\u00e8les comme le <strong>NiPoGi AM08 Pro<\/strong>, \u00e9quip\u00e9 du <strong>Ryzen 7<\/strong>, offrent des performances remarquables pour les t\u00e2ches lourdes.<\/p>\n\n\n<h2 class=\"wp-block-heading\">2. Connectivit\u00e9<\/h2>\n\n\n<p class=\"wp-block-paragraph\">        La capacit\u00e9 de connecter plusieurs p\u00e9riph\u00e9riques est essentielle. Optez pour des mod\u00e8les qui proposent plusieurs ports USB, HDMI, ainsi que la technologie <strong>Type-C<\/strong>, comme le <strong>mini PC KUBB<\/strong>, qui permet de connecter jusqu&rsquo;\u00e0 trois \u00e9crans ind\u00e9pendants. Cela facilite le <strong>multit\u00e2che<\/strong> et optimisera votre productivit\u00e9.<\/p>\n\n\n<h2 class=\"wp-block-heading\">3. Rapport qualit\u00e9-prix<\/h2>\n\n\n<p class=\"wp-block-paragraph\">        \u00c9valuez la <strong>qualit\u00e9<\/strong> par rapport au prix. Les Mini-PC doivent offrir des fonctionnalit\u00e9s avanc\u00e9es tout en restant abordables. Des marques comme <strong>GEEKOM<\/strong> proposent une vaste gamme de mod\u00e8les allant de <strong>389\u20ac<\/strong> \u00e0 des prix plus \u00e9lev\u00e9s, garantissant un bon rapport qualit\u00e9-prix.<\/p>\n\n\n<h2 class=\"wp-block-heading\">Mod\u00e8les Recommand\u00e9s<\/h2>\n\n\n<ul class=\"wp-block-list\">\n\n<li><strong>Altyk P2-N10016-N05<\/strong> : Id\u00e9al pour la bureautique et le multit\u00e2che, compact et fiable.<\/li>\n\n\n<li><strong>GEEKOM Mini Air 12<\/strong> : Connu pour sa puissance et sa compacit\u00e9, convient aux utilisateurs en qu\u00eate de performance.<\/li>\n\n\n<li><strong>Geekom Mini IT13<\/strong> : Un excellent choix pour ceux recherchant un bon \u00e9quilibre entre performance et prix.<\/li>\n\n<\/ul>\n\n\n<p class=\"wp-block-paragraph\">        En consid\u00e9rant ces crit\u00e8res, vous serez en mesure de choisir le Mini-PC qui r\u00e9pondra le mieux \u00e0 vos besoins. \u00c9valuez bien votre usage pr\u00e9vu et n&rsquo;h\u00e9sitez pas \u00e0 comparer plusieurs mod\u00e8les avant de faire votre achat.<\/p>\n\n\n\n<p class=\"wp-block-paragraph\">Dans le monde moderne, les <strong>Mini-PC<\/strong> sont devenus des alli\u00e9s essentiels pour les utilisateurs cherchant \u00e0 allier <strong>performance<\/strong> et <strong>compacit\u00e9<\/strong>. Plusieurs mod\u00e8les se distinguent par leurs caract\u00e9ristiques techniques adapt\u00e9es au <strong>multit\u00e2che<\/strong>, \u00e0 la <strong>bureautique<\/strong> et aux <strong>visioconf\u00e9rences<\/strong>.<\/p>\n\n\n<h2 class=\"wp-block-heading\">Le Petit PC &#8211; P2-N10016-N05<\/h2>\n\n\n<p class=\"wp-block-paragraph\">Ce mod\u00e8le est reconnu pour sa <strong>fiabilit\u00e9<\/strong> et sa conception compacte. Avec une <strong>garantie de 3 ans<\/strong>, il s&rsquo;inscrit comme un excellent choix pour des t\u00e2ches bureautiques. Son processeur offre une bonne stabilit\u00e9 pour les applications courantes, ce qui en fait un compagnon id\u00e9al pour la gestion de plusieurs t\u00e2ches \u00e0 la fois.<\/p>\n\n\n<h2 class=\"wp-block-heading\">GEEKOM Mini PC<\/h2>\n\n\n<p class=\"wp-block-paragraph\">La marque GEEKOM se positionne comme un <strong>fabricant de renom<\/strong> dans le secteur des Mini-PC. Ils proposent des syst\u00e8mes puissants et compacts, adapt\u00e9s non seulement aux professionnels mais aussi aux <strong>gamers<\/strong>. Leurs produits se distinguent par une <strong>technologie avanc\u00e9e<\/strong> et un excellent rapport qualit\u00e9-prix. Leur performance dans les applications exigeantes en fait un choix pris\u00e9 pour le multit\u00e2che.<\/p>\n\n\n<h2 class=\"wp-block-heading\">Mini PC Android<\/h2>\n\n\n<p class=\"wp-block-paragraph\">Particuli\u00e8rement int\u00e9ressants, les <strong>mini PC Android<\/strong> allient la praticit\u00e9 d&rsquo;un ordinateur portable et la maniabilit\u00e9 d&rsquo;une tablette. Ils permettent une exp\u00e9rience utilisateur fluide, id\u00e9ale pour des t\u00e2ches vari\u00e9es allant de la navigation internet \u00e0 la gestion de contenu multim\u00e9dia, tout en restant tr\u00e8s compacts.<\/p>\n\n\n<h2 class=\"wp-block-heading\">Kubb &#8211; Le Mini PC Cubique<\/h2>\n\n\n<p class=\"wp-block-paragraph\">Un autre mod\u00e8le \u00e0 mentionner est le <strong>Kubb<\/strong>, qui se distingue par son design \u00e9pur\u00e9 et sa capacit\u00e9 \u00e0 connecter jusqu&rsquo;\u00e0 trois \u00e9crans ind\u00e9pendants. Gr\u00e2ce \u00e0 ses ports <strong>HDMI<\/strong> et <strong>Type-C<\/strong>, il offre une flexibilit\u00e9 d&rsquo;utilisation in\u00e9gal\u00e9e, parfaite pour ceux qui ont besoin de g\u00e9rer plusieurs applications simultan\u00e9ment.<\/p>\n\n\n<h2 class=\"wp-block-heading\">Performances et Exp\u00e9rience Utilisateur<\/h2>\n\n\n<p class=\"wp-block-paragraph\">Les <strong>performances<\/strong> des Mini-PC varient selon les processeurs choisis. Les mod\u00e8les \u00e9quip\u00e9s de processeurs <strong>Intel i5<\/strong> ou <strong>i7<\/strong> sont souvent pl\u00e9biscit\u00e9s pour leur stabilit\u00e9 lors de l&rsquo;ex\u00e9cution d&rsquo;applications de productivit\u00e9. En termes de <strong>qualit\u00e9 de construction<\/strong>, la plupart des Mini-PC modernes, comme ceux propos\u00e9s par GEEKOM, sont con\u00e7us pour durer tout en offrant une exp\u00e9rience utilisateur agr\u00e9able gr\u00e2ce \u00e0 des interfaces intuitives et une gestion efficace de la chaleur.<\/p>\n\n\n\n<h2 class=\"wp-block-heading\">1. Choix du Logiciel<\/h2>\n\n\n<p class=\"wp-block-paragraph\">Pour tirer le meilleur parti de votre <strong>Mini-PC<\/strong>, il est essentiel de choisir les bons <strong>logiciels<\/strong>. Optez pour des applications l\u00e9g\u00e8res qui n&rsquo;utilisent pas trop de ressources syst\u00e8me. Les outils de gestion de t\u00e2ches comme <strong>Trello<\/strong> ou <strong>Asana<\/strong> peuvent vous aider \u00e0 organiser vos projets efficacement, tandis que des navigateurs comme <strong>Brave<\/strong> ou <strong>Microsoft Edge<\/strong> optimis\u00e9s pour la rapidit\u00e9 peuvent am\u00e9liorer votre exp\u00e9rience de navigation.<\/p>\n\n\n<h2 class=\"wp-block-heading\">2. Optimisation de l&rsquo;Espace de Travail<\/h2>\n\n\n<p class=\"wp-block-paragraph\">Un espace de travail bien organis\u00e9 est crucial pour la <strong>productivit\u00e9<\/strong>. Assurez-vous que votre <strong>Mini-PC<\/strong> est plac\u00e9 dans un endroit o\u00f9 il re\u00e7oit une bonne ventilation. Utilisez des <strong>supports d&rsquo;\u00e9cran<\/strong> pour \u00e9lever votre moniteur \u00e0 la hauteur des yeux, ce qui peut aider \u00e0 r\u00e9duire la fatigue oculaire. Pensez \u00e9galement \u00e0 mettre en place un syst\u00e8me de gestion des c\u00e2bles afin de minimiser le d\u00e9sordre sur votre bureau.<\/p>\n\n\n<h2 class=\"wp-block-heading\">3. Mat\u00e9riel Compl\u00e9mentaire<\/h2>\n\n\n<p class=\"wp-block-paragraph\">Investir dans du mat\u00e9riel compl\u00e9mentaire peut \u00e9galement enrichir votre exp\u00e9rience. Un <strong>clavier ergonomique<\/strong> et une <strong>souris<\/strong> de qualit\u00e9 peuvent avoir un impact positif sur votre confort, surtout lors de sessions de travail prolong\u00e9es. De plus, une <strong>station d&rsquo;accueil<\/strong> peut \u00e9largir les possibilit\u00e9s de connectivit\u00e9 de votre <strong>Mini-PC<\/strong>, vous permettant de relier plusieurs p\u00e9riph\u00e9riques sans encombre.<\/p>\n\n\n<h2 class=\"wp-block-heading\">4. Gestion des Ressources<\/h2>\n\n\n<p class=\"wp-block-paragraph\">Utilisez des <strong>moniteurs de ressources<\/strong> pour suivre l&rsquo;utilisation de votre syst\u00e8me. Cela vous permettra d&rsquo;identifier les applications qui consomment le plus de ressources et d&rsquo;y rem\u00e9dier en fermant ou en ajustant leurs param\u00e8tres. Pensez \u00e9galement \u00e0 planifier vos t\u00e2ches en fonction des ressources disponibles, par exemple en ex\u00e9cutant les t\u00e2ches les plus lourdes pendant les heures o\u00f9 votre <strong>Mini-PC<\/strong> est moins sollicit\u00e9.<\/p>\n\n\n<h2 class=\"wp-block-heading\">5. Multimoniteur<\/h2>\n\n\n<p class=\"wp-block-paragraph\">L&rsquo;utilisation de plusieurs \u00e9crans peut consid\u00e9rablement augmenter votre <strong>productivit\u00e9<\/strong> en permettant de visualiser plusieurs applications simultan\u00e9ment. Si votre <strong>Mini-PC<\/strong> poss\u00e8de des ports ad\u00e9quats, envisagez d&rsquo;ajouter un ou deux moniteurs suppl\u00e9mentaires pour une meilleure organisation des t\u00e2ches.<\/p>\n\n\n<h2 class=\"wp-block-heading\">6. Mise \u00e0 jour R\u00e9guli\u00e8re<\/h2>\n\n\n<p class=\"wp-block-paragraph\">Veillez \u00e0 maintenir votre <strong>Mini-PC<\/strong>, y compris le <strong>syst\u00e8me d&rsquo;exploitation<\/strong> et les <strong>applications<\/strong>, \u00e0 jour. Les mises \u00e0 jour r\u00e9guli\u00e8res garantissent que votre dispositif fonctionne de mani\u00e8re fluide et s\u00e9curis\u00e9e, en \u00e9vitant les ralentissements et d&rsquo;\u00e9ventuels probl\u00e8mes de s\u00e9curit\u00e9.<\/p>\n\n\n<h2 class=\"wp-block-heading\">7. \u00c9conomie d&rsquo;\u00c9nergie<\/h2>\n\n\n<p class=\"wp-block-paragraph\">Utilisez les options d&rsquo;\u00e9conomie d&rsquo;\u00e9nergie disponibles dans votre <strong>Mini-PC<\/strong> pour prolonger sa dur\u00e9e de vie et r\u00e9duire la consommation. Cela inclut la gestion de l&rsquo;alimentation, la mise en veille automatique des \u00e9crans et des disques durs apr\u00e8s une p\u00e9riode d&rsquo;inactivit\u00e9.<\/p>\n\n\n<figure class='wp-block-image size-full'>\n<img width=\"1344\" height=\"768\" src=\"https:\/\/extremepc-fr.com\/blog\/wp-content\/uploads\/2025\/01\/Mini-PC-des-allies-pour-le-multitache.png\" class=\"attachment-full size-full\" alt=\"d\u00e9couvrez comment les mini-pc r\u00e9volutionnent le multit\u00e2che, offrant puissance et compacit\u00e9 pour optimiser votre productivit\u00e9 \u00e0 domicile ou au bureau. explorez les avantages de ces alli\u00e9s technologiques et trouvez le mod\u00e8le qui r\u00e9pond \u00e0 vos besoins.\" decoding=\"async\" loading=\"lazy\" \/>\n<\/figure>\n\n\n\n<p class=\"wp-block-paragraph\">Les <strong>Mini-PC<\/strong> ont r\u00e9volutionn\u00e9 la mani\u00e8re dont nous abordons le <strong>multit\u00e2che moderne<\/strong>. Gr\u00e2ce \u00e0 leur compacit\u00e9, ils s&rsquo;int\u00e8grent facilement dans n&rsquo;importe quel environnement de travail, qu&rsquo;il soit domestique ou professionnel. Ces appareils allient puissance et efficacit\u00e9, permettant de g\u00e9rer plusieurs applications simultan\u00e9ment sans compromettre la performance.<\/p>\n\n\n<h2 class=\"wp-block-heading\">Performance et Efficacit\u00e9<\/h2>\n\n\n<p class=\"wp-block-paragraph\">Un des avantages majeurs des <strong>Mini-PC<\/strong> est leur capacit\u00e9 \u00e0 offrir une puissance de traitement comparable \u00e0 celle des ordinateurs de bureau traditionnels. Gr\u00e2ce \u00e0 des composants optimis\u00e9s et \u00e0 une architecture avanc\u00e9e, ces appareils sont capables de r\u00e9aliser des t\u00e2ches exigeantes, que ce soit pour le d\u00e9veloppement, la cr\u00e9ation de contenu ou des activit\u00e9s de loisirs.<\/p>\n\n\n<h2 class=\"wp-block-heading\">\u00c9conomie d&rsquo;Espace et de Ressources<\/h2>\n\n\n<p class=\"wp-block-paragraph\">Les <strong>Mini-PC<\/strong> prennent peu de place, ce qui les rend id\u00e9aux pour les espaces de travail r\u00e9duits. De plus, leur consommation d&rsquo;\u00e9nergie est g\u00e9n\u00e9ralement inf\u00e9rieure \u00e0 celle des ordinateurs traditionnels, ce qui en fait une option \u00e0 la fois \u00e9cologique et \u00e9conomique \u00e0 long terme.<\/p>\n\n\n<h2 class=\"wp-block-heading\">Flexibilit\u00e9 et Personnalisation<\/h2>\n\n\n<p class=\"wp-block-paragraph\">Un autre atout des <strong>Mini-PC<\/strong> est leur flexibilit\u00e9. Ils peuvent \u00eatre configur\u00e9s selon les besoins sp\u00e9cifiques de l&rsquo;utilisateur, allant de l&rsquo;augmentation de la m\u00e9moire \u00e0 l&rsquo;ajout de stockage suppl\u00e9mentaire. Cela permet \u00e0 chaque utilisateur d&rsquo;avoir un dispositif qui correspond \u00e0 ses exigences particuli\u00e8res.<\/p>\n\n\n<h2 class=\"wp-block-heading\">Accessibilit\u00e9 et Co\u00fbt<\/h2>\n\n\n<p class=\"wp-block-paragraph\">Enfin, avec la progression de la technologie, les <strong>Mini-PC<\/strong> sont devenus de plus en plus accessibles en termes de prix. Les consommateurs peuvent d\u00e9sormais trouver des mod\u00e8les adapt\u00e9s \u00e0 leur budget, tout en b\u00e9n\u00e9ficiant d&rsquo;une technologie de pointe.<\/p>\n\n\n<figure class=\"wp-block-embed is-type-video is-provider-youtube wp-block-embed-youtube wp-embed-aspect-16-9 wp-has-aspect-ratio\">\n<div class=\"wp-block-embed__wrapper\">\n<iframe loading=\"lazy\" title=\"Mini pc puissant pas cher #pcgamer #windows #pc\" width=\"1200\" height=\"675\" src=\"https:\/\/www.youtube.com\/embed\/KxOYGCotNTs?feature=oembed\" frameborder=\"0\" allow=\"accelerometer; autoplay; clipboard-write; encrypted-media; gyroscope; picture-in-picture; web-share\" referrerpolicy=\"strict-origin-when-cross-origin\" allowfullscreen><\/iframe>\n<\/div>\n<\/figure>\n","protected":false},"excerpt":{"rendered":"","protected":false},"author":34,"featured_media":7393,"comment_status":"open","ping_status":"open","sticky":false,"template":"","format":"standard","meta":{"_acf_changed":false,"manual_indexmenow":false,"indexmenow_id_project":0,"footnotes":""},"categories":[1],"tags":[],"class_list":["post-7392","post","type-post","status-publish","format-standard","has-post-thumbnail","hentry","category-a-la-une","generate-columns","tablet-grid-50","mobile-grid-100","grid-parent","grid-25"],"acf":[],"yoast_head":"<!-- This site is optimized with the Yoast SEO Premium plugin v21.3 (Yoast SEO v25.6) - https:\/\/yoast.com\/wordpress\/plugins\/seo\/ -->\n<title>Mini-PC : Les Champions du Multit\u00e2che<\/title>\n<meta name=\"description\" content=\"\u00c0 l&#039;\u00e8re du travail \u00e0 distance et de la num\u00e9risation acc\u00e9l\u00e9r\u00e9e, la productivit\u00e9 est devenue une priorit\u00e9 incontournable. Les Mini-PC \u00e9mergent alors\" \/>\n<meta name=\"robots\" content=\"index, follow, max-snippet:-1, max-image-preview:large, max-video-preview:-1\" \/>\n<link rel=\"canonical\" href=\"https:\/\/extremepc-fr.com\/blog\/a-la-une\/mini-pc-des-allies-pour-le-multitache\/\" \/>\n<meta property=\"og:locale\" content=\"fr_FR\" \/>\n<meta property=\"og:type\" content=\"article\" \/>\n<meta property=\"og:title\" content=\"Mini-PC : Les Champions du Multit\u00e2che\" \/>\n<meta property=\"og:description\" content=\"\u00c0 l&#039;\u00e8re du travail \u00e0 distance et de la num\u00e9risation acc\u00e9l\u00e9r\u00e9e, la productivit\u00e9 est devenue une priorit\u00e9 incontournable. Les Mini-PC \u00e9mergent alors\" \/>\n<meta property=\"og:url\" content=\"https:\/\/extremepc-fr.com\/blog\/a-la-une\/mini-pc-des-allies-pour-le-multitache\/\" \/>\n<meta property=\"og:site_name\" content=\"extremepc\" \/>\n<meta property=\"og:image\" content=\"https:\/\/extremepc-fr.com\/blog\/wp-content\/uploads\/2025\/01\/Mini-PC-des-allies-pour-le-multitache-1.png\" \/>\n\t<meta property=\"og:image:width\" content=\"1344\" \/>\n\t<meta property=\"og:image:height\" content=\"768\" \/>\n\t<meta property=\"og:image:type\" content=\"image\/png\" \/>\n<meta name=\"author\" content=\"Hugo Lambrecht\" \/>\n<meta name=\"twitter:card\" content=\"summary_large_image\" \/>\n<script type=\"application\/ld+json\" class=\"yoast-schema-graph\">{\"@context\":\"https:\/\/schema.org\",\"@graph\":[{\"@type\":\"NewsArticle\",\"@id\":\"https:\/\/extremepc-fr.com\/blog\/a-la-une\/mini-pc-des-allies-pour-le-multitache\/#article\",\"isPartOf\":{\"@id\":\"https:\/\/extremepc-fr.com\/blog\/a-la-une\/mini-pc-des-allies-pour-le-multitache\/\"},\"author\":{\"name\":\"Hugo Lambrecht\",\"@id\":\"https:\/\/extremepc-fr.com\/blog\/#\/schema\/person\/3c864cdc320801e3db34b663e7e3f816\"},\"headline\":\"Mini-PC : des alli\u00e9s pour le multit\u00e2che\",\"datePublished\":\"2025-01-06T07:23:19+00:00\",\"mainEntityOfPage\":{\"@id\":\"https:\/\/extremepc-fr.com\/blog\/a-la-une\/mini-pc-des-allies-pour-le-multitache\/\"},\"wordCount\":1867,\"commentCount\":0,\"publisher\":{\"@id\":\"https:\/\/extremepc-fr.com\/blog\/#organization\"},\"image\":{\"@id\":\"https:\/\/extremepc-fr.com\/blog\/a-la-une\/mini-pc-des-allies-pour-le-multitache\/#primaryimage\"},\"thumbnailUrl\":\"https:\/\/extremepc-fr.com\/blog\/wp-content\/uploads\/2025\/01\/Mini-PC-des-allies-pour-le-multitache-1.png\",\"articleSection\":[\"\u00c0 la une\"],\"inLanguage\":\"fr-FR\",\"potentialAction\":[{\"@type\":\"CommentAction\",\"name\":\"Comment\",\"target\":[\"https:\/\/extremepc-fr.com\/blog\/a-la-une\/mini-pc-des-allies-pour-le-multitache\/#respond\"]}]},{\"@type\":\"WebPage\",\"@id\":\"https:\/\/extremepc-fr.com\/blog\/a-la-une\/mini-pc-des-allies-pour-le-multitache\/\",\"url\":\"https:\/\/extremepc-fr.com\/blog\/a-la-une\/mini-pc-des-allies-pour-le-multitache\/\",\"name\":\"Mini-PC : Les Champions du Multit\u00e2che\",\"isPartOf\":{\"@id\":\"https:\/\/extremepc-fr.com\/blog\/#website\"},\"primaryImageOfPage\":{\"@id\":\"https:\/\/extremepc-fr.com\/blog\/a-la-une\/mini-pc-des-allies-pour-le-multitache\/#primaryimage\"},\"image\":{\"@id\":\"https:\/\/extremepc-fr.com\/blog\/a-la-une\/mini-pc-des-allies-pour-le-multitache\/#primaryimage\"},\"thumbnailUrl\":\"https:\/\/extremepc-fr.com\/blog\/wp-content\/uploads\/2025\/01\/Mini-PC-des-allies-pour-le-multitache-1.png\",\"datePublished\":\"2025-01-06T07:23:19+00:00\",\"description\":\"\u00c0 l'\u00e8re du travail \u00e0 distance et de la num\u00e9risation acc\u00e9l\u00e9r\u00e9e, la productivit\u00e9 est devenue une priorit\u00e9 incontournable. Les Mini-PC \u00e9mergent alors\",\"inLanguage\":\"fr-FR\",\"potentialAction\":[{\"@type\":\"ReadAction\",\"target\":[\"https:\/\/extremepc-fr.com\/blog\/a-la-une\/mini-pc-des-allies-pour-le-multitache\/\"]}]},{\"@type\":\"ImageObject\",\"inLanguage\":\"fr-FR\",\"@id\":\"https:\/\/extremepc-fr.com\/blog\/a-la-une\/mini-pc-des-allies-pour-le-multitache\/#primaryimage\",\"url\":\"https:\/\/extremepc-fr.com\/blog\/wp-content\/uploads\/2025\/01\/Mini-PC-des-allies-pour-le-multitache-1.png\",\"contentUrl\":\"https:\/\/extremepc-fr.com\/blog\/wp-content\/uploads\/2025\/01\/Mini-PC-des-allies-pour-le-multitache-1.png\",\"width\":1344,\"height\":768,\"caption\":\"d\u00e9couvrez comment les mini-pc deviennent des alli\u00e9s incontournables pour le multit\u00e2che. compactes et puissants, ces appareils offrent une performance optimale pour travailler, jouer ou naviguer simultan\u00e9ment. id\u00e9aux pour les professionnels et les amateurs, ils r\u00e9volutionnent votre exp\u00e9rience informatique.\"},{\"@type\":\"WebSite\",\"@id\":\"https:\/\/extremepc-fr.com\/blog\/#website\",\"url\":\"https:\/\/extremepc-fr.com\/blog\/\",\"name\":\"ExtremePC FR\",\"description\":\"ExtremePC FR, la performance num\u00e9rique d\u00e9cupl\u00e9e\",\"publisher\":{\"@id\":\"https:\/\/extremepc-fr.com\/blog\/#organization\"},\"alternateName\":\"ExtremePC FR, la performance num\u00e9rique d\u00e9cupl\u00e9e\",\"potentialAction\":[{\"@type\":\"SearchAction\",\"target\":{\"@type\":\"EntryPoint\",\"urlTemplate\":\"https:\/\/extremepc-fr.com\/blog\/?s={search_term_string}\"},\"query-input\":{\"@type\":\"PropertyValueSpecification\",\"valueRequired\":true,\"valueName\":\"search_term_string\"}}],\"inLanguage\":\"fr-FR\"},{\"@type\":\"Organization\",\"@id\":\"https:\/\/extremepc-fr.com\/blog\/#organization\",\"name\":\"ExtremePC FR\",\"url\":\"https:\/\/extremepc-fr.com\/blog\/\",\"logo\":{\"@type\":\"ImageObject\",\"inLanguage\":\"fr-FR\",\"@id\":\"https:\/\/extremepc-fr.com\/blog\/#\/schema\/logo\/image\/\",\"url\":\"https:\/\/extremepc-fr.com\/blog\/wp-content\/uploads\/2024\/12\/cropped-3.png\",\"contentUrl\":\"https:\/\/extremepc-fr.com\/blog\/wp-content\/uploads\/2024\/12\/cropped-3.png\",\"width\":282,\"height\":247,\"caption\":\"ExtremePC FR\"},\"image\":{\"@id\":\"https:\/\/extremepc-fr.com\/blog\/#\/schema\/logo\/image\/\"}},{\"@type\":\"Person\",\"@id\":\"https:\/\/extremepc-fr.com\/blog\/#\/schema\/person\/3c864cdc320801e3db34b663e7e3f816\",\"name\":\"Hugo Lambrecht\",\"image\":{\"@type\":\"ImageObject\",\"inLanguage\":\"fr-FR\",\"@id\":\"https:\/\/extremepc-fr.com\/blog\/#\/schema\/person\/image\/\",\"url\":\"https:\/\/extremepc-fr.com\/blog\/wp-content\/uploads\/2026\/06\/persona_hugo-l-96x96.jpg\",\"contentUrl\":\"https:\/\/extremepc-fr.com\/blog\/wp-content\/uploads\/2026\/06\/persona_hugo-l-96x96.jpg\",\"caption\":\"Hugo Lambrecht\"},\"description\":\"Geek assum\u00e9 et veilleur tech depuis plus de dix ans, je passe mes journ\u00e9es \u00e0 tester, comparer et expliquer le num\u00e9rique. Mes terrains favoris : les astuces high-tech du quotidien, la s\u00e9curit\u00e9 en ligne et les outils web, des VPN aux logiciels qui simplifient la vie. J'aime prendre un sujet r\u00e9put\u00e9 compliqu\u00e9 et le rendre limpide pour quelqu'un qui n'est pas d\u00e9veloppeur. Avant de recommander un produit ou un service, je le mets r\u00e9ellement \u00e0 l'\u00e9preuve, je v\u00e9rifie les versions et les tarifs en vigueur, et je signale les limites autant que les atouts. Je me m\u00e9fie des classements de complaisance : un comparatif n'a de valeur que si la m\u00e9thode est transparente. Mon fil rouge, c'est l'utilit\u00e9 concr\u00e8te : aider le lecteur \u00e0 mieux choisir, mieux configurer et mieux se prot\u00e9ger, sans tomber dans le jargon.\",\"sameAs\":[\"https:\/\/hugolambrecht.fr\/\"],\"url\":\"https:\/\/extremepc-fr.com\/blog\/auteur\/noname\/\"}]}<\/script>\n<!-- \/ Yoast SEO Premium plugin. -->","yoast_head_json":{"title":"Mini-PC : Les Champions du Multit\u00e2che","description":"\u00c0 l'\u00e8re du travail \u00e0 distance et de la num\u00e9risation acc\u00e9l\u00e9r\u00e9e, la productivit\u00e9 est devenue une priorit\u00e9 incontournable. Les Mini-PC \u00e9mergent alors","robots":{"index":"index","follow":"follow","max-snippet":"max-snippet:-1","max-image-preview":"max-image-preview:large","max-video-preview":"max-video-preview:-1"},"canonical":"https:\/\/extremepc-fr.com\/blog\/a-la-une\/mini-pc-des-allies-pour-le-multitache\/","og_locale":"fr_FR","og_type":"article","og_title":"Mini-PC : Les Champions du Multit\u00e2che","og_description":"\u00c0 l'\u00e8re du travail \u00e0 distance et de la num\u00e9risation acc\u00e9l\u00e9r\u00e9e, la productivit\u00e9 est devenue une priorit\u00e9 incontournable. Les Mini-PC \u00e9mergent alors","og_url":"https:\/\/extremepc-fr.com\/blog\/a-la-une\/mini-pc-des-allies-pour-le-multitache\/","og_site_name":"extremepc","og_image":[{"width":1344,"height":768,"url":"https:\/\/extremepc-fr.com\/blog\/wp-content\/uploads\/2025\/01\/Mini-PC-des-allies-pour-le-multitache-1.png","type":"image\/png"}],"author":"Hugo Lambrecht","twitter_card":"summary_large_image","schema":{"@context":"https:\/\/schema.org","@graph":[{"@type":"NewsArticle","@id":"https:\/\/extremepc-fr.com\/blog\/a-la-une\/mini-pc-des-allies-pour-le-multitache\/#article","isPartOf":{"@id":"https:\/\/extremepc-fr.com\/blog\/a-la-une\/mini-pc-des-allies-pour-le-multitache\/"},"author":{"name":"Hugo Lambrecht","@id":"https:\/\/extremepc-fr.com\/blog\/#\/schema\/person\/3c864cdc320801e3db34b663e7e3f816"},"headline":"Mini-PC : des alli\u00e9s pour le multit\u00e2che","datePublished":"2025-01-06T07:23:19+00:00","mainEntityOfPage":{"@id":"https:\/\/extremepc-fr.com\/blog\/a-la-une\/mini-pc-des-allies-pour-le-multitache\/"},"wordCount":1867,"commentCount":0,"publisher":{"@id":"https:\/\/extremepc-fr.com\/blog\/#organization"},"image":{"@id":"https:\/\/extremepc-fr.com\/blog\/a-la-une\/mini-pc-des-allies-pour-le-multitache\/#primaryimage"},"thumbnailUrl":"https:\/\/extremepc-fr.com\/blog\/wp-content\/uploads\/2025\/01\/Mini-PC-des-allies-pour-le-multitache-1.png","articleSection":["\u00c0 la une"],"inLanguage":"fr-FR","potentialAction":[{"@type":"CommentAction","name":"Comment","target":["https:\/\/extremepc-fr.com\/blog\/a-la-une\/mini-pc-des-allies-pour-le-multitache\/#respond"]}]},{"@type":"WebPage","@id":"https:\/\/extremepc-fr.com\/blog\/a-la-une\/mini-pc-des-allies-pour-le-multitache\/","url":"https:\/\/extremepc-fr.com\/blog\/a-la-une\/mini-pc-des-allies-pour-le-multitache\/","name":"Mini-PC : Les Champions du Multit\u00e2che","isPartOf":{"@id":"https:\/\/extremepc-fr.com\/blog\/#website"},"primaryImageOfPage":{"@id":"https:\/\/extremepc-fr.com\/blog\/a-la-une\/mini-pc-des-allies-pour-le-multitache\/#primaryimage"},"image":{"@id":"https:\/\/extremepc-fr.com\/blog\/a-la-une\/mini-pc-des-allies-pour-le-multitache\/#primaryimage"},"thumbnailUrl":"https:\/\/extremepc-fr.com\/blog\/wp-content\/uploads\/2025\/01\/Mini-PC-des-allies-pour-le-multitache-1.png","datePublished":"2025-01-06T07:23:19+00:00","description":"\u00c0 l'\u00e8re du travail \u00e0 distance et de la num\u00e9risation acc\u00e9l\u00e9r\u00e9e, la productivit\u00e9 est devenue une priorit\u00e9 incontournable. Les Mini-PC \u00e9mergent alors","inLanguage":"fr-FR","potentialAction":[{"@type":"ReadAction","target":["https:\/\/extremepc-fr.com\/blog\/a-la-une\/mini-pc-des-allies-pour-le-multitache\/"]}]},{"@type":"ImageObject","inLanguage":"fr-FR","@id":"https:\/\/extremepc-fr.com\/blog\/a-la-une\/mini-pc-des-allies-pour-le-multitache\/#primaryimage","url":"https:\/\/extremepc-fr.com\/blog\/wp-content\/uploads\/2025\/01\/Mini-PC-des-allies-pour-le-multitache-1.png","contentUrl":"https:\/\/extremepc-fr.com\/blog\/wp-content\/uploads\/2025\/01\/Mini-PC-des-allies-pour-le-multitache-1.png","width":1344,"height":768,"caption":"d\u00e9couvrez comment les mini-pc deviennent des alli\u00e9s incontournables pour le multit\u00e2che. compactes et puissants, ces appareils offrent une performance optimale pour travailler, jouer ou naviguer simultan\u00e9ment. id\u00e9aux pour les professionnels et les amateurs, ils r\u00e9volutionnent votre exp\u00e9rience informatique."},{"@type":"WebSite","@id":"https:\/\/extremepc-fr.com\/blog\/#website","url":"https:\/\/extremepc-fr.com\/blog\/","name":"ExtremePC FR","description":"ExtremePC FR, la performance num\u00e9rique d\u00e9cupl\u00e9e","publisher":{"@id":"https:\/\/extremepc-fr.com\/blog\/#organization"},"alternateName":"ExtremePC FR, la performance num\u00e9rique d\u00e9cupl\u00e9e","potentialAction":[{"@type":"SearchAction","target":{"@type":"EntryPoint","urlTemplate":"https:\/\/extremepc-fr.com\/blog\/?s={search_term_string}"},"query-input":{"@type":"PropertyValueSpecification","valueRequired":true,"valueName":"search_term_string"}}],"inLanguage":"fr-FR"},{"@type":"Organization","@id":"https:\/\/extremepc-fr.com\/blog\/#organization","name":"ExtremePC FR","url":"https:\/\/extremepc-fr.com\/blog\/","logo":{"@type":"ImageObject","inLanguage":"fr-FR","@id":"https:\/\/extremepc-fr.com\/blog\/#\/schema\/logo\/image\/","url":"https:\/\/extremepc-fr.com\/blog\/wp-content\/uploads\/2024\/12\/cropped-3.png","contentUrl":"https:\/\/extremepc-fr.com\/blog\/wp-content\/uploads\/2024\/12\/cropped-3.png","width":282,"height":247,"caption":"ExtremePC FR"},"image":{"@id":"https:\/\/extremepc-fr.com\/blog\/#\/schema\/logo\/image\/"}},{"@type":"Person","@id":"https:\/\/extremepc-fr.com\/blog\/#\/schema\/person\/3c864cdc320801e3db34b663e7e3f816","name":"Hugo Lambrecht","image":{"@type":"ImageObject","inLanguage":"fr-FR","@id":"https:\/\/extremepc-fr.com\/blog\/#\/schema\/person\/image\/","url":"https:\/\/extremepc-fr.com\/blog\/wp-content\/uploads\/2026\/06\/persona_hugo-l-96x96.jpg","contentUrl":"https:\/\/extremepc-fr.com\/blog\/wp-content\/uploads\/2026\/06\/persona_hugo-l-96x96.jpg","caption":"Hugo Lambrecht"},"description":"Geek assum\u00e9 et veilleur tech depuis plus de dix ans, je passe mes journ\u00e9es \u00e0 tester, comparer et expliquer le num\u00e9rique. Mes terrains favoris : les astuces high-tech du quotidien, la s\u00e9curit\u00e9 en ligne et les outils web, des VPN aux logiciels qui simplifient la vie. J'aime prendre un sujet r\u00e9put\u00e9 compliqu\u00e9 et le rendre limpide pour quelqu'un qui n'est pas d\u00e9veloppeur. Avant de recommander un produit ou un service, je le mets r\u00e9ellement \u00e0 l'\u00e9preuve, je v\u00e9rifie les versions et les tarifs en vigueur, et je signale les limites autant que les atouts. Je me m\u00e9fie des classements de complaisance : un comparatif n'a de valeur que si la m\u00e9thode est transparente. Mon fil rouge, c'est l'utilit\u00e9 concr\u00e8te : aider le lecteur \u00e0 mieux choisir, mieux configurer et mieux se prot\u00e9ger, sans tomber dans le jargon.","sameAs":["https:\/\/hugolambrecht.fr\/"],"url":"https:\/\/extremepc-fr.com\/blog\/auteur\/noname\/"}]}},"_links":{"self":[{"href":"https:\/\/extremepc-fr.com\/blog\/wp-json\/wp\/v2\/posts\/7392","targetHints":{"allow":["GET"]}}],"collection":[{"href":"https:\/\/extremepc-fr.com\/blog\/wp-json\/wp\/v2\/posts"}],"about":[{"href":"https:\/\/extremepc-fr.com\/blog\/wp-json\/wp\/v2\/types\/post"}],"author":[{"embeddable":true,"href":"https:\/\/extremepc-fr.com\/blog\/wp-json\/wp\/v2\/users\/34"}],"replies":[{"embeddable":true,"href":"https:\/\/extremepc-fr.com\/blog\/wp-json\/wp\/v2\/comments?post=7392"}],"version-history":[{"count":0,"href":"https:\/\/extremepc-fr.com\/blog\/wp-json\/wp\/v2\/posts\/7392\/revisions"}],"wp:featuredmedia":[{"embeddable":true,"href":"https:\/\/extremepc-fr.com\/blog\/wp-json\/wp\/v2\/media\/7393"}],"wp:attachment":[{"href":"https:\/\/extremepc-fr.com\/blog\/wp-json\/wp\/v2\/media?parent=7392"}],"wp:term":[{"taxonomy":"category","embeddable":true,"href":"https:\/\/extremepc-fr.com\/blog\/wp-json\/wp\/v2\/categories?post=7392"},{"taxonomy":"post_tag","embeddable":true,"href":"https:\/\/extremepc-fr.com\/blog\/wp-json\/wp\/v2\/tags?post=7392"}],"curies":[{"name":"wp","href":"https:\/\/api.w.org\/{rel}","templated":true}]}}