{"id":7386,"date":"2024-12-31T09:19:59","date_gmt":"2024-12-31T08:19:59","guid":{"rendered":"https:\/\/extremepc-fr.com\/blog\/a-la-une\/mini-pc-quand-la-compacite-rime-avec-performance\/"},"modified":"2024-12-31T09:19:59","modified_gmt":"2024-12-31T08:19:59","slug":"mini-pc-quand-la-compacite-rime-avec-performance","status":"publish","type":"post","link":"https:\/\/extremepc-fr.com\/blog\/a-la-une\/mini-pc-quand-la-compacite-rime-avec-performance\/","title":{"rendered":"Mini-PC : quand la compacit\u00e9 rime avec performance"},"content":{"rendered":"\n\n<p class=\"wp-block-paragraph\">Dans un monde o\u00f9 l&rsquo;espace de travail devient de plus en plus limit\u00e9, le choix d&rsquo;un ordinateur ne se r\u00e9sume plus seulement \u00e0 la puissance, mais \u00e9galement \u00e0 la <strong>compacit\u00e9<\/strong>. Les <strong>mini-PC<\/strong> s&rsquo;imposent ainsi comme une solution innovante pour ceux qui recherchent \u00e0 la fois performance et design minimaliste. Leur taille r\u00e9duite ne compromet en rien leurs capacit\u00e9s techniques, bien au contraire ! En abordant le sujet des mini-PC, nous mettons en lumi\u00e8re un format qui r\u00e9volutionne notre fa\u00e7on d&rsquo;interagir avec la technologie. \u00c0 travers cet article, vous d\u00e9couvrirez comment ces petits bijous de technologie combinent puissance, efficacit\u00e9 et praticit\u00e9, tout en r\u00e9pondant \u00e0 des besoins vari\u00e9s allant du travail quotidien aux exigences des gamers avertis. Acheter un mini-PC pourrait bien \u00eatre la solution id\u00e9ale pour optimiser votre espace sans sacrifier vos envies num\u00e9riques.<\/p>\n\n\n\n<h2 class=\"wp-block-heading\">Guide d&rsquo;achat des Mini-PC<\/h2>\n\n\n<p class=\"wp-block-paragraph\">Les <strong>mini-PC<\/strong> connaissent une popularit\u00e9 croissante gr\u00e2ce \u00e0 leur taille r\u00e9duite et leur performance impressionnante. Voici quelques conseils pour vous aider \u00e0 faire le bon choix lors de votre achat.<\/p>\n\n\n<h3 class=\"wp-block-heading\">Crit\u00e8res \u00e0 consid\u00e9rer<\/h3>\n\n\n<ul class=\"wp-block-list\">\n\n<li><strong>Performance<\/strong>: V\u00e9rifiez le type de processeur. Optez pour des mod\u00e8les \u00e9quip\u00e9s d&rsquo;un <strong>Intel Core<\/strong> ou <strong>AMD Ryzen<\/strong> pour assurer une puissance suffisante.<\/li>\n\n\n<li><strong>M\u00e9moire RAM<\/strong>: Une capacit\u00e9 de 8 Go convient pour une utilisation quotidienne, tandis que 16 Go ou plus sera id\u00e9al pour des t\u00e2ches plus exigeantes comme le multitasking ou les jeux.<\/li>\n\n\n<li><strong>Stockage<\/strong>: Privil\u00e9giez un <strong>SSD<\/strong> pour une rapidit\u00e9 d&rsquo;acc\u00e8s aux donn\u00e9es. Les mod\u00e8les avec des disques durs suppl\u00e9mentaires peuvent offrir un bon compromis en mati\u00e8re de co\u00fbt.<\/li>\n\n\n<li><strong>Connectivit\u00e9<\/strong>: Assurez-vous que le mini-PC dispose de ports modernes tels que <strong>USB-C<\/strong>, <strong>HDMI<\/strong> et des connexions sans fil comme le Wi-Fi 6.<\/li>\n\n\n<li><strong>Refroidissement<\/strong>: Un bon syst\u00e8me de refroidissement est essentiel pour garantir le silence et la durabilit\u00e9 de votre appareil.<\/li>\n\n\n<li><strong>Emplacement<\/strong>: V\u00e9rifiez la taille et le design pour vous assurer qu&rsquo;il s&rsquo;int\u00e8gre bien dans votre espace de travail.<\/li>\n\n<\/ul>\n\n\n<h3 class=\"wp-block-heading\">Mod\u00e8les recommand\u00e9s<\/h3>\n\n\n<ul class=\"wp-block-list\">\n\n<li><strong>Geekom MiniAir 11<\/strong>: Pour les budgets serr\u00e9s, ce mod\u00e8le offre un excellent rapport qualit\u00e9-prix, bien adapt\u00e9 \u00e0 une utilisation de bureau basique.<\/li>\n\n\n<li><strong>Altyk N100<\/strong>: Un choix performant et compact, id\u00e9al pour ceux qui cherchent un mini-PC alliant <strong>compacit\u00e9<\/strong> et puissance.<\/li>\n\n\n<li><strong>Lenovo ThinkCentre neo 50q Gen 4<\/strong>: Con\u00e7u pour des espaces restreints, il offre une puissance de traitement \u00e9lev\u00e9e tout en restant silencieux.<\/li>\n\n\n<li><strong>Geekom GT1 MEGA<\/strong>: Avec un puissant processeur Intel Ultra, ce mini-PC est parfait pour les utilisateurs exigeants et pour les jeux.<\/li>\n\n\n<li><strong>Gigabyte Brix<\/strong>: Discret et efficace, ce mod\u00e8le est \u00e9quip\u00e9 des derni\u00e8res technologies et est parfait pour une utilisation multim\u00e9dia.<\/li>\n\n<\/ul>\n\n\n\n<h2 class=\"wp-block-heading\">Tests de performance des Mini-PC<\/h2>\n\n\n<p class=\"wp-block-paragraph\">Lorsqu&rsquo;il s&rsquo;agit d&rsquo;\u00e9valuer la performance des <strong>mini-PC<\/strong>, plusieurs crit\u00e8res doivent \u00eatre pris en compte. Les tests de performance sont essentiels pour comprendre comment ces appareils compacts se comportent face aux exigences diverses du traitement multim\u00e9dia, des jeux vid\u00e9o et des t\u00e2ches professionnelles. Voici quelques m\u00e9thodes courantes utilis\u00e9es pour mesurer la performance des mini-PC :<\/p>\n\n\n<ul class=\"wp-block-list\">\n\n<li><strong>Tests de processeur :<\/strong> Les benchmarks CPU sont souvent r\u00e9alis\u00e9s \u00e0 l&rsquo;aide d&rsquo;outils comme <strong>Cinebench<\/strong> ou <strong>Geekbench<\/strong>. Ces outils permettent d&rsquo;\u00e9valuer la puissance du processeur en mesurant ses performances lors de t\u00e2ches en mono et multi-thread.<\/li>\n\n\n<li><strong>Tests de performances graphiques :<\/strong> Les performances graphiques sont quantifi\u00e9es \u00e0 travers des tests comme <strong>3DMark<\/strong> ou <strong>Unigine Heaven<\/strong>, qui \u00e9valuent la capacit\u00e9 d&rsquo;un mini-PC \u00e0 ex\u00e9cuter des jeux ou des applications graphiques intensives.<\/li>\n\n\n<li><strong>Tests de temp\u00e9rature et de consommation d&rsquo;\u00e9nergie :<\/strong> La gestion thermique et l&rsquo;efficacit\u00e9 \u00e9nerg\u00e9tique sont cruciales pour les mini-PC. Des tests sont r\u00e9alis\u00e9s pour mesurer la temp\u00e9rature des composants sous une charge, ainsi que la consommation d&rsquo;\u00e9nergie en fonctionnement et au repos.<\/li>\n\n\n<li><strong>Tests d&rsquo;utilisation quotidienne :<\/strong> Des sc\u00e9narios pratiques, comme le lancement d&rsquo;applications multiples ou la lecture de vid\u00e9os en haute d\u00e9finition, permettent d&rsquo;\u00e9valuer comment un mini-PC se d\u00e9brouille dans des situations r\u00e9elles.<\/li>\n\n<\/ul>\n\n\n<p class=\"wp-block-paragraph\">Plusieurs tests comparatifs ont \u00e9t\u00e9 men\u00e9s r\u00e9cemment, mettant en avant diff\u00e9rents mod\u00e8les. Par exemple, le <strong>Geekom MiniAir 11<\/strong> a \u00e9t\u00e9 salu\u00e9 pour sa compacit\u00e9 et son prix abordable, mais il n\u2019atteint pas les performances des mod\u00e8les plus puissants comme le <strong>Lenovo ThinkCentre neo 50q<\/strong> qui propose un <strong>Intel Core i5<\/strong> offrant une puissance de traitement sup\u00e9rieure, notamment pour les t\u00e2ches lourdes.<\/p>\n\n\n<p class=\"wp-block-paragraph\">Le <strong>Beelink Ryzen 7<\/strong>, quant \u00e0 lui, a \u00e9t\u00e9 mis en avant pour son excellent compromis entre performances et prix, faisant de lui un choix polyvalent pour les utilisateurs qui cherchent un appareil capable de g\u00e9rer tant le travail que les loisirs. Les tests ont r\u00e9v\u00e9l\u00e9 qu&rsquo;il offrait des r\u00e9sultats de performances CPU tr\u00e8s comp\u00e9titifs, particuli\u00e8rement en comparaison avec d&rsquo;autres mod\u00e8les dans la m\u00eame gamme de prix.<\/p>\n\n\n<p class=\"wp-block-paragraph\">Enfin, des mod\u00e8les comme le <strong>Gigabyte Brix<\/strong> et le <strong>Geekom GT1 MEGA<\/strong> se sont d\u00e9marqu\u00e9s lors des tests de performance graphique, prouvant qu&rsquo;il est possible d&rsquo;obtenir une excellente exp\u00e9rience de jeu dans un format r\u00e9duit. Ces comparaisons soulignent l&rsquo;importance de consid\u00e9rer non seulement la taille et le prix, mais \u00e9galement la performance globale lors du choix d&rsquo;un mini-PC.<\/p>\n\n\n\n<h2 class=\"wp-block-heading\">Astuces et Optimisations pour Maximiser les Performances de votre Mini-PC<\/h2>\n\n\n<p class=\"wp-block-paragraph\">Pour tirer le meilleur parti de votre <strong>mini-PC<\/strong>, il est essentiel de conna\u00eetre certaines astuces et techniques d\u2019optimisation. Voici quelques conseils pratiques :<\/p>\n\n\n<h3 class=\"wp-block-heading\">1. Mettez \u00e0 jour votre syst\u00e8me d&rsquo;exploitation<\/h3>\n\n\n<p class=\"wp-block-paragraph\">Assurez-vous que votre <strong>syst\u00e8me d&rsquo;exploitation<\/strong> est toujours \u00e0 jour. Les mises \u00e0 jour r\u00e9guli\u00e8res am\u00e9liorent non seulement la s\u00e9curit\u00e9, mais optimisent \u00e9galement les performances de votre appareil.<\/p>\n\n\n<h3 class=\"wp-block-heading\">2. Optimisez la gestion des t\u00e2ches<\/h3>\n\n\n<p class=\"wp-block-paragraph\">Utilisez le <strong>Gestionnaire des t\u00e2ches<\/strong> pour fermer les applications inutilis\u00e9es. Un bon nombre d\u2019applications en arri\u00e8re-plan peut ralentir votre mini-PC.<\/p>\n\n\n<h3 class=\"wp-block-heading\">3. Nettoyez r\u00e9guli\u00e8rement votre disque dur<\/h3>\n\n\n<p class=\"wp-block-paragraph\">Effacez les fichiers temporaires et inutiles gr\u00e2ce \u00e0 l\u2019outil de <strong>nettoyage de disque<\/strong>. Cela permet de lib\u00e9rer de l\u2019espace et d\u2019am\u00e9liorer les temps de chargement.<\/p>\n\n\n<h3 class=\"wp-block-heading\">4. Optez pour un stockage SSD<\/h3>\n\n\n<p class=\"wp-block-paragraph\">L\u2019installation d\u2019un <strong>SSD<\/strong> (Solid State Drive) au lieu d\u2019un disque dur classique permet d\u2019augmenter consid\u00e9rablement la vitesse d\u2019acc\u00e8s aux donn\u00e9es, ce qui se traduit par des performances globales plus \u00e9lev\u00e9es.<\/p>\n\n\n<h3 class=\"wp-block-heading\">5. Am\u00e9liorez la RAM<\/h3>\n\n\n<p class=\"wp-block-paragraph\">Si votre mini-PC le permet, envisagez d&rsquo;ajouter davantage de <strong>RAM<\/strong>. Cela facilite le multit\u00e2che et am\u00e9liore la fluidit\u00e9 des applications gourmandes en ressources.<\/p>\n\n\n<h3 class=\"wp-block-heading\">6. R\u00e9glez les param\u00e8tres d\u2019alimentation<\/h3>\n\n\n<p class=\"wp-block-paragraph\">Acc\u00e9dez aux <strong>param\u00e8tres d\u2019alimentation<\/strong> pour choisir un mode qui favorise la performance plut\u00f4t que l\u2019\u00e9conomie d\u2019\u00e9nergie, surtout si vous utilisez votre mini-PC pour des t\u00e2ches exigeantes.<\/p>\n\n\n<h3 class=\"wp-block-heading\">7. Utilisez un refroidissement ad\u00e9quat<\/h3>\n\n\n<p class=\"wp-block-paragraph\">Le <strong>refroidissement<\/strong> est crucial, m\u00eame pour un mini-PC. Assurez-vous que les orifices de ventilation ne sont pas obstru\u00e9s et envisagez des solutions de refroidissement externes si n\u00e9cessaire.<\/p>\n\n\n<h3 class=\"wp-block-heading\">8. Installez des logiciels d&rsquo;optimisation<\/h3>\n\n\n<p class=\"wp-block-paragraph\">Utilisez des outils logiciels capables de nettoyer votre syst\u00e8me, optimiser la m\u00e9moire et g\u00e9rer les applications au d\u00e9marrage. Cela peut rendre votre mini-PC plus r\u00e9actif.<\/p>\n\n\n<h3 class=\"wp-block-heading\">9. Configurez correctement votre r\u00e9seau<\/h3>\n\n\n<p class=\"wp-block-paragraph\">Pour des performances de streaming ou de transfert de fichiers optimales, configurez votre <strong>r\u00e9seau Wi-Fi<\/strong> pour qu\u2019il fonctionne sur la bande de fr\u00e9quence 5 GHz si votre mini-PC le supporte.<\/p>\n\n\n<h3 class=\"wp-block-heading\">10. Explorez les options de connectivit\u00e9<\/h3>\n\n\n<p class=\"wp-block-paragraph\">Profitez des ports USB et autres connectivit\u00e9s disponibles pour am\u00e9liorer la compatibilit\u00e9 avec des accessoires comme des claviers, souris et disques externes qui peuvent enrichir votre exp\u00e9rience utilisateur.<\/p>\n\n\n<figure class='wp-block-image size-full'>\n<img width=\"1344\" height=\"768\" src=\"https:\/\/extremepc-fr.com\/blog\/wp-content\/uploads\/2024\/12\/Mini-PC-quand-la-compacite-rime-avec-performance.png\" class=\"attachment-full size-full\" alt=\"d\u00e9couvrez comment les mini-pc allient compacit\u00e9 et performance. id\u00e9aux pour le travail, le divertissement et le gaming, ces petits bijoux technologiques offrent une puissance impressionnante tout en occupant un minimum d&#039;espace. explorez les avantages d&#039;un mini-pc pour optimiser votre environnement num\u00e9rique.\" decoding=\"async\" loading=\"lazy\" \/>\n<\/figure>\n\n\n<figure class=\"wp-block-embed is-type-video is-provider-youtube wp-block-embed-youtube wp-embed-aspect-16-9 wp-has-aspect-ratio\">\n<div class=\"wp-block-embed__wrapper\">\n<iframe loading=\"lazy\" title=\"Ce miniPC est surprenant pour son prix (BeeLink EQR6)\" width=\"1200\" height=\"675\" src=\"https:\/\/www.youtube.com\/embed\/oKVIvMjX6RE?feature=oembed\" frameborder=\"0\" allow=\"accelerometer; autoplay; clipboard-write; encrypted-media; gyroscope; picture-in-picture; web-share\" referrerpolicy=\"strict-origin-when-cross-origin\" allowfullscreen><\/iframe>\n<\/div>\n<\/figure>\n\n\n\n<p class=\"wp-block-paragraph\">Les <strong>mini-PC<\/strong> ont r\u00e9volutionn\u00e9 la mani\u00e8re dont nous percevons les ordinateurs. En alliant <strong>compacit\u00e9<\/strong> et <strong>performance<\/strong>, ces appareils s&rsquo;adaptent \u00e0 une multitude d&rsquo;usages, que ce soit pour le <strong>bureautique<\/strong>, le <strong>d\u00e9coding multim\u00e9dia<\/strong> ou m\u00eame des <strong>jeux vid\u00e9o<\/strong>. Gr\u00e2ce \u00e0 des composants modernes et \u00e0 une conception optimis\u00e9e, ils offrent des performances comparables \u00e0 celles des ordinateurs de bureau traditionnels, tout en prenant un minimum de place.<\/p>\n\n\n<p class=\"wp-block-paragraph\">L&rsquo;un des principaux avantages des <strong>mini-PC<\/strong> r\u00e9side dans leur <strong>\u00e9conomie d&rsquo;\u00e9nergie<\/strong>, qui les rend non seulement plus \u00e9cologiques, mais aussi plus \u00e9conomiques sur le long terme. De plus, leur facilit\u00e9 de <strong>transport<\/strong> et leur installation simplifi\u00e9e en font un choix id\u00e9al pour les professionnels en d\u00e9placement ou ceux qui souhaitent une solution informatique discr\u00e8te \u00e0 la maison.<\/p>\n\n\n<p class=\"wp-block-paragraph\">En prenant en compte vos besoins, qu&rsquo;il s&rsquo;agisse de performances graphiques, de puissance de traitement ou de budget, il est essentiel de choisir le <strong>mini-PC<\/strong> qui vous convient le mieux. Explorez les options disponibles et d\u00e9couvrez un nouveau monde d&rsquo;innovations technologiques \u00e0 port\u00e9e de main.<\/p>\n","protected":false},"excerpt":{"rendered":"","protected":false},"author":34,"featured_media":7387,"comment_status":"open","ping_status":"open","sticky":false,"template":"","format":"standard","meta":{"_acf_changed":false,"manual_indexmenow":false,"indexmenow_id_project":0,"footnotes":""},"categories":[1],"tags":[],"class_list":["post-7386","post","type-post","status-publish","format-standard","has-post-thumbnail","hentry","category-a-la-une","generate-columns","tablet-grid-50","mobile-grid-100","grid-parent","grid-25"],"acf":[],"yoast_head":"<!-- This site is optimized with the Yoast SEO Premium plugin v21.3 (Yoast SEO v25.6) - https:\/\/yoast.com\/wordpress\/plugins\/seo\/ -->\n<title>Mini-PC : Performance et Compacit\u00e9 \u00e0 Port\u00e9e de Main<\/title>\n<meta name=\"description\" content=\"Dans un monde o\u00f9 l&#039;espace de travail devient de plus en plus limit\u00e9, le choix d&#039;un ordinateur ne se r\u00e9sume plus seulement \u00e0 la puissance, mais \u00e9galement\" \/>\n<meta name=\"robots\" content=\"index, follow, max-snippet:-1, max-image-preview:large, max-video-preview:-1\" \/>\n<link rel=\"canonical\" href=\"https:\/\/extremepc-fr.com\/blog\/a-la-une\/mini-pc-quand-la-compacite-rime-avec-performance\/\" \/>\n<meta property=\"og:locale\" content=\"fr_FR\" \/>\n<meta property=\"og:type\" content=\"article\" \/>\n<meta property=\"og:title\" content=\"Mini-PC : Performance et Compacit\u00e9 \u00e0 Port\u00e9e de Main\" \/>\n<meta property=\"og:description\" content=\"Dans un monde o\u00f9 l&#039;espace de travail devient de plus en plus limit\u00e9, le choix d&#039;un ordinateur ne se r\u00e9sume plus seulement \u00e0 la puissance, mais \u00e9galement\" \/>\n<meta property=\"og:url\" content=\"https:\/\/extremepc-fr.com\/blog\/a-la-une\/mini-pc-quand-la-compacite-rime-avec-performance\/\" \/>\n<meta property=\"og:site_name\" content=\"extremepc\" \/>\n<meta property=\"og:image\" content=\"https:\/\/extremepc-fr.com\/blog\/wp-content\/uploads\/2024\/12\/Mini-PC-quand-la-compacite-rime-avec-performance-1.png\" \/>\n\t<meta property=\"og:image:width\" content=\"1344\" \/>\n\t<meta property=\"og:image:height\" content=\"768\" \/>\n\t<meta property=\"og:image:type\" content=\"image\/png\" \/>\n<meta name=\"author\" content=\"Hugo Lambrecht\" \/>\n<meta name=\"twitter:card\" content=\"summary_large_image\" \/>\n<script type=\"application\/ld+json\" class=\"yoast-schema-graph\">{\"@context\":\"https:\/\/schema.org\",\"@graph\":[{\"@type\":\"NewsArticle\",\"@id\":\"https:\/\/extremepc-fr.com\/blog\/a-la-une\/mini-pc-quand-la-compacite-rime-avec-performance\/#article\",\"isPartOf\":{\"@id\":\"https:\/\/extremepc-fr.com\/blog\/a-la-une\/mini-pc-quand-la-compacite-rime-avec-performance\/\"},\"author\":{\"name\":\"Hugo Lambrecht\",\"@id\":\"https:\/\/extremepc-fr.com\/blog\/#\/schema\/person\/3c864cdc320801e3db34b663e7e3f816\"},\"headline\":\"Mini-PC : quand la compacit\u00e9 rime avec performance\",\"datePublished\":\"2024-12-31T08:19:59+00:00\",\"mainEntityOfPage\":{\"@id\":\"https:\/\/extremepc-fr.com\/blog\/a-la-une\/mini-pc-quand-la-compacite-rime-avec-performance\/\"},\"wordCount\":1483,\"commentCount\":0,\"publisher\":{\"@id\":\"https:\/\/extremepc-fr.com\/blog\/#organization\"},\"image\":{\"@id\":\"https:\/\/extremepc-fr.com\/blog\/a-la-une\/mini-pc-quand-la-compacite-rime-avec-performance\/#primaryimage\"},\"thumbnailUrl\":\"https:\/\/extremepc-fr.com\/blog\/wp-content\/uploads\/2024\/12\/Mini-PC-quand-la-compacite-rime-avec-performance-1.png\",\"articleSection\":[\"\u00c0 la une\"],\"inLanguage\":\"fr-FR\",\"potentialAction\":[{\"@type\":\"CommentAction\",\"name\":\"Comment\",\"target\":[\"https:\/\/extremepc-fr.com\/blog\/a-la-une\/mini-pc-quand-la-compacite-rime-avec-performance\/#respond\"]}]},{\"@type\":\"WebPage\",\"@id\":\"https:\/\/extremepc-fr.com\/blog\/a-la-une\/mini-pc-quand-la-compacite-rime-avec-performance\/\",\"url\":\"https:\/\/extremepc-fr.com\/blog\/a-la-une\/mini-pc-quand-la-compacite-rime-avec-performance\/\",\"name\":\"Mini-PC : Performance et Compacit\u00e9 \u00e0 Port\u00e9e de Main\",\"isPartOf\":{\"@id\":\"https:\/\/extremepc-fr.com\/blog\/#website\"},\"primaryImageOfPage\":{\"@id\":\"https:\/\/extremepc-fr.com\/blog\/a-la-une\/mini-pc-quand-la-compacite-rime-avec-performance\/#primaryimage\"},\"image\":{\"@id\":\"https:\/\/extremepc-fr.com\/blog\/a-la-une\/mini-pc-quand-la-compacite-rime-avec-performance\/#primaryimage\"},\"thumbnailUrl\":\"https:\/\/extremepc-fr.com\/blog\/wp-content\/uploads\/2024\/12\/Mini-PC-quand-la-compacite-rime-avec-performance-1.png\",\"datePublished\":\"2024-12-31T08:19:59+00:00\",\"description\":\"Dans un monde o\u00f9 l'espace de travail devient de plus en plus limit\u00e9, le choix d'un ordinateur ne se r\u00e9sume plus seulement \u00e0 la puissance, mais \u00e9galement\",\"inLanguage\":\"fr-FR\",\"potentialAction\":[{\"@type\":\"ReadAction\",\"target\":[\"https:\/\/extremepc-fr.com\/blog\/a-la-une\/mini-pc-quand-la-compacite-rime-avec-performance\/\"]}]},{\"@type\":\"ImageObject\",\"inLanguage\":\"fr-FR\",\"@id\":\"https:\/\/extremepc-fr.com\/blog\/a-la-une\/mini-pc-quand-la-compacite-rime-avec-performance\/#primaryimage\",\"url\":\"https:\/\/extremepc-fr.com\/blog\/wp-content\/uploads\/2024\/12\/Mini-PC-quand-la-compacite-rime-avec-performance-1.png\",\"contentUrl\":\"https:\/\/extremepc-fr.com\/blog\/wp-content\/uploads\/2024\/12\/Mini-PC-quand-la-compacite-rime-avec-performance-1.png\",\"width\":1344,\"height\":768,\"caption\":\"d\u00e9couvrez comment les mini-pc allient compacit\u00e9 et performance, offrant une solution id\u00e9ale pour ceux qui recherchent puissance et efficacit\u00e9 dans un format r\u00e9duit. explorez les meilleures options du march\u00e9 pour optimiser votre espace de travail ou de loisir.\"},{\"@type\":\"WebSite\",\"@id\":\"https:\/\/extremepc-fr.com\/blog\/#website\",\"url\":\"https:\/\/extremepc-fr.com\/blog\/\",\"name\":\"ExtremePC FR\",\"description\":\"ExtremePC FR, la performance num\u00e9rique d\u00e9cupl\u00e9e\",\"publisher\":{\"@id\":\"https:\/\/extremepc-fr.com\/blog\/#organization\"},\"alternateName\":\"ExtremePC FR, la performance num\u00e9rique d\u00e9cupl\u00e9e\",\"potentialAction\":[{\"@type\":\"SearchAction\",\"target\":{\"@type\":\"EntryPoint\",\"urlTemplate\":\"https:\/\/extremepc-fr.com\/blog\/?s={search_term_string}\"},\"query-input\":{\"@type\":\"PropertyValueSpecification\",\"valueRequired\":true,\"valueName\":\"search_term_string\"}}],\"inLanguage\":\"fr-FR\"},{\"@type\":\"Organization\",\"@id\":\"https:\/\/extremepc-fr.com\/blog\/#organization\",\"name\":\"ExtremePC FR\",\"url\":\"https:\/\/extremepc-fr.com\/blog\/\",\"logo\":{\"@type\":\"ImageObject\",\"inLanguage\":\"fr-FR\",\"@id\":\"https:\/\/extremepc-fr.com\/blog\/#\/schema\/logo\/image\/\",\"url\":\"https:\/\/extremepc-fr.com\/blog\/wp-content\/uploads\/2024\/12\/cropped-3.png\",\"contentUrl\":\"https:\/\/extremepc-fr.com\/blog\/wp-content\/uploads\/2024\/12\/cropped-3.png\",\"width\":282,\"height\":247,\"caption\":\"ExtremePC FR\"},\"image\":{\"@id\":\"https:\/\/extremepc-fr.com\/blog\/#\/schema\/logo\/image\/\"}},{\"@type\":\"Person\",\"@id\":\"https:\/\/extremepc-fr.com\/blog\/#\/schema\/person\/3c864cdc320801e3db34b663e7e3f816\",\"name\":\"Hugo Lambrecht\",\"image\":{\"@type\":\"ImageObject\",\"inLanguage\":\"fr-FR\",\"@id\":\"https:\/\/extremepc-fr.com\/blog\/#\/schema\/person\/image\/\",\"url\":\"https:\/\/extremepc-fr.com\/blog\/wp-content\/uploads\/2026\/06\/persona_hugo-l-96x96.jpg\",\"contentUrl\":\"https:\/\/extremepc-fr.com\/blog\/wp-content\/uploads\/2026\/06\/persona_hugo-l-96x96.jpg\",\"caption\":\"Hugo Lambrecht\"},\"description\":\"Geek assum\u00e9 et veilleur tech depuis plus de dix ans, je passe mes journ\u00e9es \u00e0 tester, comparer et expliquer le num\u00e9rique. Mes terrains favoris : les astuces high-tech du quotidien, la s\u00e9curit\u00e9 en ligne et les outils web, des VPN aux logiciels qui simplifient la vie. J'aime prendre un sujet r\u00e9put\u00e9 compliqu\u00e9 et le rendre limpide pour quelqu'un qui n'est pas d\u00e9veloppeur. Avant de recommander un produit ou un service, je le mets r\u00e9ellement \u00e0 l'\u00e9preuve, je v\u00e9rifie les versions et les tarifs en vigueur, et je signale les limites autant que les atouts. Je me m\u00e9fie des classements de complaisance : un comparatif n'a de valeur que si la m\u00e9thode est transparente. Mon fil rouge, c'est l'utilit\u00e9 concr\u00e8te : aider le lecteur \u00e0 mieux choisir, mieux configurer et mieux se prot\u00e9ger, sans tomber dans le jargon.\",\"sameAs\":[\"https:\/\/hugolambrecht.fr\/\"],\"url\":\"https:\/\/extremepc-fr.com\/blog\/auteur\/noname\/\"}]}<\/script>\n<!-- \/ Yoast SEO Premium plugin. -->","yoast_head_json":{"title":"Mini-PC : Performance et Compacit\u00e9 \u00e0 Port\u00e9e de Main","description":"Dans un monde o\u00f9 l'espace de travail devient de plus en plus limit\u00e9, le choix d'un ordinateur ne se r\u00e9sume plus seulement \u00e0 la puissance, mais \u00e9galement","robots":{"index":"index","follow":"follow","max-snippet":"max-snippet:-1","max-image-preview":"max-image-preview:large","max-video-preview":"max-video-preview:-1"},"canonical":"https:\/\/extremepc-fr.com\/blog\/a-la-une\/mini-pc-quand-la-compacite-rime-avec-performance\/","og_locale":"fr_FR","og_type":"article","og_title":"Mini-PC : Performance et Compacit\u00e9 \u00e0 Port\u00e9e de Main","og_description":"Dans un monde o\u00f9 l'espace de travail devient de plus en plus limit\u00e9, le choix d'un ordinateur ne se r\u00e9sume plus seulement \u00e0 la puissance, mais \u00e9galement","og_url":"https:\/\/extremepc-fr.com\/blog\/a-la-une\/mini-pc-quand-la-compacite-rime-avec-performance\/","og_site_name":"extremepc","og_image":[{"width":1344,"height":768,"url":"https:\/\/extremepc-fr.com\/blog\/wp-content\/uploads\/2024\/12\/Mini-PC-quand-la-compacite-rime-avec-performance-1.png","type":"image\/png"}],"author":"Hugo Lambrecht","twitter_card":"summary_large_image","schema":{"@context":"https:\/\/schema.org","@graph":[{"@type":"NewsArticle","@id":"https:\/\/extremepc-fr.com\/blog\/a-la-une\/mini-pc-quand-la-compacite-rime-avec-performance\/#article","isPartOf":{"@id":"https:\/\/extremepc-fr.com\/blog\/a-la-une\/mini-pc-quand-la-compacite-rime-avec-performance\/"},"author":{"name":"Hugo Lambrecht","@id":"https:\/\/extremepc-fr.com\/blog\/#\/schema\/person\/3c864cdc320801e3db34b663e7e3f816"},"headline":"Mini-PC : quand la compacit\u00e9 rime avec performance","datePublished":"2024-12-31T08:19:59+00:00","mainEntityOfPage":{"@id":"https:\/\/extremepc-fr.com\/blog\/a-la-une\/mini-pc-quand-la-compacite-rime-avec-performance\/"},"wordCount":1483,"commentCount":0,"publisher":{"@id":"https:\/\/extremepc-fr.com\/blog\/#organization"},"image":{"@id":"https:\/\/extremepc-fr.com\/blog\/a-la-une\/mini-pc-quand-la-compacite-rime-avec-performance\/#primaryimage"},"thumbnailUrl":"https:\/\/extremepc-fr.com\/blog\/wp-content\/uploads\/2024\/12\/Mini-PC-quand-la-compacite-rime-avec-performance-1.png","articleSection":["\u00c0 la une"],"inLanguage":"fr-FR","potentialAction":[{"@type":"CommentAction","name":"Comment","target":["https:\/\/extremepc-fr.com\/blog\/a-la-une\/mini-pc-quand-la-compacite-rime-avec-performance\/#respond"]}]},{"@type":"WebPage","@id":"https:\/\/extremepc-fr.com\/blog\/a-la-une\/mini-pc-quand-la-compacite-rime-avec-performance\/","url":"https:\/\/extremepc-fr.com\/blog\/a-la-une\/mini-pc-quand-la-compacite-rime-avec-performance\/","name":"Mini-PC : Performance et Compacit\u00e9 \u00e0 Port\u00e9e de Main","isPartOf":{"@id":"https:\/\/extremepc-fr.com\/blog\/#website"},"primaryImageOfPage":{"@id":"https:\/\/extremepc-fr.com\/blog\/a-la-une\/mini-pc-quand-la-compacite-rime-avec-performance\/#primaryimage"},"image":{"@id":"https:\/\/extremepc-fr.com\/blog\/a-la-une\/mini-pc-quand-la-compacite-rime-avec-performance\/#primaryimage"},"thumbnailUrl":"https:\/\/extremepc-fr.com\/blog\/wp-content\/uploads\/2024\/12\/Mini-PC-quand-la-compacite-rime-avec-performance-1.png","datePublished":"2024-12-31T08:19:59+00:00","description":"Dans un monde o\u00f9 l'espace de travail devient de plus en plus limit\u00e9, le choix d'un ordinateur ne se r\u00e9sume plus seulement \u00e0 la puissance, mais \u00e9galement","inLanguage":"fr-FR","potentialAction":[{"@type":"ReadAction","target":["https:\/\/extremepc-fr.com\/blog\/a-la-une\/mini-pc-quand-la-compacite-rime-avec-performance\/"]}]},{"@type":"ImageObject","inLanguage":"fr-FR","@id":"https:\/\/extremepc-fr.com\/blog\/a-la-une\/mini-pc-quand-la-compacite-rime-avec-performance\/#primaryimage","url":"https:\/\/extremepc-fr.com\/blog\/wp-content\/uploads\/2024\/12\/Mini-PC-quand-la-compacite-rime-avec-performance-1.png","contentUrl":"https:\/\/extremepc-fr.com\/blog\/wp-content\/uploads\/2024\/12\/Mini-PC-quand-la-compacite-rime-avec-performance-1.png","width":1344,"height":768,"caption":"d\u00e9couvrez comment les mini-pc allient compacit\u00e9 et performance, offrant une solution id\u00e9ale pour ceux qui recherchent puissance et efficacit\u00e9 dans un format r\u00e9duit. explorez les meilleures options du march\u00e9 pour optimiser votre espace de travail ou de loisir."},{"@type":"WebSite","@id":"https:\/\/extremepc-fr.com\/blog\/#website","url":"https:\/\/extremepc-fr.com\/blog\/","name":"ExtremePC FR","description":"ExtremePC FR, la performance num\u00e9rique d\u00e9cupl\u00e9e","publisher":{"@id":"https:\/\/extremepc-fr.com\/blog\/#organization"},"alternateName":"ExtremePC FR, la performance num\u00e9rique d\u00e9cupl\u00e9e","potentialAction":[{"@type":"SearchAction","target":{"@type":"EntryPoint","urlTemplate":"https:\/\/extremepc-fr.com\/blog\/?s={search_term_string}"},"query-input":{"@type":"PropertyValueSpecification","valueRequired":true,"valueName":"search_term_string"}}],"inLanguage":"fr-FR"},{"@type":"Organization","@id":"https:\/\/extremepc-fr.com\/blog\/#organization","name":"ExtremePC FR","url":"https:\/\/extremepc-fr.com\/blog\/","logo":{"@type":"ImageObject","inLanguage":"fr-FR","@id":"https:\/\/extremepc-fr.com\/blog\/#\/schema\/logo\/image\/","url":"https:\/\/extremepc-fr.com\/blog\/wp-content\/uploads\/2024\/12\/cropped-3.png","contentUrl":"https:\/\/extremepc-fr.com\/blog\/wp-content\/uploads\/2024\/12\/cropped-3.png","width":282,"height":247,"caption":"ExtremePC FR"},"image":{"@id":"https:\/\/extremepc-fr.com\/blog\/#\/schema\/logo\/image\/"}},{"@type":"Person","@id":"https:\/\/extremepc-fr.com\/blog\/#\/schema\/person\/3c864cdc320801e3db34b663e7e3f816","name":"Hugo Lambrecht","image":{"@type":"ImageObject","inLanguage":"fr-FR","@id":"https:\/\/extremepc-fr.com\/blog\/#\/schema\/person\/image\/","url":"https:\/\/extremepc-fr.com\/blog\/wp-content\/uploads\/2026\/06\/persona_hugo-l-96x96.jpg","contentUrl":"https:\/\/extremepc-fr.com\/blog\/wp-content\/uploads\/2026\/06\/persona_hugo-l-96x96.jpg","caption":"Hugo Lambrecht"},"description":"Geek assum\u00e9 et veilleur tech depuis plus de dix ans, je passe mes journ\u00e9es \u00e0 tester, comparer et expliquer le num\u00e9rique. Mes terrains favoris : les astuces high-tech du quotidien, la s\u00e9curit\u00e9 en ligne et les outils web, des VPN aux logiciels qui simplifient la vie. J'aime prendre un sujet r\u00e9put\u00e9 compliqu\u00e9 et le rendre limpide pour quelqu'un qui n'est pas d\u00e9veloppeur. Avant de recommander un produit ou un service, je le mets r\u00e9ellement \u00e0 l'\u00e9preuve, je v\u00e9rifie les versions et les tarifs en vigueur, et je signale les limites autant que les atouts. Je me m\u00e9fie des classements de complaisance : un comparatif n'a de valeur que si la m\u00e9thode est transparente. Mon fil rouge, c'est l'utilit\u00e9 concr\u00e8te : aider le lecteur \u00e0 mieux choisir, mieux configurer et mieux se prot\u00e9ger, sans tomber dans le jargon.","sameAs":["https:\/\/hugolambrecht.fr\/"],"url":"https:\/\/extremepc-fr.com\/blog\/auteur\/noname\/"}]}},"_links":{"self":[{"href":"https:\/\/extremepc-fr.com\/blog\/wp-json\/wp\/v2\/posts\/7386","targetHints":{"allow":["GET"]}}],"collection":[{"href":"https:\/\/extremepc-fr.com\/blog\/wp-json\/wp\/v2\/posts"}],"about":[{"href":"https:\/\/extremepc-fr.com\/blog\/wp-json\/wp\/v2\/types\/post"}],"author":[{"embeddable":true,"href":"https:\/\/extremepc-fr.com\/blog\/wp-json\/wp\/v2\/users\/34"}],"replies":[{"embeddable":true,"href":"https:\/\/extremepc-fr.com\/blog\/wp-json\/wp\/v2\/comments?post=7386"}],"version-history":[{"count":0,"href":"https:\/\/extremepc-fr.com\/blog\/wp-json\/wp\/v2\/posts\/7386\/revisions"}],"wp:featuredmedia":[{"embeddable":true,"href":"https:\/\/extremepc-fr.com\/blog\/wp-json\/wp\/v2\/media\/7387"}],"wp:attachment":[{"href":"https:\/\/extremepc-fr.com\/blog\/wp-json\/wp\/v2\/media?parent=7386"}],"wp:term":[{"taxonomy":"category","embeddable":true,"href":"https:\/\/extremepc-fr.com\/blog\/wp-json\/wp\/v2\/categories?post=7386"},{"taxonomy":"post_tag","embeddable":true,"href":"https:\/\/extremepc-fr.com\/blog\/wp-json\/wp\/v2\/tags?post=7386"}],"curies":[{"name":"wp","href":"https:\/\/api.w.org\/{rel}","templated":true}]}}