{"id":7383,"date":"2024-12-29T07:41:40","date_gmt":"2024-12-29T06:41:40","guid":{"rendered":"https:\/\/extremepc-fr.com\/blog\/a-la-une\/tout-savoir-sur-les-ordinateurs-portables-2-en-1\/"},"modified":"2024-12-29T07:41:40","modified_gmt":"2024-12-29T06:41:40","slug":"tout-savoir-sur-les-ordinateurs-portables-2-en-1","status":"publish","type":"post","link":"https:\/\/extremepc-fr.com\/blog\/a-la-une\/tout-savoir-sur-les-ordinateurs-portables-2-en-1\/","title":{"rendered":"Tout savoir sur les ordinateurs portables 2-en-1"},"content":{"rendered":"\n\n<p class=\"wp-block-paragraph\">Dans un monde o\u00f9 la <strong>mobilit\u00e9<\/strong> et la <strong>flexibilit\u00e9<\/strong> sont devenues des priorit\u00e9s absolues pour les utilisateurs, les ordinateurs portables 2-en-1 \u00e9mergent comme des solutions id\u00e9ales. Alliant la puissance d&rsquo;un <strong>ordinateur portable<\/strong> traditionnel et la maniabilit\u00e9 d&rsquo;une <strong>tablette<\/strong>, ces dispositifs r\u00e9volutionnaires s&rsquo;adaptent \u00e0 divers usages, que ce soit pour le <strong>travail<\/strong>, le <strong>divertissement<\/strong> ou la <strong>cr\u00e9ativit\u00e9<\/strong>. Ce type d&rsquo;appareil offre une exp\u00e9rience utilisateur enrichie, permettant de passer ais\u00e9ment d&rsquo;un mode \u00e0 l&rsquo;autre selon les besoins. Alors que la technologie continue de progresser \u00e0 un rythme effr\u00e9n\u00e9, il est crucial de comprendre les caract\u00e9ristiques qui font d&rsquo;un ordinateur portable 2-en-1 un choix pertinent. Dans cet article, nous explorerons les sp\u00e9cificit\u00e9s, les avantages et les crit\u00e8res \u00e0 consid\u00e9rer lors de l&rsquo;achat de ces appareils polyvalents.<\/p>\n\n\n\n<p class=\"wp-block-paragraph\">Si vous envisagez d&rsquo;acheter un <strong>ordinateur portable 2-en-1<\/strong>, vous faites un choix judicieux. Ces appareils combinent la fonctionnalit\u00e9 d&rsquo;un PC portable traditionnel avec la flexibilit\u00e9 d&rsquo;une tablette. Voici les caract\u00e9ristiques essentielles \u00e0 consid\u00e9rer lors de votre achat.<\/p>\n\n\n<h2 class=\"wp-block-heading\">1. Autonomie de la batterie<\/h2>\n\n\n<p class=\"wp-block-paragraph\">Un des grands avantages des ordinateurs portables 2-en-1 est leur <strong>autonomie<\/strong>. Ces appareils utilisent souvent des composants plus efficaces \u00e9nerg\u00e9tiquement, ce qui leur permet de fonctionner plus longtemps sur une seule charge par rapport aux ordinateurs portables classiques. Assurez-vous de v\u00e9rifier l&rsquo;autonomie annonc\u00e9e par le fabricant, en cherchant un mod\u00e8le qui offre au moins 8 \u00e0 10 heures d&rsquo;utilisation. Cela vous permettra de travailler sans avoir \u00e0 vous soucier de trouver une prise de courant.<\/p>\n\n\n<h2 class=\"wp-block-heading\">2. Performance<\/h2>\n\n\n<p class=\"wp-block-paragraph\">Pour une utilisation fluide au quotidien, optez pour un PC portable 2-en-1 \u00e9quip\u00e9 de processeurs de puissance suffisante, comme les <strong>Intel\u00ae Core\u2122<\/strong>. Ces processeurs garantissent des performances ad\u00e9quates pour diverses activit\u00e9s, que ce soit pour naviguer sur le web, regarder des vid\u00e9os ou jouer \u00e0 des jeux l\u00e9gers. Assurez-vous \u00e9galement de consid\u00e9rer la m\u00e9moire vive (RAM) ; un minimum de 8 Go est recommand\u00e9 pour une multit\u00e2che efficace.<\/p>\n\n\n<h2 class=\"wp-block-heading\">3. Taille de l&rsquo;\u00e9cran<\/h2>\n\n\n<p class=\"wp-block-paragraph\">Les <strong>\u00e9crans tactiles<\/strong> des ordinateurs portables 2-en-1 varient g\u00e9n\u00e9ralement de 11 \u00e0 15 pouces. Choisissez une taille qui correspond \u00e0 vos besoins : un \u00e9cran plus petit est id\u00e9al pour la portabilit\u00e9, tandis qu\u2019un \u00e9cran plus grand favorise le confort visuel pour le travail et les divertissements. Pensez \u00e0 la r\u00e9solution \u00e9galement ; un \u00e9cran Full HD est souvent pr\u00e9f\u00e9rable pour une meilleure qualit\u00e9 d&rsquo;image.<\/p>\n\n\n<h2 class=\"wp-block-heading\">4. Poids et portabilit\u00e9<\/h2>\n\n\n<p class=\"wp-block-paragraph\">Les PC portables 2-en-1 sont souvent plus l\u00e9gers que les ordinateurs portables traditionnels. Cette caract\u00e9ristique les rend faciles \u00e0 transporter, surtout si vous \u00eates en d\u00e9placement. Id\u00e9alement, recherchez un mod\u00e8le dont le poids est proche de celui d\u2019un <strong>ultrabook<\/strong> pour maximiser la portabilit\u00e9.<\/p>\n\n\n<h2 class=\"wp-block-heading\">5. Flexibilit\u00e9 et fonctionnalit\u00e9s<\/h2>\n\n\n<p class=\"wp-block-paragraph\">Un autre point fort des ordinateurs 2-en-1 est leur <strong>polyvalence<\/strong>. Ces appareils peuvent \u00eatre utilis\u00e9s en mode ordinateur portable, mais aussi en mode tablette. V\u00e9rifiez les m\u00e9canismes de rotation ou les charni\u00e8res ; un mod\u00e8le qui se plie \u00e0 360 degr\u00e9s peut offrir plus de flexibilit\u00e9 dans les diff\u00e9rents sc\u00e9narios d&rsquo;utilisation. De plus, certains mod\u00e8les incluent des caract\u00e9ristiques suppl\u00e9mentaires comme un stylet pour une prise de notes ou du dessin.<\/p>\n\n\n<h2 class=\"wp-block-heading\">6. Syst\u00e8me d&rsquo;exploitation<\/h2>\n\n\n<p class=\"wp-block-paragraph\">La plupart des ordinateurs portables 2-en-1 fonctionnent sous <strong>Windows<\/strong>, mais certains peuvent \u00e9galement fonctionner sous d&rsquo;autres syst\u00e8mes d&rsquo;exploitation comme Chrome OS. Choisissez en fonction de vos pr\u00e9f\u00e9rences et des applications que vous utilisez le plus. Windows, par exemple, offre une plus grande compatibilit\u00e9 avec des logiciels professionnels.<\/p>\n\n\n<h2 class=\"wp-block-heading\">7. Prix<\/h2>\n\n\n<p class=\"wp-block-paragraph\">Enfin, le budget est un facteur d\u00e9terminant. Les ordinateurs portables 2-en-1 sont disponibles dans une large gamme de prix. \u00c9valuez vos besoins et choisissez un appareil qui offre le meilleur rapport qualit\u00e9-prix. Parfois, un petit investissement suppl\u00e9mentaire peut valoir la peine si cela permet d&rsquo;obtenir de meilleures fonctionnalit\u00e9s et performances.<\/p>\n\n\n\n<h2 class=\"wp-block-heading\">1. Acer Spin 5<\/h2>\n\n\n<p class=\"wp-block-paragraph\"><strong>Performances :<\/strong> L&rsquo;Acer Spin 5 est \u00e9quip\u00e9 d&rsquo;un processeur Intel\u00ae Core\u2122 i5 de 11e g\u00e9n\u00e9ration, offrant des <strong>performances<\/strong> solides pour les t\u00e2ches quotidiennes et m\u00eame le <strong>gaming l\u00e9ger<\/strong>. Sa m\u00e9moire RAM de 16 Go garantit une ex\u00e9cution fluide des diff\u00e9rentes applications ouvertes.<\/p>\n\n\n<p class=\"wp-block-paragraph\"><strong>Avis des utilisateurs :<\/strong> Les utilisateurs appr\u00e9cient son <strong>\u00e9cran tactile<\/strong> lumineux de 13,5 pouces et sa conception l\u00e9g\u00e8re qui facilite le transport. Cependant, certains signalent une autonomie de batterie parfois insuffisante.<\/p>\n\n\n<p class=\"wp-block-paragraph\"><strong>R\u00e9sultats de tests :<\/strong> Dans des comparaisons de performance, le Spin 5 se situe au-dessus de la moyenne dans sa cat\u00e9gorie en termes de r\u00e9activit\u00e9 et d\u2019exp\u00e9rience utilisateur.<\/p>\n\n\n<h2 class=\"wp-block-heading\">2. Lenovo Yoga C740<\/h2>\n\n\n<p class=\"wp-block-paragraph\"><strong>Performances :<\/strong> Dot\u00e9 d&rsquo;un processeur Intel\u00ae Core\u2122 i7, le Lenovo Yoga C740 impressionne par sa rapidit\u00e9 et sa capacit\u00e9 \u00e0 g\u00e9rer plusieurs t\u00e2ches sans accrocs. Avec 16 Go de RAM et un SSD de 512 Go, il est \u00e9galement rapide \u00e0 charger.<\/p>\n\n\n<p class=\"wp-block-paragraph\"><strong>Avis des utilisateurs :<\/strong> Les utilisateurs louent la qualit\u00e9 de son <strong>\u00e9cran AMOLED<\/strong> et sa capacit\u00e9 \u00e0 se transformer facilement en mode tablette. Toutefois, de certains remettent en question l&#8217;emplacement de la webcam.<\/p>\n\n\n<p class=\"wp-block-paragraph\"><strong>R\u00e9sultats de tests :<\/strong> Les benchmarks montrent que le Yoga C740 excelle dans les tests de <strong>graphisme<\/strong>, ce qui le rend id\u00e9al pour les cr\u00e9atifs.<\/p>\n\n\n<h2 class=\"wp-block-heading\">3. Dell XPS 13 2-en-1<\/h2>\n\n\n<p class=\"wp-block-paragraph\"><strong>Performances :<\/strong> Le Dell XPS 13 allie \u00e9l\u00e9gance et puissance avec un processeur Intel\u00ae Core\u2122 de 10e g\u00e9n\u00e9ration et jusqu\u2019\u00e0 32 Go de RAM. Son SSD permet un acc\u00e8s rapide aux donn\u00e9es.<\/p>\n\n\n<p class=\"wp-block-paragraph\"><strong>Avis des utilisateurs :<\/strong> Tr\u00e8s appr\u00e9ci\u00e9 pour son design compact et son \u00e9cran presque sans bordures, il est souvent consid\u00e9r\u00e9 comme l&rsquo;un des meilleurs en termes de <strong>portabilit\u00e9<\/strong>. Cependant, certains utilisateurs trouvent le prix un peu \u00e9lev\u00e9.<\/p>\n\n\n<p class=\"wp-block-paragraph\"><strong>R\u00e9sultats de tests :<\/strong> Les tests r\u00e9v\u00e8lent qu&rsquo;il se comporte admirablement en multit\u00e2che, avec des performances graphiques de premier ordre, et une autonomie de batterie qui ravit les utilisateurs.<\/p>\n\n\n<h2 class=\"wp-block-heading\">4. HP Spectre x360<\/h2>\n\n\n<p class=\"wp-block-paragraph\"><strong>Performances :<\/strong> \u00c9quip\u00e9 d&rsquo;un Intel\u00ae Core\u2122 i7, le HP Spectre x360 propose des <strong>performances<\/strong> remarquables, avec une m\u00e9moire de 16 Go et un SSD de 1 To, parfait pour les utilisateurs exigeants.<\/p>\n\n\n<p class=\"wp-block-paragraph\"><strong>Avis des utilisateurs :<\/strong> Les utilisateurs saluent sa finition premium et sa flexibilit\u00e9 en mode tablette. Toutefois, la mont\u00e9e en temp\u00e9rature lors de lourdes t\u00e2ches a \u00e9t\u00e9 not\u00e9e.<\/p>\n\n\n<p class=\"wp-block-paragraph\"><strong>R\u00e9sultats de tests :<\/strong> Les \u00e9valuations sugg\u00e8rent que cet appareil est exceptionnel pour le <strong>travail cr\u00e9atif<\/strong>, gr\u00e2ce \u00e0 sa haute r\u00e9solution et ses capacit\u00e9s de traitement.<\/p>\n\n\n<h2 class=\"wp-block-heading\">5. Microsoft Surface Pro 7<\/h2>\n\n\n<p class=\"wp-block-paragraph\"><strong>Performances :<\/strong> \u00c9quilibrant puissance et mobilit\u00e9, elle embarque un processeur Intel\u00ae Core\u2122 i5 et peut aller jusqu&rsquo;\u00e0 16 Go de RAM. Les utilisateurs sont souvent impressionn\u00e9s par sa r\u00e9activit\u00e9.<\/p>\n\n\n<p class=\"wp-block-paragraph\"><strong>Avis des utilisateurs :<\/strong> La Surface Pro 7 est pris\u00e9e pour sa flexibilit\u00e9 et la qualit\u00e9 de son <strong>\u00e9cran tactile<\/strong>, bien que la dur\u00e9e de vie de la batterie ait \u00e9t\u00e9 critiqu\u00e9e par certains.<\/p>\n\n\n<p class=\"wp-block-paragraph\"><strong>R\u00e9sultats de tests :<\/strong> Les tests d\u00e9montrent qu\u2019elle est particuli\u00e8rement efficace pour le <strong>bureautique<\/strong> et les t\u00e2ches moins exigeantes, parfait pour les \u00e9tudiants et les professionnels en d\u00e9placement.<\/p>\n\n\n<p class=\"wp-block-paragraph\">Ces mod\u00e8les illustrent bien ce que les ordinateurs portables 2-en-1 peuvent offrir. Le choix d\u00e9pendra de vos besoins sp\u00e9cifiques, que ce soit pour un usage quotidien, des t\u00e2ches graphiques ou pour le travail cr\u00e9atif.<\/p>\n\n\n\n<h2 class=\"wp-block-heading\">Utilisation du mode tablette<\/h2>\n\n\n<p class=\"wp-block-paragraph\">        Le <strong>mode tablette<\/strong> est l&rsquo;un des principaux avantages des ordinateurs portables 2-en-1. Pour en tirer le meilleur parti, assurez-vous d&rsquo;activer cette fonctionnalit\u00e9 lorsque vous utilisez des applications tactiles. Cela permet une navigation plus fluide et intuitive. Pensez \u00e0 ajuster la luminosit\u00e9 de l&rsquo;\u00e9cran pour une meilleure visibilit\u00e9 en fonction de l&rsquo;\u00e9clairage ambiant.<\/p>\n\n\n<h2 class=\"wp-block-heading\">Gestion de la batterie<\/h2>\n\n\n<p class=\"wp-block-paragraph\">        La <strong>gestion de la batterie<\/strong> est cruciale pour maximiser l&rsquo;autonomie de votre appareil. Pour cela, r\u00e9duisez la luminosit\u00e9 de l&rsquo;\u00e9cran et fermez les applications inutilis\u00e9es. Utilisez \u00e9galement le mode d&rsquo;\u00e9conomie d&rsquo;\u00e9nergie lorsque vous savez que vous serez \u00e9loign\u00e9 d&rsquo;une source d&rsquo;alimentation. Surveillez les param\u00e8tres de votre syst\u00e8me pour identifier les applications qui consomment le plus d&rsquo;\u00e9nergie.<\/p>\n\n\n<h2 class=\"wp-block-heading\">Accessoires essentiels<\/h2>\n\n\n<p class=\"wp-block-paragraph\">        Pour am\u00e9liorer votre exp\u00e9rience utilisateur, pensez \u00e0 investir dans quelques <strong>accessoires essentiels<\/strong> comme un stylet ou un support ergonomique. Un stylet peut \u00eatre particuli\u00e8rement utile pour prendre des notes ou dessiner de mani\u00e8re pr\u00e9cise, tandis qu&rsquo;un support peut am\u00e9liorer votre posture pendant de longues sessions d&rsquo;utilisation.<\/p>\n\n\n<h2 class=\"wp-block-heading\">Raccourcis clavier<\/h2>\n\n\n<p class=\"wp-block-paragraph\">        Familiarisez-vous avec les <strong>raccourcis clavier<\/strong> pour naviguer plus rapidement sur votre appareil. Par exemple, des combinaisons comme <strong>Alt + Tab<\/strong> pour basculer entre les applications ou <strong>Windows + D<\/strong> pour acc\u00e9der rapidement au bureau peuvent grandement am\u00e9liorer votre efficacit\u00e9.<\/p>\n\n\n<h2 class=\"wp-block-heading\">Mises \u00e0 jour r\u00e9guli\u00e8res<\/h2>\n\n\n<p class=\"wp-block-paragraph\">        N&rsquo;oubliez pas de r\u00e9aliser des <strong>mises \u00e0 jour<\/strong> r\u00e9guli\u00e8res de votre syst\u00e8me d&rsquo;exploitation et de vos applications. Cela am\u00e9liorera non seulement la s\u00e9curit\u00e9 de votre appareil mais aussi ses performances. Activez les mises \u00e0 jour automatiques si possible, pour garantir que vous disposez toujours des derni\u00e8res am\u00e9liorations et corrections.<\/p>\n\n\n<h2 class=\"wp-block-heading\">Donn\u00e9es et sauvegardes<\/h2>\n\n\n<p class=\"wp-block-paragraph\">        Utiliser un ordinateur portable 2-en-1 implique souvent de g\u00e9rer de <strong>nombreuses donn\u00e9es<\/strong>. Assurez-vous de sauvegarder r\u00e9guli\u00e8rement vos fichiers sur un disque externe ou dans le cloud. Cela vous prot\u00e8gera contre les pertes de donn\u00e9es dues \u00e0 des pannes ou des erreurs syst\u00e8me.<\/p>\n\n\n<h2 class=\"wp-block-heading\">Personnalisation de l\u2019interface<\/h2>\n\n\n<p class=\"wp-block-paragraph\">        Profitez des options de <strong>personnalisation<\/strong> disponibles dans votre syst\u00e8me d&rsquo;exploitation. Organisez vos applications et fichiers selon vos pr\u00e9f\u00e9rences, et utilisez des fonds d&rsquo;\u00e9cran originaux pour rendre votre exp\u00e9rience plus agr\u00e9able. Modifier l&rsquo;interface selon vos besoins peut optimiser votre productivit\u00e9.<\/p>\n\n\n\n<p class=\"wp-block-paragraph\">Les <strong>ordinateurs portables 2-en-1<\/strong> connaissent une popularit\u00e9 croissante gr\u00e2ce \u00e0 leur <strong>polyvalence<\/strong> et leur capacit\u00e9 \u00e0 osciller entre les fonctions d&rsquo;un <strong>ordinateur traditionnel<\/strong> et celles d&rsquo;une <strong>tablette<\/strong>. Ce type d&rsquo;appareil est de plus en plus recherch\u00e9, en particulier par les professionnels, les \u00e9tudiants, et les utilisateurs en qu\u00eate de flexibilit\u00e9. Analysons donc les tendances actuelles et les innovations r\u00e9centes dans ce domaine.<\/p>\n\n\n<h2 class=\"wp-block-heading\">Une autonomie am\u00e9lior\u00e9e<\/h2>\n\n\n<p class=\"wp-block-paragraph\">Un des points forts des ordinateurs portables 2-en-1 r\u00e9side dans leur <strong>autonomie<\/strong> accrue. En utilisant des composants optimis\u00e9s, ces appareils surpassent souvent les ordinateurs portables classiques. Les avanc\u00e9es technologiques comme les <strong>processeurs Intel\u00ae Core\u2122<\/strong> garantissent non seulement une meilleure performance, mais aussi une gestion de l&rsquo;\u00e9nergie plus efficace, permettant ainsi de prolonger la dur\u00e9e de vie de la batterie.<\/p>\n\n\n<h2 class=\"wp-block-heading\">Conception l\u00e9g\u00e8re et ergonomique<\/h2>\n\n\n<p class=\"wp-block-paragraph\">Les <strong>PC portables 2-en-1<\/strong> sont souvent plus <strong>l\u00e9gers<\/strong> que les ordinateurs traditionnels, ce qui les rend id\u00e9aux pour ceux qui se d\u00e9placent fr\u00e9quemment. Leurs designs compacts et ergonomiques, ressemblant davantage \u00e0 des <strong>ultrabooks<\/strong> ou <strong>tablettes<\/strong>, facilitent leur transport, tout en offrant une exp\u00e9rience utilisateur agr\u00e9able.<\/p>\n\n\n<h2 class=\"wp-block-heading\">Int\u00e9gration de l&rsquo;\u00e9cran tactile<\/h2>\n\n\n<p class=\"wp-block-paragraph\">L&rsquo;ajout d&rsquo;<strong>\u00e9crans tactiles<\/strong> est une autre tendance marquante. Cette fonctionnalit\u00e9 permet une interactivit\u00e9 accrue, am\u00e9liorant la convivialit\u00e9 de l&rsquo;appareil. Les utilisateurs peuvent tirer parti non seulement des <strong>applications de productivit\u00e9<\/strong>, mais aussi des fonctionnalit\u00e9s de divertissement, telles que le jeu ou le visionnage de vid\u00e9os.<\/p>\n\n\n<h2 class=\"wp-block-heading\">Innovations r\u00e9centes<\/h2>\n\n\n<p class=\"wp-block-paragraph\">Parmi les r\u00e9centes innovations, les <strong>\u00e9crans pliables<\/strong> et les designs modulaires prennent de l&rsquo;ampleur. Ces technologies offrent encore plus de flexibilit\u00e9 d&rsquo;utilisation et ouvrent la voie \u00e0 de nouvelles fa\u00e7ons d&rsquo;interagir avec les appareils. En outre, certains mod\u00e8les r\u00e9cents int\u00e8grent des fonctionnalit\u00e9s avanc\u00e9es telles que la reconnaissance faciale et des capacit\u00e9s de <strong>connectivit\u00e9 5G<\/strong>, renfor\u00e7ant ainsi leur attrait.<\/p>\n\n\n<h2 class=\"wp-block-heading\">Pr\u00e9visions du march\u00e9<\/h2>\n\n\n<p class=\"wp-block-paragraph\">Le march\u00e9 des ordinateurs portables 2-en-1 devrait continuer \u00e0 se d\u00e9velopper dans les prochaines ann\u00e9es. La demande croissante de solutions <strong>hybrides<\/strong> et la recherche d&rsquo;appareils multifonctions contribuent \u00e0 la popularit\u00e9 de ces mod\u00e8les. D&rsquo;ici quelques ann\u00e9es, nous pourrions voir une int\u00e9gration encore plus pouss\u00e9e des technologies d&rsquo;intelligence artificielle dans le domaine des <strong>PC portables<\/strong>, rendant ces \u00e9quipements encore plus adaptatifs et performants.<\/p>\n\n\n<p class=\"wp-block-paragraph\">Avec tous ces \u00e9l\u00e9ments, il est \u00e9vident que les ordinateurs portables 2-en-1 ne sont pas seulement une mode passag\u00e8re, mais repr\u00e9sentent l&rsquo;avenir de l&rsquo;informatique portable. Leur combinaison unique de fonctionnalit\u00e9s et d&rsquo;innovations les rend de plus en plus incontournables sur le march\u00e9.<\/p>\n\n\n\n<p class=\"wp-block-paragraph\">Lorsqu&rsquo;il s&rsquo;agit de choisir un <strong>ordinateur portable 2-en-1<\/strong>, plusieurs crit\u00e8res importants doivent \u00eatre pris en compte. Tout d&rsquo;abord, la <strong>performance<\/strong> est essentielle ; optez pour un appareil dot\u00e9 d&rsquo;un bon processeur et d&rsquo;une RAM suffisante pour vos besoins. Ensuite, la <strong>taille de l&rsquo;\u00e9cran<\/strong> joue un r\u00f4le crucial dans l&rsquo;exp\u00e9rience utilisateur, surtout si vous pr\u00e9voyez de dessiner ou de travailler avec des documents. De plus, la <strong>dur\u00e9e de vie de la batterie<\/strong> est primordiale pour travailler en d\u00e9placement sans interruption. <br>La <strong>mobilit\u00e9<\/strong> et le poids de l&rsquo;appareil sont \u00e9galement des \u00e9l\u00e9ments \u00e0 prendre en compte, surtout si vous comptez transporter votre ordinateur souvent. Enfin, n&rsquo;oubliez pas de consid\u00e9rer les <strong>options de connectivit\u00e9<\/strong> et de <strong>portabilit\u00e9<\/strong>, car ces aspects peuvent influencer significativement votre exp\u00e9rience d&rsquo;utilisation. <br>Ces appareils polyvalents ne se contentent pas de remplir une fonction ; ils s&rsquo;adaptent \u00e0 votre style de vie et \u00e0 vos besoins quotidiens, que ce soit pour le travail, les loisirs ou la cr\u00e9ativit\u00e9. Les ordinateurs portables 2-en-1 repr\u00e9sentent une excellente solution pour ceux qui recherchent \u00e0 la fois <strong>flexibilit\u00e9<\/strong> et <strong>performance<\/strong>.<\/p>\n","protected":false},"excerpt":{"rendered":"","protected":false},"author":34,"featured_media":7517,"comment_status":"open","ping_status":"open","sticky":false,"template":"","format":"standard","meta":{"_acf_changed":false,"manual_indexmenow":false,"indexmenow_id_project":0,"footnotes":""},"categories":[1],"tags":[],"class_list":["post-7383","post","type-post","status-publish","format-standard","has-post-thumbnail","hentry","category-a-la-une","generate-columns","tablet-grid-50","mobile-grid-100","grid-parent","grid-25"],"acf":[],"yoast_head":"<!-- This site is optimized with the Yoast SEO Premium plugin v21.3 (Yoast SEO v25.6) - https:\/\/yoast.com\/wordpress\/plugins\/seo\/ -->\n<title>Ordinateurs portables 2-en-1 : entre portable et tablette<\/title>\n<meta name=\"description\" content=\"Dans un monde o\u00f9 la mobilit\u00e9 et la flexibilit\u00e9 sont devenues des priorit\u00e9s absolues pour les utilisateurs, les ordinateurs portables 2-en-1 \u00e9mergent\" \/>\n<meta name=\"robots\" content=\"index, follow, max-snippet:-1, max-image-preview:large, max-video-preview:-1\" \/>\n<link rel=\"canonical\" href=\"https:\/\/extremepc-fr.com\/blog\/a-la-une\/tout-savoir-sur-les-ordinateurs-portables-2-en-1\/\" \/>\n<meta property=\"og:locale\" content=\"fr_FR\" \/>\n<meta property=\"og:type\" content=\"article\" \/>\n<meta property=\"og:title\" content=\"Ordinateurs portables 2-en-1 : entre portable et tablette\" \/>\n<meta property=\"og:description\" content=\"Dans un monde o\u00f9 la mobilit\u00e9 et la flexibilit\u00e9 sont devenues des priorit\u00e9s absolues pour les utilisateurs, les ordinateurs portables 2-en-1 \u00e9mergent\" \/>\n<meta property=\"og:url\" content=\"https:\/\/extremepc-fr.com\/blog\/a-la-une\/tout-savoir-sur-les-ordinateurs-portables-2-en-1\/\" \/>\n<meta property=\"og:site_name\" content=\"extremepc\" \/>\n<meta property=\"og:image\" content=\"https:\/\/extremepc-fr.com\/blog\/wp-content\/uploads\/2025\/02\/sdxl-1f2c104bc8f94b5666f0f11ead778507.png\" \/>\n\t<meta property=\"og:image:width\" content=\"1536\" \/>\n\t<meta property=\"og:image:height\" content=\"640\" \/>\n\t<meta property=\"og:image:type\" content=\"image\/png\" \/>\n<meta name=\"author\" content=\"Hugo Lambrecht\" \/>\n<meta name=\"twitter:card\" content=\"summary_large_image\" \/>\n<script type=\"application\/ld+json\" class=\"yoast-schema-graph\">{\"@context\":\"https:\/\/schema.org\",\"@graph\":[{\"@type\":\"NewsArticle\",\"@id\":\"https:\/\/extremepc-fr.com\/blog\/a-la-une\/tout-savoir-sur-les-ordinateurs-portables-2-en-1\/#article\",\"isPartOf\":{\"@id\":\"https:\/\/extremepc-fr.com\/blog\/a-la-une\/tout-savoir-sur-les-ordinateurs-portables-2-en-1\/\"},\"author\":{\"name\":\"Hugo Lambrecht\",\"@id\":\"https:\/\/extremepc-fr.com\/blog\/#\/schema\/person\/3c864cdc320801e3db34b663e7e3f816\"},\"headline\":\"Tout savoir sur les ordinateurs portables 2-en-1\",\"datePublished\":\"2024-12-29T06:41:40+00:00\",\"mainEntityOfPage\":{\"@id\":\"https:\/\/extremepc-fr.com\/blog\/a-la-une\/tout-savoir-sur-les-ordinateurs-portables-2-en-1\/\"},\"wordCount\":2242,\"commentCount\":0,\"publisher\":{\"@id\":\"https:\/\/extremepc-fr.com\/blog\/#organization\"},\"image\":{\"@id\":\"https:\/\/extremepc-fr.com\/blog\/a-la-une\/tout-savoir-sur-les-ordinateurs-portables-2-en-1\/#primaryimage\"},\"thumbnailUrl\":\"https:\/\/extremepc-fr.com\/blog\/wp-content\/uploads\/2025\/02\/sdxl-1f2c104bc8f94b5666f0f11ead778507.png\",\"articleSection\":[\"\u00c0 la une\"],\"inLanguage\":\"fr-FR\",\"potentialAction\":[{\"@type\":\"CommentAction\",\"name\":\"Comment\",\"target\":[\"https:\/\/extremepc-fr.com\/blog\/a-la-une\/tout-savoir-sur-les-ordinateurs-portables-2-en-1\/#respond\"]}]},{\"@type\":\"WebPage\",\"@id\":\"https:\/\/extremepc-fr.com\/blog\/a-la-une\/tout-savoir-sur-les-ordinateurs-portables-2-en-1\/\",\"url\":\"https:\/\/extremepc-fr.com\/blog\/a-la-une\/tout-savoir-sur-les-ordinateurs-portables-2-en-1\/\",\"name\":\"Ordinateurs portables 2-en-1 : entre portable et tablette\",\"isPartOf\":{\"@id\":\"https:\/\/extremepc-fr.com\/blog\/#website\"},\"primaryImageOfPage\":{\"@id\":\"https:\/\/extremepc-fr.com\/blog\/a-la-une\/tout-savoir-sur-les-ordinateurs-portables-2-en-1\/#primaryimage\"},\"image\":{\"@id\":\"https:\/\/extremepc-fr.com\/blog\/a-la-une\/tout-savoir-sur-les-ordinateurs-portables-2-en-1\/#primaryimage\"},\"thumbnailUrl\":\"https:\/\/extremepc-fr.com\/blog\/wp-content\/uploads\/2025\/02\/sdxl-1f2c104bc8f94b5666f0f11ead778507.png\",\"datePublished\":\"2024-12-29T06:41:40+00:00\",\"description\":\"Dans un monde o\u00f9 la mobilit\u00e9 et la flexibilit\u00e9 sont devenues des priorit\u00e9s absolues pour les utilisateurs, les ordinateurs portables 2-en-1 \u00e9mergent\",\"inLanguage\":\"fr-FR\",\"potentialAction\":[{\"@type\":\"ReadAction\",\"target\":[\"https:\/\/extremepc-fr.com\/blog\/a-la-une\/tout-savoir-sur-les-ordinateurs-portables-2-en-1\/\"]}]},{\"@type\":\"ImageObject\",\"inLanguage\":\"fr-FR\",\"@id\":\"https:\/\/extremepc-fr.com\/blog\/a-la-une\/tout-savoir-sur-les-ordinateurs-portables-2-en-1\/#primaryimage\",\"url\":\"https:\/\/extremepc-fr.com\/blog\/wp-content\/uploads\/2025\/02\/sdxl-1f2c104bc8f94b5666f0f11ead778507.png\",\"contentUrl\":\"https:\/\/extremepc-fr.com\/blog\/wp-content\/uploads\/2025\/02\/sdxl-1f2c104bc8f94b5666f0f11ead778507.png\",\"width\":1536,\"height\":640},{\"@type\":\"WebSite\",\"@id\":\"https:\/\/extremepc-fr.com\/blog\/#website\",\"url\":\"https:\/\/extremepc-fr.com\/blog\/\",\"name\":\"ExtremePC FR\",\"description\":\"ExtremePC FR, la performance num\u00e9rique d\u00e9cupl\u00e9e\",\"publisher\":{\"@id\":\"https:\/\/extremepc-fr.com\/blog\/#organization\"},\"alternateName\":\"ExtremePC FR, la performance num\u00e9rique d\u00e9cupl\u00e9e\",\"potentialAction\":[{\"@type\":\"SearchAction\",\"target\":{\"@type\":\"EntryPoint\",\"urlTemplate\":\"https:\/\/extremepc-fr.com\/blog\/?s={search_term_string}\"},\"query-input\":{\"@type\":\"PropertyValueSpecification\",\"valueRequired\":true,\"valueName\":\"search_term_string\"}}],\"inLanguage\":\"fr-FR\"},{\"@type\":\"Organization\",\"@id\":\"https:\/\/extremepc-fr.com\/blog\/#organization\",\"name\":\"ExtremePC FR\",\"url\":\"https:\/\/extremepc-fr.com\/blog\/\",\"logo\":{\"@type\":\"ImageObject\",\"inLanguage\":\"fr-FR\",\"@id\":\"https:\/\/extremepc-fr.com\/blog\/#\/schema\/logo\/image\/\",\"url\":\"https:\/\/extremepc-fr.com\/blog\/wp-content\/uploads\/2024\/12\/cropped-3.png\",\"contentUrl\":\"https:\/\/extremepc-fr.com\/blog\/wp-content\/uploads\/2024\/12\/cropped-3.png\",\"width\":282,\"height\":247,\"caption\":\"ExtremePC FR\"},\"image\":{\"@id\":\"https:\/\/extremepc-fr.com\/blog\/#\/schema\/logo\/image\/\"}},{\"@type\":\"Person\",\"@id\":\"https:\/\/extremepc-fr.com\/blog\/#\/schema\/person\/3c864cdc320801e3db34b663e7e3f816\",\"name\":\"Hugo Lambrecht\",\"image\":{\"@type\":\"ImageObject\",\"inLanguage\":\"fr-FR\",\"@id\":\"https:\/\/extremepc-fr.com\/blog\/#\/schema\/person\/image\/\",\"url\":\"https:\/\/extremepc-fr.com\/blog\/wp-content\/uploads\/2026\/06\/persona_hugo-l-96x96.jpg\",\"contentUrl\":\"https:\/\/extremepc-fr.com\/blog\/wp-content\/uploads\/2026\/06\/persona_hugo-l-96x96.jpg\",\"caption\":\"Hugo Lambrecht\"},\"description\":\"Geek assum\u00e9 et veilleur tech depuis plus de dix ans, je passe mes journ\u00e9es \u00e0 tester, comparer et expliquer le num\u00e9rique. Mes terrains favoris : les astuces high-tech du quotidien, la s\u00e9curit\u00e9 en ligne et les outils web, des VPN aux logiciels qui simplifient la vie. J'aime prendre un sujet r\u00e9put\u00e9 compliqu\u00e9 et le rendre limpide pour quelqu'un qui n'est pas d\u00e9veloppeur. Avant de recommander un produit ou un service, je le mets r\u00e9ellement \u00e0 l'\u00e9preuve, je v\u00e9rifie les versions et les tarifs en vigueur, et je signale les limites autant que les atouts. Je me m\u00e9fie des classements de complaisance : un comparatif n'a de valeur que si la m\u00e9thode est transparente. Mon fil rouge, c'est l'utilit\u00e9 concr\u00e8te : aider le lecteur \u00e0 mieux choisir, mieux configurer et mieux se prot\u00e9ger, sans tomber dans le jargon.\",\"sameAs\":[\"https:\/\/hugolambrecht.fr\/\"],\"url\":\"https:\/\/extremepc-fr.com\/blog\/auteur\/noname\/\"}]}<\/script>\n<!-- \/ Yoast SEO Premium plugin. -->","yoast_head_json":{"title":"Ordinateurs portables 2-en-1 : entre portable et tablette","description":"Dans un monde o\u00f9 la mobilit\u00e9 et la flexibilit\u00e9 sont devenues des priorit\u00e9s absolues pour les utilisateurs, les ordinateurs portables 2-en-1 \u00e9mergent","robots":{"index":"index","follow":"follow","max-snippet":"max-snippet:-1","max-image-preview":"max-image-preview:large","max-video-preview":"max-video-preview:-1"},"canonical":"https:\/\/extremepc-fr.com\/blog\/a-la-une\/tout-savoir-sur-les-ordinateurs-portables-2-en-1\/","og_locale":"fr_FR","og_type":"article","og_title":"Ordinateurs portables 2-en-1 : entre portable et tablette","og_description":"Dans un monde o\u00f9 la mobilit\u00e9 et la flexibilit\u00e9 sont devenues des priorit\u00e9s absolues pour les utilisateurs, les ordinateurs portables 2-en-1 \u00e9mergent","og_url":"https:\/\/extremepc-fr.com\/blog\/a-la-une\/tout-savoir-sur-les-ordinateurs-portables-2-en-1\/","og_site_name":"extremepc","og_image":[{"width":1536,"height":640,"url":"https:\/\/extremepc-fr.com\/blog\/wp-content\/uploads\/2025\/02\/sdxl-1f2c104bc8f94b5666f0f11ead778507.png","type":"image\/png"}],"author":"Hugo Lambrecht","twitter_card":"summary_large_image","schema":{"@context":"https:\/\/schema.org","@graph":[{"@type":"NewsArticle","@id":"https:\/\/extremepc-fr.com\/blog\/a-la-une\/tout-savoir-sur-les-ordinateurs-portables-2-en-1\/#article","isPartOf":{"@id":"https:\/\/extremepc-fr.com\/blog\/a-la-une\/tout-savoir-sur-les-ordinateurs-portables-2-en-1\/"},"author":{"name":"Hugo Lambrecht","@id":"https:\/\/extremepc-fr.com\/blog\/#\/schema\/person\/3c864cdc320801e3db34b663e7e3f816"},"headline":"Tout savoir sur les ordinateurs portables 2-en-1","datePublished":"2024-12-29T06:41:40+00:00","mainEntityOfPage":{"@id":"https:\/\/extremepc-fr.com\/blog\/a-la-une\/tout-savoir-sur-les-ordinateurs-portables-2-en-1\/"},"wordCount":2242,"commentCount":0,"publisher":{"@id":"https:\/\/extremepc-fr.com\/blog\/#organization"},"image":{"@id":"https:\/\/extremepc-fr.com\/blog\/a-la-une\/tout-savoir-sur-les-ordinateurs-portables-2-en-1\/#primaryimage"},"thumbnailUrl":"https:\/\/extremepc-fr.com\/blog\/wp-content\/uploads\/2025\/02\/sdxl-1f2c104bc8f94b5666f0f11ead778507.png","articleSection":["\u00c0 la une"],"inLanguage":"fr-FR","potentialAction":[{"@type":"CommentAction","name":"Comment","target":["https:\/\/extremepc-fr.com\/blog\/a-la-une\/tout-savoir-sur-les-ordinateurs-portables-2-en-1\/#respond"]}]},{"@type":"WebPage","@id":"https:\/\/extremepc-fr.com\/blog\/a-la-une\/tout-savoir-sur-les-ordinateurs-portables-2-en-1\/","url":"https:\/\/extremepc-fr.com\/blog\/a-la-une\/tout-savoir-sur-les-ordinateurs-portables-2-en-1\/","name":"Ordinateurs portables 2-en-1 : entre portable et tablette","isPartOf":{"@id":"https:\/\/extremepc-fr.com\/blog\/#website"},"primaryImageOfPage":{"@id":"https:\/\/extremepc-fr.com\/blog\/a-la-une\/tout-savoir-sur-les-ordinateurs-portables-2-en-1\/#primaryimage"},"image":{"@id":"https:\/\/extremepc-fr.com\/blog\/a-la-une\/tout-savoir-sur-les-ordinateurs-portables-2-en-1\/#primaryimage"},"thumbnailUrl":"https:\/\/extremepc-fr.com\/blog\/wp-content\/uploads\/2025\/02\/sdxl-1f2c104bc8f94b5666f0f11ead778507.png","datePublished":"2024-12-29T06:41:40+00:00","description":"Dans un monde o\u00f9 la mobilit\u00e9 et la flexibilit\u00e9 sont devenues des priorit\u00e9s absolues pour les utilisateurs, les ordinateurs portables 2-en-1 \u00e9mergent","inLanguage":"fr-FR","potentialAction":[{"@type":"ReadAction","target":["https:\/\/extremepc-fr.com\/blog\/a-la-une\/tout-savoir-sur-les-ordinateurs-portables-2-en-1\/"]}]},{"@type":"ImageObject","inLanguage":"fr-FR","@id":"https:\/\/extremepc-fr.com\/blog\/a-la-une\/tout-savoir-sur-les-ordinateurs-portables-2-en-1\/#primaryimage","url":"https:\/\/extremepc-fr.com\/blog\/wp-content\/uploads\/2025\/02\/sdxl-1f2c104bc8f94b5666f0f11ead778507.png","contentUrl":"https:\/\/extremepc-fr.com\/blog\/wp-content\/uploads\/2025\/02\/sdxl-1f2c104bc8f94b5666f0f11ead778507.png","width":1536,"height":640},{"@type":"WebSite","@id":"https:\/\/extremepc-fr.com\/blog\/#website","url":"https:\/\/extremepc-fr.com\/blog\/","name":"ExtremePC FR","description":"ExtremePC FR, la performance num\u00e9rique d\u00e9cupl\u00e9e","publisher":{"@id":"https:\/\/extremepc-fr.com\/blog\/#organization"},"alternateName":"ExtremePC FR, la performance num\u00e9rique d\u00e9cupl\u00e9e","potentialAction":[{"@type":"SearchAction","target":{"@type":"EntryPoint","urlTemplate":"https:\/\/extremepc-fr.com\/blog\/?s={search_term_string}"},"query-input":{"@type":"PropertyValueSpecification","valueRequired":true,"valueName":"search_term_string"}}],"inLanguage":"fr-FR"},{"@type":"Organization","@id":"https:\/\/extremepc-fr.com\/blog\/#organization","name":"ExtremePC FR","url":"https:\/\/extremepc-fr.com\/blog\/","logo":{"@type":"ImageObject","inLanguage":"fr-FR","@id":"https:\/\/extremepc-fr.com\/blog\/#\/schema\/logo\/image\/","url":"https:\/\/extremepc-fr.com\/blog\/wp-content\/uploads\/2024\/12\/cropped-3.png","contentUrl":"https:\/\/extremepc-fr.com\/blog\/wp-content\/uploads\/2024\/12\/cropped-3.png","width":282,"height":247,"caption":"ExtremePC FR"},"image":{"@id":"https:\/\/extremepc-fr.com\/blog\/#\/schema\/logo\/image\/"}},{"@type":"Person","@id":"https:\/\/extremepc-fr.com\/blog\/#\/schema\/person\/3c864cdc320801e3db34b663e7e3f816","name":"Hugo Lambrecht","image":{"@type":"ImageObject","inLanguage":"fr-FR","@id":"https:\/\/extremepc-fr.com\/blog\/#\/schema\/person\/image\/","url":"https:\/\/extremepc-fr.com\/blog\/wp-content\/uploads\/2026\/06\/persona_hugo-l-96x96.jpg","contentUrl":"https:\/\/extremepc-fr.com\/blog\/wp-content\/uploads\/2026\/06\/persona_hugo-l-96x96.jpg","caption":"Hugo Lambrecht"},"description":"Geek assum\u00e9 et veilleur tech depuis plus de dix ans, je passe mes journ\u00e9es \u00e0 tester, comparer et expliquer le num\u00e9rique. Mes terrains favoris : les astuces high-tech du quotidien, la s\u00e9curit\u00e9 en ligne et les outils web, des VPN aux logiciels qui simplifient la vie. J'aime prendre un sujet r\u00e9put\u00e9 compliqu\u00e9 et le rendre limpide pour quelqu'un qui n'est pas d\u00e9veloppeur. Avant de recommander un produit ou un service, je le mets r\u00e9ellement \u00e0 l'\u00e9preuve, je v\u00e9rifie les versions et les tarifs en vigueur, et je signale les limites autant que les atouts. Je me m\u00e9fie des classements de complaisance : un comparatif n'a de valeur que si la m\u00e9thode est transparente. Mon fil rouge, c'est l'utilit\u00e9 concr\u00e8te : aider le lecteur \u00e0 mieux choisir, mieux configurer et mieux se prot\u00e9ger, sans tomber dans le jargon.","sameAs":["https:\/\/hugolambrecht.fr\/"],"url":"https:\/\/extremepc-fr.com\/blog\/auteur\/noname\/"}]}},"_links":{"self":[{"href":"https:\/\/extremepc-fr.com\/blog\/wp-json\/wp\/v2\/posts\/7383","targetHints":{"allow":["GET"]}}],"collection":[{"href":"https:\/\/extremepc-fr.com\/blog\/wp-json\/wp\/v2\/posts"}],"about":[{"href":"https:\/\/extremepc-fr.com\/blog\/wp-json\/wp\/v2\/types\/post"}],"author":[{"embeddable":true,"href":"https:\/\/extremepc-fr.com\/blog\/wp-json\/wp\/v2\/users\/34"}],"replies":[{"embeddable":true,"href":"https:\/\/extremepc-fr.com\/blog\/wp-json\/wp\/v2\/comments?post=7383"}],"version-history":[{"count":0,"href":"https:\/\/extremepc-fr.com\/blog\/wp-json\/wp\/v2\/posts\/7383\/revisions"}],"wp:featuredmedia":[{"embeddable":true,"href":"https:\/\/extremepc-fr.com\/blog\/wp-json\/wp\/v2\/media\/7517"}],"wp:attachment":[{"href":"https:\/\/extremepc-fr.com\/blog\/wp-json\/wp\/v2\/media?parent=7383"}],"wp:term":[{"taxonomy":"category","embeddable":true,"href":"https:\/\/extremepc-fr.com\/blog\/wp-json\/wp\/v2\/categories?post=7383"},{"taxonomy":"post_tag","embeddable":true,"href":"https:\/\/extremepc-fr.com\/blog\/wp-json\/wp\/v2\/tags?post=7383"}],"curies":[{"name":"wp","href":"https:\/\/api.w.org\/{rel}","templated":true}]}}