{"id":7381,"date":"2024-12-27T07:38:53","date_gmt":"2024-12-27T06:38:53","guid":{"rendered":"https:\/\/extremepc-fr.com\/blog\/a-la-une\/guide-comparatif-des-pc-portables-pour-professionnels\/"},"modified":"2024-12-27T07:38:53","modified_gmt":"2024-12-27T06:38:53","slug":"guide-comparatif-des-pc-portables-pour-professionnels","status":"publish","type":"post","link":"https:\/\/extremepc-fr.com\/blog\/a-la-une\/guide-comparatif-des-pc-portables-pour-professionnels\/","title":{"rendered":"Guide comparatif des PC portables pour professionnels"},"content":{"rendered":"\n\n<p class=\"wp-block-paragraph\">Dans un monde o\u00f9 l&rsquo;efficacit\u00e9 et la <strong>mobilit\u00e9<\/strong> sont essentielles, le choix d&rsquo;un PC portable adapt\u00e9 \u00e0 vos besoins professionnels est devenu un enjeu crucial. Les professionnels d&rsquo;aujourd&rsquo;hui, qu&rsquo;ils soient dans le secteur cr\u00e9atif, la finance ou le d\u00e9veloppement, ont besoin de dispositifs qui allient <strong>performance<\/strong>, <strong>fiabilit\u00e9<\/strong> et <strong>durabilit\u00e9<\/strong>. Ce guide comparatif vous permettra d&rsquo;explorer les meilleures options disponibles sur le march\u00e9, en tenant compte des caract\u00e9ristiques techniques, des sp\u00e9cifications et des usages sp\u00e9cifiques pour diff\u00e9rents m\u00e9tiers.<\/p>\n\n\n<p class=\"wp-block-paragraph\">Avec une multitude de mod\u00e8les et de marques, il peut \u00eatre difficile de s&rsquo;y retrouver. Savoir comment choisir un PC portable qui r\u00e9ponde \u00e0 des exigences telles que la <strong>performance graphique<\/strong>, l&rsquo;<strong>autonomie<\/strong> de la batterie et le <strong>confort d&rsquo;utilisation<\/strong> est essentiel pour maximiser votre productivit\u00e9. Les fonctionnalit\u00e9s innovantes comme les \u00e9crans tactiles, la connectivit\u00e9 avanc\u00e9e et les solutions de s\u00e9curit\u00e9 ne doivent pas \u00eatre n\u00e9glig\u00e9es. D\u00e9couvrez comment chaque crit\u00e8re peut influencer votre quotidien professionnel et vous aider \u00e0 faire le bon choix.<\/p>\n\n\n\n<h2 class=\"wp-block-heading\">Performance<\/h2>\n\n\n<p class=\"wp-block-paragraph\">La <strong>performance<\/strong> est cruciale pour un PC portable destin\u00e9 aux professionnels. Cela inclut le choix du <strong>processeur<\/strong>, de la <strong>m\u00e9moire RAM<\/strong> et de la <strong>carte graphique<\/strong>. Pour les t\u00e2ches exigeantes, optez pour un processeur de derni\u00e8re g\u00e9n\u00e9ration, au moins <strong>16 Go de RAM<\/strong> et une carte graphique d\u00e9di\u00e9e si vous travaillez avec des logiciels de design ou de montage vid\u00e9o.<\/p>\n\n\n<h2 class=\"wp-block-heading\">Autonomie<\/h2>\n\n\n<p class=\"wp-block-paragraph\">L&rsquo;<strong>autonomie<\/strong> de la batterie est un facteur d\u00e9terminant, surtout pour les professionnels souvent en d\u00e9placement. Cherchez des mod\u00e8les offrant au moins <strong>8 heures<\/strong> d&rsquo;autonomie. Cette dur\u00e9e permet de travailler toute la journ\u00e9e sans avoir \u00e0 se soucier de trouver une prise.<\/p>\n\n\n<h2 class=\"wp-block-heading\">Poids<\/h2>\n\n\n<p class=\"wp-block-paragraph\">Le <strong>poids<\/strong> de l&rsquo;ordinateur est \u00e9galement un crit\u00e8re important, particuli\u00e8rement pour les professionnels qui se d\u00e9placent fr\u00e9quemment. Un poids l\u00e9ger, autour de <strong>1,5 kg<\/strong>, facilite le transport. Privil\u00e9giez les ordinateurs ultrafins pour le confort durant vos d\u00e9placements.<\/p>\n\n\n<h2 class=\"wp-block-heading\">Fonctionnalit\u00e9s sp\u00e9cifiques<\/h2>\n\n\n<p class=\"wp-block-paragraph\">Consid\u00e9rez les <strong>fonctionnalit\u00e9s sp\u00e9cifiques<\/strong> qui peuvent r\u00e9pondre \u00e0 vos besoins. Cela peut inclure un <strong>\u00e9cran tactile<\/strong>, un <strong>clavier r\u00e9tro\u00e9clair\u00e9<\/strong>, ou encore une <strong>connectivit\u00e9 avanc\u00e9e<\/strong> (Thunderbolt, HDMI, USB-C). La pr\u00e9sence d&rsquo;un <strong>lecteur d&#8217;empreintes digitales<\/strong> ou d&rsquo;une <strong>cam\u00e9ra s\u00e9curis\u00e9e<\/strong> peut \u00e9galement \u00eatre un atout pour la protection de vos donn\u00e9es.<\/p>\n\n\n<h2 class=\"wp-block-heading\">Qualit\u00e9 de l&rsquo;\u00e9cran<\/h2>\n\n\n<p class=\"wp-block-paragraph\">La <strong>qualit\u00e9 de l&rsquo;\u00e9cran<\/strong> est essentielle, surtout pour des t\u00e2ches graphiques. Optez pour un \u00e9cran avec une bonne r\u00e9solution (id\u00e9alement <strong>Full HD<\/strong> ou sup\u00e9rieure) et une <strong>technologie d&rsquo;affichage<\/strong> qui minimise la fatigue oculaire. V\u00e9rifiez aussi les angles de vision et la luminosit\u00e9 pour un usage ext\u00e9rieur.<\/p>\n\n\n<h2 class=\"wp-block-heading\">Stockage<\/h2>\n\n\n<p class=\"wp-block-paragraph\">Le choix du <strong>stockage<\/strong> doit correspondre \u00e0 l&rsquo;utilisation pr\u00e9vue. Les <strong>disques SSD<\/strong> sont privil\u00e9gi\u00e9s pour leur rapidit\u00e9 et leur durabilit\u00e9 par rapport aux <strong>disques durs classiques<\/strong>. Un stockage d&rsquo;au moins <strong>512 Go<\/strong> est recommand\u00e9 pour les professionnels qui g\u00e8rent de grandes quantit\u00e9s de donn\u00e9es.<\/p>\n\n\n<h2 class=\"wp-block-heading\">Service apr\u00e8s-vente et garantie<\/h2>\n\n\n<p class=\"wp-block-paragraph\">Enfin, ne n\u00e9gligez pas le <strong>service apr\u00e8s-vente<\/strong> et la <strong>garantie<\/strong>. Un bon support technique et une garantie prolong\u00e9e peuvent s&rsquo;av\u00e9rer tr\u00e8s b\u00e9n\u00e9fiques en cas de probl\u00e8mes techniques. V\u00e9rifiez \u00e9galement les options d&rsquo;extension de garantie, surtout pour des achats professionnels.<\/p>\n\n\n\n<h2 class=\"wp-block-heading\">1. Lenovo ThinkPad X1 Carbon<\/h2>\n\n\n<p class=\"wp-block-paragraph\"><strong>Avantages :<\/strong><\/p>\n\n\n<ul class=\"wp-block-list\">\n\n<li><strong>Performance :<\/strong> \u00c9quip\u00e9 d&rsquo;un processeur Intel Core i7, id\u00e9al pour le multit\u00e2che et les t\u00e2ches intensives.<\/li>\n\n\n<li><strong>Durabilit\u00e9 :<\/strong> Construit avec des mat\u00e9riaux robustes, con\u00e7u pour r\u00e9sister \u00e0 des conditions de travail rigoureuses.<\/li>\n\n\n<li><strong>Clavier :<\/strong> Reconnu pour son confort, ce qui est essentiel pour les longues sessions de saisie.<\/li>\n\n<\/ul>\n\n\n<p class=\"wp-block-paragraph\"><strong>Inconv\u00e9nients :<\/strong><\/p>\n\n\n<ul class=\"wp-block-list\">\n\n<li><strong>Prix :<\/strong> Positionn\u00e9 dans la fourchette haute, un investissement significatif pour certains.<\/li>\n\n\n<li><strong>Poids :<\/strong> Malgr\u00e9 sa finesse, il peut \u00eatre un peu lourd pour un usage mobile constant.<\/li>\n\n<\/ul>\n\n\n<h2 class=\"wp-block-heading\">2. Dell Latitude 5520<\/h2>\n\n\n<p class=\"wp-block-paragraph\"><strong>Avantages :<\/strong><\/p>\n\n\n<ul class=\"wp-block-list\">\n\n<li><strong>Performance :<\/strong> Processeur Intel Core i7, performances solides pour les applications professionnelles.<\/li>\n\n\n<li><strong>S\u00e9curit\u00e9 :<\/strong> Fonctionnalit\u00e9s avanc\u00e9es de s\u00e9curit\u00e9 int\u00e9gr\u00e9es, id\u00e9ales pour les entreprises.<\/li>\n\n\n<li><strong>Connectivit\u00e9 :<\/strong> Bonnes options de connectivit\u00e9, avec des ports vari\u00e9s pour diff\u00e9rents appareils.<\/li>\n\n<\/ul>\n\n\n<p class=\"wp-block-paragraph\"><strong>Inconv\u00e9nients :<\/strong><\/p>\n\n\n<ul class=\"wp-block-list\">\n\n<li><strong>Esth\u00e9tique :<\/strong> Design classique, qui peut sembler moins moderne par rapport \u00e0 d&rsquo;autres mod\u00e8les.<\/li>\n\n\n<li><strong>Poids :<\/strong> L\u00e9ger davantage, il peut \u00eatre moins pratique \u00e0 transporter fr\u00e9quemment.<\/li>\n\n<\/ul>\n\n\n<h2 class=\"wp-block-heading\">3. HP EliteBook 840 G9<\/h2>\n\n\n<p class=\"wp-block-paragraph\"><strong>Avantages :<\/strong><\/p>\n\n\n<ul class=\"wp-block-list\">\n\n<li><strong>Performance :<\/strong> Prend en charge les t\u00e2ches exigeantes gr\u00e2ce \u00e0 son processeur AMD Ryzen 7.<\/li>\n\n\n<li><strong>\u00c9cran :<\/strong> Excellente qualit\u00e9 d&rsquo;affichage, id\u00e9ale pour le traitement d&rsquo;images et la production de contenu.<\/li>\n\n\n<li><strong>Confort d&rsquo;utilisation :<\/strong> Design ergonomique, facile \u00e0 utiliser sur de longues p\u00e9riodes.<\/li>\n\n<\/ul>\n\n\n<p class=\"wp-block-paragraph\"><strong>Inconv\u00e9nients :<\/strong><\/p>\n\n\n<ul class=\"wp-block-list\">\n\n<li><strong>Co\u00fbt :<\/strong> Mod\u00e8le premium avec un prix qui peut ne pas convenir \u00e0 tous les budgets.<\/li>\n\n\n<li><strong>Durabilit\u00e9 :<\/strong> Bien que solide, certains utilisateurs rapportent des probl\u00e8mes de flexion du ch\u00e2ssis.<\/li>\n\n<\/ul>\n\n\n<h2 class=\"wp-block-heading\">4. Apple MacBook Pro (M3 Pro)<\/h2>\n\n\n<p class=\"wp-block-paragraph\"><strong>Avantages :<\/strong><\/p>\n\n\n<ul class=\"wp-block-list\">\n\n<li><strong>Performance :<\/strong> Processeurs M3 Pro, offrant des performances in\u00e9gal\u00e9es pour le traitement graphique et audio.<\/li>\n\n\n<li><strong>\u00c9cosyst\u00e8me :<\/strong> Int\u00e9gration fluide avec d&rsquo;autres produits Apple, id\u00e9al pour les utilisateurs de l&rsquo;\u00e9cosyst\u00e8me Apple.<\/li>\n\n\n<li><strong>Autonomie :<\/strong> Excellente autonomie de la batterie, permettant de travailler toute la journ\u00e9e sans recharge.<\/li>\n\n<\/ul>\n\n\n<p class=\"wp-block-paragraph\"><strong>Inconv\u00e9nients :<\/strong><\/p>\n\n\n<ul class=\"wp-block-list\">\n\n<li><strong>Prix :<\/strong> L&rsquo;un des mod\u00e8les les plus chers du march\u00e9, ce qui peut \u00eatre un frein pour certains utilisateurs.<\/li>\n\n\n<li><strong>Compatibilit\u00e9 :<\/strong> Logiciels sp\u00e9cifiques \u00e0 Windows peuvent ne pas fonctionner sans logiciels tiers.<\/li>\n\n<\/ul>\n\n\n<h2 class=\"wp-block-heading\">5. Asus ZenBook Pro Duo<\/h2>\n\n\n<p class=\"wp-block-paragraph\"><strong>Avantages :<\/strong><\/p>\n\n\n<ul class=\"wp-block-list\">\n\n<li><strong>Innovation :<\/strong> \u00c9cran secondaire qui am\u00e9liore la productivit\u00e9 pour les graphistes et les cr\u00e9ateurs de contenu.<\/li>\n\n\n<li><strong>Performances :<\/strong> Processeur Intel Core i7 et GPU d\u00e9di\u00e9 pour des performances graphiques impressionnantes.<\/li>\n\n\n<li><strong>Design :<\/strong> \u00c9l\u00e9gant et moderne, attirant le regard dans n&rsquo;importe quel contexte professionnel.<\/li>\n\n<\/ul>\n\n\n<p class=\"wp-block-paragraph\"><strong>Inconv\u00e9nients :<\/strong><\/p>\n\n\n<ul class=\"wp-block-list\">\n\n<li><strong>Poids :<\/strong> Relativement lourd en raison de sa conception \u00e0 double \u00e9cran, moins portable.<\/li>\n\n\n<li><strong>Prix :<\/strong> Co\u00fbt \u00e9lev\u00e9 associ\u00e9 \u00e0 ses fonctionnalit\u00e9s avanc\u00e9es, inaccessible pour certains budgets.<\/li>\n\n<\/ul>\n\n\n\n<h2 class=\"wp-block-heading\">Performances des Mod\u00e8les Test\u00e9s<\/h2>\n\n\n<p class=\"wp-block-paragraph\">Dans le cadre de l&rsquo;\u00e9valuation des <strong>PC portables professionnels<\/strong>, plusieurs mod\u00e8les ont \u00e9t\u00e9 soumis \u00e0 des tests de performances rigoureux. Voici un aper\u00e7u des r\u00e9sultats obtenus ainsi que les retours d&rsquo;utilisateurs.<\/p>\n\n\n<h3 class=\"wp-block-heading\">1. Lenovo ThinkPad X1 Carbon<\/h3>\n\n\n<p class=\"wp-block-paragraph\">Ce mod\u00e8le est connu pour sa robustesse et ses performances exceptionnelles similaires \u00e0 celles d&rsquo;un ordinateur de bureau. Les benchmarks montrent un score de <strong>5200 points<\/strong> sur Cinebench R20, ce qui est impressionnant pour un ultrabook. Les utilisateurs mettent en avant sa <strong>durabilit\u00e9<\/strong> et son <strong>autonomie<\/strong> de plus de 15 heures.<\/p>\n\n\n<h3 class=\"wp-block-heading\">2. Dell Latitude 5500<\/h3>\n\n\n<p class=\"wp-block-paragraph\">\u00c9quip\u00e9 d&rsquo;un processeur <strong>Intel Core i7<\/strong>, ce PC affiche une capacit\u00e9 de traitement de <strong>1315 points<\/strong> sur le test PassMark, ce qui le rend id\u00e9al pour le <strong>multit\u00e2che<\/strong>. Les avis soulignent aussi la qualit\u00e9 de son clavier, parfait pour de longues sessions de travail.<\/p>\n\n\n<h3 class=\"wp-block-heading\">3. HP EliteBook 850 G7<\/h3>\n\n\n<p class=\"wp-block-paragraph\">Ce mod\u00e8le a obtenu un score de <strong>4386 points<\/strong> sur les tests de performance 3D Mark, ce qui le rend adapt\u00e9 pour les t\u00e2ches de <strong>traitement d&rsquo;image<\/strong>. Les utilisateurs appr\u00e9cient sa l\u00e9g\u00e8ret\u00e9 et son design \u00e9l\u00e9gant, bien que certains notent une ventilation insuffisante lors de charge intensive.<\/p>\n\n\n<h3 class=\"wp-block-heading\">4. Apple MacBook Pro (M3 Pro)<\/h3>\n\n\n<p class=\"wp-block-paragraph\">Le MacBook Pro a particuli\u00e8rement brill\u00e9 dans les tests graphiques avec un score de <strong>11500 points<\/strong> sur Geekbench 5. Ses performances en cr\u00e9ation de contenu multim\u00e9dia sont largement reconnues par les professionnels, confirmant ainsi sa position de <strong>leader<\/strong> dans la cat\u00e9gorie des ordinateurs portables pour les cr\u00e9ateurs.<\/p>\n\n\n<h2 class=\"wp-block-heading\">Avis d&rsquo;Utilisateurs<\/h2>\n\n\n<p class=\"wp-block-paragraph\">Les retours des utilisateurs jouent un r\u00f4le crucial dans la s\u00e9lection d&rsquo;un <strong>PC portable<\/strong>. De nombreux professionnels soulignent la <strong>fiabilit\u00e9<\/strong> et la <strong>performance<\/strong> des mod\u00e8les Lenovo et Dell, tandis que les utilisateurs de HP appr\u00e9cient surtout l&rsquo;ergonomie et le service client.<\/p>\n\n\n<p class=\"wp-block-paragraph\">En ce qui concerne les <strong>MacBook<\/strong>, les avis sont extr\u00eamement positifs, notamment pour les graphistes et les professionnels de la vid\u00e9o, bien que le prix reste un facteur limitant pour certains.<\/p>\n\n\n<p class=\"wp-block-paragraph\">En r\u00e9sum\u00e9, les r\u00e9sultats des tests de performance et les avis des utilisateurs confirment que le choix d\u2019un <strong>PC portable professionnel<\/strong> doit \u00eatre bas\u00e9 sur des besoins sp\u00e9cifiques, qu&rsquo;il s&rsquo;agisse de <strong>cr\u00e9ation de contenu<\/strong>, de <strong>multit\u00e2che<\/strong> ou de <strong>mobilit\u00e9<\/strong>.<\/p>\n\n\n\n<p class=\"wp-block-paragraph\">Pour les professionnels \u00e0 la recherche d&rsquo;un <strong>PC portable<\/strong>, il est essentiel de prendre en compte plusieurs crit\u00e8res afin de faire un choix \u00e9clair\u00e9. Voici quelques conseils pratiques :<\/p>\n\n\n<h2 class=\"wp-block-heading\">P\u00e9riodes de soldes<\/h2>\n\n\n<p class=\"wp-block-paragraph\">Les p\u00e9riodes de <strong>soldes<\/strong> repr\u00e9sentent une excellente occasion pour acqu\u00e9rir un PC portable \u00e0 un prix r\u00e9duit. Les moments cl\u00e9s incluent :<\/p>\n\n\n<ul class=\"wp-block-list\">\n\n<li><strong>Black Friday<\/strong> : En novembre, de nombreux d\u00e9taillants proposent des remises attractives.<\/li>\n\n\n<li><strong>Soldes d\u2019hiver<\/strong> et <strong>soldes d\u2019\u00e9t\u00e9<\/strong> : Ces p\u00e9riodes offrent \u00e9galement de bonnes affaires.<\/li>\n\n\n<li><strong>Amazon Prime Day<\/strong> : Un \u00e9v\u00e9nement annuel o\u00f9 des r\u00e9ductions sont appliqu\u00e9es sur une vari\u00e9t\u00e9 de produits, y compris les ordinateurs.<\/li>\n\n<\/ul>\n\n\n<h2 class=\"wp-block-heading\">O\u00f9 acheter<\/h2>\n\n\n<p class=\"wp-block-paragraph\">Diff\u00e9rents <strong>points de vente<\/strong> offrent des opportunit\u00e9s d&rsquo;achat int\u00e9ressantes :<\/p>\n\n\n<ul class=\"wp-block-list\">\n\n<li><strong>Magasins physiques<\/strong> : Visitez les grands d\u00e9taillants d&rsquo;\u00e9lectronique pour voir les mod\u00e8les en personne et obtenir des conseils.<\/li>\n\n\n<li><strong>Sites de e-commerce<\/strong> : Les plateformes comme Amazon, LDLC ou Cdiscount proposent une vaste s\u00e9lection avec souvent des critiques clients.<\/li>\n\n\n<li><strong>Fabricants directs<\/strong> : Acheter directement sur les sites des fabricants peut offrir des promotions exclusives.<\/li>\n\n<\/ul>\n\n\n<h2 class=\"wp-block-heading\">\u00c9l\u00e9ments \u00e0 v\u00e9rifier avant l&rsquo;achat<\/h2>\n\n\n<p class=\"wp-block-paragraph\">Avant d&rsquo;acheter un PC portable, v\u00e9rifiez les \u00e9l\u00e9ments suivants :<\/p>\n\n\n<ul class=\"wp-block-list\">\n\n<li><strong>Processeur<\/strong> : Choisissez un mod\u00e8le avec un processeur adapt\u00e9 \u00e0 vos t\u00e2ches (i5 ou i7 pour une utilisation professionnelle).<\/li>\n\n\n<li><strong>RAM<\/strong> : Un minimum de <strong>8 Go<\/strong> est recommand\u00e9 pour une utilisation fluide, surtout avec des applications lourdes.<\/li>\n\n\n<li><strong>Stockage<\/strong> : Privil\u00e9giez un disque SSD pour des performances accrues, avec au moins <strong>256 Go<\/strong> de capacit\u00e9.<\/li>\n\n\n<li><strong>Taille et poids<\/strong> : Choisissez un mod\u00e8le l\u00e9ger et compact pour faciliter les d\u00e9placements.<\/li>\n\n\n<li><strong>Autonomie de la batterie<\/strong> : V\u00e9rifiez l&rsquo;autonomie annonc\u00e9e pour \u00e9viter de devoir recharger fr\u00e9quemment.<\/li>\n\n\n<li><strong>Garantie<\/strong> : Assurez-vous qu&rsquo;une garantie d&rsquo;au moins un an est disponible pour prot\u00e9ger votre investissement.<\/li>\n\n<\/ul>\n\n\n\n<p class=\"wp-block-paragraph\">Dans le choix d&rsquo;un <strong>PC portable<\/strong> pour professionnels, plusieurs crit\u00e8res doivent \u00eatre pris en compte. Parmi ces crit\u00e8res, nous avons abord\u00e9 la <strong>performance<\/strong> du processeur, qui est cruciale pour garantir une utilisation fluide des applications. La <strong>m\u00e9moire vive<\/strong> (RAM) est \u00e9galement d\u00e9terminante, surtout pour ceux qui ex\u00e9cutent des t\u00e2ches lourdes comme le montage vid\u00e9o ou le traitement de donn\u00e9es.<\/p>\n\n\n<p class=\"wp-block-paragraph\">Ensuite, la <strong>qualit\u00e9 de l&rsquo;\u00e9cran<\/strong>, qu&rsquo;il soit tactile ou non, influe sur l&rsquo;exp\u00e9rience utilisateur. La r\u00e9solution et le type de dalle (IPS, OLED) sont des \u00e9l\u00e9ments \u00e0 consid\u00e9rer pour un confort visuel optimal. L&rsquo;autonomie de la batterie est un autre point essentiel, surtout pour les professionnels qui se d\u00e9placent r\u00e9guli\u00e8rement.<\/p>\n\n\n<p class=\"wp-block-paragraph\">Enfin, ne pas n\u00e9gliger la <strong>portabilit\u00e9<\/strong> et le poids de l&rsquo;ordinateur est crucial pour un usage en mobilit\u00e9. La <strong>connectivit\u00e9<\/strong> (ports USB, HDMI, etc.) et la <strong>s\u00e9curit\u00e9<\/strong> (lecteur d&#8217;empreintes, puce TPM) sont aussi des aspects importants pour les professionnels. En tenant compte de tous ces \u00e9l\u00e9ments, il devient plus facile de choisir un ordinateur qui r\u00e9pondra parfaitement aux <strong>besoins sp\u00e9cifiques<\/strong> de chaque utilisateur.<\/p>\n\n\n<figure class=\"wp-block-embed is-type-video is-provider-youtube wp-block-embed-youtube wp-embed-aspect-16-9 wp-has-aspect-ratio\">\n<div class=\"wp-block-embed__wrapper\">\n<iframe loading=\"lazy\" title=\"TOP 5 PC PORTABLE DE PROGRAMMATION ET ORDINATEUR POUR LES \u00c9TUDIANTS ING\u00c9NIEURS...\" width=\"1200\" height=\"675\" src=\"https:\/\/www.youtube.com\/embed\/jOS6ZwKoBkE?feature=oembed\" frameborder=\"0\" allow=\"accelerometer; autoplay; clipboard-write; encrypted-media; gyroscope; picture-in-picture; web-share\" referrerpolicy=\"strict-origin-when-cross-origin\" allowfullscreen><\/iframe>\n<\/div>\n<\/figure>\n","protected":false},"excerpt":{"rendered":"","protected":false},"author":34,"featured_media":7522,"comment_status":"open","ping_status":"open","sticky":false,"template":"","format":"standard","meta":{"_acf_changed":false,"manual_indexmenow":false,"indexmenow_id_project":0,"footnotes":""},"categories":[1],"tags":[],"class_list":["post-7381","post","type-post","status-publish","format-standard","has-post-thumbnail","hentry","category-a-la-une","generate-columns","tablet-grid-50","mobile-grid-100","grid-parent","grid-25"],"acf":[],"yoast_head":"<!-- This site is optimized with the Yoast SEO Premium plugin v21.3 (Yoast SEO v25.6) - https:\/\/yoast.com\/wordpress\/plugins\/seo\/ -->\n<title>Choisir le PC portable id\u00e9al pour les professionnels<\/title>\n<meta name=\"description\" content=\"Dans un monde o\u00f9 l&#039;efficacit\u00e9 et la mobilit\u00e9 sont essentielles, le choix d&#039;un PC portable adapt\u00e9 \u00e0 vos besoins professionnels est devenu un enjeu crucial.\" \/>\n<meta name=\"robots\" content=\"index, follow, max-snippet:-1, max-image-preview:large, max-video-preview:-1\" \/>\n<link rel=\"canonical\" href=\"https:\/\/extremepc-fr.com\/blog\/a-la-une\/guide-comparatif-des-pc-portables-pour-professionnels\/\" \/>\n<meta property=\"og:locale\" content=\"fr_FR\" \/>\n<meta property=\"og:type\" content=\"article\" \/>\n<meta property=\"og:title\" content=\"Choisir le PC portable id\u00e9al pour les professionnels\" \/>\n<meta property=\"og:description\" content=\"Dans un monde o\u00f9 l&#039;efficacit\u00e9 et la mobilit\u00e9 sont essentielles, le choix d&#039;un PC portable adapt\u00e9 \u00e0 vos besoins professionnels est devenu un enjeu crucial.\" \/>\n<meta property=\"og:url\" content=\"https:\/\/extremepc-fr.com\/blog\/a-la-une\/guide-comparatif-des-pc-portables-pour-professionnels\/\" \/>\n<meta property=\"og:site_name\" content=\"extremepc\" \/>\n<meta property=\"og:image\" content=\"https:\/\/extremepc-fr.com\/blog\/wp-content\/uploads\/2025\/02\/sdxl-e89203d661c46c7083e321aed9473cb7.png\" \/>\n\t<meta property=\"og:image:width\" content=\"1536\" \/>\n\t<meta property=\"og:image:height\" content=\"640\" \/>\n\t<meta property=\"og:image:type\" content=\"image\/png\" \/>\n<meta name=\"author\" content=\"Hugo Lambrecht\" \/>\n<meta name=\"twitter:card\" content=\"summary_large_image\" \/>\n<script type=\"application\/ld+json\" class=\"yoast-schema-graph\">{\"@context\":\"https:\/\/schema.org\",\"@graph\":[{\"@type\":\"NewsArticle\",\"@id\":\"https:\/\/extremepc-fr.com\/blog\/a-la-une\/guide-comparatif-des-pc-portables-pour-professionnels\/#article\",\"isPartOf\":{\"@id\":\"https:\/\/extremepc-fr.com\/blog\/a-la-une\/guide-comparatif-des-pc-portables-pour-professionnels\/\"},\"author\":{\"name\":\"Hugo Lambrecht\",\"@id\":\"https:\/\/extremepc-fr.com\/blog\/#\/schema\/person\/3c864cdc320801e3db34b663e7e3f816\"},\"headline\":\"Guide comparatif des PC portables pour professionnels\",\"datePublished\":\"2024-12-27T06:38:53+00:00\",\"mainEntityOfPage\":{\"@id\":\"https:\/\/extremepc-fr.com\/blog\/a-la-une\/guide-comparatif-des-pc-portables-pour-professionnels\/\"},\"wordCount\":1873,\"commentCount\":0,\"publisher\":{\"@id\":\"https:\/\/extremepc-fr.com\/blog\/#organization\"},\"image\":{\"@id\":\"https:\/\/extremepc-fr.com\/blog\/a-la-une\/guide-comparatif-des-pc-portables-pour-professionnels\/#primaryimage\"},\"thumbnailUrl\":\"https:\/\/extremepc-fr.com\/blog\/wp-content\/uploads\/2025\/02\/sdxl-e89203d661c46c7083e321aed9473cb7.png\",\"articleSection\":[\"\u00c0 la une\"],\"inLanguage\":\"fr-FR\",\"potentialAction\":[{\"@type\":\"CommentAction\",\"name\":\"Comment\",\"target\":[\"https:\/\/extremepc-fr.com\/blog\/a-la-une\/guide-comparatif-des-pc-portables-pour-professionnels\/#respond\"]}]},{\"@type\":\"WebPage\",\"@id\":\"https:\/\/extremepc-fr.com\/blog\/a-la-une\/guide-comparatif-des-pc-portables-pour-professionnels\/\",\"url\":\"https:\/\/extremepc-fr.com\/blog\/a-la-une\/guide-comparatif-des-pc-portables-pour-professionnels\/\",\"name\":\"Choisir le PC portable id\u00e9al pour les professionnels\",\"isPartOf\":{\"@id\":\"https:\/\/extremepc-fr.com\/blog\/#website\"},\"primaryImageOfPage\":{\"@id\":\"https:\/\/extremepc-fr.com\/blog\/a-la-une\/guide-comparatif-des-pc-portables-pour-professionnels\/#primaryimage\"},\"image\":{\"@id\":\"https:\/\/extremepc-fr.com\/blog\/a-la-une\/guide-comparatif-des-pc-portables-pour-professionnels\/#primaryimage\"},\"thumbnailUrl\":\"https:\/\/extremepc-fr.com\/blog\/wp-content\/uploads\/2025\/02\/sdxl-e89203d661c46c7083e321aed9473cb7.png\",\"datePublished\":\"2024-12-27T06:38:53+00:00\",\"description\":\"Dans un monde o\u00f9 l'efficacit\u00e9 et la mobilit\u00e9 sont essentielles, le choix d'un PC portable adapt\u00e9 \u00e0 vos besoins professionnels est devenu un enjeu crucial.\",\"inLanguage\":\"fr-FR\",\"potentialAction\":[{\"@type\":\"ReadAction\",\"target\":[\"https:\/\/extremepc-fr.com\/blog\/a-la-une\/guide-comparatif-des-pc-portables-pour-professionnels\/\"]}]},{\"@type\":\"ImageObject\",\"inLanguage\":\"fr-FR\",\"@id\":\"https:\/\/extremepc-fr.com\/blog\/a-la-une\/guide-comparatif-des-pc-portables-pour-professionnels\/#primaryimage\",\"url\":\"https:\/\/extremepc-fr.com\/blog\/wp-content\/uploads\/2025\/02\/sdxl-e89203d661c46c7083e321aed9473cb7.png\",\"contentUrl\":\"https:\/\/extremepc-fr.com\/blog\/wp-content\/uploads\/2025\/02\/sdxl-e89203d661c46c7083e321aed9473cb7.png\",\"width\":1536,\"height\":640},{\"@type\":\"WebSite\",\"@id\":\"https:\/\/extremepc-fr.com\/blog\/#website\",\"url\":\"https:\/\/extremepc-fr.com\/blog\/\",\"name\":\"ExtremePC FR\",\"description\":\"ExtremePC FR, la performance num\u00e9rique d\u00e9cupl\u00e9e\",\"publisher\":{\"@id\":\"https:\/\/extremepc-fr.com\/blog\/#organization\"},\"alternateName\":\"ExtremePC FR, la performance num\u00e9rique d\u00e9cupl\u00e9e\",\"potentialAction\":[{\"@type\":\"SearchAction\",\"target\":{\"@type\":\"EntryPoint\",\"urlTemplate\":\"https:\/\/extremepc-fr.com\/blog\/?s={search_term_string}\"},\"query-input\":{\"@type\":\"PropertyValueSpecification\",\"valueRequired\":true,\"valueName\":\"search_term_string\"}}],\"inLanguage\":\"fr-FR\"},{\"@type\":\"Organization\",\"@id\":\"https:\/\/extremepc-fr.com\/blog\/#organization\",\"name\":\"ExtremePC FR\",\"url\":\"https:\/\/extremepc-fr.com\/blog\/\",\"logo\":{\"@type\":\"ImageObject\",\"inLanguage\":\"fr-FR\",\"@id\":\"https:\/\/extremepc-fr.com\/blog\/#\/schema\/logo\/image\/\",\"url\":\"https:\/\/extremepc-fr.com\/blog\/wp-content\/uploads\/2024\/12\/cropped-3.png\",\"contentUrl\":\"https:\/\/extremepc-fr.com\/blog\/wp-content\/uploads\/2024\/12\/cropped-3.png\",\"width\":282,\"height\":247,\"caption\":\"ExtremePC FR\"},\"image\":{\"@id\":\"https:\/\/extremepc-fr.com\/blog\/#\/schema\/logo\/image\/\"}},{\"@type\":\"Person\",\"@id\":\"https:\/\/extremepc-fr.com\/blog\/#\/schema\/person\/3c864cdc320801e3db34b663e7e3f816\",\"name\":\"Hugo Lambrecht\",\"image\":{\"@type\":\"ImageObject\",\"inLanguage\":\"fr-FR\",\"@id\":\"https:\/\/extremepc-fr.com\/blog\/#\/schema\/person\/image\/\",\"url\":\"https:\/\/extremepc-fr.com\/blog\/wp-content\/uploads\/2026\/06\/persona_hugo-l-96x96.jpg\",\"contentUrl\":\"https:\/\/extremepc-fr.com\/blog\/wp-content\/uploads\/2026\/06\/persona_hugo-l-96x96.jpg\",\"caption\":\"Hugo Lambrecht\"},\"description\":\"Geek assum\u00e9 et veilleur tech depuis plus de dix ans, je passe mes journ\u00e9es \u00e0 tester, comparer et expliquer le num\u00e9rique. Mes terrains favoris : les astuces high-tech du quotidien, la s\u00e9curit\u00e9 en ligne et les outils web, des VPN aux logiciels qui simplifient la vie. J'aime prendre un sujet r\u00e9put\u00e9 compliqu\u00e9 et le rendre limpide pour quelqu'un qui n'est pas d\u00e9veloppeur. Avant de recommander un produit ou un service, je le mets r\u00e9ellement \u00e0 l'\u00e9preuve, je v\u00e9rifie les versions et les tarifs en vigueur, et je signale les limites autant que les atouts. Je me m\u00e9fie des classements de complaisance : un comparatif n'a de valeur que si la m\u00e9thode est transparente. Mon fil rouge, c'est l'utilit\u00e9 concr\u00e8te : aider le lecteur \u00e0 mieux choisir, mieux configurer et mieux se prot\u00e9ger, sans tomber dans le jargon.\",\"sameAs\":[\"https:\/\/hugolambrecht.fr\/\"],\"url\":\"https:\/\/extremepc-fr.com\/blog\/auteur\/noname\/\"}]}<\/script>\n<!-- \/ Yoast SEO Premium plugin. -->","yoast_head_json":{"title":"Choisir le PC portable id\u00e9al pour les professionnels","description":"Dans un monde o\u00f9 l'efficacit\u00e9 et la mobilit\u00e9 sont essentielles, le choix d'un PC portable adapt\u00e9 \u00e0 vos besoins professionnels est devenu un enjeu crucial.","robots":{"index":"index","follow":"follow","max-snippet":"max-snippet:-1","max-image-preview":"max-image-preview:large","max-video-preview":"max-video-preview:-1"},"canonical":"https:\/\/extremepc-fr.com\/blog\/a-la-une\/guide-comparatif-des-pc-portables-pour-professionnels\/","og_locale":"fr_FR","og_type":"article","og_title":"Choisir le PC portable id\u00e9al pour les professionnels","og_description":"Dans un monde o\u00f9 l'efficacit\u00e9 et la mobilit\u00e9 sont essentielles, le choix d'un PC portable adapt\u00e9 \u00e0 vos besoins professionnels est devenu un enjeu crucial.","og_url":"https:\/\/extremepc-fr.com\/blog\/a-la-une\/guide-comparatif-des-pc-portables-pour-professionnels\/","og_site_name":"extremepc","og_image":[{"width":1536,"height":640,"url":"https:\/\/extremepc-fr.com\/blog\/wp-content\/uploads\/2025\/02\/sdxl-e89203d661c46c7083e321aed9473cb7.png","type":"image\/png"}],"author":"Hugo Lambrecht","twitter_card":"summary_large_image","schema":{"@context":"https:\/\/schema.org","@graph":[{"@type":"NewsArticle","@id":"https:\/\/extremepc-fr.com\/blog\/a-la-une\/guide-comparatif-des-pc-portables-pour-professionnels\/#article","isPartOf":{"@id":"https:\/\/extremepc-fr.com\/blog\/a-la-une\/guide-comparatif-des-pc-portables-pour-professionnels\/"},"author":{"name":"Hugo Lambrecht","@id":"https:\/\/extremepc-fr.com\/blog\/#\/schema\/person\/3c864cdc320801e3db34b663e7e3f816"},"headline":"Guide comparatif des PC portables pour professionnels","datePublished":"2024-12-27T06:38:53+00:00","mainEntityOfPage":{"@id":"https:\/\/extremepc-fr.com\/blog\/a-la-une\/guide-comparatif-des-pc-portables-pour-professionnels\/"},"wordCount":1873,"commentCount":0,"publisher":{"@id":"https:\/\/extremepc-fr.com\/blog\/#organization"},"image":{"@id":"https:\/\/extremepc-fr.com\/blog\/a-la-une\/guide-comparatif-des-pc-portables-pour-professionnels\/#primaryimage"},"thumbnailUrl":"https:\/\/extremepc-fr.com\/blog\/wp-content\/uploads\/2025\/02\/sdxl-e89203d661c46c7083e321aed9473cb7.png","articleSection":["\u00c0 la une"],"inLanguage":"fr-FR","potentialAction":[{"@type":"CommentAction","name":"Comment","target":["https:\/\/extremepc-fr.com\/blog\/a-la-une\/guide-comparatif-des-pc-portables-pour-professionnels\/#respond"]}]},{"@type":"WebPage","@id":"https:\/\/extremepc-fr.com\/blog\/a-la-une\/guide-comparatif-des-pc-portables-pour-professionnels\/","url":"https:\/\/extremepc-fr.com\/blog\/a-la-une\/guide-comparatif-des-pc-portables-pour-professionnels\/","name":"Choisir le PC portable id\u00e9al pour les professionnels","isPartOf":{"@id":"https:\/\/extremepc-fr.com\/blog\/#website"},"primaryImageOfPage":{"@id":"https:\/\/extremepc-fr.com\/blog\/a-la-une\/guide-comparatif-des-pc-portables-pour-professionnels\/#primaryimage"},"image":{"@id":"https:\/\/extremepc-fr.com\/blog\/a-la-une\/guide-comparatif-des-pc-portables-pour-professionnels\/#primaryimage"},"thumbnailUrl":"https:\/\/extremepc-fr.com\/blog\/wp-content\/uploads\/2025\/02\/sdxl-e89203d661c46c7083e321aed9473cb7.png","datePublished":"2024-12-27T06:38:53+00:00","description":"Dans un monde o\u00f9 l'efficacit\u00e9 et la mobilit\u00e9 sont essentielles, le choix d'un PC portable adapt\u00e9 \u00e0 vos besoins professionnels est devenu un enjeu crucial.","inLanguage":"fr-FR","potentialAction":[{"@type":"ReadAction","target":["https:\/\/extremepc-fr.com\/blog\/a-la-une\/guide-comparatif-des-pc-portables-pour-professionnels\/"]}]},{"@type":"ImageObject","inLanguage":"fr-FR","@id":"https:\/\/extremepc-fr.com\/blog\/a-la-une\/guide-comparatif-des-pc-portables-pour-professionnels\/#primaryimage","url":"https:\/\/extremepc-fr.com\/blog\/wp-content\/uploads\/2025\/02\/sdxl-e89203d661c46c7083e321aed9473cb7.png","contentUrl":"https:\/\/extremepc-fr.com\/blog\/wp-content\/uploads\/2025\/02\/sdxl-e89203d661c46c7083e321aed9473cb7.png","width":1536,"height":640},{"@type":"WebSite","@id":"https:\/\/extremepc-fr.com\/blog\/#website","url":"https:\/\/extremepc-fr.com\/blog\/","name":"ExtremePC FR","description":"ExtremePC FR, la performance num\u00e9rique d\u00e9cupl\u00e9e","publisher":{"@id":"https:\/\/extremepc-fr.com\/blog\/#organization"},"alternateName":"ExtremePC FR, la performance num\u00e9rique d\u00e9cupl\u00e9e","potentialAction":[{"@type":"SearchAction","target":{"@type":"EntryPoint","urlTemplate":"https:\/\/extremepc-fr.com\/blog\/?s={search_term_string}"},"query-input":{"@type":"PropertyValueSpecification","valueRequired":true,"valueName":"search_term_string"}}],"inLanguage":"fr-FR"},{"@type":"Organization","@id":"https:\/\/extremepc-fr.com\/blog\/#organization","name":"ExtremePC FR","url":"https:\/\/extremepc-fr.com\/blog\/","logo":{"@type":"ImageObject","inLanguage":"fr-FR","@id":"https:\/\/extremepc-fr.com\/blog\/#\/schema\/logo\/image\/","url":"https:\/\/extremepc-fr.com\/blog\/wp-content\/uploads\/2024\/12\/cropped-3.png","contentUrl":"https:\/\/extremepc-fr.com\/blog\/wp-content\/uploads\/2024\/12\/cropped-3.png","width":282,"height":247,"caption":"ExtremePC FR"},"image":{"@id":"https:\/\/extremepc-fr.com\/blog\/#\/schema\/logo\/image\/"}},{"@type":"Person","@id":"https:\/\/extremepc-fr.com\/blog\/#\/schema\/person\/3c864cdc320801e3db34b663e7e3f816","name":"Hugo Lambrecht","image":{"@type":"ImageObject","inLanguage":"fr-FR","@id":"https:\/\/extremepc-fr.com\/blog\/#\/schema\/person\/image\/","url":"https:\/\/extremepc-fr.com\/blog\/wp-content\/uploads\/2026\/06\/persona_hugo-l-96x96.jpg","contentUrl":"https:\/\/extremepc-fr.com\/blog\/wp-content\/uploads\/2026\/06\/persona_hugo-l-96x96.jpg","caption":"Hugo Lambrecht"},"description":"Geek assum\u00e9 et veilleur tech depuis plus de dix ans, je passe mes journ\u00e9es \u00e0 tester, comparer et expliquer le num\u00e9rique. Mes terrains favoris : les astuces high-tech du quotidien, la s\u00e9curit\u00e9 en ligne et les outils web, des VPN aux logiciels qui simplifient la vie. J'aime prendre un sujet r\u00e9put\u00e9 compliqu\u00e9 et le rendre limpide pour quelqu'un qui n'est pas d\u00e9veloppeur. Avant de recommander un produit ou un service, je le mets r\u00e9ellement \u00e0 l'\u00e9preuve, je v\u00e9rifie les versions et les tarifs en vigueur, et je signale les limites autant que les atouts. Je me m\u00e9fie des classements de complaisance : un comparatif n'a de valeur que si la m\u00e9thode est transparente. Mon fil rouge, c'est l'utilit\u00e9 concr\u00e8te : aider le lecteur \u00e0 mieux choisir, mieux configurer et mieux se prot\u00e9ger, sans tomber dans le jargon.","sameAs":["https:\/\/hugolambrecht.fr\/"],"url":"https:\/\/extremepc-fr.com\/blog\/auteur\/noname\/"}]}},"_links":{"self":[{"href":"https:\/\/extremepc-fr.com\/blog\/wp-json\/wp\/v2\/posts\/7381","targetHints":{"allow":["GET"]}}],"collection":[{"href":"https:\/\/extremepc-fr.com\/blog\/wp-json\/wp\/v2\/posts"}],"about":[{"href":"https:\/\/extremepc-fr.com\/blog\/wp-json\/wp\/v2\/types\/post"}],"author":[{"embeddable":true,"href":"https:\/\/extremepc-fr.com\/blog\/wp-json\/wp\/v2\/users\/34"}],"replies":[{"embeddable":true,"href":"https:\/\/extremepc-fr.com\/blog\/wp-json\/wp\/v2\/comments?post=7381"}],"version-history":[{"count":0,"href":"https:\/\/extremepc-fr.com\/blog\/wp-json\/wp\/v2\/posts\/7381\/revisions"}],"wp:featuredmedia":[{"embeddable":true,"href":"https:\/\/extremepc-fr.com\/blog\/wp-json\/wp\/v2\/media\/7522"}],"wp:attachment":[{"href":"https:\/\/extremepc-fr.com\/blog\/wp-json\/wp\/v2\/media?parent=7381"}],"wp:term":[{"taxonomy":"category","embeddable":true,"href":"https:\/\/extremepc-fr.com\/blog\/wp-json\/wp\/v2\/categories?post=7381"},{"taxonomy":"post_tag","embeddable":true,"href":"https:\/\/extremepc-fr.com\/blog\/wp-json\/wp\/v2\/tags?post=7381"}],"curies":[{"name":"wp","href":"https:\/\/api.w.org\/{rel}","templated":true}]}}