{"id":7380,"date":"2024-12-26T07:34:12","date_gmt":"2024-12-26T06:34:12","guid":{"rendered":"https:\/\/extremepc-fr.com\/blog\/a-la-une\/les-meilleurs-mini-pc-pour-un-usage-quotidien\/"},"modified":"2024-12-26T07:34:12","modified_gmt":"2024-12-26T06:34:12","slug":"les-meilleurs-mini-pc-pour-un-usage-quotidien","status":"publish","type":"post","link":"https:\/\/extremepc-fr.com\/blog\/a-la-une\/les-meilleurs-mini-pc-pour-un-usage-quotidien\/","title":{"rendered":"Les meilleurs mini-PC pour un usage quotidien"},"content":{"rendered":"\n\n<p class=\"wp-block-paragraph\">\u00c0 une \u00e9poque o\u00f9 la <strong>mobilit\u00e9<\/strong> et la <strong>compacit\u00e9<\/strong> sont devenues des crit\u00e8res essentiels pour les utilisateurs d\u2019ordinateurs, les <strong>mini-PC<\/strong> \u00e9mergent comme une solution performante et pratique. Ces petites merveilles technologiques offrent une puissance comparable \u00e0 celle de leurs homologues plus grands, tout en prenant beaucoup moins de place sur votre bureau ou dans votre sac. Que vous soyez \u00e9tudiant, professionnel ou simplement en qu\u00eate d\u2019une machine fiable pour vos loisirs et vos t\u00e2ches quotidiennes, choisir le bon mini-PC est crucial.<\/p>\n\n\n<p class=\"wp-block-paragraph\">Un choix judicieux vous permettra non seulement de b\u00e9n\u00e9ficier d&rsquo;une <strong>performance accrue<\/strong>, mais \u00e9galement d\u2019\u00e9conomiser de l\u2019espace et de l\u2019\u00e9nergie. \u00c0 travers cet article, nous vous guiderons dans la d\u00e9couverte des meilleurs mod\u00e8les disponibles sur le march\u00e9, afin de vous aider \u00e0 trouver celui qui r\u00e9pondra parfaitement \u00e0 vos besoins. Des \u00e9l\u00e9ments tels que la <strong>capacit\u00e9 de stockage<\/strong>, la <strong>connectivit\u00e9<\/strong> et les <strong>performances graphiques<\/strong> seront pass\u00e9s en revue pour que vous puissiez faire un choix \u00e9clair\u00e9.<\/p>\n\n\n\n<h2 class=\"wp-block-heading\">1. Processeur<\/h2>\n\n\n<p class=\"wp-block-paragraph\">Le <strong>processeur<\/strong> est l&rsquo;\u00e9l\u00e9ment central qui d\u00e9termine la puissance et l&rsquo;efficacit\u00e9 de votre mini-PC. Pour un usage quotidien comme la navigation, le traitement de texte ou le streaming, un <strong>processeur Intel Core i3<\/strong> ou <strong>AMD Ryzen 3<\/strong> est suffisant. Si vous envisagez d&rsquo;ex\u00e9cuter des applications plus gourmandes en ressources, optez pour un <strong>Intel Core i5<\/strong> ou <strong>AMD Ryzen 5<\/strong>. N&rsquo;oubliez pas de v\u00e9rifier le nombre de c\u0153urs et de threads, car plus il y en a, mieux c&rsquo;est pour le multit\u00e2che.<\/p>\n\n\n<h2 class=\"wp-block-heading\">2. M\u00e9moire<\/h2>\n\n\n<p class=\"wp-block-paragraph\">La <strong>m\u00e9moire vive (RAM)<\/strong> joue un r\u00f4le crucial dans les performances de votre mini-PC. Pour un usage quotidien, une <strong>RAM de 8 Go<\/strong> est g\u00e9n\u00e9ralement ad\u00e9quate. Cela permettra une utilisation fluide de plusieurs applications \u00e0 la fois. Si vous avez l&rsquo;intention de jouer \u00e0 des jeux ou d&rsquo;utiliser des logiciels lourds, envisagez de choisir un mod\u00e8le avec <strong>16 Go de RAM<\/strong>. Assurez-vous \u00e9galement que le mini-PC peut \u00eatre agrandi si n\u00e9cessaire.<\/p>\n\n\n<h2 class=\"wp-block-heading\">3. Stockage<\/h2>\n\n\n<p class=\"wp-block-paragraph\">Le <strong>stockage<\/strong> est tout aussi important, car il influence la vitesse de d\u00e9marrage et le temps de chargement des applications. Les <strong>SSD<\/strong> (Solid State Drives) sont recommand\u00e9s pour leur rapidit\u00e9. Pour un usage quotidien, un <strong>SSD de 256 Go<\/strong> est un bon point de d\u00e9part, tandis qu&rsquo;un <strong>SSD de 512 Go<\/strong> ou plus est id\u00e9al si vous pr\u00e9voyez d&rsquo;installer de nombreux programmes ou de stocker des fichiers multim\u00e9dias.<\/p>\n\n\n<h2 class=\"wp-block-heading\">4. Connectivit\u00e9<\/h2>\n\n\n<p class=\"wp-block-paragraph\">V\u00e9rifiez les options de <strong>connectivit\u00e9<\/strong> avant de faire votre choix. Les ports USB sont indispensables, et il est pr\u00e9f\u00e9rable d&rsquo;opter pour un mini-PC dot\u00e9 de ports USB-C. Si vous utilisez des p\u00e9riph\u00e9riques plus anciens, assurez-vous de la pr\u00e9sence de ports USB-A \u00e9galement. La connectivit\u00e9 <strong>Wi-Fi<\/strong> et <strong>Bluetooth<\/strong> doit \u00eatre incluse, de pr\u00e9f\u00e9rence avec la norme <strong>Wi-Fi 6<\/strong> pour une meilleure vitesse et une connexion plus stable.<\/p>\n\n\n<h2 class=\"wp-block-heading\">5. Syst\u00e8me d&rsquo;exploitation<\/h2>\n\n\n<p class=\"wp-block-paragraph\">Le choix du <strong>syst\u00e8me d&rsquo;exploitation<\/strong> d\u00e9pend de vos pr\u00e9f\u00e9rences. Windows est souvent la norme pour la plupart des utilisateurs, mais si vous \u00eates un adepte des logiciels open source, envisagez un mini-PC avec <strong>Linux<\/strong>. Assurez-vous que le mod\u00e8le que vous choisissez est compatible avec le syst\u00e8me d&rsquo;exploitation de votre choix.<\/p>\n\n\n<h2 class=\"wp-block-heading\">6. Taille et design<\/h2>\n\n\n<p class=\"wp-block-paragraph\">Enfin, tenez compte de la <strong>taille<\/strong> et du <strong>design<\/strong> du mini-PC. \u00c9tant donn\u00e9 qu&rsquo;il s&rsquo;agit de mod\u00e8les compacts, pensez \u00e0 l&rsquo;espace dont vous disposez. Certains mod\u00e8les sont con\u00e7us pour \u00eatre facilement mont\u00e9s derri\u00e8re un \u00e9cran. Le design peut \u00e9galement jouer un r\u00f4le si vous souhaitez que l&rsquo;appareil s&rsquo;int\u00e8gre harmonieusement dans votre environnement de travail ou de divertissement.<\/p>\n\n\n\n<h2 class=\"wp-block-heading\">1. Geekom Mini PC<\/h2>\n\n\n<p class=\"wp-block-paragraph\">Ce mod\u00e8le est particuli\u00e8rement performant pour les t\u00e2ches de bureau quotidiennes gr\u00e2ce \u00e0 son <strong>AMD Ryzen 7 5825U<\/strong>. \u00c9quip\u00e9 de la <strong>graphique Radeon\u2122 Vega 8<\/strong>, il permet de g\u00e9rer jusqu&rsquo;\u00e0 <strong>quatre moniteurs<\/strong> et offre une r\u00e9solution maximale de <strong>8K<\/strong>. Son syst\u00e8me de <strong>refroidissement efficace<\/strong> garantit \u00e9galement un fonctionnement silencieux, id\u00e9al pour un environnement de travail calme.<\/p>\n\n\n<h2 class=\"wp-block-heading\">2. ACEMAGICIAN RGB Mini PC<\/h2>\n\n\n<p class=\"wp-block-paragraph\">Test\u00e9 dans un cadre de travail quotidien, l&rsquo;<strong>ACEMAGICIAN RGB Mini PC<\/strong> se distingue par ses capacit\u00e9s multit\u00e2ches. Gr\u00e2ce \u00e0 son puissant <strong>processeur Ryzen 7<\/strong> et son <strong>SSD rapide<\/strong>, il permet des transitions fluides entre les diff\u00e9rentes t\u00e2ches sans perte de performance.<\/p>\n\n\n<h2 class=\"wp-block-heading\">3. NiPoGi AK2 Plus<\/h2>\n\n\n<p class=\"wp-block-paragraph\">Ce mini-PC, dot\u00e9 de l&rsquo;<strong>Intel Alder Lake-N100<\/strong> et de <strong>16 Go de RAM<\/strong>, excelle aussi dans le multit\u00e2che. Utilis\u00e9 dans un environnement de bureau, il offre une installation et une utilisation fluides, m\u00eame lors de l&rsquo;ex\u00e9cution de plusieurs applications simultan\u00e9ment.<\/p>\n\n\n<h2 class=\"wp-block-heading\">4. Mac Mini<\/h2>\n\n\n<p class=\"wp-block-paragraph\">Le <strong>Mac Mini<\/strong>, gr\u00e2ce \u00e0 sa nouvelle <strong>puce M2<\/strong>, se positionne comme l&rsquo;un des mini-PC les plus performants du march\u00e9. Sa compacit\u00e9, alli\u00e9e \u00e0 des haut-parleurs int\u00e9gr\u00e9s, en fait un choix id\u00e9al pour les utilisateurs recherchant un appareil puissant tout en \u00e9conomisant de l&rsquo;espace sur le bureau.<\/p>\n\n\n<h2 class=\"wp-block-heading\">5. Intel NUC 12 Pro<\/h2>\n\n\n<p class=\"wp-block-paragraph\">Connue pour sa <strong>puissance<\/strong> et sa compacit\u00e9, la s\u00e9rie Intel NUC 12 Pro est parfaite pour ceux qui ont besoin d&rsquo;un mini-PC capable de g\u00e9rer des charges de travail exigeantes. Son format permet une int\u00e9gration facile dans divers environnements de travail sans compromettre les performances.<\/p>\n\n\n<h2 class=\"wp-block-heading\">6. Blackview Mini PC MP80<\/h2>\n\n\n<p class=\"wp-block-paragraph\">Ce mod\u00e8le est \u00e9quip\u00e9 de <strong>16 Go de RAM<\/strong> et d&rsquo;un <strong>SSD de 512 Go<\/strong>. Son <strong>Intel 12e Gen N95<\/strong> peut atteindre jusqu&rsquo;\u00e0 <strong>3,4 GHz<\/strong> et est capable de reproduire des graphiques en <strong>4K UHD<\/strong>. Les tests montrent qu&rsquo;il se comporte tr\u00e8s bien dans les t\u00e2ches de bureautique et de navigation internet.<\/p>\n\n\n<h2 class=\"wp-block-heading\">7. Beelink S12 Pro<\/h2>\n\n\n<p class=\"wp-block-paragraph\">Avec un rapport qualit\u00e9-prix excellent, le <strong>Beelink S12 Pro<\/strong> offre des performances impressionnantes pour les utilisateurs \u00e0 la recherche d&rsquo;une solution abordable. Id\u00e9al pour les t\u00e2ches de bureau, il est capable de supporter des applications de productivit\u00e9 tout en maintenant une efficacit\u00e9 \u00e9nerg\u00e9tique.<\/p>\n\n\n\n<h2 class=\"wp-block-heading\">1. Intel NUC 11<\/h2>\n\n\n<ul class=\"wp-block-list\">\n\n<li><strong>Caract\u00e9ristiques :<\/strong>\n            <ul>\n                <li>Processeur : Intel Core i7<\/li>\n                <li>M\u00e9moire : 16 Go DDR4<\/li>\n                <li>Stockage : 512 Go SSD<\/li>\n                <li>Graphiques : Intel Iris Xe<\/li>\n            <\/ul><p>\n        <\/p><\/li>\n\n\n<li>Processeur : Intel Core i7<\/li>\n\n\n<li>M\u00e9moire : 16 Go DDR4<\/li>\n\n\n<li>Stockage : 512 Go SSD<\/li>\n\n\n<li>Graphiques : Intel Iris Xe<\/li>\n\n\n<li><strong>Avantages :<\/strong>\n            <ul>\n                <li>Compact et l\u00e9ger<\/li>\n                <li>Performances \u00e9lev\u00e9es<\/li>\n                <li>Bonne connectivit\u00e9 avec plusieurs ports<\/li>\n            <\/ul><p>\n        <\/p><\/li>\n\n\n<li>Compact et l\u00e9ger<\/li>\n\n\n<li>Performances \u00e9lev\u00e9es<\/li>\n\n\n<li>Bonne connectivit\u00e9 avec plusieurs ports<\/li>\n\n\n<li><strong>Inconv\u00e9nients :<\/strong>\n            <ul>\n                <li>Prix relativement \u00e9lev\u00e9<\/li>\n                <li>Pas de stockage extensible sans d\u00e9montage<\/li>\n            <\/ul><p>\n        <\/p><\/li>\n\n\n<li>Prix relativement \u00e9lev\u00e9<\/li>\n\n\n<li>Pas de stockage extensible sans d\u00e9montage<\/li>\n\n<\/ul>\n\n\n<ul class=\"wp-block-list\">\n\n<li>Processeur : Intel Core i7<\/li>\n\n\n<li>M\u00e9moire : 16 Go DDR4<\/li>\n\n\n<li>Stockage : 512 Go SSD<\/li>\n\n\n<li>Graphiques : Intel Iris Xe<\/li>\n\n<\/ul>\n\n\n<ul class=\"wp-block-list\">\n\n<li>Compact et l\u00e9ger<\/li>\n\n\n<li>Performances \u00e9lev\u00e9es<\/li>\n\n\n<li>Bonne connectivit\u00e9 avec plusieurs ports<\/li>\n\n<\/ul>\n\n\n<ul class=\"wp-block-list\">\n\n<li>Prix relativement \u00e9lev\u00e9<\/li>\n\n\n<li>Pas de stockage extensible sans d\u00e9montage<\/li>\n\n<\/ul>\n\n\n<h2 class=\"wp-block-heading\">2. ASUS PN50<\/h2>\n\n\n<ul class=\"wp-block-list\">\n\n<li><strong>Caract\u00e9ristiques :<\/strong>\n            <ul>\n                <li>Processeur : AMD Ryzen 5 4500U<\/li>\n                <li>M\u00e9moire : 8 Go DDR4<\/li>\n                <li>Stockage : 256 Go SSD<\/li>\n                <li>Graphiques : Radeon Graphics<\/li>\n            <\/ul><p>\n        <\/p><\/li>\n\n\n<li>Processeur : AMD Ryzen 5 4500U<\/li>\n\n\n<li>M\u00e9moire : 8 Go DDR4<\/li>\n\n\n<li>Stockage : 256 Go SSD<\/li>\n\n\n<li>Graphiques : Radeon Graphics<\/li>\n\n\n<li><strong>Avantages :<\/strong>\n            <ul>\n                <li>Excellente performance pour le multit\u00e2che<\/li>\n                <li>Design sobre et \u00e9l\u00e9gant<\/li>\n                <li>Prise en charge de l&rsquo;USB-C<\/li>\n            <\/ul><p>\n        <\/p><\/li>\n\n\n<li>Excellente performance pour le multit\u00e2che<\/li>\n\n\n<li>Design sobre et \u00e9l\u00e9gant<\/li>\n\n\n<li>Prise en charge de l&rsquo;USB-C<\/li>\n\n\n<li><strong>Inconv\u00e9nients :<\/strong>\n            <ul>\n                <li>Moins puissant pour les jeux<\/li>\n                <li>Pr\u00e9-installation de Windows parfois complexe<\/li>\n            <\/ul><p>\n        <\/p><\/li>\n\n\n<li>Moins puissant pour les jeux<\/li>\n\n\n<li>Pr\u00e9-installation de Windows parfois complexe<\/li>\n\n<\/ul>\n\n\n<ul class=\"wp-block-list\">\n\n<li>Processeur : AMD Ryzen 5 4500U<\/li>\n\n\n<li>M\u00e9moire : 8 Go DDR4<\/li>\n\n\n<li>Stockage : 256 Go SSD<\/li>\n\n\n<li>Graphiques : Radeon Graphics<\/li>\n\n<\/ul>\n\n\n<ul class=\"wp-block-list\">\n\n<li>Excellente performance pour le multit\u00e2che<\/li>\n\n\n<li>Design sobre et \u00e9l\u00e9gant<\/li>\n\n\n<li>Prise en charge de l&rsquo;USB-C<\/li>\n\n<\/ul>\n\n\n<ul class=\"wp-block-list\">\n\n<li>Moins puissant pour les jeux<\/li>\n\n\n<li>Pr\u00e9-installation de Windows parfois complexe<\/li>\n\n<\/ul>\n\n\n<h2 class=\"wp-block-heading\">3. Lenovo ThinkCentre M75q-1<\/h2>\n\n\n<ul class=\"wp-block-list\">\n\n<li><strong>Caract\u00e9ristiques :<\/strong>\n            <ul>\n                <li>Processeur : AMD Ryzen 7 PRO 4650U<\/li>\n                <li>M\u00e9moire : 16 Go DDR4<\/li>\n                <li>Stockage : 512 Go SSD<\/li>\n                <li>Graphiques : Radeon Graphics<\/li>\n            <\/ul><p>\n        <\/p><\/li>\n\n\n<li>Processeur : AMD Ryzen 7 PRO 4650U<\/li>\n\n\n<li>M\u00e9moire : 16 Go DDR4<\/li>\n\n\n<li>Stockage : 512 Go SSD<\/li>\n\n\n<li>Graphiques : Radeon Graphics<\/li>\n\n\n<li><strong>Avantages :<\/strong>\n            <ul>\n                <li>Con\u00e7u pour les entreprises<\/li>\n                <li>Solide et fiable<\/li>\n                <li>Facilit\u00e9 d&rsquo;entretien et de mise \u00e0 niveau<\/li>\n            <\/ul><p>\n        <\/p><\/li>\n\n\n<li>Con\u00e7u pour les entreprises<\/li>\n\n\n<li>Solide et fiable<\/li>\n\n\n<li>Facilit\u00e9 d&rsquo;entretien et de mise \u00e0 niveau<\/li>\n\n\n<li><strong>Inconv\u00e9nients :<\/strong>\n            <ul>\n                <li>Prix sup\u00e9rieur pour le march\u00e9 des professionnels<\/li>\n                <li>Design anguleux, moins esth\u00e9tique pour un usage domestique<\/li>\n            <\/ul><p>\n        <\/p><\/li>\n\n\n<li>Prix sup\u00e9rieur pour le march\u00e9 des professionnels<\/li>\n\n\n<li>Design anguleux, moins esth\u00e9tique pour un usage domestique<\/li>\n\n<\/ul>\n\n\n<ul class=\"wp-block-list\">\n\n<li>Processeur : AMD Ryzen 7 PRO 4650U<\/li>\n\n\n<li>M\u00e9moire : 16 Go DDR4<\/li>\n\n\n<li>Stockage : 512 Go SSD<\/li>\n\n\n<li>Graphiques : Radeon Graphics<\/li>\n\n<\/ul>\n\n\n<ul class=\"wp-block-list\">\n\n<li>Con\u00e7u pour les entreprises<\/li>\n\n\n<li>Solide et fiable<\/li>\n\n\n<li>Facilit\u00e9 d&rsquo;entretien et de mise \u00e0 niveau<\/li>\n\n<\/ul>\n\n\n<ul class=\"wp-block-list\">\n\n<li>Prix sup\u00e9rieur pour le march\u00e9 des professionnels<\/li>\n\n\n<li>Design anguleux, moins esth\u00e9tique pour un usage domestique<\/li>\n\n<\/ul>\n\n\n<h2 class=\"wp-block-heading\">4. Raspberry Pi 4 Model B<\/h2>\n\n\n<ul class=\"wp-block-list\">\n\n<li><strong>Caract\u00e9ristiques :<\/strong>\n            <ul>\n                <li>Processeur : Quad-core ARM Cortex-A72<\/li>\n                <li>M\u00e9moire : 2 Go, 4 Go ou 8 Go LPDDR4<\/li>\n                <li>Stockage : Carte microSD<\/li>\n                <li>Graphiques : Broadcom VideoCore VI<\/li>\n            <\/ul><p>\n        <\/p><\/li>\n\n\n<li>Processeur : Quad-core ARM Cortex-A72<\/li>\n\n\n<li>M\u00e9moire : 2 Go, 4 Go ou 8 Go LPDDR4<\/li>\n\n\n<li>Stockage : Carte microSD<\/li>\n\n\n<li>Graphiques : Broadcom VideoCore VI<\/li>\n\n\n<li><strong>Avantages :<\/strong>\n            <ul>\n                <li>Couteux et \u00e9conomique<\/li>\n                <li>Communaut\u00e9 active et support logiciel <\/li>\n                <li>Id\u00e9al pour les projets DIY et \u00e9ducatifs<\/li>\n            <\/ul><p>\n        <\/p><\/li>\n\n\n<li>Couteux et \u00e9conomique<\/li>\n\n\n<li>Communaut\u00e9 active et support logiciel <\/li>\n\n\n<li>Id\u00e9al pour les projets DIY et \u00e9ducatifs<\/li>\n\n\n<li><strong>Inconv\u00e9nients :<\/strong>\n            <ul>\n                <li>Performances limit\u00e9es par rapport aux autres mod\u00e8les<\/li>\n                <li>Configuration requise pour un usage personnel<\/li>\n            <\/ul><p>\n        <\/p><\/li>\n\n\n<li>Performances limit\u00e9es par rapport aux autres mod\u00e8les<\/li>\n\n\n<li>Configuration requise pour un usage personnel<\/li>\n\n<\/ul>\n\n\n<ul class=\"wp-block-list\">\n\n<li>Processeur : Quad-core ARM Cortex-A72<\/li>\n\n\n<li>M\u00e9moire : 2 Go, 4 Go ou 8 Go LPDDR4<\/li>\n\n\n<li>Stockage : Carte microSD<\/li>\n\n\n<li>Graphiques : Broadcom VideoCore VI<\/li>\n\n<\/ul>\n\n\n<ul class=\"wp-block-list\">\n\n<li>Couteux et \u00e9conomique<\/li>\n\n\n<li>Communaut\u00e9 active et support logiciel <\/li>\n\n\n<li>Id\u00e9al pour les projets DIY et \u00e9ducatifs<\/li>\n\n<\/ul>\n\n\n<ul class=\"wp-block-list\">\n\n<li>Performances limit\u00e9es par rapport aux autres mod\u00e8les<\/li>\n\n\n<li>Configuration requise pour un usage personnel<\/li>\n\n<\/ul>\n\n\n<h2 class=\"wp-block-heading\">5. AMD Mini PC &#8211; Beelink GTI<\/h2>\n\n\n<ul class=\"wp-block-list\">\n\n<li><strong>Caract\u00e9ristiques :<\/strong>\n            <ul>\n                <li>Processeur : AMD Ryzen 5 3550H<\/li>\n                <li>M\u00e9moire : 8 Go DDR4<\/li>\n                <li>Stockage : 256 Go SSD<\/li>\n                <li>Graphiques : Radeon RX Vega 8<\/li>\n            <\/ul><p>\n        <\/p><\/li>\n\n\n<li>Processeur : AMD Ryzen 5 3550H<\/li>\n\n\n<li>M\u00e9moire : 8 Go DDR4<\/li>\n\n\n<li>Stockage : 256 Go SSD<\/li>\n\n\n<li>Graphiques : Radeon RX Vega 8<\/li>\n\n\n<li><strong>Avantages :<\/strong>\n            <ul>\n                <li>Bon rapport qualit\u00e9\/prix<\/li>\n                <li>Performant pour les divertissements et le travail<\/li>\n                <li>Facile \u00e0 transporter<\/li>\n            <\/ul><p>\n        <\/p><\/li>\n\n\n<li>Bon rapport qualit\u00e9\/prix<\/li>\n\n\n<li>Performant pour les divertissements et le travail<\/li>\n\n\n<li>Facile \u00e0 transporter<\/li>\n\n\n<li><strong>Inconv\u00e9nients :<\/strong>\n            <ul>\n                <li>Pas de connectivit\u00e9 Wi-Fi 6<\/li>\n                <li>Design assez basique<\/li>\n            <\/ul><p>\n        <\/p><\/li>\n\n\n<li>Pas de connectivit\u00e9 Wi-Fi 6<\/li>\n\n\n<li>Design assez basique<\/li>\n\n<\/ul>\n\n\n<ul class=\"wp-block-list\">\n\n<li>Processeur : AMD Ryzen 5 3550H<\/li>\n\n\n<li>M\u00e9moire : 8 Go DDR4<\/li>\n\n\n<li>Stockage : 256 Go SSD<\/li>\n\n\n<li>Graphiques : Radeon RX Vega 8<\/li>\n\n<\/ul>\n\n\n<ul class=\"wp-block-list\">\n\n<li>Bon rapport qualit\u00e9\/prix<\/li>\n\n\n<li>Performant pour les divertissements et le travail<\/li>\n\n\n<li>Facile \u00e0 transporter<\/li>\n\n<\/ul>\n\n\n<ul class=\"wp-block-list\">\n\n<li>Pas de connectivit\u00e9 Wi-Fi 6<\/li>\n\n\n<li>Design assez basique<\/li>\n\n<\/ul>\n\n\n\n<h2 class=\"wp-block-heading\">1. Optimisation des performances<\/h2>\n\n\n<p class=\"wp-block-paragraph\">Pour tirer le meilleur parti de votre <strong>mini-PC<\/strong>, il est essentiel d&rsquo;optimiser ses performances. Voici quelques conseils :<\/p>\n\n\n<ul class=\"wp-block-list\">\n\n<li><strong>Mettez \u00e0 jour r\u00e9guli\u00e8rement<\/strong> votre syst\u00e8me d&rsquo;exploitation et vos pilotes. Cela permet d&rsquo;am\u00e9liorer la s\u00e9curit\u00e9 et la compatibilit\u00e9.<\/li>\n\n\n<li>Utilisez un <strong>disque SSD<\/strong> au lieu d&rsquo;un disque dur classique. Les <strong>SSD<\/strong> offrent des temps de chargement beaucoup plus rapides.<\/li>\n\n\n<li>D\u00e9sactivez les <strong>programmes au d\u00e9marrage<\/strong> qui ne sont pas n\u00e9cessaires. Cela r\u00e9duit le temps de d\u00e9marrage et lib\u00e8re des ressources.<\/li>\n\n\n<li><strong>Contr\u00f4lez l&rsquo;utilisation de la RAM<\/strong> via le gestionnaire des t\u00e2ches. Fermez les applications qui consomment trop de m\u00e9moire.<\/li>\n\n<\/ul>\n\n\n<h2 class=\"wp-block-heading\">2. Gestion de l&rsquo;espace<\/h2>\n\n\n<p class=\"wp-block-paragraph\">Un mini-PC offre une taille compacte, mais il est essentiel de bien g\u00e9rer l&rsquo;espace pour un usage quotidien efficace.<\/p>\n\n\n<ul class=\"wp-block-list\">\n\n<li><strong>Utilisez un stockage cloud<\/strong> pour sauvegarder vos fichiers. Cela lib\u00e8re de l&rsquo;espace sur votre disque dur tout en permettant un acc\u00e8s facile depuis n&rsquo;importe o\u00f9.<\/li>\n\n\n<li>Organisez vos fichiers en cr\u00e9ant des <strong>dossiers<\/strong> bien structur\u00e9s. Cela facilite la recherche et la gestion des documents.<\/li>\n\n\n<li>Envisagez un <strong>disque dur externe<\/strong> pour le stockage additionnel. Cela peut \u00eatre tr\u00e8s utile pour les fichiers volumineux comme les vid\u00e9os et les photos.<\/li>\n\n\n<li>Utilisez des logiciels de nettoyage pour \u00e9liminer les fichiers temporaires et inutiles. Cela contribue \u00e0 maintenir votre syst\u00e8me r\u00e9actif.<\/li>\n\n<\/ul>\n\n\n<h2 class=\"wp-block-heading\">3. Utilisation efficace des ports<\/h2>\n\n\n<p class=\"wp-block-paragraph\">Un mini-PC est souvent \u00e9quip\u00e9 de plusieurs ports. Pour en maximiser l\u2019utilisation :<\/p>\n\n\n<ul class=\"wp-block-list\">\n\n<li>Connectez un <strong>moniteur externe<\/strong> pour un espace de travail \u00e9largi. Cela am\u00e9liore la productivit\u00e9, surtout pour le multit\u00e2che.<\/li>\n\n\n<li>Utilisez des <strong>hubs USB<\/strong> pour augmenter le nombre de p\u00e9riph\u00e9riques que vous pouvez connecter, facilitant ainsi l&rsquo;acc\u00e8s \u00e0 vos accessoires.<\/li>\n\n<\/ul>\n\n\n<h2 class=\"wp-block-heading\">4. Personnalisation du syst\u00e8me<\/h2>\n\n\n<p class=\"wp-block-paragraph\">La personnalisation peut am\u00e9liorer votre exp\u00e9rience utilisateur :<\/p>\n\n\n<ul class=\"wp-block-list\">\n\n<li>Installez un <strong>interface utilisateur<\/strong> ou un syst\u00e8me d\u2019exploitation alternatif qui correspond \u00e0 vos besoins sp\u00e9cifiques. Certaines distributions Linux, par exemple, sont l\u00e9g\u00e8res et optimis\u00e9es pour les mini-PC.<\/li>\n\n\n<li><strong>Personnalisez vos raccourcis clavier<\/strong> pour un acc\u00e8s rapide \u00e0 vos applications pr\u00e9f\u00e9r\u00e9es, ce qui acc\u00e9l\u00e8re votre flux de travail.<\/li>\n\n<\/ul>\n\n\n<figure class=\"wp-block-embed is-type-video is-provider-youtube wp-block-embed-youtube wp-embed-aspect-16-9 wp-has-aspect-ratio\">\n<div class=\"wp-block-embed__wrapper\">\n<iframe loading=\"lazy\" title=\"Le GEEKOM Mini IT13 : Un Mini PC Core i9 13e\u0300me Ge\u0301n, 64GB + SSD 2To, Adieu les Tours Encombrantes ?\" width=\"1200\" height=\"675\" src=\"https:\/\/www.youtube.com\/embed\/yC7IT2RPSlA?feature=oembed\" frameborder=\"0\" allow=\"accelerometer; autoplay; clipboard-write; encrypted-media; gyroscope; picture-in-picture; web-share\" referrerpolicy=\"strict-origin-when-cross-origin\" allowfullscreen><\/iframe>\n<\/div>\n<\/figure>\n\n\n\n<p class=\"wp-block-paragraph\">Lors de l&rsquo;\u00e9valuation des <strong>meilleurs mini-PC<\/strong> pour un usage quotidien, plusieurs crit\u00e8res essentiels doivent \u00eatre pris en compte. Tout d&rsquo;abord, la <strong>performance<\/strong> est cruciale ; il est recommand\u00e9 de rechercher des mod\u00e8les \u00e9quip\u00e9s de processeurs performants et d&rsquo;une bonne quantit\u00e9 de <strong>m\u00e9moire RAM<\/strong> pour garantir un fonctionnement fluide. Ensuite, la <strong>connectivit\u00e9<\/strong> est un facteur d\u00e9terminant, car un bon mini-PC doit offrir un large \u00e9ventail de ports pour brancher des p\u00e9riph\u00e9riques externes. De plus, l&rsquo;<strong>efficacit\u00e9 \u00e9nerg\u00e9tique<\/strong> et la <strong>taille compact<\/strong> sont des avantages ind\u00e9niables, car ils permettent de gagner de l&rsquo;espace tout en r\u00e9duisant la consommation d&rsquo;\u00e9nergie. Selon vos besoins sp\u00e9cifiques, que ce soit pour le <strong>bureau \u00e0 domicile<\/strong>, le <strong>multim\u00e9dia<\/strong> ou m\u00eame le <strong>gaming l\u00e9ger<\/strong>, il est crucial de comparer les options disponibles et de choisir un mod\u00e8le qui r\u00e9pond parfaitement \u00e0 vos exigences.<\/p>\n","protected":false},"excerpt":{"rendered":"","protected":false},"author":34,"featured_media":7523,"comment_status":"open","ping_status":"open","sticky":false,"template":"","format":"standard","meta":{"_acf_changed":false,"manual_indexmenow":false,"indexmenow_id_project":0,"footnotes":""},"categories":[1],"tags":[],"class_list":["post-7380","post","type-post","status-publish","format-standard","has-post-thumbnail","hentry","category-a-la-une","generate-columns","tablet-grid-50","mobile-grid-100","grid-parent","grid-25"],"acf":[],"yoast_head":"<!-- This site is optimized with the Yoast SEO Premium plugin v21.3 (Yoast SEO v25.6) - https:\/\/yoast.com\/wordpress\/plugins\/seo\/ -->\n<title>Mini-PC : Les Essentiels pour Simplifier Votre Quotidien<\/title>\n<meta name=\"description\" content=\"\u00c0 une \u00e9poque o\u00f9 la mobilit\u00e9 et la compacit\u00e9 sont devenues des crit\u00e8res essentiels pour les utilisateurs d\u2019ordinateurs, les mini-PC \u00e9mergent\" \/>\n<meta name=\"robots\" content=\"index, follow, max-snippet:-1, max-image-preview:large, max-video-preview:-1\" \/>\n<link rel=\"canonical\" href=\"https:\/\/extremepc-fr.com\/blog\/a-la-une\/les-meilleurs-mini-pc-pour-un-usage-quotidien\/\" \/>\n<meta property=\"og:locale\" content=\"fr_FR\" \/>\n<meta property=\"og:type\" content=\"article\" \/>\n<meta property=\"og:title\" content=\"Mini-PC : Les Essentiels pour Simplifier Votre Quotidien\" \/>\n<meta property=\"og:description\" content=\"\u00c0 une \u00e9poque o\u00f9 la mobilit\u00e9 et la compacit\u00e9 sont devenues des crit\u00e8res essentiels pour les utilisateurs d\u2019ordinateurs, les mini-PC \u00e9mergent\" \/>\n<meta property=\"og:url\" content=\"https:\/\/extremepc-fr.com\/blog\/a-la-une\/les-meilleurs-mini-pc-pour-un-usage-quotidien\/\" \/>\n<meta property=\"og:site_name\" content=\"extremepc\" \/>\n<meta property=\"og:image\" content=\"https:\/\/extremepc-fr.com\/blog\/wp-content\/uploads\/2025\/02\/sdxl-5550731a7d1f906869eb638d1b6295e1.png\" \/>\n\t<meta property=\"og:image:width\" content=\"1536\" \/>\n\t<meta property=\"og:image:height\" content=\"640\" \/>\n\t<meta property=\"og:image:type\" content=\"image\/png\" \/>\n<meta name=\"author\" content=\"Hugo Lambrecht\" \/>\n<meta name=\"twitter:card\" content=\"summary_large_image\" \/>\n<script type=\"application\/ld+json\" class=\"yoast-schema-graph\">{\"@context\":\"https:\/\/schema.org\",\"@graph\":[{\"@type\":\"NewsArticle\",\"@id\":\"https:\/\/extremepc-fr.com\/blog\/a-la-une\/les-meilleurs-mini-pc-pour-un-usage-quotidien\/#article\",\"isPartOf\":{\"@id\":\"https:\/\/extremepc-fr.com\/blog\/a-la-une\/les-meilleurs-mini-pc-pour-un-usage-quotidien\/\"},\"author\":{\"name\":\"Hugo Lambrecht\",\"@id\":\"https:\/\/extremepc-fr.com\/blog\/#\/schema\/person\/3c864cdc320801e3db34b663e7e3f816\"},\"headline\":\"Les meilleurs mini-PC pour un usage quotidien\",\"datePublished\":\"2024-12-26T06:34:12+00:00\",\"mainEntityOfPage\":{\"@id\":\"https:\/\/extremepc-fr.com\/blog\/a-la-une\/les-meilleurs-mini-pc-pour-un-usage-quotidien\/\"},\"wordCount\":2199,\"commentCount\":0,\"publisher\":{\"@id\":\"https:\/\/extremepc-fr.com\/blog\/#organization\"},\"image\":{\"@id\":\"https:\/\/extremepc-fr.com\/blog\/a-la-une\/les-meilleurs-mini-pc-pour-un-usage-quotidien\/#primaryimage\"},\"thumbnailUrl\":\"https:\/\/extremepc-fr.com\/blog\/wp-content\/uploads\/2025\/02\/sdxl-5550731a7d1f906869eb638d1b6295e1.png\",\"articleSection\":[\"\u00c0 la une\"],\"inLanguage\":\"fr-FR\",\"potentialAction\":[{\"@type\":\"CommentAction\",\"name\":\"Comment\",\"target\":[\"https:\/\/extremepc-fr.com\/blog\/a-la-une\/les-meilleurs-mini-pc-pour-un-usage-quotidien\/#respond\"]}]},{\"@type\":\"WebPage\",\"@id\":\"https:\/\/extremepc-fr.com\/blog\/a-la-une\/les-meilleurs-mini-pc-pour-un-usage-quotidien\/\",\"url\":\"https:\/\/extremepc-fr.com\/blog\/a-la-une\/les-meilleurs-mini-pc-pour-un-usage-quotidien\/\",\"name\":\"Mini-PC : Les Essentiels pour Simplifier Votre Quotidien\",\"isPartOf\":{\"@id\":\"https:\/\/extremepc-fr.com\/blog\/#website\"},\"primaryImageOfPage\":{\"@id\":\"https:\/\/extremepc-fr.com\/blog\/a-la-une\/les-meilleurs-mini-pc-pour-un-usage-quotidien\/#primaryimage\"},\"image\":{\"@id\":\"https:\/\/extremepc-fr.com\/blog\/a-la-une\/les-meilleurs-mini-pc-pour-un-usage-quotidien\/#primaryimage\"},\"thumbnailUrl\":\"https:\/\/extremepc-fr.com\/blog\/wp-content\/uploads\/2025\/02\/sdxl-5550731a7d1f906869eb638d1b6295e1.png\",\"datePublished\":\"2024-12-26T06:34:12+00:00\",\"description\":\"\u00c0 une \u00e9poque o\u00f9 la mobilit\u00e9 et la compacit\u00e9 sont devenues des crit\u00e8res essentiels pour les utilisateurs d\u2019ordinateurs, les mini-PC \u00e9mergent\",\"inLanguage\":\"fr-FR\",\"potentialAction\":[{\"@type\":\"ReadAction\",\"target\":[\"https:\/\/extremepc-fr.com\/blog\/a-la-une\/les-meilleurs-mini-pc-pour-un-usage-quotidien\/\"]}]},{\"@type\":\"ImageObject\",\"inLanguage\":\"fr-FR\",\"@id\":\"https:\/\/extremepc-fr.com\/blog\/a-la-une\/les-meilleurs-mini-pc-pour-un-usage-quotidien\/#primaryimage\",\"url\":\"https:\/\/extremepc-fr.com\/blog\/wp-content\/uploads\/2025\/02\/sdxl-5550731a7d1f906869eb638d1b6295e1.png\",\"contentUrl\":\"https:\/\/extremepc-fr.com\/blog\/wp-content\/uploads\/2025\/02\/sdxl-5550731a7d1f906869eb638d1b6295e1.png\",\"width\":1536,\"height\":640},{\"@type\":\"WebSite\",\"@id\":\"https:\/\/extremepc-fr.com\/blog\/#website\",\"url\":\"https:\/\/extremepc-fr.com\/blog\/\",\"name\":\"ExtremePC FR\",\"description\":\"ExtremePC FR, la performance num\u00e9rique d\u00e9cupl\u00e9e\",\"publisher\":{\"@id\":\"https:\/\/extremepc-fr.com\/blog\/#organization\"},\"alternateName\":\"ExtremePC FR, la performance num\u00e9rique d\u00e9cupl\u00e9e\",\"potentialAction\":[{\"@type\":\"SearchAction\",\"target\":{\"@type\":\"EntryPoint\",\"urlTemplate\":\"https:\/\/extremepc-fr.com\/blog\/?s={search_term_string}\"},\"query-input\":{\"@type\":\"PropertyValueSpecification\",\"valueRequired\":true,\"valueName\":\"search_term_string\"}}],\"inLanguage\":\"fr-FR\"},{\"@type\":\"Organization\",\"@id\":\"https:\/\/extremepc-fr.com\/blog\/#organization\",\"name\":\"ExtremePC FR\",\"url\":\"https:\/\/extremepc-fr.com\/blog\/\",\"logo\":{\"@type\":\"ImageObject\",\"inLanguage\":\"fr-FR\",\"@id\":\"https:\/\/extremepc-fr.com\/blog\/#\/schema\/logo\/image\/\",\"url\":\"https:\/\/extremepc-fr.com\/blog\/wp-content\/uploads\/2024\/12\/cropped-3.png\",\"contentUrl\":\"https:\/\/extremepc-fr.com\/blog\/wp-content\/uploads\/2024\/12\/cropped-3.png\",\"width\":282,\"height\":247,\"caption\":\"ExtremePC FR\"},\"image\":{\"@id\":\"https:\/\/extremepc-fr.com\/blog\/#\/schema\/logo\/image\/\"}},{\"@type\":\"Person\",\"@id\":\"https:\/\/extremepc-fr.com\/blog\/#\/schema\/person\/3c864cdc320801e3db34b663e7e3f816\",\"name\":\"Hugo Lambrecht\",\"image\":{\"@type\":\"ImageObject\",\"inLanguage\":\"fr-FR\",\"@id\":\"https:\/\/extremepc-fr.com\/blog\/#\/schema\/person\/image\/\",\"url\":\"https:\/\/extremepc-fr.com\/blog\/wp-content\/uploads\/2026\/06\/persona_hugo-l-96x96.jpg\",\"contentUrl\":\"https:\/\/extremepc-fr.com\/blog\/wp-content\/uploads\/2026\/06\/persona_hugo-l-96x96.jpg\",\"caption\":\"Hugo Lambrecht\"},\"description\":\"Geek assum\u00e9 et veilleur tech depuis plus de dix ans, je passe mes journ\u00e9es \u00e0 tester, comparer et expliquer le num\u00e9rique. Mes terrains favoris : les astuces high-tech du quotidien, la s\u00e9curit\u00e9 en ligne et les outils web, des VPN aux logiciels qui simplifient la vie. J'aime prendre un sujet r\u00e9put\u00e9 compliqu\u00e9 et le rendre limpide pour quelqu'un qui n'est pas d\u00e9veloppeur. Avant de recommander un produit ou un service, je le mets r\u00e9ellement \u00e0 l'\u00e9preuve, je v\u00e9rifie les versions et les tarifs en vigueur, et je signale les limites autant que les atouts. Je me m\u00e9fie des classements de complaisance : un comparatif n'a de valeur que si la m\u00e9thode est transparente. Mon fil rouge, c'est l'utilit\u00e9 concr\u00e8te : aider le lecteur \u00e0 mieux choisir, mieux configurer et mieux se prot\u00e9ger, sans tomber dans le jargon.\",\"sameAs\":[\"https:\/\/hugolambrecht.fr\/\"],\"url\":\"https:\/\/extremepc-fr.com\/blog\/auteur\/noname\/\"}]}<\/script>\n<!-- \/ Yoast SEO Premium plugin. -->","yoast_head_json":{"title":"Mini-PC : Les Essentiels pour Simplifier Votre Quotidien","description":"\u00c0 une \u00e9poque o\u00f9 la mobilit\u00e9 et la compacit\u00e9 sont devenues des crit\u00e8res essentiels pour les utilisateurs d\u2019ordinateurs, les mini-PC \u00e9mergent","robots":{"index":"index","follow":"follow","max-snippet":"max-snippet:-1","max-image-preview":"max-image-preview:large","max-video-preview":"max-video-preview:-1"},"canonical":"https:\/\/extremepc-fr.com\/blog\/a-la-une\/les-meilleurs-mini-pc-pour-un-usage-quotidien\/","og_locale":"fr_FR","og_type":"article","og_title":"Mini-PC : Les Essentiels pour Simplifier Votre Quotidien","og_description":"\u00c0 une \u00e9poque o\u00f9 la mobilit\u00e9 et la compacit\u00e9 sont devenues des crit\u00e8res essentiels pour les utilisateurs d\u2019ordinateurs, les mini-PC \u00e9mergent","og_url":"https:\/\/extremepc-fr.com\/blog\/a-la-une\/les-meilleurs-mini-pc-pour-un-usage-quotidien\/","og_site_name":"extremepc","og_image":[{"width":1536,"height":640,"url":"https:\/\/extremepc-fr.com\/blog\/wp-content\/uploads\/2025\/02\/sdxl-5550731a7d1f906869eb638d1b6295e1.png","type":"image\/png"}],"author":"Hugo Lambrecht","twitter_card":"summary_large_image","schema":{"@context":"https:\/\/schema.org","@graph":[{"@type":"NewsArticle","@id":"https:\/\/extremepc-fr.com\/blog\/a-la-une\/les-meilleurs-mini-pc-pour-un-usage-quotidien\/#article","isPartOf":{"@id":"https:\/\/extremepc-fr.com\/blog\/a-la-une\/les-meilleurs-mini-pc-pour-un-usage-quotidien\/"},"author":{"name":"Hugo Lambrecht","@id":"https:\/\/extremepc-fr.com\/blog\/#\/schema\/person\/3c864cdc320801e3db34b663e7e3f816"},"headline":"Les meilleurs mini-PC pour un usage quotidien","datePublished":"2024-12-26T06:34:12+00:00","mainEntityOfPage":{"@id":"https:\/\/extremepc-fr.com\/blog\/a-la-une\/les-meilleurs-mini-pc-pour-un-usage-quotidien\/"},"wordCount":2199,"commentCount":0,"publisher":{"@id":"https:\/\/extremepc-fr.com\/blog\/#organization"},"image":{"@id":"https:\/\/extremepc-fr.com\/blog\/a-la-une\/les-meilleurs-mini-pc-pour-un-usage-quotidien\/#primaryimage"},"thumbnailUrl":"https:\/\/extremepc-fr.com\/blog\/wp-content\/uploads\/2025\/02\/sdxl-5550731a7d1f906869eb638d1b6295e1.png","articleSection":["\u00c0 la une"],"inLanguage":"fr-FR","potentialAction":[{"@type":"CommentAction","name":"Comment","target":["https:\/\/extremepc-fr.com\/blog\/a-la-une\/les-meilleurs-mini-pc-pour-un-usage-quotidien\/#respond"]}]},{"@type":"WebPage","@id":"https:\/\/extremepc-fr.com\/blog\/a-la-une\/les-meilleurs-mini-pc-pour-un-usage-quotidien\/","url":"https:\/\/extremepc-fr.com\/blog\/a-la-une\/les-meilleurs-mini-pc-pour-un-usage-quotidien\/","name":"Mini-PC : Les Essentiels pour Simplifier Votre Quotidien","isPartOf":{"@id":"https:\/\/extremepc-fr.com\/blog\/#website"},"primaryImageOfPage":{"@id":"https:\/\/extremepc-fr.com\/blog\/a-la-une\/les-meilleurs-mini-pc-pour-un-usage-quotidien\/#primaryimage"},"image":{"@id":"https:\/\/extremepc-fr.com\/blog\/a-la-une\/les-meilleurs-mini-pc-pour-un-usage-quotidien\/#primaryimage"},"thumbnailUrl":"https:\/\/extremepc-fr.com\/blog\/wp-content\/uploads\/2025\/02\/sdxl-5550731a7d1f906869eb638d1b6295e1.png","datePublished":"2024-12-26T06:34:12+00:00","description":"\u00c0 une \u00e9poque o\u00f9 la mobilit\u00e9 et la compacit\u00e9 sont devenues des crit\u00e8res essentiels pour les utilisateurs d\u2019ordinateurs, les mini-PC \u00e9mergent","inLanguage":"fr-FR","potentialAction":[{"@type":"ReadAction","target":["https:\/\/extremepc-fr.com\/blog\/a-la-une\/les-meilleurs-mini-pc-pour-un-usage-quotidien\/"]}]},{"@type":"ImageObject","inLanguage":"fr-FR","@id":"https:\/\/extremepc-fr.com\/blog\/a-la-une\/les-meilleurs-mini-pc-pour-un-usage-quotidien\/#primaryimage","url":"https:\/\/extremepc-fr.com\/blog\/wp-content\/uploads\/2025\/02\/sdxl-5550731a7d1f906869eb638d1b6295e1.png","contentUrl":"https:\/\/extremepc-fr.com\/blog\/wp-content\/uploads\/2025\/02\/sdxl-5550731a7d1f906869eb638d1b6295e1.png","width":1536,"height":640},{"@type":"WebSite","@id":"https:\/\/extremepc-fr.com\/blog\/#website","url":"https:\/\/extremepc-fr.com\/blog\/","name":"ExtremePC FR","description":"ExtremePC FR, la performance num\u00e9rique d\u00e9cupl\u00e9e","publisher":{"@id":"https:\/\/extremepc-fr.com\/blog\/#organization"},"alternateName":"ExtremePC FR, la performance num\u00e9rique d\u00e9cupl\u00e9e","potentialAction":[{"@type":"SearchAction","target":{"@type":"EntryPoint","urlTemplate":"https:\/\/extremepc-fr.com\/blog\/?s={search_term_string}"},"query-input":{"@type":"PropertyValueSpecification","valueRequired":true,"valueName":"search_term_string"}}],"inLanguage":"fr-FR"},{"@type":"Organization","@id":"https:\/\/extremepc-fr.com\/blog\/#organization","name":"ExtremePC FR","url":"https:\/\/extremepc-fr.com\/blog\/","logo":{"@type":"ImageObject","inLanguage":"fr-FR","@id":"https:\/\/extremepc-fr.com\/blog\/#\/schema\/logo\/image\/","url":"https:\/\/extremepc-fr.com\/blog\/wp-content\/uploads\/2024\/12\/cropped-3.png","contentUrl":"https:\/\/extremepc-fr.com\/blog\/wp-content\/uploads\/2024\/12\/cropped-3.png","width":282,"height":247,"caption":"ExtremePC FR"},"image":{"@id":"https:\/\/extremepc-fr.com\/blog\/#\/schema\/logo\/image\/"}},{"@type":"Person","@id":"https:\/\/extremepc-fr.com\/blog\/#\/schema\/person\/3c864cdc320801e3db34b663e7e3f816","name":"Hugo Lambrecht","image":{"@type":"ImageObject","inLanguage":"fr-FR","@id":"https:\/\/extremepc-fr.com\/blog\/#\/schema\/person\/image\/","url":"https:\/\/extremepc-fr.com\/blog\/wp-content\/uploads\/2026\/06\/persona_hugo-l-96x96.jpg","contentUrl":"https:\/\/extremepc-fr.com\/blog\/wp-content\/uploads\/2026\/06\/persona_hugo-l-96x96.jpg","caption":"Hugo Lambrecht"},"description":"Geek assum\u00e9 et veilleur tech depuis plus de dix ans, je passe mes journ\u00e9es \u00e0 tester, comparer et expliquer le num\u00e9rique. Mes terrains favoris : les astuces high-tech du quotidien, la s\u00e9curit\u00e9 en ligne et les outils web, des VPN aux logiciels qui simplifient la vie. J'aime prendre un sujet r\u00e9put\u00e9 compliqu\u00e9 et le rendre limpide pour quelqu'un qui n'est pas d\u00e9veloppeur. Avant de recommander un produit ou un service, je le mets r\u00e9ellement \u00e0 l'\u00e9preuve, je v\u00e9rifie les versions et les tarifs en vigueur, et je signale les limites autant que les atouts. Je me m\u00e9fie des classements de complaisance : un comparatif n'a de valeur que si la m\u00e9thode est transparente. Mon fil rouge, c'est l'utilit\u00e9 concr\u00e8te : aider le lecteur \u00e0 mieux choisir, mieux configurer et mieux se prot\u00e9ger, sans tomber dans le jargon.","sameAs":["https:\/\/hugolambrecht.fr\/"],"url":"https:\/\/extremepc-fr.com\/blog\/auteur\/noname\/"}]}},"_links":{"self":[{"href":"https:\/\/extremepc-fr.com\/blog\/wp-json\/wp\/v2\/posts\/7380","targetHints":{"allow":["GET"]}}],"collection":[{"href":"https:\/\/extremepc-fr.com\/blog\/wp-json\/wp\/v2\/posts"}],"about":[{"href":"https:\/\/extremepc-fr.com\/blog\/wp-json\/wp\/v2\/types\/post"}],"author":[{"embeddable":true,"href":"https:\/\/extremepc-fr.com\/blog\/wp-json\/wp\/v2\/users\/34"}],"replies":[{"embeddable":true,"href":"https:\/\/extremepc-fr.com\/blog\/wp-json\/wp\/v2\/comments?post=7380"}],"version-history":[{"count":0,"href":"https:\/\/extremepc-fr.com\/blog\/wp-json\/wp\/v2\/posts\/7380\/revisions"}],"wp:featuredmedia":[{"embeddable":true,"href":"https:\/\/extremepc-fr.com\/blog\/wp-json\/wp\/v2\/media\/7523"}],"wp:attachment":[{"href":"https:\/\/extremepc-fr.com\/blog\/wp-json\/wp\/v2\/media?parent=7380"}],"wp:term":[{"taxonomy":"category","embeddable":true,"href":"https:\/\/extremepc-fr.com\/blog\/wp-json\/wp\/v2\/categories?post=7380"},{"taxonomy":"post_tag","embeddable":true,"href":"https:\/\/extremepc-fr.com\/blog\/wp-json\/wp\/v2\/tags?post=7380"}],"curies":[{"name":"wp","href":"https:\/\/api.w.org\/{rel}","templated":true}]}}